{"id":39083,"date":"2014-10-08T09:53:57","date_gmt":"2014-10-08T12:53:57","guid":{"rendered":"http:\/\/www.gentedebasquet.com.ar\/?p=39083"},"modified":"2014-10-08T09:53:57","modified_gmt":"2014-10-08T12:53:57","slug":"leal-al-argentino-u17-femenino","status":"publish","type":"post","link":"http:\/\/gentedebasquet.com.ar\/sitio\/2014\/10\/08\/leal-al-argentino-u17-femenino\/","title":{"rendered":"Leal al Argentino U17 Femenino"},"content":{"rendered":"<p><strong>La Asociaci\u00f3n de Necochea convoc\u00f3 a la jugadora Marianella Leal, del Club Independiente, para participar del Campeonato Argentino Femenino U17 representando a la Provincia de Buenos Aires. El mismo se disputar\u00e1 del 21 al 26 del corriente en Embalse R\u00edo Tercero, en la provincia de C\u00f3rdoba. Necochea clasific\u00f3 tras vencer a Bah\u00eda Banca en el Provincial por 81 a 36. Antes se disput\u00f3 un encuentro con Mar del Plata, quien particip\u00f3 del triangular en car\u00e1cter de invitado.<\/strong><\/p>\n<p>&nbsp;<\/p>\n<p>&nbsp;<\/p>\n<p>&nbsp;<\/p>\n<p><span style=\"text-decoration: underline;\"><em><strong>S\u00edntesis:<\/strong><\/em><\/span><\/p>\n<p><strong>Mar del Plata 42:<\/strong> Belagardo 1, Barriga Naon 11, Enriquez, Soria 6, Brazanovich8, Meyer 1, Gallardo, Iacobini , Arem3, Eguren , Maiques 11 y Zustovich. DT: Villafa\u00f1es.<\/p>\n<p><strong>Bah\u00eda Blanca 50:<\/strong>\u00a0Carla Ruiz 2, Marianella Leal 21, Amparo Mu\u00f1oz, Valentina Pel\u00e1ez 7, Juliana Brossard 5, Alondra Gonz\u00e1lez 2, Mar\u00eda Rita Pena 2, Abril Lella 6, Candela Leal 2, Camila Leal, Vanina Garc\u00eda y Roc\u00edo Garc\u00eda 2. DT: Viviana Albizu.<\/p>\n<p><strong>Parciales:<\/strong> 8-12, 17-29 (9-19), 27-39 (10-10) y 42-50 (15-11).<\/p>\n<p><strong>\u00c1rbitros:<\/strong> Mirabella &#8211; Calvo.<\/p>\n<p><strong>Estadio:<\/strong>\u00a0Rivadavia (Necochea).<\/p>\n<p>&nbsp;<\/p>\n<p><span style=\"text-decoration: underline;\"><em><strong>S\u00edntesis:<\/strong><\/em><\/span><\/p>\n<p><strong>Necochea 81:<\/strong> Ben\u00edtez 2, D\u00edaz 25, R\u00edos , Donofrio , D\u00edaz 2, G\u00f3mez 18, Monge, Rodr\u00edguez 5, Perretti, Dicconzo 11, Losas 18 y Salas. DT: Pastrello.<\/p>\n<p><strong>Bah\u00eda Blanca 36:<\/strong> Carla Ruiz 2, Marianella Leal 18, Amparo Mu\u00f1oz, Valentina Pel\u00e1ez 2, Juliana Brossard 8, Alondra Gonz\u00e1lez 2, Mar\u00eda Rita Pena 1, Abril Lella, Candela Leal, Camila Leal 1, Vanina Garc\u00eda y Roc\u00edo Garcia 2 . DT: Viviana Albizu.<\/p>\n<p><strong>Parciales:<\/strong> 24-7, 11-8, 24-16 y (22-5).<\/p>\n<p><strong>\u00c1rbitros:<\/strong> Pagani\u2013 Calvo.<\/p>\n<p><strong>Estadio:<\/strong> Rivadavia (Necochea).<\/p>\n<p><strong>Fuente:<\/strong> Neconaranja.<\/p>\n<p><strong>Foto:<\/strong> Mercedes Oviedo<\/p>\n","protected":false},"excerpt":{"rendered":"<p>La jugadora de Independiente fue convocada para representar a Provincia<\/p>\n","protected":false},"author":1,"featured_media":39084,"comment_status":"closed","ping_status":"open","sticky":false,"template":"","format":"standard","meta":{"jnews-multi-image_gallery":[],"jnews_single_post":[],"jnews_primary_category":[],"footnotes":""},"categories":[33],"tags":[391,70,12,931,110],"class_list":["post-39083","post","type-post","status-publish","format-standard","has-post-thumbnail","hentry","category-femenino","tag-argentino-u17","tag-bahia-blanca","tag-independiente","tag-marianella-leal","tag-provincial-u17"],"yoast_head":"<!-- This site is optimized with the Yoast SEO plugin v27.5 - https:\/\/yoast.com\/product\/yoast-seo-wordpress\/ -->\n<title>Leal al Argentino U17 Femenino - Gente de B\u00e1squet<\/title>\n<meta name=\"robots\" content=\"index, follow, max-snippet:-1, max-image-preview:large, max-video-preview:-1\" \/>\n<link rel=\"canonical\" href=\"https:\/\/gentedebasquet.com.ar\/sitio\/2014\/10\/08\/leal-al-argentino-u17-femenino\/\" \/>\n<meta property=\"og:locale\" content=\"es_ES\" \/>\n<meta property=\"og:type\" content=\"article\" \/>\n<meta property=\"og:title\" content=\"Leal al Argentino U17 Femenino - Gente de B\u00e1squet\" \/>\n<meta property=\"og:description\" content=\"La jugadora de Independiente fue convocada para representar a Provincia\" \/>\n<meta property=\"og:url\" content=\"https:\/\/gentedebasquet.com.ar\/sitio\/2014\/10\/08\/leal-al-argentino-u17-femenino\/\" \/>\n<meta property=\"og:site_name\" content=\"Gente de B\u00e1squet\" \/>\n<meta property=\"article:published_time\" content=\"2014-10-08T12:53:57+00:00\" \/>\n<meta property=\"og:image\" content=\"https:\/\/gentedebasquet.com.ar\/sitio\/wp-content\/uploads\/2014\/10\/Bahia-Blanca-U17.jpg\" \/>\n\t<meta property=\"og:image:width\" content=\"300\" \/>\n\t<meta property=\"og:image:height\" content=\"226\" \/>\n\t<meta property=\"og:image:type\" content=\"image\/jpeg\" \/>\n<meta name=\"author\" content=\"Gente de B\u00e1squet\" \/>\n<meta name=\"twitter:card\" content=\"summary_large_image\" \/>\n<meta name=\"twitter:label1\" content=\"Escrito por\" \/>\n\t<meta name=\"twitter:data1\" content=\"Gente de B\u00e1squet\" \/>\n\t<meta name=\"twitter:label2\" content=\"Tiempo de lectura\" \/>\n\t<meta name=\"twitter:data2\" content=\"1 minuto\" \/>\n<script type=\"application\/ld+json\" class=\"yoast-schema-graph\">{\"@context\":\"https:\\\/\\\/schema.org\",\"@graph\":[{\"@type\":\"Article\",\"@id\":\"https:\\\/\\\/gentedebasquet.com.ar\\\/sitio\\\/2014\\\/10\\\/08\\\/leal-al-argentino-u17-femenino\\\/#article\",\"isPartOf\":{\"@id\":\"https:\\\/\\\/gentedebasquet.com.ar\\\/sitio\\\/2014\\\/10\\\/08\\\/leal-al-argentino-u17-femenino\\\/\"},\"author\":{\"name\":\"Gente de B\u00e1squet\",\"@id\":\"https:\\\/\\\/gentedebasquet.com.ar\\\/sitio\\\/#\\\/schema\\\/person\\\/ca0b63bbb977369988a7bbbdc519943a\"},\"headline\":\"Leal al Argentino U17 Femenino\",\"datePublished\":\"2014-10-08T12:53:57+00:00\",\"mainEntityOfPage\":{\"@id\":\"https:\\\/\\\/gentedebasquet.com.ar\\\/sitio\\\/2014\\\/10\\\/08\\\/leal-al-argentino-u17-femenino\\\/\"},\"wordCount\":243,\"image\":{\"@id\":\"https:\\\/\\\/gentedebasquet.com.ar\\\/sitio\\\/2014\\\/10\\\/08\\\/leal-al-argentino-u17-femenino\\\/#primaryimage\"},\"thumbnailUrl\":\"http:\\\/\\\/gentedebasquet.com.ar\\\/sitio\\\/wp-content\\\/uploads\\\/2014\\\/10\\\/Bahia-Blanca-U17.jpg\",\"keywords\":[\"Argentino U17\",\"Bah\u00eda Blanca\",\"independiente\",\"Marianella Leal\",\"Provincial U17\"],\"articleSection\":[\"Femenino\"],\"inLanguage\":\"es\"},{\"@type\":\"WebPage\",\"@id\":\"https:\\\/\\\/gentedebasquet.com.ar\\\/sitio\\\/2014\\\/10\\\/08\\\/leal-al-argentino-u17-femenino\\\/\",\"url\":\"https:\\\/\\\/gentedebasquet.com.ar\\\/sitio\\\/2014\\\/10\\\/08\\\/leal-al-argentino-u17-femenino\\\/\",\"name\":\"Leal al Argentino U17 Femenino - Gente de B\u00e1squet\",\"isPartOf\":{\"@id\":\"https:\\\/\\\/gentedebasquet.com.ar\\\/sitio\\\/#website\"},\"primaryImageOfPage\":{\"@id\":\"https:\\\/\\\/gentedebasquet.com.ar\\\/sitio\\\/2014\\\/10\\\/08\\\/leal-al-argentino-u17-femenino\\\/#primaryimage\"},\"image\":{\"@id\":\"https:\\\/\\\/gentedebasquet.com.ar\\\/sitio\\\/2014\\\/10\\\/08\\\/leal-al-argentino-u17-femenino\\\/#primaryimage\"},\"thumbnailUrl\":\"http:\\\/\\\/gentedebasquet.com.ar\\\/sitio\\\/wp-content\\\/uploads\\\/2014\\\/10\\\/Bahia-Blanca-U17.jpg\",\"datePublished\":\"2014-10-08T12:53:57+00:00\",\"author\":{\"@id\":\"https:\\\/\\\/gentedebasquet.com.ar\\\/sitio\\\/#\\\/schema\\\/person\\\/ca0b63bbb977369988a7bbbdc519943a\"},\"breadcrumb\":{\"@id\":\"https:\\\/\\\/gentedebasquet.com.ar\\\/sitio\\\/2014\\\/10\\\/08\\\/leal-al-argentino-u17-femenino\\\/#breadcrumb\"},\"inLanguage\":\"es\",\"potentialAction\":[{\"@type\":\"ReadAction\",\"target\":[\"https:\\\/\\\/gentedebasquet.com.ar\\\/sitio\\\/2014\\\/10\\\/08\\\/leal-al-argentino-u17-femenino\\\/\"]}]},{\"@type\":\"ImageObject\",\"inLanguage\":\"es\",\"@id\":\"https:\\\/\\\/gentedebasquet.com.ar\\\/sitio\\\/2014\\\/10\\\/08\\\/leal-al-argentino-u17-femenino\\\/#primaryimage\",\"url\":\"http:\\\/\\\/gentedebasquet.com.ar\\\/sitio\\\/wp-content\\\/uploads\\\/2014\\\/10\\\/Bahia-Blanca-U17.jpg\",\"contentUrl\":\"http:\\\/\\\/gentedebasquet.com.ar\\\/sitio\\\/wp-content\\\/uploads\\\/2014\\\/10\\\/Bahia-Blanca-U17.jpg\",\"width\":300,\"height\":226},{\"@type\":\"BreadcrumbList\",\"@id\":\"https:\\\/\\\/gentedebasquet.com.ar\\\/sitio\\\/2014\\\/10\\\/08\\\/leal-al-argentino-u17-femenino\\\/#breadcrumb\",\"itemListElement\":[{\"@type\":\"ListItem\",\"position\":1,\"name\":\"Portada\",\"item\":\"https:\\\/\\\/gentedebasquet.com.ar\\\/sitio\\\/\"},{\"@type\":\"ListItem\",\"position\":2,\"name\":\"Leal al Argentino U17 Femenino\"}]},{\"@type\":\"WebSite\",\"@id\":\"https:\\\/\\\/gentedebasquet.com.ar\\\/sitio\\\/#website\",\"url\":\"https:\\\/\\\/gentedebasquet.com.ar\\\/sitio\\\/\",\"name\":\"Gente de B\u00e1squet\",\"description\":\"La revista del basquet de Bah\u00eda Blanca\",\"potentialAction\":[{\"@type\":\"SearchAction\",\"target\":{\"@type\":\"EntryPoint\",\"urlTemplate\":\"https:\\\/\\\/gentedebasquet.com.ar\\\/sitio\\\/?s={search_term_string}\"},\"query-input\":{\"@type\":\"PropertyValueSpecification\",\"valueRequired\":true,\"valueName\":\"search_term_string\"}}],\"inLanguage\":\"es\"},{\"@type\":\"Person\",\"@id\":\"https:\\\/\\\/gentedebasquet.com.ar\\\/sitio\\\/#\\\/schema\\\/person\\\/ca0b63bbb977369988a7bbbdc519943a\",\"name\":\"Gente de B\u00e1squet\",\"image\":{\"@type\":\"ImageObject\",\"inLanguage\":\"es\",\"@id\":\"https:\\\/\\\/secure.gravatar.com\\\/avatar\\\/7f2c48bdc33b30088f941fb6082e555f2874c98e20cb159d7b92b50eadfce793?s=96&d=mm&r=g\",\"url\":\"https:\\\/\\\/secure.gravatar.com\\\/avatar\\\/7f2c48bdc33b30088f941fb6082e555f2874c98e20cb159d7b92b50eadfce793?s=96&d=mm&r=g\",\"contentUrl\":\"https:\\\/\\\/secure.gravatar.com\\\/avatar\\\/7f2c48bdc33b30088f941fb6082e555f2874c98e20cb159d7b92b50eadfce793?s=96&d=mm&r=g\",\"caption\":\"Gente de B\u00e1squet\"},\"sameAs\":[\"http:\\\/\\\/gentedebasquet.com.ar\\\/sitio\"],\"url\":\"http:\\\/\\\/gentedebasquet.com.ar\\\/sitio\\\/author\\\/ulises\\\/\"}]}<\/script>\n<!-- \/ Yoast SEO plugin. -->","yoast_head_json":{"title":"Leal al Argentino U17 Femenino - Gente de B\u00e1squet","robots":{"index":"index","follow":"follow","max-snippet":"max-snippet:-1","max-image-preview":"max-image-preview:large","max-video-preview":"max-video-preview:-1"},"canonical":"https:\/\/gentedebasquet.com.ar\/sitio\/2014\/10\/08\/leal-al-argentino-u17-femenino\/","og_locale":"es_ES","og_type":"article","og_title":"Leal al Argentino U17 Femenino - Gente de B\u00e1squet","og_description":"La jugadora de Independiente fue convocada para representar a Provincia","og_url":"https:\/\/gentedebasquet.com.ar\/sitio\/2014\/10\/08\/leal-al-argentino-u17-femenino\/","og_site_name":"Gente de B\u00e1squet","article_published_time":"2014-10-08T12:53:57+00:00","og_image":[{"width":300,"height":226,"url":"https:\/\/gentedebasquet.com.ar\/sitio\/wp-content\/uploads\/2014\/10\/Bahia-Blanca-U17.jpg","type":"image\/jpeg"}],"author":"Gente de B\u00e1squet","twitter_card":"summary_large_image","twitter_misc":{"Escrito por":"Gente de B\u00e1squet","Tiempo de lectura":"1 minuto"},"schema":{"@context":"https:\/\/schema.org","@graph":[{"@type":"Article","@id":"https:\/\/gentedebasquet.com.ar\/sitio\/2014\/10\/08\/leal-al-argentino-u17-femenino\/#article","isPartOf":{"@id":"https:\/\/gentedebasquet.com.ar\/sitio\/2014\/10\/08\/leal-al-argentino-u17-femenino\/"},"author":{"name":"Gente de B\u00e1squet","@id":"https:\/\/gentedebasquet.com.ar\/sitio\/#\/schema\/person\/ca0b63bbb977369988a7bbbdc519943a"},"headline":"Leal al Argentino U17 Femenino","datePublished":"2014-10-08T12:53:57+00:00","mainEntityOfPage":{"@id":"https:\/\/gentedebasquet.com.ar\/sitio\/2014\/10\/08\/leal-al-argentino-u17-femenino\/"},"wordCount":243,"image":{"@id":"https:\/\/gentedebasquet.com.ar\/sitio\/2014\/10\/08\/leal-al-argentino-u17-femenino\/#primaryimage"},"thumbnailUrl":"http:\/\/gentedebasquet.com.ar\/sitio\/wp-content\/uploads\/2014\/10\/Bahia-Blanca-U17.jpg","keywords":["Argentino U17","Bah\u00eda Blanca","independiente","Marianella Leal","Provincial U17"],"articleSection":["Femenino"],"inLanguage":"es"},{"@type":"WebPage","@id":"https:\/\/gentedebasquet.com.ar\/sitio\/2014\/10\/08\/leal-al-argentino-u17-femenino\/","url":"https:\/\/gentedebasquet.com.ar\/sitio\/2014\/10\/08\/leal-al-argentino-u17-femenino\/","name":"Leal al Argentino U17 Femenino - Gente de B\u00e1squet","isPartOf":{"@id":"https:\/\/gentedebasquet.com.ar\/sitio\/#website"},"primaryImageOfPage":{"@id":"https:\/\/gentedebasquet.com.ar\/sitio\/2014\/10\/08\/leal-al-argentino-u17-femenino\/#primaryimage"},"image":{"@id":"https:\/\/gentedebasquet.com.ar\/sitio\/2014\/10\/08\/leal-al-argentino-u17-femenino\/#primaryimage"},"thumbnailUrl":"http:\/\/gentedebasquet.com.ar\/sitio\/wp-content\/uploads\/2014\/10\/Bahia-Blanca-U17.jpg","datePublished":"2014-10-08T12:53:57+00:00","author":{"@id":"https:\/\/gentedebasquet.com.ar\/sitio\/#\/schema\/person\/ca0b63bbb977369988a7bbbdc519943a"},"breadcrumb":{"@id":"https:\/\/gentedebasquet.com.ar\/sitio\/2014\/10\/08\/leal-al-argentino-u17-femenino\/#breadcrumb"},"inLanguage":"es","potentialAction":[{"@type":"ReadAction","target":["https:\/\/gentedebasquet.com.ar\/sitio\/2014\/10\/08\/leal-al-argentino-u17-femenino\/"]}]},{"@type":"ImageObject","inLanguage":"es","@id":"https:\/\/gentedebasquet.com.ar\/sitio\/2014\/10\/08\/leal-al-argentino-u17-femenino\/#primaryimage","url":"http:\/\/gentedebasquet.com.ar\/sitio\/wp-content\/uploads\/2014\/10\/Bahia-Blanca-U17.jpg","contentUrl":"http:\/\/gentedebasquet.com.ar\/sitio\/wp-content\/uploads\/2014\/10\/Bahia-Blanca-U17.jpg","width":300,"height":226},{"@type":"BreadcrumbList","@id":"https:\/\/gentedebasquet.com.ar\/sitio\/2014\/10\/08\/leal-al-argentino-u17-femenino\/#breadcrumb","itemListElement":[{"@type":"ListItem","position":1,"name":"Portada","item":"https:\/\/gentedebasquet.com.ar\/sitio\/"},{"@type":"ListItem","position":2,"name":"Leal al Argentino U17 Femenino"}]},{"@type":"WebSite","@id":"https:\/\/gentedebasquet.com.ar\/sitio\/#website","url":"https:\/\/gentedebasquet.com.ar\/sitio\/","name":"Gente de B\u00e1squet","description":"La revista del basquet de Bah\u00eda Blanca","potentialAction":[{"@type":"SearchAction","target":{"@type":"EntryPoint","urlTemplate":"https:\/\/gentedebasquet.com.ar\/sitio\/?s={search_term_string}"},"query-input":{"@type":"PropertyValueSpecification","valueRequired":true,"valueName":"search_term_string"}}],"inLanguage":"es"},{"@type":"Person","@id":"https:\/\/gentedebasquet.com.ar\/sitio\/#\/schema\/person\/ca0b63bbb977369988a7bbbdc519943a","name":"Gente de B\u00e1squet","image":{"@type":"ImageObject","inLanguage":"es","@id":"https:\/\/secure.gravatar.com\/avatar\/7f2c48bdc33b30088f941fb6082e555f2874c98e20cb159d7b92b50eadfce793?s=96&d=mm&r=g","url":"https:\/\/secure.gravatar.com\/avatar\/7f2c48bdc33b30088f941fb6082e555f2874c98e20cb159d7b92b50eadfce793?s=96&d=mm&r=g","contentUrl":"https:\/\/secure.gravatar.com\/avatar\/7f2c48bdc33b30088f941fb6082e555f2874c98e20cb159d7b92b50eadfce793?s=96&d=mm&r=g","caption":"Gente de B\u00e1squet"},"sameAs":["http:\/\/gentedebasquet.com.ar\/sitio"],"url":"http:\/\/gentedebasquet.com.ar\/sitio\/author\/ulises\/"}]}},"_links":{"self":[{"href":"http:\/\/gentedebasquet.com.ar\/sitio\/wp-json\/wp\/v2\/posts\/39083","targetHints":{"allow":["GET"]}}],"collection":[{"href":"http:\/\/gentedebasquet.com.ar\/sitio\/wp-json\/wp\/v2\/posts"}],"about":[{"href":"http:\/\/gentedebasquet.com.ar\/sitio\/wp-json\/wp\/v2\/types\/post"}],"author":[{"embeddable":true,"href":"http:\/\/gentedebasquet.com.ar\/sitio\/wp-json\/wp\/v2\/users\/1"}],"replies":[{"embeddable":true,"href":"http:\/\/gentedebasquet.com.ar\/sitio\/wp-json\/wp\/v2\/comments?post=39083"}],"version-history":[{"count":0,"href":"http:\/\/gentedebasquet.com.ar\/sitio\/wp-json\/wp\/v2\/posts\/39083\/revisions"}],"wp:featuredmedia":[{"embeddable":true,"href":"http:\/\/gentedebasquet.com.ar\/sitio\/wp-json\/wp\/v2\/media\/39084"}],"wp:attachment":[{"href":"http:\/\/gentedebasquet.com.ar\/sitio\/wp-json\/wp\/v2\/media?parent=39083"}],"wp:term":[{"taxonomy":"category","embeddable":true,"href":"http:\/\/gentedebasquet.com.ar\/sitio\/wp-json\/wp\/v2\/categories?post=39083"},{"taxonomy":"post_tag","embeddable":true,"href":"http:\/\/gentedebasquet.com.ar\/sitio\/wp-json\/wp\/v2\/tags?post=39083"}],"curies":[{"name":"wp","href":"https:\/\/api.w.org\/{rel}","templated":true}]}}