{"id":39099,"date":"2014-10-08T10:40:58","date_gmt":"2014-10-08T13:40:58","guid":{"rendered":"http:\/\/www.gentedebasquet.com.ar\/?p=39099"},"modified":"2014-10-08T10:40:58","modified_gmt":"2014-10-08T13:40:58","slug":"barracas-u17-arranca-la-liga","status":"publish","type":"post","link":"http:\/\/gentedebasquet.com.ar\/sitio\/2014\/10\/08\/barracas-u17-arranca-la-liga\/","title":{"rendered":"Barracas U17 arranca la Liga"},"content":{"rendered":"<p><strong>Despu\u00e9s de varios a\u00f1os \u00a0de escasa competencia oficial, el Club Barracas Central decidi\u00f3 inscribirse en el Argentino de Clubes U17 (tambi\u00e9n conocido como Liga Nacional Femenina, en la categor\u00eda Cadetes). \u00abQue las chicas puedan participar de la Liga enfrentando a las mejores jugadoras de b\u00e1squetbol femenino, es un sue\u00f1o hecho realidad. Nunca pensamos poder participar en la elite y poder enfrentarnos a jugadoras de selecci\u00f3n nacional\u00bb, se\u00f1al\u00f3 el entrenador Gabriel M\u00e9rida. Barracas debutar\u00e1 el viernes 10, en Entre R\u00edos.<\/strong><\/p>\n<p>&nbsp;<\/p>\n<h6>ZONAS<\/h6>\n<table width=\"100%\" border=\"2\">\n<tbody>\n<tr>\n<td align=\"center\" bgcolor=\"#4791ec\"><strong><span style=\"font-family: tahoma, verdana, arial, helvetica, sans-serif; font-size: small;\">ZONA \u00a0\u00abA\u00bb<\/span><\/strong><\/td>\n<td align=\"center\" bgcolor=\"#4791ec\"><strong><span style=\"font-family: tahoma, verdana, arial, helvetica, sans-serif; font-size: small;\">ZONA \u00a0\u00abB\u00bb<\/span><\/strong><\/td>\n<\/tr>\n<tr>\n<td align=\"center\" bgcolor=\"#c5c5c5\"><span style=\"font-family: tahoma, verdana, arial, helvetica, sans-serif; font-size: small;\">Sportivo Ben Hur (Rafaela)<\/span><\/td>\n<td align=\"center\" bgcolor=\"#c5c5c5\"><strong><span style=\"font-family: tahoma, verdana, arial, helvetica, sans-serif; font-size: small;\">Barracas Central<\/span><\/strong><\/td>\n<\/tr>\n<tr>\n<td align=\"center\" bgcolor=\"#c5c5c5\"><span style=\"font-family: tahoma, verdana, arial, helvetica, sans-serif; font-size: small;\">Ben Hur (Rosario)<\/span><\/td>\n<td align=\"center\" bgcolor=\"#c5c5c5\"><span style=\"font-family: tahoma, verdana, arial, helvetica, sans-serif; font-size: small;\">Luis Luciano (Urdinarrain)<\/span><\/td>\n<\/tr>\n<tr>\n<td align=\"center\" bgcolor=\"#c5c5c5\"><span style=\"font-family: tahoma, verdana, arial, helvetica, sans-serif; font-size: small;\">Deportivo Berazategui<\/span><\/td>\n<td align=\"center\" bgcolor=\"#c5c5c5\"><span style=\"font-family: tahoma, verdana, arial, helvetica, sans-serif; font-size: small;\">Talleres (Paran\u00e1)<\/span><\/td>\n<\/tr>\n<tr>\n<td align=\"center\" bgcolor=\"#c5c5c5\"><span style=\"font-family: tahoma, verdana, arial, helvetica, sans-serif; font-size: small;\">Lan\u00fas<\/span><\/td>\n<td align=\"center\" bgcolor=\"#c5c5c5\"><span style=\"font-family: tahoma, verdana, arial, helvetica, sans-serif; font-size: small;\">Atalaya (Rosario)<\/span><\/td>\n<\/tr>\n<tr>\n<td align=\"center\" bgcolor=\"#c5c5c5\"><span style=\"font-family: tahoma, verdana, arial, helvetica, sans-serif; font-size: small;\">Argentino de Lan\u00fas<\/span><\/td>\n<td align=\"center\" bgcolor=\"#c5c5c5\"><span style=\"font-family: tahoma, verdana, arial, helvetica, sans-serif; font-size: small;\">Centro Galicia (Bs. As.)<\/span><\/td>\n<\/tr>\n<tr>\n<td align=\"center\" bgcolor=\"#c5c5c5\"><span style=\"font-family: tahoma, verdana, arial, helvetica, sans-serif; font-size: small;\">\u00a0<\/span><\/td>\n<td align=\"center\" bgcolor=\"#c5c5c5\"><span style=\"font-family: tahoma, verdana, arial, helvetica, sans-serif; font-size: small;\">V\u00e9lez Sarsfield<\/span><\/td>\n<\/tr>\n<\/tbody>\n<\/table>\n<p>&nbsp;<\/p>\n<h6>Comienzo de Barracas:<\/h6>\n<p>Viernes 10\/10 &#8211; 21.00 &#8211; Luis Luciano Urdinarrain vs Barracas Central<\/p>\n<p>S\u00e1bado 11\/10 &#8211; 19.30 &#8211; Talleres de Parana vs Barracas Central<\/p>\n<p>Domingo 12\/10 &#8211; 15.00 &#8211; Atalaya de Rosario vs Barracas Central<\/p>\n<p>Lunes 13\/10 &#8211; 16.00 &#8211; Velez Sarsfield vs Barracas Central<\/p>\n<p>Martes 14\/10 &#8211; 20.30 &#8211; Centro Galicia vs Barracas Central<\/p>\n<p>&nbsp;<\/p>\n<h6>CLUB BARRACAS CENTRAL<\/h6>\n<p>Lorena Virginia Paz, Candelaria Acnin V\u00e1zquez, Ileana Marina Corvalan, B\u00e1rbara Trinidad Cunningham, Camila Luj\u00e1n Cabrera, Malena Garc\u00eda Yacomella, Micaela Ayel\u00e9n S\u00e1nchez, Camila Aldana Bayon Pryschodko, Candela Ail\u00edn Blanco, Ail\u00edn Nerina Larrosa, Camila Oriana Maisterrena, Sof\u00eda Luj\u00e1n Vecchi. DT: Gabriel M\u00e9rida.<\/p>\n<p>&nbsp;<\/p>\n<h5>CRONOGRAMA DE PARTIDOS<\/h5>\n<h6><span style=\"font-size: 0.75em; line-height: 1.5em;\">ZONA B<\/span><\/h6>\n<p>S\u00e1bado 27\/09<br \/>\nCentro Galicia 50-58 V\u00e9lez Sarsfield<br \/>\nTalleres (Paran\u00e1) 98-39 Luis Luciano (Urdinarrain)<\/p>\n<p>S\u00e1bado 04\/10<br \/>\nLuis Luciano (Urdinarrain) 75-83 Atalaya (Rosario)<\/p>\n<p>Viernes 10\/10<br \/>\nLuis Luciano (Urdinarrain) vs\u00a0<strong>Barracas Central (Bah\u00eda Blanca)<\/strong><\/p>\n<p>S\u00e1bado 11\/10<br \/>\nTalleres (Paran\u00e1) vs\u00a0<strong>Barracas Central (Bah\u00eda Blanca)<\/strong><br \/>\nV\u00e9lez Sarsfield vs Luis Luciano (Urdinarrain)<\/p>\n<p>Domingo 12\/10<br \/>\nAtalaya (Rosario) vs\u00a0<strong>Barracas Central (Bah\u00eda Blanca)<\/strong><br \/>\nCentro Galicia vs Luis Luciano (Urdinarrain)<\/p>\n<p>Lunes 13\/10<br \/>\nAtalaya (Rosario) vs Talleres (Paran\u00e1)<br \/>\nV\u00e9lez Sarsfield vs\u00a0<strong>Barracas Central (Bah\u00eda Blanca)<\/strong><\/p>\n<p>Martes 14\/10<br \/>\nCentro Galicia vs\u00a0<strong>Barracas Central (Bah\u00eda Blanca)<\/strong><\/p>\n<p>Viernes 17\/10<br \/>\nLuis Luciano (Urdinarrain) vs V\u00e9lez Sarsfield<br \/>\nAtalaya (Rosario) vs Centro Galicia<\/p>\n<p>S\u00e1bado 18\/10<br \/>\nTalleres (Paran\u00e1) vs V\u00e9lez Sarsfield<br \/>\nLuis Luciano (Urdinarrain) vs Centro Galicia<\/p>\n<p>Domingo 19\/10<br \/>\nAtalaya (Rosario) vs V\u00e9lez Sarsfield<br \/>\nTalleres (Paran\u00e1) vs Centro Galicia<\/p>\n<p>Viernes 31\/10 &#8211;\u00a0<strong>En Bah\u00eda Blanca<\/strong><br \/>\n<strong>Barracas Central (Bah\u00eda Blanca)<\/strong>\u00a0vs Luis Luciano (Urdinarrain)<br \/>\nTalleres (Paran\u00e1) vs Atalaya (Rosario)<\/p>\n<p>S\u00e1bado 01\/11 \u2013\u00a0<strong>En Bah\u00eda Blanca<\/strong><br \/>\n<strong>Barracas Central (Bah\u00eda Blanca)<\/strong>\u00a0vs Atalaya (Rosario)<br \/>\nLuis Luciano (Urdinarrain) vs Talleres (Paran\u00e1)<\/p>\n<p>Domingo 02\/11 \u2013\u00a0<strong>En Bah\u00eda Blanca<\/strong><br \/>\n<strong>Barracas Central (Bah\u00eda Blanca)<\/strong>\u00a0vs Talleres (Paran\u00e1)<br \/>\nAtalaya (Rosario) vs Luis Luciano (Urdinarrain)<\/p>\n<p>Jueves 06\/11<br \/>\nV\u00e9lez Sarsfield vs Centro Galicia<\/p>\n<p>S\u00e1bado 08\/11<br \/>\nCentro Galicia vs Talleres (Paran\u00e1)<br \/>\nV\u00e9lez Sarsfield vs Atalaya (Rosario)<\/p>\n<p>Domingo 09\/11<br \/>\nCentro Galicia vs Atalaya (Rosario)<br \/>\nV\u00e9lez Sarsfield vs Talleres (Paran\u00e1)<\/p>\n<p>S\u00e1bado 15\/11<br \/>\n<strong>Barracas Central (Bah\u00eda Blanca)<\/strong>\u00a0vs Centro Galicia<\/p>\n<p>Domingo 16\/11<br \/>\n<strong>Barracas Central (Bah\u00eda Blanca)<\/strong>\u00a0vs V\u00e9lez Sarsfield<\/p>\n<h6>FASE FINAL &#8211; 4-7\/12<\/h6>\n<p><strong>GRUPO 1<\/strong><br \/>\n1\u00b0 ZONA A<br \/>\n2\u00b0 ZONA B<br \/>\n3\u00b0 ZONA A<\/p>\n<p><strong>GRUPO 2<\/strong><br \/>\n1\u00b0 ZONA B<br \/>\n2\u00b0 ZONA A<br \/>\n3\u00b0 ZONA B<\/p>\n<p>La licitaci\u00f3n ser\u00e1 el mi\u00e9rcoles 19\/11<\/p>\n<h6>FIXTURE FASE FINAL<\/h6>\n<p>PRIMERA FECHA &#8211; JUEVES 4\/12<br \/>\n1\u00b0 Zona A vs 2\u00b0 Zona B<br \/>\n1\u00b0 Zona B vs 2\u00b0 Zona A<\/p>\n<p>SEGUNDA FECHA &#8211; VIERNES 5\/12<br \/>\n2\u00b0 Zona B vs 3\u00b0 Zona A<br \/>\n2\u00b0 Zona A vs 3\u00b0 Zona B<\/p>\n<p>TERCERA FECHA &#8211; VIERNES 5\/12<br \/>\n3\u00b0 Zona A vs 1\u00b0 Zona A<br \/>\n3\u00b0 Zona B vs 1\u00b0 Zona B<\/p>\n<p><strong>SEMIFINALES &#8211; S\u00c1BADO 6\/12<\/strong><\/p>\n<p>1\u00b0 Grupo 1 vs 2\u00b0 Grupo 2<br \/>\n1\u00b0 Grupo 2 vs 2\u00b0 Grupo 1<br \/>\nEn todos los casos, el equipo organizador jugar\u00e1 en segundo turno de partidos.<\/p>\n<p><strong>TERCER PUESTO &#8211; DOMINGO 7\/12<\/strong><br \/>\n<strong>FINAL &#8211; DOMINGO 7\/12<\/strong><\/p>\n<p><strong>Fuente:<\/strong>\u00a0Federico Radulovich (Prensa CABB).<\/p>\n<p><strong>Agradecimiento especial:<\/strong> Gabriel M\u00e9rida.<\/p>\n","protected":false},"excerpt":{"rendered":"<p>El equipo bahiense debutar\u00e1 este viernes a las 21 ante Luis Luciano, de Urdinarrain (ER)<\/p>\n","protected":false},"author":1,"featured_media":39100,"comment_status":"closed","ping_status":"open","sticky":false,"template":"","format":"standard","meta":{"jnews-multi-image_gallery":[],"jnews_single_post":[],"jnews_primary_category":[],"footnotes":""},"categories":[33,101],"tags":[6,395,219,522],"class_list":["post-39099","post","type-post","status-publish","format-standard","has-post-thumbnail","hentry","category-femenino","category-slide","tag-barracas-central","tag-femenino","tag-gabriel-merida","tag-liga-u17"],"yoast_head":"<!-- This site is optimized with the Yoast SEO plugin v27.5 - https:\/\/yoast.com\/product\/yoast-seo-wordpress\/ -->\n<title>Barracas U17 arranca la Liga - Gente de B\u00e1squet<\/title>\n<meta name=\"robots\" content=\"index, follow, max-snippet:-1, max-image-preview:large, max-video-preview:-1\" \/>\n<link rel=\"canonical\" href=\"http:\/\/gentedebasquet.com.ar\/sitio\/2014\/10\/08\/barracas-u17-arranca-la-liga\/\" \/>\n<meta property=\"og:locale\" content=\"es_ES\" \/>\n<meta property=\"og:type\" content=\"article\" \/>\n<meta property=\"og:title\" content=\"Barracas U17 arranca la Liga - Gente de B\u00e1squet\" \/>\n<meta property=\"og:description\" content=\"El equipo bahiense debutar\u00e1 este viernes a las 21 ante Luis Luciano, de Urdinarrain (ER)\" \/>\n<meta property=\"og:url\" content=\"http:\/\/gentedebasquet.com.ar\/sitio\/2014\/10\/08\/barracas-u17-arranca-la-liga\/\" \/>\n<meta property=\"og:site_name\" content=\"Gente de B\u00e1squet\" \/>\n<meta property=\"article:published_time\" content=\"2014-10-08T13:40:58+00:00\" \/>\n<meta property=\"og:image\" content=\"http:\/\/gentedebasquet.com.ar\/sitio\/wp-content\/uploads\/2014\/10\/Barracas-U17.jpg\" \/>\n\t<meta property=\"og:image:width\" content=\"690\" \/>\n\t<meta property=\"og:image:height\" content=\"319\" \/>\n\t<meta property=\"og:image:type\" content=\"image\/jpeg\" \/>\n<meta name=\"author\" content=\"Gente de B\u00e1squet\" \/>\n<meta name=\"twitter:card\" content=\"summary_large_image\" \/>\n<meta name=\"twitter:label1\" content=\"Escrito por\" \/>\n\t<meta name=\"twitter:data1\" content=\"Gente de B\u00e1squet\" \/>\n\t<meta name=\"twitter:label2\" content=\"Tiempo de lectura\" \/>\n\t<meta name=\"twitter:data2\" content=\"3 minutos\" \/>\n<script type=\"application\/ld+json\" class=\"yoast-schema-graph\">{\"@context\":\"https:\\\/\\\/schema.org\",\"@graph\":[{\"@type\":\"Article\",\"@id\":\"http:\\\/\\\/gentedebasquet.com.ar\\\/sitio\\\/2014\\\/10\\\/08\\\/barracas-u17-arranca-la-liga\\\/#article\",\"isPartOf\":{\"@id\":\"http:\\\/\\\/gentedebasquet.com.ar\\\/sitio\\\/2014\\\/10\\\/08\\\/barracas-u17-arranca-la-liga\\\/\"},\"author\":{\"name\":\"Gente de B\u00e1squet\",\"@id\":\"https:\\\/\\\/gentedebasquet.com.ar\\\/sitio\\\/#\\\/schema\\\/person\\\/ca0b63bbb977369988a7bbbdc519943a\"},\"headline\":\"Barracas U17 arranca la Liga\",\"datePublished\":\"2014-10-08T13:40:58+00:00\",\"mainEntityOfPage\":{\"@id\":\"http:\\\/\\\/gentedebasquet.com.ar\\\/sitio\\\/2014\\\/10\\\/08\\\/barracas-u17-arranca-la-liga\\\/\"},\"wordCount\":587,\"image\":{\"@id\":\"http:\\\/\\\/gentedebasquet.com.ar\\\/sitio\\\/2014\\\/10\\\/08\\\/barracas-u17-arranca-la-liga\\\/#primaryimage\"},\"thumbnailUrl\":\"http:\\\/\\\/gentedebasquet.com.ar\\\/sitio\\\/wp-content\\\/uploads\\\/2014\\\/10\\\/Barracas-U17.jpg\",\"keywords\":[\"Barracas Central\",\"Femenino\",\"Gabriel M\u00e9rida\",\"Liga U17\"],\"articleSection\":[\"Femenino\",\"Slide\"],\"inLanguage\":\"es\"},{\"@type\":\"WebPage\",\"@id\":\"http:\\\/\\\/gentedebasquet.com.ar\\\/sitio\\\/2014\\\/10\\\/08\\\/barracas-u17-arranca-la-liga\\\/\",\"url\":\"http:\\\/\\\/gentedebasquet.com.ar\\\/sitio\\\/2014\\\/10\\\/08\\\/barracas-u17-arranca-la-liga\\\/\",\"name\":\"Barracas U17 arranca la Liga - Gente de B\u00e1squet\",\"isPartOf\":{\"@id\":\"https:\\\/\\\/gentedebasquet.com.ar\\\/sitio\\\/#website\"},\"primaryImageOfPage\":{\"@id\":\"http:\\\/\\\/gentedebasquet.com.ar\\\/sitio\\\/2014\\\/10\\\/08\\\/barracas-u17-arranca-la-liga\\\/#primaryimage\"},\"image\":{\"@id\":\"http:\\\/\\\/gentedebasquet.com.ar\\\/sitio\\\/2014\\\/10\\\/08\\\/barracas-u17-arranca-la-liga\\\/#primaryimage\"},\"thumbnailUrl\":\"http:\\\/\\\/gentedebasquet.com.ar\\\/sitio\\\/wp-content\\\/uploads\\\/2014\\\/10\\\/Barracas-U17.jpg\",\"datePublished\":\"2014-10-08T13:40:58+00:00\",\"author\":{\"@id\":\"https:\\\/\\\/gentedebasquet.com.ar\\\/sitio\\\/#\\\/schema\\\/person\\\/ca0b63bbb977369988a7bbbdc519943a\"},\"breadcrumb\":{\"@id\":\"http:\\\/\\\/gentedebasquet.com.ar\\\/sitio\\\/2014\\\/10\\\/08\\\/barracas-u17-arranca-la-liga\\\/#breadcrumb\"},\"inLanguage\":\"es\",\"potentialAction\":[{\"@type\":\"ReadAction\",\"target\":[\"http:\\\/\\\/gentedebasquet.com.ar\\\/sitio\\\/2014\\\/10\\\/08\\\/barracas-u17-arranca-la-liga\\\/\"]}]},{\"@type\":\"ImageObject\",\"inLanguage\":\"es\",\"@id\":\"http:\\\/\\\/gentedebasquet.com.ar\\\/sitio\\\/2014\\\/10\\\/08\\\/barracas-u17-arranca-la-liga\\\/#primaryimage\",\"url\":\"http:\\\/\\\/gentedebasquet.com.ar\\\/sitio\\\/wp-content\\\/uploads\\\/2014\\\/10\\\/Barracas-U17.jpg\",\"contentUrl\":\"http:\\\/\\\/gentedebasquet.com.ar\\\/sitio\\\/wp-content\\\/uploads\\\/2014\\\/10\\\/Barracas-U17.jpg\",\"width\":690,\"height\":319},{\"@type\":\"BreadcrumbList\",\"@id\":\"http:\\\/\\\/gentedebasquet.com.ar\\\/sitio\\\/2014\\\/10\\\/08\\\/barracas-u17-arranca-la-liga\\\/#breadcrumb\",\"itemListElement\":[{\"@type\":\"ListItem\",\"position\":1,\"name\":\"Portada\",\"item\":\"https:\\\/\\\/gentedebasquet.com.ar\\\/sitio\\\/\"},{\"@type\":\"ListItem\",\"position\":2,\"name\":\"Barracas U17 arranca la Liga\"}]},{\"@type\":\"WebSite\",\"@id\":\"https:\\\/\\\/gentedebasquet.com.ar\\\/sitio\\\/#website\",\"url\":\"https:\\\/\\\/gentedebasquet.com.ar\\\/sitio\\\/\",\"name\":\"Gente de B\u00e1squet\",\"description\":\"La revista del basquet de Bah\u00eda Blanca\",\"potentialAction\":[{\"@type\":\"SearchAction\",\"target\":{\"@type\":\"EntryPoint\",\"urlTemplate\":\"https:\\\/\\\/gentedebasquet.com.ar\\\/sitio\\\/?s={search_term_string}\"},\"query-input\":{\"@type\":\"PropertyValueSpecification\",\"valueRequired\":true,\"valueName\":\"search_term_string\"}}],\"inLanguage\":\"es\"},{\"@type\":\"Person\",\"@id\":\"https:\\\/\\\/gentedebasquet.com.ar\\\/sitio\\\/#\\\/schema\\\/person\\\/ca0b63bbb977369988a7bbbdc519943a\",\"name\":\"Gente de B\u00e1squet\",\"image\":{\"@type\":\"ImageObject\",\"inLanguage\":\"es\",\"@id\":\"https:\\\/\\\/secure.gravatar.com\\\/avatar\\\/7f2c48bdc33b30088f941fb6082e555f2874c98e20cb159d7b92b50eadfce793?s=96&d=mm&r=g\",\"url\":\"https:\\\/\\\/secure.gravatar.com\\\/avatar\\\/7f2c48bdc33b30088f941fb6082e555f2874c98e20cb159d7b92b50eadfce793?s=96&d=mm&r=g\",\"contentUrl\":\"https:\\\/\\\/secure.gravatar.com\\\/avatar\\\/7f2c48bdc33b30088f941fb6082e555f2874c98e20cb159d7b92b50eadfce793?s=96&d=mm&r=g\",\"caption\":\"Gente de B\u00e1squet\"},\"sameAs\":[\"http:\\\/\\\/gentedebasquet.com.ar\\\/sitio\"],\"url\":\"http:\\\/\\\/gentedebasquet.com.ar\\\/sitio\\\/author\\\/ulises\\\/\"}]}<\/script>\n<!-- \/ Yoast SEO plugin. -->","yoast_head_json":{"title":"Barracas U17 arranca la Liga - Gente de B\u00e1squet","robots":{"index":"index","follow":"follow","max-snippet":"max-snippet:-1","max-image-preview":"max-image-preview:large","max-video-preview":"max-video-preview:-1"},"canonical":"http:\/\/gentedebasquet.com.ar\/sitio\/2014\/10\/08\/barracas-u17-arranca-la-liga\/","og_locale":"es_ES","og_type":"article","og_title":"Barracas U17 arranca la Liga - Gente de B\u00e1squet","og_description":"El equipo bahiense debutar\u00e1 este viernes a las 21 ante Luis Luciano, de Urdinarrain (ER)","og_url":"http:\/\/gentedebasquet.com.ar\/sitio\/2014\/10\/08\/barracas-u17-arranca-la-liga\/","og_site_name":"Gente de B\u00e1squet","article_published_time":"2014-10-08T13:40:58+00:00","og_image":[{"width":690,"height":319,"url":"http:\/\/gentedebasquet.com.ar\/sitio\/wp-content\/uploads\/2014\/10\/Barracas-U17.jpg","type":"image\/jpeg"}],"author":"Gente de B\u00e1squet","twitter_card":"summary_large_image","twitter_misc":{"Escrito por":"Gente de B\u00e1squet","Tiempo de lectura":"3 minutos"},"schema":{"@context":"https:\/\/schema.org","@graph":[{"@type":"Article","@id":"http:\/\/gentedebasquet.com.ar\/sitio\/2014\/10\/08\/barracas-u17-arranca-la-liga\/#article","isPartOf":{"@id":"http:\/\/gentedebasquet.com.ar\/sitio\/2014\/10\/08\/barracas-u17-arranca-la-liga\/"},"author":{"name":"Gente de B\u00e1squet","@id":"https:\/\/gentedebasquet.com.ar\/sitio\/#\/schema\/person\/ca0b63bbb977369988a7bbbdc519943a"},"headline":"Barracas U17 arranca la Liga","datePublished":"2014-10-08T13:40:58+00:00","mainEntityOfPage":{"@id":"http:\/\/gentedebasquet.com.ar\/sitio\/2014\/10\/08\/barracas-u17-arranca-la-liga\/"},"wordCount":587,"image":{"@id":"http:\/\/gentedebasquet.com.ar\/sitio\/2014\/10\/08\/barracas-u17-arranca-la-liga\/#primaryimage"},"thumbnailUrl":"http:\/\/gentedebasquet.com.ar\/sitio\/wp-content\/uploads\/2014\/10\/Barracas-U17.jpg","keywords":["Barracas Central","Femenino","Gabriel M\u00e9rida","Liga U17"],"articleSection":["Femenino","Slide"],"inLanguage":"es"},{"@type":"WebPage","@id":"http:\/\/gentedebasquet.com.ar\/sitio\/2014\/10\/08\/barracas-u17-arranca-la-liga\/","url":"http:\/\/gentedebasquet.com.ar\/sitio\/2014\/10\/08\/barracas-u17-arranca-la-liga\/","name":"Barracas U17 arranca la Liga - Gente de B\u00e1squet","isPartOf":{"@id":"https:\/\/gentedebasquet.com.ar\/sitio\/#website"},"primaryImageOfPage":{"@id":"http:\/\/gentedebasquet.com.ar\/sitio\/2014\/10\/08\/barracas-u17-arranca-la-liga\/#primaryimage"},"image":{"@id":"http:\/\/gentedebasquet.com.ar\/sitio\/2014\/10\/08\/barracas-u17-arranca-la-liga\/#primaryimage"},"thumbnailUrl":"http:\/\/gentedebasquet.com.ar\/sitio\/wp-content\/uploads\/2014\/10\/Barracas-U17.jpg","datePublished":"2014-10-08T13:40:58+00:00","author":{"@id":"https:\/\/gentedebasquet.com.ar\/sitio\/#\/schema\/person\/ca0b63bbb977369988a7bbbdc519943a"},"breadcrumb":{"@id":"http:\/\/gentedebasquet.com.ar\/sitio\/2014\/10\/08\/barracas-u17-arranca-la-liga\/#breadcrumb"},"inLanguage":"es","potentialAction":[{"@type":"ReadAction","target":["http:\/\/gentedebasquet.com.ar\/sitio\/2014\/10\/08\/barracas-u17-arranca-la-liga\/"]}]},{"@type":"ImageObject","inLanguage":"es","@id":"http:\/\/gentedebasquet.com.ar\/sitio\/2014\/10\/08\/barracas-u17-arranca-la-liga\/#primaryimage","url":"http:\/\/gentedebasquet.com.ar\/sitio\/wp-content\/uploads\/2014\/10\/Barracas-U17.jpg","contentUrl":"http:\/\/gentedebasquet.com.ar\/sitio\/wp-content\/uploads\/2014\/10\/Barracas-U17.jpg","width":690,"height":319},{"@type":"BreadcrumbList","@id":"http:\/\/gentedebasquet.com.ar\/sitio\/2014\/10\/08\/barracas-u17-arranca-la-liga\/#breadcrumb","itemListElement":[{"@type":"ListItem","position":1,"name":"Portada","item":"https:\/\/gentedebasquet.com.ar\/sitio\/"},{"@type":"ListItem","position":2,"name":"Barracas U17 arranca la Liga"}]},{"@type":"WebSite","@id":"https:\/\/gentedebasquet.com.ar\/sitio\/#website","url":"https:\/\/gentedebasquet.com.ar\/sitio\/","name":"Gente de B\u00e1squet","description":"La revista del basquet de Bah\u00eda Blanca","potentialAction":[{"@type":"SearchAction","target":{"@type":"EntryPoint","urlTemplate":"https:\/\/gentedebasquet.com.ar\/sitio\/?s={search_term_string}"},"query-input":{"@type":"PropertyValueSpecification","valueRequired":true,"valueName":"search_term_string"}}],"inLanguage":"es"},{"@type":"Person","@id":"https:\/\/gentedebasquet.com.ar\/sitio\/#\/schema\/person\/ca0b63bbb977369988a7bbbdc519943a","name":"Gente de B\u00e1squet","image":{"@type":"ImageObject","inLanguage":"es","@id":"https:\/\/secure.gravatar.com\/avatar\/7f2c48bdc33b30088f941fb6082e555f2874c98e20cb159d7b92b50eadfce793?s=96&d=mm&r=g","url":"https:\/\/secure.gravatar.com\/avatar\/7f2c48bdc33b30088f941fb6082e555f2874c98e20cb159d7b92b50eadfce793?s=96&d=mm&r=g","contentUrl":"https:\/\/secure.gravatar.com\/avatar\/7f2c48bdc33b30088f941fb6082e555f2874c98e20cb159d7b92b50eadfce793?s=96&d=mm&r=g","caption":"Gente de B\u00e1squet"},"sameAs":["http:\/\/gentedebasquet.com.ar\/sitio"],"url":"http:\/\/gentedebasquet.com.ar\/sitio\/author\/ulises\/"}]}},"_links":{"self":[{"href":"http:\/\/gentedebasquet.com.ar\/sitio\/wp-json\/wp\/v2\/posts\/39099","targetHints":{"allow":["GET"]}}],"collection":[{"href":"http:\/\/gentedebasquet.com.ar\/sitio\/wp-json\/wp\/v2\/posts"}],"about":[{"href":"http:\/\/gentedebasquet.com.ar\/sitio\/wp-json\/wp\/v2\/types\/post"}],"author":[{"embeddable":true,"href":"http:\/\/gentedebasquet.com.ar\/sitio\/wp-json\/wp\/v2\/users\/1"}],"replies":[{"embeddable":true,"href":"http:\/\/gentedebasquet.com.ar\/sitio\/wp-json\/wp\/v2\/comments?post=39099"}],"version-history":[{"count":0,"href":"http:\/\/gentedebasquet.com.ar\/sitio\/wp-json\/wp\/v2\/posts\/39099\/revisions"}],"wp:featuredmedia":[{"embeddable":true,"href":"http:\/\/gentedebasquet.com.ar\/sitio\/wp-json\/wp\/v2\/media\/39100"}],"wp:attachment":[{"href":"http:\/\/gentedebasquet.com.ar\/sitio\/wp-json\/wp\/v2\/media?parent=39099"}],"wp:term":[{"taxonomy":"category","embeddable":true,"href":"http:\/\/gentedebasquet.com.ar\/sitio\/wp-json\/wp\/v2\/categories?post=39099"},{"taxonomy":"post_tag","embeddable":true,"href":"http:\/\/gentedebasquet.com.ar\/sitio\/wp-json\/wp\/v2\/tags?post=39099"}],"curies":[{"name":"wp","href":"https:\/\/api.w.org\/{rel}","templated":true}]}}