{"id":39239,"date":"2014-10-13T00:23:48","date_gmt":"2014-10-13T03:23:48","guid":{"rendered":"http:\/\/www.gentedebasquet.com.ar\/?p=39239"},"modified":"2014-10-13T00:23:48","modified_gmt":"2014-10-13T03:23:48","slug":"el-aurinegro-fue-ressiliente","status":"publish","type":"post","link":"http:\/\/gentedebasquet.com.ar\/sitio\/2014\/10\/13\/el-aurinegro-fue-ressiliente\/","title":{"rendered":"El aurinegro fue Ressiliente"},"content":{"rendered":"<p><strong><a href=\"http:\/\/www.gentedebasquet.com.ar\/bahiense-se-quedo-con-el-primero\/\">Tras la derrota del d\u00eda s\u00e1bado por Torneo Federal ante Bahiense del Norte<\/a>, Olimpo recompuso su imagen y venci\u00f3 en tiempo suplementario a Pueyrred\u00f3n por 95 a 91 (el per\u00edodo reglamentario finaliz\u00f3 empatado en 79) por la zona A2 del Torneo Oficial de Primera. \u00a0Los hermanos Ressia fueron las figuras del encuentro, combinando entre s\u00ed 44 puntos. \u00a0Mientras que en el conjunto de Andr\u00e9s Iannamico, no bast\u00f3 con las grandes actuaciones de Germ\u00e1n Andr\u00e9s (31 puntos, 7-18 en TC, 17-20 en TL y 5 asistencias) y Gast\u00f3n Rivera (25, 10-13 en TC). \u00a0Con la victoria, el equipo dirigido por Daniel Allende asegur\u00f3 su pasaje a los playoffs y evita asi la lucha por el descenso.<\/strong><\/p>\n<p>Ya pasado el debut con sabor amargo en el Torneo Federal, Olimpo tuvo que asumir al d\u00eda siguiente su compromiso frente a Pueyrred\u00f3n por el torneo local, \u00a0con la premisa de que la victoria le asegurar\u00eda el pase a los Playoffs por el campeonato. \u00a0Sin embargo, el conjunto de Iannamico complic\u00f3 el tr\u00e1mite al aurinegro en el inicio del cotejo, mostrando buen juego asociado (5 asistencias, 3 entregadas por Andr\u00e9s) y con Eddie Roberson (8) causando problemas en la zona pintada para el aurinegro.<\/p>\n<p>Pero tras estar debajo por 4, el local en 4m24s del 2C logr\u00f3 empatar el marcador en 30 (14-10) coincidiendo en el mejor momento del partido de Gast\u00f3n Ressia (7), determinante atacando desde la media distancia y en el corte hacia el aro. \u00a0Sin embargo el \u00abPurre\u00bb tambi\u00e9n tuvo en Gast\u00f3n Rivera (8) su jugador encendido, que con su rapidez y su tiro en suspensi\u00f3n se mostr\u00f3 por momentos indefendible para los de Allende. \u00a0Al descanso, era el visitante quien se encontraba arriba en el marcador (39-44).<\/p>\n<p>A la vuelta de los vestuarios Pueyrred\u00f3n continu\u00f3 dominando las riendas del juego, alcanzando la ventaja m\u00e1xima (16) en 3m30s del 3C. \u00a0Pero tras tiempo muerto pedido por Allende, el aurinegro ajust\u00f3 en defensa (pas\u00f3 a marcar zona 2-3 con presi\u00f3n en 3\/4 de cancha) y clav\u00f3 un contundente parcial de 14-0 para achicar a 3 (60-63) la distancia en el marcador. Apareci\u00f3 en el encuentro el otro Ressia, Germ\u00e1n (5) quien hasta el momento ten\u00eda un partido discreto. \u00a0Pero m\u00e1s determinante fue Cristian Victoria (7) quien conect\u00f3 una de las dos bombas del per\u00edodo, en un partido de pobre goleo perimetral.<\/p>\n<p>A falta de 2m38s para el final, Pueyrred\u00f3n estaba 3 puntos por encima en el marcador (73-76). \u00a0Pero Germ\u00e1n Ressia con dos tiros desde la media distancia, puso a Olimpo al frente por uno (77-76). A partir de ese momento se dio un festival de tiros libres, puesto que ambos conjuntos cayeron en penalizaci\u00f3n. \u00a0Ressia pudo haber ganado el encuentro desde la l\u00ednea, pero fall\u00f3 dos lanzamientos (2\/4) por lo que el cotejo pas\u00f3 a definirse en tiempo suplementario.<\/p>\n<p>El show de viajes a la l\u00ednea de los suspiros continu\u00f3 en el TS. \u00a0Pero otra vez, Germ\u00e1n Ressia en modo clutch marc\u00f3 la diferencia anotando dos tiros de campo. \u00a0Esto, sumado a que Pueyrred\u00f3n no pudo capitalizar desde el tiro libre (4\/7) y perdi\u00f3 dos balones claves en el minuto final, termin\u00f3 otorgando la victoria a Olimpo. \u00a0Con el triunfo y los dos puntos obtenidos, los dirigidos por Daniel Allende aseguraron su pase a los Playoffs por el campeonato, evitando as\u00ed la lucha por el descenso.<\/p>\n<h6>Los minutos finales del tiempo suplementario.<\/h6>\n<p>[vimeo]http:\/\/https:\/\/vimeo.com\/108749240[\/vimeo]<\/p>\n<p>&nbsp;<\/p>\n<p><span style=\"text-decoration: underline;\"><em><strong>S\u00edntesis<\/strong><\/em><\/span><\/p>\n<p><strong>Olimpo: <\/strong>Germ\u00e1n Ressia 24, Gast\u00f3n Ressia 20, Cristian Victoria 14 (x), Marcos Fern\u00e1ndez 9, Agust\u00edn S\u00e1nchez 9 (x) (FI); Emilio Gim\u00e9nez 2, Facundo Arens 4, Jervaughn Scales 0, Lucas Lucchetti 13. \u00a0D.T: Daniel Allende.<\/p>\n<p><strong>Pueyrred\u00f3n: <\/strong>Germ\u00e1n Andr\u00e9s 31, Gast\u00f3n Rivera 25, Francisco Desimoni 17 (x), Eddie Roberson 14 (x), Nicol\u00e1s Martorana 0(x) (FI) Juan Garc\u00eda 0, Nicol\u00e1s Cornago 0, Ezequiel Falcetta 3 (x), Juli\u00e1n Carminatti 0, Nahuel Fredes 0, Gabriel De La Torre 0 (x). D.T: Andr\u00e9s Iannamico.<\/p>\n<p><strong>Parciales:\u00a0<\/strong>16-20, 39-44 (23-24), 60-63 (21-19), 79-79 (19-16).<\/p>\n<p><strong>Suplementario:\u00a0<\/strong>95-91 (16-12).<\/p>\n<p><strong>\u00c1rbitros:\u00a0<\/strong>Horacio Sed\u00e1n &#8211; Mauro Reyes.<\/p>\n<p><strong>Estadio:\u00a0<\/strong>Norberto Tom\u00e1s (Olimpo).<\/p>\n<p><a class=\"modalf iframe\" title=\"Planilla\" href=\"https:\/\/docs.google.com\/spreadsheets\/d\/1i8kdRo-vC3C8J9k1wVttAhpHJJUaKpanQqgHABLl5dA\/pubhtml\" target=\"_blank\" rel=\"noopener\">Ver Planilla<\/a><\/p>\n<h6><\/h6>\n","protected":false},"excerpt":{"rendered":"<p>De la mano de los Ressia, Olimpo venci\u00f3 a Pueyrred\u00f3n 95 a 91 en TS (79)<\/p>\n","protected":false},"author":1,"featured_media":39242,"comment_status":"closed","ping_status":"open","sticky":false,"template":"","format":"standard","meta":{"jnews-multi-image_gallery":[],"jnews_single_post":[],"jnews_primary_category":[],"footnotes":""},"categories":[23,101],"tags":[317,288,237,284,16,18],"class_list":["post-39239","post","type-post","status-publish","format-standard","has-post-thumbnail","hentry","category-primera","category-slide","tag-gaston-ressia","tag-gaston-rivera","tag-german-andres","tag-german-ressia","tag-olimpo","tag-pueyrredon"],"yoast_head":"<!-- This site is optimized with the Yoast SEO plugin v27.5 - https:\/\/yoast.com\/product\/yoast-seo-wordpress\/ -->\n<title>El aurinegro fue Ressiliente - Gente de B\u00e1squet<\/title>\n<meta name=\"robots\" content=\"index, follow, max-snippet:-1, max-image-preview:large, max-video-preview:-1\" \/>\n<link rel=\"canonical\" href=\"http:\/\/gentedebasquet.com.ar\/sitio\/2014\/10\/13\/el-aurinegro-fue-ressiliente\/\" \/>\n<meta property=\"og:locale\" content=\"es_ES\" \/>\n<meta property=\"og:type\" content=\"article\" \/>\n<meta property=\"og:title\" content=\"El aurinegro fue Ressiliente - Gente de B\u00e1squet\" \/>\n<meta property=\"og:description\" content=\"De la mano de los Ressia, Olimpo venci\u00f3 a Pueyrred\u00f3n 95 a 91 en TS (79)\" \/>\n<meta property=\"og:url\" content=\"http:\/\/gentedebasquet.com.ar\/sitio\/2014\/10\/13\/el-aurinegro-fue-ressiliente\/\" \/>\n<meta property=\"og:site_name\" content=\"Gente de B\u00e1squet\" \/>\n<meta property=\"article:published_time\" content=\"2014-10-13T03:23:48+00:00\" \/>\n<meta property=\"og:image\" content=\"http:\/\/gentedebasquet.com.ar\/sitio\/wp-content\/uploads\/2014\/10\/SAM_1792.jpg\" \/>\n\t<meta property=\"og:image:width\" content=\"690\" \/>\n\t<meta property=\"og:image:height\" content=\"319\" \/>\n\t<meta property=\"og:image:type\" content=\"image\/jpeg\" \/>\n<meta name=\"author\" content=\"Gente de B\u00e1squet\" \/>\n<meta name=\"twitter:card\" content=\"summary_large_image\" \/>\n<meta name=\"twitter:label1\" content=\"Escrito por\" \/>\n\t<meta name=\"twitter:data1\" content=\"Gente de B\u00e1squet\" \/>\n\t<meta name=\"twitter:label2\" content=\"Tiempo de lectura\" \/>\n\t<meta name=\"twitter:data2\" content=\"3 minutos\" \/>\n<script type=\"application\/ld+json\" class=\"yoast-schema-graph\">{\"@context\":\"https:\\\/\\\/schema.org\",\"@graph\":[{\"@type\":\"Article\",\"@id\":\"http:\\\/\\\/gentedebasquet.com.ar\\\/sitio\\\/2014\\\/10\\\/13\\\/el-aurinegro-fue-ressiliente\\\/#article\",\"isPartOf\":{\"@id\":\"http:\\\/\\\/gentedebasquet.com.ar\\\/sitio\\\/2014\\\/10\\\/13\\\/el-aurinegro-fue-ressiliente\\\/\"},\"author\":{\"name\":\"Gente de B\u00e1squet\",\"@id\":\"https:\\\/\\\/gentedebasquet.com.ar\\\/sitio\\\/#\\\/schema\\\/person\\\/ca0b63bbb977369988a7bbbdc519943a\"},\"headline\":\"El aurinegro fue Ressiliente\",\"datePublished\":\"2014-10-13T03:23:48+00:00\",\"mainEntityOfPage\":{\"@id\":\"http:\\\/\\\/gentedebasquet.com.ar\\\/sitio\\\/2014\\\/10\\\/13\\\/el-aurinegro-fue-ressiliente\\\/\"},\"wordCount\":686,\"image\":{\"@id\":\"http:\\\/\\\/gentedebasquet.com.ar\\\/sitio\\\/2014\\\/10\\\/13\\\/el-aurinegro-fue-ressiliente\\\/#primaryimage\"},\"thumbnailUrl\":\"http:\\\/\\\/gentedebasquet.com.ar\\\/sitio\\\/wp-content\\\/uploads\\\/2014\\\/10\\\/SAM_1792.jpg\",\"keywords\":[\"Gast\u00f3n Ressia\",\"Gast\u00f3n Rivera\",\"Germ\u00e1n Andr\u00e9s\",\"Germ\u00e1n Ressia\",\"Ol\u00edmpo\",\"Pueyrredon\"],\"articleSection\":[\"Primera\",\"Slide\"],\"inLanguage\":\"es\"},{\"@type\":\"WebPage\",\"@id\":\"http:\\\/\\\/gentedebasquet.com.ar\\\/sitio\\\/2014\\\/10\\\/13\\\/el-aurinegro-fue-ressiliente\\\/\",\"url\":\"http:\\\/\\\/gentedebasquet.com.ar\\\/sitio\\\/2014\\\/10\\\/13\\\/el-aurinegro-fue-ressiliente\\\/\",\"name\":\"El aurinegro fue Ressiliente - Gente de B\u00e1squet\",\"isPartOf\":{\"@id\":\"https:\\\/\\\/gentedebasquet.com.ar\\\/sitio\\\/#website\"},\"primaryImageOfPage\":{\"@id\":\"http:\\\/\\\/gentedebasquet.com.ar\\\/sitio\\\/2014\\\/10\\\/13\\\/el-aurinegro-fue-ressiliente\\\/#primaryimage\"},\"image\":{\"@id\":\"http:\\\/\\\/gentedebasquet.com.ar\\\/sitio\\\/2014\\\/10\\\/13\\\/el-aurinegro-fue-ressiliente\\\/#primaryimage\"},\"thumbnailUrl\":\"http:\\\/\\\/gentedebasquet.com.ar\\\/sitio\\\/wp-content\\\/uploads\\\/2014\\\/10\\\/SAM_1792.jpg\",\"datePublished\":\"2014-10-13T03:23:48+00:00\",\"author\":{\"@id\":\"https:\\\/\\\/gentedebasquet.com.ar\\\/sitio\\\/#\\\/schema\\\/person\\\/ca0b63bbb977369988a7bbbdc519943a\"},\"breadcrumb\":{\"@id\":\"http:\\\/\\\/gentedebasquet.com.ar\\\/sitio\\\/2014\\\/10\\\/13\\\/el-aurinegro-fue-ressiliente\\\/#breadcrumb\"},\"inLanguage\":\"es\",\"potentialAction\":[{\"@type\":\"ReadAction\",\"target\":[\"http:\\\/\\\/gentedebasquet.com.ar\\\/sitio\\\/2014\\\/10\\\/13\\\/el-aurinegro-fue-ressiliente\\\/\"]}]},{\"@type\":\"ImageObject\",\"inLanguage\":\"es\",\"@id\":\"http:\\\/\\\/gentedebasquet.com.ar\\\/sitio\\\/2014\\\/10\\\/13\\\/el-aurinegro-fue-ressiliente\\\/#primaryimage\",\"url\":\"http:\\\/\\\/gentedebasquet.com.ar\\\/sitio\\\/wp-content\\\/uploads\\\/2014\\\/10\\\/SAM_1792.jpg\",\"contentUrl\":\"http:\\\/\\\/gentedebasquet.com.ar\\\/sitio\\\/wp-content\\\/uploads\\\/2014\\\/10\\\/SAM_1792.jpg\",\"width\":690,\"height\":319},{\"@type\":\"BreadcrumbList\",\"@id\":\"http:\\\/\\\/gentedebasquet.com.ar\\\/sitio\\\/2014\\\/10\\\/13\\\/el-aurinegro-fue-ressiliente\\\/#breadcrumb\",\"itemListElement\":[{\"@type\":\"ListItem\",\"position\":1,\"name\":\"Portada\",\"item\":\"https:\\\/\\\/gentedebasquet.com.ar\\\/sitio\\\/\"},{\"@type\":\"ListItem\",\"position\":2,\"name\":\"El aurinegro fue Ressiliente\"}]},{\"@type\":\"WebSite\",\"@id\":\"https:\\\/\\\/gentedebasquet.com.ar\\\/sitio\\\/#website\",\"url\":\"https:\\\/\\\/gentedebasquet.com.ar\\\/sitio\\\/\",\"name\":\"Gente de B\u00e1squet\",\"description\":\"La revista del basquet de Bah\u00eda Blanca\",\"potentialAction\":[{\"@type\":\"SearchAction\",\"target\":{\"@type\":\"EntryPoint\",\"urlTemplate\":\"https:\\\/\\\/gentedebasquet.com.ar\\\/sitio\\\/?s={search_term_string}\"},\"query-input\":{\"@type\":\"PropertyValueSpecification\",\"valueRequired\":true,\"valueName\":\"search_term_string\"}}],\"inLanguage\":\"es\"},{\"@type\":\"Person\",\"@id\":\"https:\\\/\\\/gentedebasquet.com.ar\\\/sitio\\\/#\\\/schema\\\/person\\\/ca0b63bbb977369988a7bbbdc519943a\",\"name\":\"Gente de B\u00e1squet\",\"image\":{\"@type\":\"ImageObject\",\"inLanguage\":\"es\",\"@id\":\"https:\\\/\\\/secure.gravatar.com\\\/avatar\\\/7f2c48bdc33b30088f941fb6082e555f2874c98e20cb159d7b92b50eadfce793?s=96&d=mm&r=g\",\"url\":\"https:\\\/\\\/secure.gravatar.com\\\/avatar\\\/7f2c48bdc33b30088f941fb6082e555f2874c98e20cb159d7b92b50eadfce793?s=96&d=mm&r=g\",\"contentUrl\":\"https:\\\/\\\/secure.gravatar.com\\\/avatar\\\/7f2c48bdc33b30088f941fb6082e555f2874c98e20cb159d7b92b50eadfce793?s=96&d=mm&r=g\",\"caption\":\"Gente de B\u00e1squet\"},\"sameAs\":[\"http:\\\/\\\/gentedebasquet.com.ar\\\/sitio\"],\"url\":\"http:\\\/\\\/gentedebasquet.com.ar\\\/sitio\\\/author\\\/ulises\\\/\"}]}<\/script>\n<!-- \/ Yoast SEO plugin. -->","yoast_head_json":{"title":"El aurinegro fue Ressiliente - Gente de B\u00e1squet","robots":{"index":"index","follow":"follow","max-snippet":"max-snippet:-1","max-image-preview":"max-image-preview:large","max-video-preview":"max-video-preview:-1"},"canonical":"http:\/\/gentedebasquet.com.ar\/sitio\/2014\/10\/13\/el-aurinegro-fue-ressiliente\/","og_locale":"es_ES","og_type":"article","og_title":"El aurinegro fue Ressiliente - Gente de B\u00e1squet","og_description":"De la mano de los Ressia, Olimpo venci\u00f3 a Pueyrred\u00f3n 95 a 91 en TS (79)","og_url":"http:\/\/gentedebasquet.com.ar\/sitio\/2014\/10\/13\/el-aurinegro-fue-ressiliente\/","og_site_name":"Gente de B\u00e1squet","article_published_time":"2014-10-13T03:23:48+00:00","og_image":[{"width":690,"height":319,"url":"http:\/\/gentedebasquet.com.ar\/sitio\/wp-content\/uploads\/2014\/10\/SAM_1792.jpg","type":"image\/jpeg"}],"author":"Gente de B\u00e1squet","twitter_card":"summary_large_image","twitter_misc":{"Escrito por":"Gente de B\u00e1squet","Tiempo de lectura":"3 minutos"},"schema":{"@context":"https:\/\/schema.org","@graph":[{"@type":"Article","@id":"http:\/\/gentedebasquet.com.ar\/sitio\/2014\/10\/13\/el-aurinegro-fue-ressiliente\/#article","isPartOf":{"@id":"http:\/\/gentedebasquet.com.ar\/sitio\/2014\/10\/13\/el-aurinegro-fue-ressiliente\/"},"author":{"name":"Gente de B\u00e1squet","@id":"https:\/\/gentedebasquet.com.ar\/sitio\/#\/schema\/person\/ca0b63bbb977369988a7bbbdc519943a"},"headline":"El aurinegro fue Ressiliente","datePublished":"2014-10-13T03:23:48+00:00","mainEntityOfPage":{"@id":"http:\/\/gentedebasquet.com.ar\/sitio\/2014\/10\/13\/el-aurinegro-fue-ressiliente\/"},"wordCount":686,"image":{"@id":"http:\/\/gentedebasquet.com.ar\/sitio\/2014\/10\/13\/el-aurinegro-fue-ressiliente\/#primaryimage"},"thumbnailUrl":"http:\/\/gentedebasquet.com.ar\/sitio\/wp-content\/uploads\/2014\/10\/SAM_1792.jpg","keywords":["Gast\u00f3n Ressia","Gast\u00f3n Rivera","Germ\u00e1n Andr\u00e9s","Germ\u00e1n Ressia","Ol\u00edmpo","Pueyrredon"],"articleSection":["Primera","Slide"],"inLanguage":"es"},{"@type":"WebPage","@id":"http:\/\/gentedebasquet.com.ar\/sitio\/2014\/10\/13\/el-aurinegro-fue-ressiliente\/","url":"http:\/\/gentedebasquet.com.ar\/sitio\/2014\/10\/13\/el-aurinegro-fue-ressiliente\/","name":"El aurinegro fue Ressiliente - Gente de B\u00e1squet","isPartOf":{"@id":"https:\/\/gentedebasquet.com.ar\/sitio\/#website"},"primaryImageOfPage":{"@id":"http:\/\/gentedebasquet.com.ar\/sitio\/2014\/10\/13\/el-aurinegro-fue-ressiliente\/#primaryimage"},"image":{"@id":"http:\/\/gentedebasquet.com.ar\/sitio\/2014\/10\/13\/el-aurinegro-fue-ressiliente\/#primaryimage"},"thumbnailUrl":"http:\/\/gentedebasquet.com.ar\/sitio\/wp-content\/uploads\/2014\/10\/SAM_1792.jpg","datePublished":"2014-10-13T03:23:48+00:00","author":{"@id":"https:\/\/gentedebasquet.com.ar\/sitio\/#\/schema\/person\/ca0b63bbb977369988a7bbbdc519943a"},"breadcrumb":{"@id":"http:\/\/gentedebasquet.com.ar\/sitio\/2014\/10\/13\/el-aurinegro-fue-ressiliente\/#breadcrumb"},"inLanguage":"es","potentialAction":[{"@type":"ReadAction","target":["http:\/\/gentedebasquet.com.ar\/sitio\/2014\/10\/13\/el-aurinegro-fue-ressiliente\/"]}]},{"@type":"ImageObject","inLanguage":"es","@id":"http:\/\/gentedebasquet.com.ar\/sitio\/2014\/10\/13\/el-aurinegro-fue-ressiliente\/#primaryimage","url":"http:\/\/gentedebasquet.com.ar\/sitio\/wp-content\/uploads\/2014\/10\/SAM_1792.jpg","contentUrl":"http:\/\/gentedebasquet.com.ar\/sitio\/wp-content\/uploads\/2014\/10\/SAM_1792.jpg","width":690,"height":319},{"@type":"BreadcrumbList","@id":"http:\/\/gentedebasquet.com.ar\/sitio\/2014\/10\/13\/el-aurinegro-fue-ressiliente\/#breadcrumb","itemListElement":[{"@type":"ListItem","position":1,"name":"Portada","item":"https:\/\/gentedebasquet.com.ar\/sitio\/"},{"@type":"ListItem","position":2,"name":"El aurinegro fue Ressiliente"}]},{"@type":"WebSite","@id":"https:\/\/gentedebasquet.com.ar\/sitio\/#website","url":"https:\/\/gentedebasquet.com.ar\/sitio\/","name":"Gente de B\u00e1squet","description":"La revista del basquet de Bah\u00eda Blanca","potentialAction":[{"@type":"SearchAction","target":{"@type":"EntryPoint","urlTemplate":"https:\/\/gentedebasquet.com.ar\/sitio\/?s={search_term_string}"},"query-input":{"@type":"PropertyValueSpecification","valueRequired":true,"valueName":"search_term_string"}}],"inLanguage":"es"},{"@type":"Person","@id":"https:\/\/gentedebasquet.com.ar\/sitio\/#\/schema\/person\/ca0b63bbb977369988a7bbbdc519943a","name":"Gente de B\u00e1squet","image":{"@type":"ImageObject","inLanguage":"es","@id":"https:\/\/secure.gravatar.com\/avatar\/7f2c48bdc33b30088f941fb6082e555f2874c98e20cb159d7b92b50eadfce793?s=96&d=mm&r=g","url":"https:\/\/secure.gravatar.com\/avatar\/7f2c48bdc33b30088f941fb6082e555f2874c98e20cb159d7b92b50eadfce793?s=96&d=mm&r=g","contentUrl":"https:\/\/secure.gravatar.com\/avatar\/7f2c48bdc33b30088f941fb6082e555f2874c98e20cb159d7b92b50eadfce793?s=96&d=mm&r=g","caption":"Gente de B\u00e1squet"},"sameAs":["http:\/\/gentedebasquet.com.ar\/sitio"],"url":"http:\/\/gentedebasquet.com.ar\/sitio\/author\/ulises\/"}]}},"_links":{"self":[{"href":"http:\/\/gentedebasquet.com.ar\/sitio\/wp-json\/wp\/v2\/posts\/39239","targetHints":{"allow":["GET"]}}],"collection":[{"href":"http:\/\/gentedebasquet.com.ar\/sitio\/wp-json\/wp\/v2\/posts"}],"about":[{"href":"http:\/\/gentedebasquet.com.ar\/sitio\/wp-json\/wp\/v2\/types\/post"}],"author":[{"embeddable":true,"href":"http:\/\/gentedebasquet.com.ar\/sitio\/wp-json\/wp\/v2\/users\/1"}],"replies":[{"embeddable":true,"href":"http:\/\/gentedebasquet.com.ar\/sitio\/wp-json\/wp\/v2\/comments?post=39239"}],"version-history":[{"count":0,"href":"http:\/\/gentedebasquet.com.ar\/sitio\/wp-json\/wp\/v2\/posts\/39239\/revisions"}],"wp:featuredmedia":[{"embeddable":true,"href":"http:\/\/gentedebasquet.com.ar\/sitio\/wp-json\/wp\/v2\/media\/39242"}],"wp:attachment":[{"href":"http:\/\/gentedebasquet.com.ar\/sitio\/wp-json\/wp\/v2\/media?parent=39239"}],"wp:term":[{"taxonomy":"category","embeddable":true,"href":"http:\/\/gentedebasquet.com.ar\/sitio\/wp-json\/wp\/v2\/categories?post=39239"},{"taxonomy":"post_tag","embeddable":true,"href":"http:\/\/gentedebasquet.com.ar\/sitio\/wp-json\/wp\/v2\/tags?post=39239"}],"curies":[{"name":"wp","href":"https:\/\/api.w.org\/{rel}","templated":true}]}}