{"id":39292,"date":"2014-10-13T15:23:23","date_gmt":"2014-10-13T18:23:23","guid":{"rendered":"http:\/\/www.gentedebasquet.com.ar\/?p=39292"},"modified":"2014-10-13T15:23:23","modified_gmt":"2014-10-13T18:23:23","slug":"nacho-gonzalez-a-la-pre-u15","status":"publish","type":"post","link":"http:\/\/gentedebasquet.com.ar\/sitio\/2014\/10\/13\/nacho-gonzalez-a-la-pre-u15\/","title":{"rendered":"Nacho Gonz\u00e1lez a la pre U15"},"content":{"rendered":"<p><strong>Entre el 20 y el 29 de octubre se desarrollar\u00e1 en el CeNARD la \u00faltima etapa de trabajo de la Preselecci\u00f3n Nacional U15 masculina, de cara al Sudamericano de la categor\u00eda que se disputar\u00e1 entre el 30 de octubre y el 3 de noviembre en Barquisimeto, Venezuela. Hay 16 citados por el entrenador Carlos Duro, entre los que se encuentran el bahiense Juan Ignacio Gonz\u00e1lez y el olavarriense Alexis Adri\u00e1n, ambos del Club Estudiantes.<\/strong><\/p>\n<p>Ya falta muy poco para el Sudamericano U15 y la Selecci\u00f3n Argentina, conducida por Carlos Duro (Director T\u00e9cnico) y Eduardo Japez (Asistente T\u00e9cnico), iniciar\u00e1 el pr\u00f3ximo lunes 20 de octubre su \u00faltima concentraci\u00f3n de cara a esta importante cita internacional.<\/p>\n<p>Los trabajos se realizar\u00e1n en el CeNARD y contar\u00e1n con la participaci\u00f3n de 16 jugadores citados. Esta nueva etapa de entrenamientos concluir\u00e1 el mi\u00e9rcoles 29 de octubre, e inmediatamente, ya con el plantel de 12 jugadores definido, el equipo argentino partir\u00e1 hacia la ciudad de Barquisimeto, en Venezuela, para la disputa del certamen.<\/p>\n<p>Argentina integrar\u00e1 el Grupo A, junto a Uruguay, Chile y Colombia, mientras que en el Grupo B estar\u00e1n Brasil, Ecuador, Per\u00fa y Venezuela. Los dos primeros de cada zona acceder\u00e1n a semifinales y los tres mejores del certamen obtendr\u00e1n la clasificaci\u00f3n al FIBA Am\u00e9ricas (Premundial) U16 2015.<\/p>\n<p>Vale destacar la buena talla de esta camada. Entre los 16 citados por Carlos Duro sobresale la presencia de tres jugadores con m\u00e1s de dos metros de altura, y varios jugadores con paso por el Plan Altura CABB. El promedio de altura del grupo es de 1.92 metro.<\/p>\n<p>&nbsp;<\/p>\n<h6><b>PRESELECCI\u00d3N NACIONAL U15 MASCULINA<\/b><\/h6>\n<p>&nbsp;<\/p>\n<p><b>-Alexis Adri\u00e1n<\/b><br \/>\nClub: Estudiantes de Bah\u00eda Blanca (Buenos Aires)<br \/>\nPosici\u00f3n: Escolta\/Alero<br \/>\nAltura: 1.88 metro<br \/>\nFecha de nacimiento: 26\/02\/1999<\/p>\n<p><b>-Franco Alorda<\/b><br \/>\nClub: San Mart\u00edn de Corrientes (Corrientes)<br \/>\nPosici\u00f3n: Pivot\/Alapivot<br \/>\nAltura: 1.99 metro<br \/>\nFecha de nacimiento: 24\/02\/1999<\/p>\n<p><b>-Franco Baralle <\/b><br \/>\nClub: Asociaci\u00f3n Deportiva Atenas (C\u00f3rdoba)<br \/>\nPosici\u00f3n: Base<br \/>\nAltura: 1.77 metro<br \/>\nFecha de nacimiento: 25\/03\/1999<\/p>\n<p><b>-Jonatan Basualdo<\/b><br \/>\nClub: Club San Jorge (Santa Fe)<br \/>\nPosici\u00f3n: Pivot<br \/>\nAltura: 1.99 metro<br \/>\nFecha de nacimiento: 05\/11\/1999<\/p>\n<p><b>-Mauricio Calcagno<\/b><br \/>\nClub: Boca Juniors (Capital Federal)<br \/>\nPosici\u00f3n: Base<br \/>\nAltura: 1.88 metro<br \/>\nFecha de Nacimiento: 15\/02\/1999<\/p>\n<p><b>-Ignacio Cuassolo<\/b><br \/>\nClub: Hind\u00fa Club (C\u00f3rdoba)<br \/>\nPosici\u00f3n: Alapivot\/Pivot<br \/>\nAltura: 1.97 metro<br \/>\nFecha de nacimiento: 16\/06\/1999<\/p>\n<p><b>-Hans Feder Ponce<\/b><br \/>\nClub: Quique club (Entre R\u00edos)<br \/>\nPosici\u00f3n: Alero<br \/>\nAltura: 1.89 metro<br \/>\nFecha de nacimiento: 05\/06\/1999<\/p>\n<p><b>-Nicol\u00e1s Franco<\/b><br \/>\nClub: Almafuerte (Santa Fe)<br \/>\nPosici\u00f3n: Pivot<br \/>\nAltura: 2.01 metros<br \/>\nFecha de nacimiento: 27\/12\/1999<\/p>\n<p><b>-Juan Cruz Germano<\/b><br \/>\nClub: Boca Juniors (Capital Federal)<br \/>\nPosici\u00f3n: Pivot<br \/>\nAltura: 2.02 metros<br \/>\nFecha de nacimiento: 21\/09\/1999<\/p>\n<p><b>-El\u00edas I\u00f1iguez<\/b><br \/>\nClub: Tostado (Santa Fe)<br \/>\nPosici\u00f3n: Alero<br \/>\nAltura: 1.91 metro<br \/>\nFecha de nacimiento: 25\/02\/1999<\/p>\n<p><b>-Lautaro Lovino<\/b><br \/>\nClub: Uni\u00f3n Santa Fe (Santa Fe)<br \/>\nPosici\u00f3n: Pivot<br \/>\nAltura: 2.04 metros<br \/>\nFecha de nacimiento: 02\/10\/1999<\/p>\n<p><b>-Adriano Maretto<\/b><br \/>\nClub: Obras Sanitarias (Capital Federal)<br \/>\nPosici\u00f3n: Base<br \/>\nAltura: 1.86 metro<br \/>\nFecha de nacimiento: 11\/03\/1999<\/p>\n<p><b>-Agust\u00edn P\u00e9rez<\/b><br \/>\nClub: P\u00e9rfora Plaza Huincul (Neuqu\u00e9n)<br \/>\nPosici\u00f3n: Base<br \/>\nAltura: 1.86 metro<br \/>\nFecha de nacimiento: 20\/09\/1999<\/p>\n<p><b>-Santiago Yaskulka<\/b><br \/>\nClub: Obras Sanitarias (Capital Federal)<br \/>\nPosici\u00f3n: Alapivot<br \/>\nAltura: 1.95 metro<br \/>\nFecha de nacimiento: 22\/11\/1999<\/p>\n<p><b>-Franco Zandomeni<\/b><br \/>\nClub: Tokio Posadas (Misiones)<br \/>\nPosici\u00f3n: Base<br \/>\nAltura: 1.86 metro<br \/>\nFecha de nacimiento: 17\/16\/1999<\/p>\n<p><b>-Juan Ignacio Gonz\u00e1lez<\/b><br \/>\nClub: Estudiantes Bah\u00eda Blanca (Buenos Aires)<br \/>\nPosici\u00f3n: Escolta\/Base<br \/>\nAltura: 1.82 metro<br \/>\nFecha de nacimiento: 19\/03\/1999<\/p>\n<p><b>CUERPO T\u00c9CNICO<\/b><\/p>\n<p>Director T\u00e9cnico: Carlos Duro<br \/>\nAsistente T\u00e9cnico: Eduardo Japez<br \/>\nPreparador F\u00edsico: Patricio Pallares<\/p>\n<p><strong>Fuente:<\/strong> Diego Garc\u00eda (Prensa CABB).<\/p>\n","protected":false},"excerpt":{"rendered":"<p>El jugador Albo fue convocado por Duro, camino al Sudamericano de Venezuela<\/p>\n","protected":false},"author":1,"featured_media":30563,"comment_status":"closed","ping_status":"open","sticky":false,"template":"","format":"standard","meta":{"jnews-multi-image_gallery":[],"jnews_single_post":[],"jnews_primary_category":[],"footnotes":""},"categories":[61],"tags":[11,464,925],"class_list":["post-39292","post","type-post","status-publish","format-standard","has-post-thumbnail","hentry","category-selecciones-nacionales","tag-estudiantes","tag-juan-ignacio-gonzalez","tag-sudamericano-u15"],"yoast_head":"<!-- This site is optimized with the Yoast SEO plugin v27.5 - https:\/\/yoast.com\/product\/yoast-seo-wordpress\/ -->\n<title>Nacho Gonz\u00e1lez a la pre U15 - Gente de B\u00e1squet<\/title>\n<meta name=\"robots\" content=\"index, follow, max-snippet:-1, max-image-preview:large, max-video-preview:-1\" \/>\n<link rel=\"canonical\" href=\"http:\/\/gentedebasquet.com.ar\/sitio\/2014\/10\/13\/nacho-gonzalez-a-la-pre-u15\/\" \/>\n<meta property=\"og:locale\" content=\"es_ES\" \/>\n<meta property=\"og:type\" content=\"article\" \/>\n<meta property=\"og:title\" content=\"Nacho Gonz\u00e1lez a la pre U15 - Gente de B\u00e1squet\" \/>\n<meta property=\"og:description\" content=\"El jugador Albo fue convocado por Duro, camino al Sudamericano de Venezuela\" \/>\n<meta property=\"og:url\" content=\"http:\/\/gentedebasquet.com.ar\/sitio\/2014\/10\/13\/nacho-gonzalez-a-la-pre-u15\/\" \/>\n<meta property=\"og:site_name\" content=\"Gente de B\u00e1squet\" \/>\n<meta property=\"article:published_time\" content=\"2014-10-13T18:23:23+00:00\" \/>\n<meta property=\"og:image\" content=\"http:\/\/gentedebasquet.com.ar\/sitio\/wp-content\/uploads\/2014\/04\/Ignacio-Gonzalez-MVP.jpg\" \/>\n\t<meta property=\"og:image:width\" content=\"640\" \/>\n\t<meta property=\"og:image:height\" content=\"480\" \/>\n\t<meta property=\"og:image:type\" content=\"image\/jpeg\" \/>\n<meta name=\"author\" content=\"Gente de B\u00e1squet\" \/>\n<meta name=\"twitter:card\" content=\"summary_large_image\" \/>\n<meta name=\"twitter:label1\" content=\"Escrito por\" \/>\n\t<meta name=\"twitter:data1\" content=\"Gente de B\u00e1squet\" \/>\n\t<meta name=\"twitter:label2\" content=\"Tiempo de lectura\" \/>\n\t<meta name=\"twitter:data2\" content=\"3 minutos\" \/>\n<script type=\"application\/ld+json\" class=\"yoast-schema-graph\">{\"@context\":\"https:\\\/\\\/schema.org\",\"@graph\":[{\"@type\":\"Article\",\"@id\":\"http:\\\/\\\/gentedebasquet.com.ar\\\/sitio\\\/2014\\\/10\\\/13\\\/nacho-gonzalez-a-la-pre-u15\\\/#article\",\"isPartOf\":{\"@id\":\"http:\\\/\\\/gentedebasquet.com.ar\\\/sitio\\\/2014\\\/10\\\/13\\\/nacho-gonzalez-a-la-pre-u15\\\/\"},\"author\":{\"name\":\"Gente de B\u00e1squet\",\"@id\":\"https:\\\/\\\/gentedebasquet.com.ar\\\/sitio\\\/#\\\/schema\\\/person\\\/ca0b63bbb977369988a7bbbdc519943a\"},\"headline\":\"Nacho Gonz\u00e1lez a la pre U15\",\"datePublished\":\"2014-10-13T18:23:23+00:00\",\"mainEntityOfPage\":{\"@id\":\"http:\\\/\\\/gentedebasquet.com.ar\\\/sitio\\\/2014\\\/10\\\/13\\\/nacho-gonzalez-a-la-pre-u15\\\/\"},\"wordCount\":573,\"image\":{\"@id\":\"http:\\\/\\\/gentedebasquet.com.ar\\\/sitio\\\/2014\\\/10\\\/13\\\/nacho-gonzalez-a-la-pre-u15\\\/#primaryimage\"},\"thumbnailUrl\":\"http:\\\/\\\/gentedebasquet.com.ar\\\/sitio\\\/wp-content\\\/uploads\\\/2014\\\/04\\\/Ignacio-Gonzalez-MVP.jpg\",\"keywords\":[\"Estudiantes\",\"Juan Ignacio Gonz\u00e1lez\",\"Sudamericano U15\"],\"articleSection\":[\"Selecciones Nacionales\"],\"inLanguage\":\"es\"},{\"@type\":\"WebPage\",\"@id\":\"http:\\\/\\\/gentedebasquet.com.ar\\\/sitio\\\/2014\\\/10\\\/13\\\/nacho-gonzalez-a-la-pre-u15\\\/\",\"url\":\"http:\\\/\\\/gentedebasquet.com.ar\\\/sitio\\\/2014\\\/10\\\/13\\\/nacho-gonzalez-a-la-pre-u15\\\/\",\"name\":\"Nacho Gonz\u00e1lez a la pre U15 - Gente de B\u00e1squet\",\"isPartOf\":{\"@id\":\"https:\\\/\\\/gentedebasquet.com.ar\\\/sitio\\\/#website\"},\"primaryImageOfPage\":{\"@id\":\"http:\\\/\\\/gentedebasquet.com.ar\\\/sitio\\\/2014\\\/10\\\/13\\\/nacho-gonzalez-a-la-pre-u15\\\/#primaryimage\"},\"image\":{\"@id\":\"http:\\\/\\\/gentedebasquet.com.ar\\\/sitio\\\/2014\\\/10\\\/13\\\/nacho-gonzalez-a-la-pre-u15\\\/#primaryimage\"},\"thumbnailUrl\":\"http:\\\/\\\/gentedebasquet.com.ar\\\/sitio\\\/wp-content\\\/uploads\\\/2014\\\/04\\\/Ignacio-Gonzalez-MVP.jpg\",\"datePublished\":\"2014-10-13T18:23:23+00:00\",\"author\":{\"@id\":\"https:\\\/\\\/gentedebasquet.com.ar\\\/sitio\\\/#\\\/schema\\\/person\\\/ca0b63bbb977369988a7bbbdc519943a\"},\"breadcrumb\":{\"@id\":\"http:\\\/\\\/gentedebasquet.com.ar\\\/sitio\\\/2014\\\/10\\\/13\\\/nacho-gonzalez-a-la-pre-u15\\\/#breadcrumb\"},\"inLanguage\":\"es\",\"potentialAction\":[{\"@type\":\"ReadAction\",\"target\":[\"http:\\\/\\\/gentedebasquet.com.ar\\\/sitio\\\/2014\\\/10\\\/13\\\/nacho-gonzalez-a-la-pre-u15\\\/\"]}]},{\"@type\":\"ImageObject\",\"inLanguage\":\"es\",\"@id\":\"http:\\\/\\\/gentedebasquet.com.ar\\\/sitio\\\/2014\\\/10\\\/13\\\/nacho-gonzalez-a-la-pre-u15\\\/#primaryimage\",\"url\":\"http:\\\/\\\/gentedebasquet.com.ar\\\/sitio\\\/wp-content\\\/uploads\\\/2014\\\/04\\\/Ignacio-Gonzalez-MVP.jpg\",\"contentUrl\":\"http:\\\/\\\/gentedebasquet.com.ar\\\/sitio\\\/wp-content\\\/uploads\\\/2014\\\/04\\\/Ignacio-Gonzalez-MVP.jpg\",\"width\":640,\"height\":480},{\"@type\":\"BreadcrumbList\",\"@id\":\"http:\\\/\\\/gentedebasquet.com.ar\\\/sitio\\\/2014\\\/10\\\/13\\\/nacho-gonzalez-a-la-pre-u15\\\/#breadcrumb\",\"itemListElement\":[{\"@type\":\"ListItem\",\"position\":1,\"name\":\"Portada\",\"item\":\"https:\\\/\\\/gentedebasquet.com.ar\\\/sitio\\\/\"},{\"@type\":\"ListItem\",\"position\":2,\"name\":\"Nacho Gonz\u00e1lez a la pre U15\"}]},{\"@type\":\"WebSite\",\"@id\":\"https:\\\/\\\/gentedebasquet.com.ar\\\/sitio\\\/#website\",\"url\":\"https:\\\/\\\/gentedebasquet.com.ar\\\/sitio\\\/\",\"name\":\"Gente de B\u00e1squet\",\"description\":\"La revista del basquet de Bah\u00eda Blanca\",\"potentialAction\":[{\"@type\":\"SearchAction\",\"target\":{\"@type\":\"EntryPoint\",\"urlTemplate\":\"https:\\\/\\\/gentedebasquet.com.ar\\\/sitio\\\/?s={search_term_string}\"},\"query-input\":{\"@type\":\"PropertyValueSpecification\",\"valueRequired\":true,\"valueName\":\"search_term_string\"}}],\"inLanguage\":\"es\"},{\"@type\":\"Person\",\"@id\":\"https:\\\/\\\/gentedebasquet.com.ar\\\/sitio\\\/#\\\/schema\\\/person\\\/ca0b63bbb977369988a7bbbdc519943a\",\"name\":\"Gente de B\u00e1squet\",\"image\":{\"@type\":\"ImageObject\",\"inLanguage\":\"es\",\"@id\":\"https:\\\/\\\/secure.gravatar.com\\\/avatar\\\/7f2c48bdc33b30088f941fb6082e555f2874c98e20cb159d7b92b50eadfce793?s=96&d=mm&r=g\",\"url\":\"https:\\\/\\\/secure.gravatar.com\\\/avatar\\\/7f2c48bdc33b30088f941fb6082e555f2874c98e20cb159d7b92b50eadfce793?s=96&d=mm&r=g\",\"contentUrl\":\"https:\\\/\\\/secure.gravatar.com\\\/avatar\\\/7f2c48bdc33b30088f941fb6082e555f2874c98e20cb159d7b92b50eadfce793?s=96&d=mm&r=g\",\"caption\":\"Gente de B\u00e1squet\"},\"sameAs\":[\"http:\\\/\\\/gentedebasquet.com.ar\\\/sitio\"],\"url\":\"http:\\\/\\\/gentedebasquet.com.ar\\\/sitio\\\/author\\\/ulises\\\/\"}]}<\/script>\n<!-- \/ Yoast SEO plugin. -->","yoast_head_json":{"title":"Nacho Gonz\u00e1lez a la pre U15 - Gente de B\u00e1squet","robots":{"index":"index","follow":"follow","max-snippet":"max-snippet:-1","max-image-preview":"max-image-preview:large","max-video-preview":"max-video-preview:-1"},"canonical":"http:\/\/gentedebasquet.com.ar\/sitio\/2014\/10\/13\/nacho-gonzalez-a-la-pre-u15\/","og_locale":"es_ES","og_type":"article","og_title":"Nacho Gonz\u00e1lez a la pre U15 - Gente de B\u00e1squet","og_description":"El jugador Albo fue convocado por Duro, camino al Sudamericano de Venezuela","og_url":"http:\/\/gentedebasquet.com.ar\/sitio\/2014\/10\/13\/nacho-gonzalez-a-la-pre-u15\/","og_site_name":"Gente de B\u00e1squet","article_published_time":"2014-10-13T18:23:23+00:00","og_image":[{"width":640,"height":480,"url":"http:\/\/gentedebasquet.com.ar\/sitio\/wp-content\/uploads\/2014\/04\/Ignacio-Gonzalez-MVP.jpg","type":"image\/jpeg"}],"author":"Gente de B\u00e1squet","twitter_card":"summary_large_image","twitter_misc":{"Escrito por":"Gente de B\u00e1squet","Tiempo de lectura":"3 minutos"},"schema":{"@context":"https:\/\/schema.org","@graph":[{"@type":"Article","@id":"http:\/\/gentedebasquet.com.ar\/sitio\/2014\/10\/13\/nacho-gonzalez-a-la-pre-u15\/#article","isPartOf":{"@id":"http:\/\/gentedebasquet.com.ar\/sitio\/2014\/10\/13\/nacho-gonzalez-a-la-pre-u15\/"},"author":{"name":"Gente de B\u00e1squet","@id":"https:\/\/gentedebasquet.com.ar\/sitio\/#\/schema\/person\/ca0b63bbb977369988a7bbbdc519943a"},"headline":"Nacho Gonz\u00e1lez a la pre U15","datePublished":"2014-10-13T18:23:23+00:00","mainEntityOfPage":{"@id":"http:\/\/gentedebasquet.com.ar\/sitio\/2014\/10\/13\/nacho-gonzalez-a-la-pre-u15\/"},"wordCount":573,"image":{"@id":"http:\/\/gentedebasquet.com.ar\/sitio\/2014\/10\/13\/nacho-gonzalez-a-la-pre-u15\/#primaryimage"},"thumbnailUrl":"http:\/\/gentedebasquet.com.ar\/sitio\/wp-content\/uploads\/2014\/04\/Ignacio-Gonzalez-MVP.jpg","keywords":["Estudiantes","Juan Ignacio Gonz\u00e1lez","Sudamericano U15"],"articleSection":["Selecciones Nacionales"],"inLanguage":"es"},{"@type":"WebPage","@id":"http:\/\/gentedebasquet.com.ar\/sitio\/2014\/10\/13\/nacho-gonzalez-a-la-pre-u15\/","url":"http:\/\/gentedebasquet.com.ar\/sitio\/2014\/10\/13\/nacho-gonzalez-a-la-pre-u15\/","name":"Nacho Gonz\u00e1lez a la pre U15 - Gente de B\u00e1squet","isPartOf":{"@id":"https:\/\/gentedebasquet.com.ar\/sitio\/#website"},"primaryImageOfPage":{"@id":"http:\/\/gentedebasquet.com.ar\/sitio\/2014\/10\/13\/nacho-gonzalez-a-la-pre-u15\/#primaryimage"},"image":{"@id":"http:\/\/gentedebasquet.com.ar\/sitio\/2014\/10\/13\/nacho-gonzalez-a-la-pre-u15\/#primaryimage"},"thumbnailUrl":"http:\/\/gentedebasquet.com.ar\/sitio\/wp-content\/uploads\/2014\/04\/Ignacio-Gonzalez-MVP.jpg","datePublished":"2014-10-13T18:23:23+00:00","author":{"@id":"https:\/\/gentedebasquet.com.ar\/sitio\/#\/schema\/person\/ca0b63bbb977369988a7bbbdc519943a"},"breadcrumb":{"@id":"http:\/\/gentedebasquet.com.ar\/sitio\/2014\/10\/13\/nacho-gonzalez-a-la-pre-u15\/#breadcrumb"},"inLanguage":"es","potentialAction":[{"@type":"ReadAction","target":["http:\/\/gentedebasquet.com.ar\/sitio\/2014\/10\/13\/nacho-gonzalez-a-la-pre-u15\/"]}]},{"@type":"ImageObject","inLanguage":"es","@id":"http:\/\/gentedebasquet.com.ar\/sitio\/2014\/10\/13\/nacho-gonzalez-a-la-pre-u15\/#primaryimage","url":"http:\/\/gentedebasquet.com.ar\/sitio\/wp-content\/uploads\/2014\/04\/Ignacio-Gonzalez-MVP.jpg","contentUrl":"http:\/\/gentedebasquet.com.ar\/sitio\/wp-content\/uploads\/2014\/04\/Ignacio-Gonzalez-MVP.jpg","width":640,"height":480},{"@type":"BreadcrumbList","@id":"http:\/\/gentedebasquet.com.ar\/sitio\/2014\/10\/13\/nacho-gonzalez-a-la-pre-u15\/#breadcrumb","itemListElement":[{"@type":"ListItem","position":1,"name":"Portada","item":"https:\/\/gentedebasquet.com.ar\/sitio\/"},{"@type":"ListItem","position":2,"name":"Nacho Gonz\u00e1lez a la pre U15"}]},{"@type":"WebSite","@id":"https:\/\/gentedebasquet.com.ar\/sitio\/#website","url":"https:\/\/gentedebasquet.com.ar\/sitio\/","name":"Gente de B\u00e1squet","description":"La revista del basquet de Bah\u00eda Blanca","potentialAction":[{"@type":"SearchAction","target":{"@type":"EntryPoint","urlTemplate":"https:\/\/gentedebasquet.com.ar\/sitio\/?s={search_term_string}"},"query-input":{"@type":"PropertyValueSpecification","valueRequired":true,"valueName":"search_term_string"}}],"inLanguage":"es"},{"@type":"Person","@id":"https:\/\/gentedebasquet.com.ar\/sitio\/#\/schema\/person\/ca0b63bbb977369988a7bbbdc519943a","name":"Gente de B\u00e1squet","image":{"@type":"ImageObject","inLanguage":"es","@id":"https:\/\/secure.gravatar.com\/avatar\/7f2c48bdc33b30088f941fb6082e555f2874c98e20cb159d7b92b50eadfce793?s=96&d=mm&r=g","url":"https:\/\/secure.gravatar.com\/avatar\/7f2c48bdc33b30088f941fb6082e555f2874c98e20cb159d7b92b50eadfce793?s=96&d=mm&r=g","contentUrl":"https:\/\/secure.gravatar.com\/avatar\/7f2c48bdc33b30088f941fb6082e555f2874c98e20cb159d7b92b50eadfce793?s=96&d=mm&r=g","caption":"Gente de B\u00e1squet"},"sameAs":["http:\/\/gentedebasquet.com.ar\/sitio"],"url":"http:\/\/gentedebasquet.com.ar\/sitio\/author\/ulises\/"}]}},"_links":{"self":[{"href":"http:\/\/gentedebasquet.com.ar\/sitio\/wp-json\/wp\/v2\/posts\/39292","targetHints":{"allow":["GET"]}}],"collection":[{"href":"http:\/\/gentedebasquet.com.ar\/sitio\/wp-json\/wp\/v2\/posts"}],"about":[{"href":"http:\/\/gentedebasquet.com.ar\/sitio\/wp-json\/wp\/v2\/types\/post"}],"author":[{"embeddable":true,"href":"http:\/\/gentedebasquet.com.ar\/sitio\/wp-json\/wp\/v2\/users\/1"}],"replies":[{"embeddable":true,"href":"http:\/\/gentedebasquet.com.ar\/sitio\/wp-json\/wp\/v2\/comments?post=39292"}],"version-history":[{"count":0,"href":"http:\/\/gentedebasquet.com.ar\/sitio\/wp-json\/wp\/v2\/posts\/39292\/revisions"}],"wp:featuredmedia":[{"embeddable":true,"href":"http:\/\/gentedebasquet.com.ar\/sitio\/wp-json\/wp\/v2\/media\/30563"}],"wp:attachment":[{"href":"http:\/\/gentedebasquet.com.ar\/sitio\/wp-json\/wp\/v2\/media?parent=39292"}],"wp:term":[{"taxonomy":"category","embeddable":true,"href":"http:\/\/gentedebasquet.com.ar\/sitio\/wp-json\/wp\/v2\/categories?post=39292"},{"taxonomy":"post_tag","embeddable":true,"href":"http:\/\/gentedebasquet.com.ar\/sitio\/wp-json\/wp\/v2\/tags?post=39292"}],"curies":[{"name":"wp","href":"https:\/\/api.w.org\/{rel}","templated":true}]}}