{"id":39326,"date":"2014-10-15T00:07:46","date_gmt":"2014-10-15T03:07:46","guid":{"rendered":"http:\/\/www.gentedebasquet.com.ar\/?p=39326"},"modified":"2014-10-15T00:07:46","modified_gmt":"2014-10-15T03:07:46","slug":"martin-fierro","status":"publish","type":"post","link":"http:\/\/gentedebasquet.com.ar\/sitio\/2014\/10\/15\/martin-fierro\/","title":{"rendered":"Mart\u00edn Fierro"},"content":{"rendered":"<p><strong>Argentino le gan\u00f3 a Pac\u00edfico 81 a 80 en un partido que tuvo todo. El cotejo inici\u00f3 con una demora de 20 minutos por conflictos con la botonera que maneja el tanteador. Pac\u00edfico se mantuvo en sinton\u00eda gran parte del juego, pero Argentino reflot\u00f3 en el \u00faltimo cuarto y oblig\u00f3 el suplementario luego de empatar en 70. En los 5&#8242; adicionales, el partido fue palo a palo. Un doble de Pollio le daba la ventaja al verde pero un rebote en ataque de Faelis y el doble sobre la chicharra le dio la victoria a Argentino que comienza la llave con el pie derecho.<\/strong><\/p>\n<p>El arranque del partido se demor\u00f3 por un problema de conexi\u00f3n de la botonera con el tanteador. Luego de 20 minutos de incertidumbre el partido tom\u00f3 su rumbo, beneficiando a la visita que comenzaba ganando. Pac\u00edfico, igualmente, reaccionaba a tiempo y encontraba su mejor juego. El verde empataba y pasaba al frente, siendo claro en ataque y cerrando la defensa, pasando de hombre a zona 2-1-2. Los de Literas controlaban 25 a 20.<\/p>\n<p>En el segundo se manten\u00eda la tendencia. Argentino lo arrancaba mejor, igualando las acciones en 28, mejorando su porcentaje en cancha. Tres triples al hilo de Reiner le hab\u00edan dado la alternativa a la visita para tomar la posta y lastimar la zona del local. Pac\u00edfico no hallaba el rumbo en ofensiva hasta que, luego de un minuto, se repuso y con un parcial de 10 a 4 cerr\u00f3 el primer tiempo arriba, 40 a 35.<\/p>\n<p>La vuelta al parquet fue muy imprecisa. Los primeros minutos fueron de muy poco juego. Ambos estaban muy imprecisos y no lograban controlar el bal\u00f3n en ataque. El mal pasaje se reflejaba en la primera asistencia del cuarto, llegando a falta de 5:22. A partir de all\u00ed fue el local quien despertaba primero. La entrada de Sacrist\u00e1n (11 en el cuarto) le daba alternativas al verde para sincronizar y anotar un parcial de 8 a 2 que dio paso a un final de per\u00edodo demoledor. Pac\u00edfico hallaba el camino para despegar y gobernar 61 a 49 de cara a los \u00faltimos 10&#8242;.<\/p>\n<p>En el cierre el juego fue distinto. Argentino se fue acercando con un parcial que se estir\u00f3 hasta el 9-0, quedando a 3 de empatar con m\u00e1s de medio cuarto por delante. Pero Pac\u00edfico reaccionaba a tiempo, robando en dos salidas de fondo seguidas de la visita, anotando y manteniendo 6 de distancia. Una falta antideportiva beneficiaba a la visita que anotaba 2-2 en libres y un doble en reposici\u00f3n para meterse nuevamente en juego. Desde ese momento el cotejo se mantuvo palo a palo hasta llegar a la igualdad en 70, forzando un tiempo suplementario.<\/p>\n<p>El alargue no tuvo quiebres. La paridad en el tanteador se mantuvo en todo momento. Argentino apenas lograba tomar 4 de luz, pero Pac\u00edfico no dejaba pasar el tiempo y r\u00e1pidamente empataba. A falta de 39 segundos, Pablo Pollio fue a la l\u00ednea, anotando 1-2. Larrandart cargaba el rebote y lograba tomarlo, dando lugar al doble de Pablo (ver video), que le daba la posta al verde. M\u00e1s all\u00e1 de esto, Reiner se tuvo fe. El base tom\u00f3 la bola en mitad de cancha, fue para adentro y no logr\u00f3 la bandeja aunque el rebote ofensivo de Faelis le permiti\u00f3 convertir sobre la chicharra (ver video) y le otorg\u00f3 el primer juego de la serie a su equipo, venciendo 81 a 80 a Pac\u00edfico.<\/p>\n<p>&nbsp;<\/p>\n<h6>Doble de Pablo Pollio (80-79):<\/h6>\n<p>[vimeo]http:\/\/vimeo.com\/108968952[\/vimeo]<\/p>\n<p>&nbsp;<\/p>\n<h6>Doble de Mart\u00edn Faelis (80-81):<\/h6>\n<p>[vimeo]http:\/\/vimeo.com\/108968948[\/vimeo]<\/p>\n<p>&nbsp;<\/p>\n<p><em><strong>S\u00edntesis:<\/strong><\/em><\/p>\n<p><strong>Pac\u00edfico 80:<\/strong> Ignacio Sella 6 (x), Sebasti\u00e1n Mart\u00ednez 26, Fernando Bonino 9 (x), Joaqu\u00edn Larrandart 12, Pablo Pollio 10 (FI); Mauro Richotti 0, Ignacio \u00c9rcoli 0, Manuel Sacrist\u00e1n 17. DT: Fernando Literas.<\/p>\n<p><strong>Argentino 81:<\/strong> Sebasti\u00e1n Susbielles 2, Nicol\u00e1s Antonelli 13, Hern\u00e1n Rava 17, Bruno Sacomani 15, Mart\u00edn Faelis 6 (FI); Ramiro Garayzar 2, Juan Ignacio Reiner 16, Bruno Aceituno 5, Mariano Nu\u00f1ez 5. DT: Juan Garayzar.<\/p>\n<p><strong>Parciales:<\/strong> 25-20, 40-35 (15-15), 61-49 (21-14), 70-70 (9-21), 80-81 (10-11).<\/p>\n<p><strong>\u00c1rbitros:<\/strong> Emanuel S\u00e1nchez y Alejandro Go\u00f1i.<\/p>\n<p><a class=\"modalf iframe\" title=\"Planilla\" href=\"https:\/\/docs.google.com\/spreadsheets\/d\/17-rhurW7reaBeSk1tD81scadU_ac5mhHBe4NUPQjIrE\/pubhtml?gid=1137450978&amp;single=true\" target=\"_blank\" rel=\"noopener\">Ver Planilla<\/a><\/p>\n","protected":false},"excerpt":{"rendered":"<p>Con un doble de Faelis sobre la chicharra, Argentino derrot\u00f3 a Pac\u00edfico 81 a 80<\/p>\n","protected":false},"author":1,"featured_media":39327,"comment_status":"closed","ping_status":"open","sticky":false,"template":"","format":"standard","meta":{"jnews-multi-image_gallery":[],"jnews_single_post":[],"jnews_primary_category":[],"footnotes":""},"categories":[25,101],"tags":[4,827,17],"class_list":["post-39326","post","type-post","status-publish","format-standard","has-post-thumbnail","hentry","category-segunda","category-slide","tag-argentino","tag-martin-faelis","tag-pacifico"],"yoast_head":"<!-- This site is optimized with the Yoast SEO plugin v27.5 - https:\/\/yoast.com\/product\/yoast-seo-wordpress\/ -->\n<title>Mart\u00edn Fierro - Gente de B\u00e1squet<\/title>\n<meta name=\"robots\" content=\"index, follow, max-snippet:-1, max-image-preview:large, max-video-preview:-1\" \/>\n<link rel=\"canonical\" href=\"http:\/\/gentedebasquet.com.ar\/sitio\/2014\/10\/15\/martin-fierro\/\" \/>\n<meta property=\"og:locale\" content=\"es_ES\" \/>\n<meta property=\"og:type\" content=\"article\" \/>\n<meta property=\"og:title\" content=\"Mart\u00edn Fierro - Gente de B\u00e1squet\" \/>\n<meta property=\"og:description\" content=\"Con un doble de Faelis sobre la chicharra, Argentino derrot\u00f3 a Pac\u00edfico 81 a 80\" \/>\n<meta property=\"og:url\" content=\"http:\/\/gentedebasquet.com.ar\/sitio\/2014\/10\/15\/martin-fierro\/\" \/>\n<meta property=\"og:site_name\" content=\"Gente de B\u00e1squet\" \/>\n<meta property=\"article:published_time\" content=\"2014-10-15T03:07:46+00:00\" \/>\n<meta property=\"og:image\" content=\"http:\/\/gentedebasquet.com.ar\/sitio\/wp-content\/uploads\/2014\/10\/Hernan-Rava.jpg\" \/>\n\t<meta property=\"og:image:width\" content=\"690\" \/>\n\t<meta property=\"og:image:height\" content=\"319\" \/>\n\t<meta property=\"og:image:type\" content=\"image\/jpeg\" \/>\n<meta name=\"author\" content=\"Gente de B\u00e1squet\" \/>\n<meta name=\"twitter:card\" content=\"summary_large_image\" \/>\n<meta name=\"twitter:label1\" content=\"Escrito por\" \/>\n\t<meta name=\"twitter:data1\" content=\"Gente de B\u00e1squet\" \/>\n\t<meta name=\"twitter:label2\" content=\"Tiempo de lectura\" \/>\n\t<meta name=\"twitter:data2\" content=\"3 minutos\" \/>\n<script type=\"application\/ld+json\" class=\"yoast-schema-graph\">{\"@context\":\"https:\\\/\\\/schema.org\",\"@graph\":[{\"@type\":\"Article\",\"@id\":\"http:\\\/\\\/gentedebasquet.com.ar\\\/sitio\\\/2014\\\/10\\\/15\\\/martin-fierro\\\/#article\",\"isPartOf\":{\"@id\":\"http:\\\/\\\/gentedebasquet.com.ar\\\/sitio\\\/2014\\\/10\\\/15\\\/martin-fierro\\\/\"},\"author\":{\"name\":\"Gente de B\u00e1squet\",\"@id\":\"https:\\\/\\\/gentedebasquet.com.ar\\\/sitio\\\/#\\\/schema\\\/person\\\/ca0b63bbb977369988a7bbbdc519943a\"},\"headline\":\"Mart\u00edn Fierro\",\"datePublished\":\"2014-10-15T03:07:46+00:00\",\"mainEntityOfPage\":{\"@id\":\"http:\\\/\\\/gentedebasquet.com.ar\\\/sitio\\\/2014\\\/10\\\/15\\\/martin-fierro\\\/\"},\"wordCount\":675,\"image\":{\"@id\":\"http:\\\/\\\/gentedebasquet.com.ar\\\/sitio\\\/2014\\\/10\\\/15\\\/martin-fierro\\\/#primaryimage\"},\"thumbnailUrl\":\"http:\\\/\\\/gentedebasquet.com.ar\\\/sitio\\\/wp-content\\\/uploads\\\/2014\\\/10\\\/Hernan-Rava.jpg\",\"keywords\":[\"Argentino\",\"Martin Faelis\",\"Pacifico\"],\"articleSection\":[\"Segunda\",\"Slide\"],\"inLanguage\":\"es\"},{\"@type\":\"WebPage\",\"@id\":\"http:\\\/\\\/gentedebasquet.com.ar\\\/sitio\\\/2014\\\/10\\\/15\\\/martin-fierro\\\/\",\"url\":\"http:\\\/\\\/gentedebasquet.com.ar\\\/sitio\\\/2014\\\/10\\\/15\\\/martin-fierro\\\/\",\"name\":\"Mart\u00edn Fierro - Gente de B\u00e1squet\",\"isPartOf\":{\"@id\":\"https:\\\/\\\/gentedebasquet.com.ar\\\/sitio\\\/#website\"},\"primaryImageOfPage\":{\"@id\":\"http:\\\/\\\/gentedebasquet.com.ar\\\/sitio\\\/2014\\\/10\\\/15\\\/martin-fierro\\\/#primaryimage\"},\"image\":{\"@id\":\"http:\\\/\\\/gentedebasquet.com.ar\\\/sitio\\\/2014\\\/10\\\/15\\\/martin-fierro\\\/#primaryimage\"},\"thumbnailUrl\":\"http:\\\/\\\/gentedebasquet.com.ar\\\/sitio\\\/wp-content\\\/uploads\\\/2014\\\/10\\\/Hernan-Rava.jpg\",\"datePublished\":\"2014-10-15T03:07:46+00:00\",\"author\":{\"@id\":\"https:\\\/\\\/gentedebasquet.com.ar\\\/sitio\\\/#\\\/schema\\\/person\\\/ca0b63bbb977369988a7bbbdc519943a\"},\"breadcrumb\":{\"@id\":\"http:\\\/\\\/gentedebasquet.com.ar\\\/sitio\\\/2014\\\/10\\\/15\\\/martin-fierro\\\/#breadcrumb\"},\"inLanguage\":\"es\",\"potentialAction\":[{\"@type\":\"ReadAction\",\"target\":[\"http:\\\/\\\/gentedebasquet.com.ar\\\/sitio\\\/2014\\\/10\\\/15\\\/martin-fierro\\\/\"]}]},{\"@type\":\"ImageObject\",\"inLanguage\":\"es\",\"@id\":\"http:\\\/\\\/gentedebasquet.com.ar\\\/sitio\\\/2014\\\/10\\\/15\\\/martin-fierro\\\/#primaryimage\",\"url\":\"http:\\\/\\\/gentedebasquet.com.ar\\\/sitio\\\/wp-content\\\/uploads\\\/2014\\\/10\\\/Hernan-Rava.jpg\",\"contentUrl\":\"http:\\\/\\\/gentedebasquet.com.ar\\\/sitio\\\/wp-content\\\/uploads\\\/2014\\\/10\\\/Hernan-Rava.jpg\",\"width\":690,\"height\":319},{\"@type\":\"BreadcrumbList\",\"@id\":\"http:\\\/\\\/gentedebasquet.com.ar\\\/sitio\\\/2014\\\/10\\\/15\\\/martin-fierro\\\/#breadcrumb\",\"itemListElement\":[{\"@type\":\"ListItem\",\"position\":1,\"name\":\"Portada\",\"item\":\"https:\\\/\\\/gentedebasquet.com.ar\\\/sitio\\\/\"},{\"@type\":\"ListItem\",\"position\":2,\"name\":\"Mart\u00edn Fierro\"}]},{\"@type\":\"WebSite\",\"@id\":\"https:\\\/\\\/gentedebasquet.com.ar\\\/sitio\\\/#website\",\"url\":\"https:\\\/\\\/gentedebasquet.com.ar\\\/sitio\\\/\",\"name\":\"Gente de B\u00e1squet\",\"description\":\"La revista del basquet de Bah\u00eda Blanca\",\"potentialAction\":[{\"@type\":\"SearchAction\",\"target\":{\"@type\":\"EntryPoint\",\"urlTemplate\":\"https:\\\/\\\/gentedebasquet.com.ar\\\/sitio\\\/?s={search_term_string}\"},\"query-input\":{\"@type\":\"PropertyValueSpecification\",\"valueRequired\":true,\"valueName\":\"search_term_string\"}}],\"inLanguage\":\"es\"},{\"@type\":\"Person\",\"@id\":\"https:\\\/\\\/gentedebasquet.com.ar\\\/sitio\\\/#\\\/schema\\\/person\\\/ca0b63bbb977369988a7bbbdc519943a\",\"name\":\"Gente de B\u00e1squet\",\"image\":{\"@type\":\"ImageObject\",\"inLanguage\":\"es\",\"@id\":\"https:\\\/\\\/secure.gravatar.com\\\/avatar\\\/7f2c48bdc33b30088f941fb6082e555f2874c98e20cb159d7b92b50eadfce793?s=96&d=mm&r=g\",\"url\":\"https:\\\/\\\/secure.gravatar.com\\\/avatar\\\/7f2c48bdc33b30088f941fb6082e555f2874c98e20cb159d7b92b50eadfce793?s=96&d=mm&r=g\",\"contentUrl\":\"https:\\\/\\\/secure.gravatar.com\\\/avatar\\\/7f2c48bdc33b30088f941fb6082e555f2874c98e20cb159d7b92b50eadfce793?s=96&d=mm&r=g\",\"caption\":\"Gente de B\u00e1squet\"},\"sameAs\":[\"http:\\\/\\\/gentedebasquet.com.ar\\\/sitio\"],\"url\":\"http:\\\/\\\/gentedebasquet.com.ar\\\/sitio\\\/author\\\/ulises\\\/\"}]}<\/script>\n<!-- \/ Yoast SEO plugin. -->","yoast_head_json":{"title":"Mart\u00edn Fierro - Gente de B\u00e1squet","robots":{"index":"index","follow":"follow","max-snippet":"max-snippet:-1","max-image-preview":"max-image-preview:large","max-video-preview":"max-video-preview:-1"},"canonical":"http:\/\/gentedebasquet.com.ar\/sitio\/2014\/10\/15\/martin-fierro\/","og_locale":"es_ES","og_type":"article","og_title":"Mart\u00edn Fierro - Gente de B\u00e1squet","og_description":"Con un doble de Faelis sobre la chicharra, Argentino derrot\u00f3 a Pac\u00edfico 81 a 80","og_url":"http:\/\/gentedebasquet.com.ar\/sitio\/2014\/10\/15\/martin-fierro\/","og_site_name":"Gente de B\u00e1squet","article_published_time":"2014-10-15T03:07:46+00:00","og_image":[{"width":690,"height":319,"url":"http:\/\/gentedebasquet.com.ar\/sitio\/wp-content\/uploads\/2014\/10\/Hernan-Rava.jpg","type":"image\/jpeg"}],"author":"Gente de B\u00e1squet","twitter_card":"summary_large_image","twitter_misc":{"Escrito por":"Gente de B\u00e1squet","Tiempo de lectura":"3 minutos"},"schema":{"@context":"https:\/\/schema.org","@graph":[{"@type":"Article","@id":"http:\/\/gentedebasquet.com.ar\/sitio\/2014\/10\/15\/martin-fierro\/#article","isPartOf":{"@id":"http:\/\/gentedebasquet.com.ar\/sitio\/2014\/10\/15\/martin-fierro\/"},"author":{"name":"Gente de B\u00e1squet","@id":"https:\/\/gentedebasquet.com.ar\/sitio\/#\/schema\/person\/ca0b63bbb977369988a7bbbdc519943a"},"headline":"Mart\u00edn Fierro","datePublished":"2014-10-15T03:07:46+00:00","mainEntityOfPage":{"@id":"http:\/\/gentedebasquet.com.ar\/sitio\/2014\/10\/15\/martin-fierro\/"},"wordCount":675,"image":{"@id":"http:\/\/gentedebasquet.com.ar\/sitio\/2014\/10\/15\/martin-fierro\/#primaryimage"},"thumbnailUrl":"http:\/\/gentedebasquet.com.ar\/sitio\/wp-content\/uploads\/2014\/10\/Hernan-Rava.jpg","keywords":["Argentino","Martin Faelis","Pacifico"],"articleSection":["Segunda","Slide"],"inLanguage":"es"},{"@type":"WebPage","@id":"http:\/\/gentedebasquet.com.ar\/sitio\/2014\/10\/15\/martin-fierro\/","url":"http:\/\/gentedebasquet.com.ar\/sitio\/2014\/10\/15\/martin-fierro\/","name":"Mart\u00edn Fierro - Gente de B\u00e1squet","isPartOf":{"@id":"https:\/\/gentedebasquet.com.ar\/sitio\/#website"},"primaryImageOfPage":{"@id":"http:\/\/gentedebasquet.com.ar\/sitio\/2014\/10\/15\/martin-fierro\/#primaryimage"},"image":{"@id":"http:\/\/gentedebasquet.com.ar\/sitio\/2014\/10\/15\/martin-fierro\/#primaryimage"},"thumbnailUrl":"http:\/\/gentedebasquet.com.ar\/sitio\/wp-content\/uploads\/2014\/10\/Hernan-Rava.jpg","datePublished":"2014-10-15T03:07:46+00:00","author":{"@id":"https:\/\/gentedebasquet.com.ar\/sitio\/#\/schema\/person\/ca0b63bbb977369988a7bbbdc519943a"},"breadcrumb":{"@id":"http:\/\/gentedebasquet.com.ar\/sitio\/2014\/10\/15\/martin-fierro\/#breadcrumb"},"inLanguage":"es","potentialAction":[{"@type":"ReadAction","target":["http:\/\/gentedebasquet.com.ar\/sitio\/2014\/10\/15\/martin-fierro\/"]}]},{"@type":"ImageObject","inLanguage":"es","@id":"http:\/\/gentedebasquet.com.ar\/sitio\/2014\/10\/15\/martin-fierro\/#primaryimage","url":"http:\/\/gentedebasquet.com.ar\/sitio\/wp-content\/uploads\/2014\/10\/Hernan-Rava.jpg","contentUrl":"http:\/\/gentedebasquet.com.ar\/sitio\/wp-content\/uploads\/2014\/10\/Hernan-Rava.jpg","width":690,"height":319},{"@type":"BreadcrumbList","@id":"http:\/\/gentedebasquet.com.ar\/sitio\/2014\/10\/15\/martin-fierro\/#breadcrumb","itemListElement":[{"@type":"ListItem","position":1,"name":"Portada","item":"https:\/\/gentedebasquet.com.ar\/sitio\/"},{"@type":"ListItem","position":2,"name":"Mart\u00edn Fierro"}]},{"@type":"WebSite","@id":"https:\/\/gentedebasquet.com.ar\/sitio\/#website","url":"https:\/\/gentedebasquet.com.ar\/sitio\/","name":"Gente de B\u00e1squet","description":"La revista del basquet de Bah\u00eda Blanca","potentialAction":[{"@type":"SearchAction","target":{"@type":"EntryPoint","urlTemplate":"https:\/\/gentedebasquet.com.ar\/sitio\/?s={search_term_string}"},"query-input":{"@type":"PropertyValueSpecification","valueRequired":true,"valueName":"search_term_string"}}],"inLanguage":"es"},{"@type":"Person","@id":"https:\/\/gentedebasquet.com.ar\/sitio\/#\/schema\/person\/ca0b63bbb977369988a7bbbdc519943a","name":"Gente de B\u00e1squet","image":{"@type":"ImageObject","inLanguage":"es","@id":"https:\/\/secure.gravatar.com\/avatar\/7f2c48bdc33b30088f941fb6082e555f2874c98e20cb159d7b92b50eadfce793?s=96&d=mm&r=g","url":"https:\/\/secure.gravatar.com\/avatar\/7f2c48bdc33b30088f941fb6082e555f2874c98e20cb159d7b92b50eadfce793?s=96&d=mm&r=g","contentUrl":"https:\/\/secure.gravatar.com\/avatar\/7f2c48bdc33b30088f941fb6082e555f2874c98e20cb159d7b92b50eadfce793?s=96&d=mm&r=g","caption":"Gente de B\u00e1squet"},"sameAs":["http:\/\/gentedebasquet.com.ar\/sitio"],"url":"http:\/\/gentedebasquet.com.ar\/sitio\/author\/ulises\/"}]}},"_links":{"self":[{"href":"http:\/\/gentedebasquet.com.ar\/sitio\/wp-json\/wp\/v2\/posts\/39326","targetHints":{"allow":["GET"]}}],"collection":[{"href":"http:\/\/gentedebasquet.com.ar\/sitio\/wp-json\/wp\/v2\/posts"}],"about":[{"href":"http:\/\/gentedebasquet.com.ar\/sitio\/wp-json\/wp\/v2\/types\/post"}],"author":[{"embeddable":true,"href":"http:\/\/gentedebasquet.com.ar\/sitio\/wp-json\/wp\/v2\/users\/1"}],"replies":[{"embeddable":true,"href":"http:\/\/gentedebasquet.com.ar\/sitio\/wp-json\/wp\/v2\/comments?post=39326"}],"version-history":[{"count":0,"href":"http:\/\/gentedebasquet.com.ar\/sitio\/wp-json\/wp\/v2\/posts\/39326\/revisions"}],"wp:featuredmedia":[{"embeddable":true,"href":"http:\/\/gentedebasquet.com.ar\/sitio\/wp-json\/wp\/v2\/media\/39327"}],"wp:attachment":[{"href":"http:\/\/gentedebasquet.com.ar\/sitio\/wp-json\/wp\/v2\/media?parent=39326"}],"wp:term":[{"taxonomy":"category","embeddable":true,"href":"http:\/\/gentedebasquet.com.ar\/sitio\/wp-json\/wp\/v2\/categories?post=39326"},{"taxonomy":"post_tag","embeddable":true,"href":"http:\/\/gentedebasquet.com.ar\/sitio\/wp-json\/wp\/v2\/tags?post=39326"}],"curies":[{"name":"wp","href":"https:\/\/api.w.org\/{rel}","templated":true}]}}