{"id":39347,"date":"2014-10-15T01:51:34","date_gmt":"2014-10-15T04:51:34","guid":{"rendered":"http:\/\/www.gentedebasquet.com.ar\/?p=39347"},"modified":"2014-10-15T01:51:34","modified_gmt":"2014-10-15T04:51:34","slug":"demi-lagro","status":"publish","type":"post","link":"http:\/\/gentedebasquet.com.ar\/sitio\/2014\/10\/15\/demi-lagro\/","title":{"rendered":"Demi&#8230;lagro"},"content":{"rendered":"<p dir=\"ltr\"><strong>Alem entr\u00f3 con 10 puntos de ventaja al \u00faltimo cuarto (64-54), pero tuvo que sufrir la embestida de Estrella, que tuvo la \u00faltima para ganarlo en manos de Deminicis, pero no quiso entrar. Los de Lofredo se llevaron el primer juego de la serie por 71 a 70, con una gran acutaci\u00f3n de Agust\u00edn Amore (24 puntos y 7 rebotes), m\u00e1s el aporte de Miguel (14), y el de Foulkes 8 tantos y 10 recobres. En el visitante no alcanzaron los 20 puntos y 14 tableros de Franco Cardone, ni los 15 y 8 de Juan Iturralde.<\/strong><\/p>\n<p>Estrella tuvo la \u00faltima pelota para ganar el partido, pero el tiro de Deminicis (ver video) bail\u00f3 en el aro y paraliz\u00f3 varios corazones. A pesar de un gran arranque 8-0 en 1m15s, que supo estirarse a 13-7 producto de 5\/5 TC, Alem no supo administrar esa peque\u00f1a ventaja y sufri\u00f3 m\u00e1s de lo que esperaba. Estrella contrarrest\u00f3 el goleo repartido de Alem (Etchepare, Amore, Miguel y Foulkes) con una buena presi\u00f3n en toda la cancha y la rem\u00f3 de atr\u00e1s hasta igualar el juego en 19 a 1m37s apoy\u00e1ndose en Deminicis (7), Cardone (6) e Iturralde (4).<\/p>\n<p dir=\"ltr\">Con un gran comienzo en el segundo periodo, doble de Cardone y triple de Iturralde, los de Dodero pasaron al frente por primera vez en el partido 26-22. Sin embargo el juego se volvi\u00f3 desprolijo, la intensidad provoc\u00f3 la toma de malas decisiones y el goleo del primer cuarto se vio disminuido en la primera mitad del segundo. A 2m13s Alem recuper\u00f3 el liderazgo, que no abandonar\u00eda hasta el final, con 5 puntos seguidos de Miguel y cerr\u00f3 el primer tiempo 37 a 34 arriba.<\/p>\n<p dir=\"ltr\">El local volvi\u00f3 a pasarse la bola, encontr\u00f3 gol de arranque en el tercer cap\u00edtulo, y estir\u00f3 la brecha 47-40 a 6m42s para el \u00faltimo descanso. Pero Etchepare cometi\u00f3 cuatro faltas, y su salida evidenci\u00f3 el juego del equipo de calle Azara. Con un gran pasaje de Cardone (8) Estrella se puso uno abajo a 1m31s, pero un doble de Priore y otro de Foulkes alejaron a Alem. Encima una t\u00e9cnica a Iturrale (Leguizam\u00f3n cambio libres por puntos) y una falta a Amore cuando lanz\u00f3 de 3 sobre el final del cuarto, le permitieron a los de Lofredo entrar con una ventaja de 10 al \u00faltimo cuarto.<\/p>\n<p dir=\"ltr\">Alem careci\u00f3 de ideas en el ep\u00edlogo, tan solo convirti\u00f3 7 puntos (2\/12 TC) y perdi\u00f3 7 pelotas, sin embargo le alcanz\u00f3 para triunfar. Estrella sum\u00f3 intensidad defensiva pero no fue claro en ataque. No obstante, con paciencia y mucho trabajo fue limando la ventaja. Triple y doble de Iturralde primero, triple de Quiroga y doble de Halberg despu\u00e9s lo depositaron a tan solo un punto (69-68) con 1m31s por jugar.<\/p>\n<p dir=\"ltr\">Un doble y falta de Foulkes a 1m16s, pareci\u00f3 darle la chance de sentenciar el partido al local, pero Dami\u00e1n fall\u00f3 desde la l\u00ednea. El cierre fue para el infarto, un buen doble de Quiroga post una gran asistencia de Pan dej\u00f3 el tanteador 71 a 70 con 56s7 por jugar. Alem perdi\u00f3 la bola por una falta en ataque de Miguel y con 49s Estrella desperdici\u00f3 su posesi\u00f3n. Alem se consumi\u00f3 los 24s en la siguiente, y con 6s9 Deminicis tuvo el triunfo en sus manos, pero no quiso entrar. M\u00e1s de un coraz\u00f3n de latir en el Lacunza, sin embargo Alem se llev\u00f3 el primer juego de la serie.<\/p>\n<p dir=\"ltr\">\n<p dir=\"ltr\">[vimeo]https:\/\/vimeo.com\/108973970[\/vimeo]<\/p>\n<p dir=\"ltr\">\n<p><span style=\"text-decoration: underline;\"><strong><em>S\u00edntesis:<\/em><\/strong><\/span><\/p>\n<p><strong>Alem 71:<\/strong> Gonzalo Etchepare 8, Mart\u00edn Miguel 14, Nicol\u00e1s Leguizam\u00f3n 4, Agust\u00edn Amore 24, Dami\u00e1n Foulkes 8 (FI) Augusto Priore 3, Sebastian Tacchetti 6, Walter Gigena 0, Emiliano Calzetti 4. DT: Miguel Lofredo.<\/p>\n<p><strong>Estrella 70:<\/strong> Mauricio Halberg 8, Emiliano Deminicis 12, Franco Cardone 20, Matias Specogna 5 (X), Juan Iturralde 15 (X) (FI) Maximiliano Sterz 5, Alan Pan 0, Santiago Quiroga 5 DT: Sebasti\u00e1n Dodero.<\/p>\n<p><strong>Parciales:<\/strong> 22-21, 37-34 (15-13), 64-54 (27-20), 71-70 (7-16)<\/p>\n<p><strong>Serie:<\/strong> Alem 1 a 0<\/p>\n<p><strong>\u00c1rbitros:<\/strong> Eduardo Ferreyra &#8211; Marjorie Stuardo<\/p>\n<p><strong>Estadio:<\/strong> Daniel Lacunza (Alem)<\/p>\n<p><a class=\"modalf iframe\" title=\"Planilla\" href=\"https:\/\/docs.google.com\/spreadsheets\/d\/1eh37Dosu_FeZdAF24GrGW5xtiH26YqFNtTmqHS6coaM\/pubhtml\" target=\"_blank\" rel=\"noopener\">Ver Planilla <\/a><\/p>\n","protected":false},"excerpt":{"rendered":"<p>Deminicis tuvo el tiro final, pero no entr\u00f3. Alem se adelant\u00f3 en la serie, gan\u00f3 71-70<\/p>\n","protected":false},"author":1,"featured_media":39348,"comment_status":"closed","ping_status":"open","sticky":false,"template":"","format":"standard","meta":{"jnews-multi-image_gallery":[],"jnews_single_post":[],"jnews_primary_category":[],"footnotes":""},"categories":[25,101],"tags":[201,3,10,304],"class_list":["post-39347","post","type-post","status-publish","format-standard","has-post-thumbnail","hentry","category-segunda","category-slide","tag-agustin-amore","tag-alem","tag-estrella","tag-franco-cardone"],"yoast_head":"<!-- This site is optimized with the Yoast SEO plugin v27.5 - https:\/\/yoast.com\/product\/yoast-seo-wordpress\/ -->\n<title>Demi...lagro - Gente de B\u00e1squet<\/title>\n<meta name=\"robots\" content=\"index, follow, max-snippet:-1, max-image-preview:large, max-video-preview:-1\" \/>\n<link rel=\"canonical\" href=\"https:\/\/gentedebasquet.com.ar\/sitio\/2014\/10\/15\/demi-lagro\/\" \/>\n<meta property=\"og:locale\" content=\"es_ES\" \/>\n<meta property=\"og:type\" content=\"article\" \/>\n<meta property=\"og:title\" content=\"Demi...lagro - Gente de B\u00e1squet\" \/>\n<meta property=\"og:description\" content=\"Deminicis tuvo el tiro final, pero no entr\u00f3. Alem se adelant\u00f3 en la serie, gan\u00f3 71-70\" \/>\n<meta property=\"og:url\" content=\"https:\/\/gentedebasquet.com.ar\/sitio\/2014\/10\/15\/demi-lagro\/\" \/>\n<meta property=\"og:site_name\" content=\"Gente de B\u00e1squet\" \/>\n<meta property=\"article:published_time\" content=\"2014-10-15T04:51:34+00:00\" \/>\n<meta property=\"og:image\" content=\"https:\/\/gentedebasquet.com.ar\/sitio\/wp-content\/uploads\/2014\/10\/Alem-Estrella.jpg\" \/>\n\t<meta property=\"og:image:width\" content=\"690\" \/>\n\t<meta property=\"og:image:height\" content=\"320\" \/>\n\t<meta property=\"og:image:type\" content=\"image\/jpeg\" \/>\n<meta name=\"author\" content=\"Gente de B\u00e1squet\" \/>\n<meta name=\"twitter:card\" content=\"summary_large_image\" \/>\n<meta name=\"twitter:label1\" content=\"Escrito por\" \/>\n\t<meta name=\"twitter:data1\" content=\"Gente de B\u00e1squet\" \/>\n\t<meta name=\"twitter:label2\" content=\"Tiempo de lectura\" \/>\n\t<meta name=\"twitter:data2\" content=\"3 minutos\" \/>\n<script type=\"application\/ld+json\" class=\"yoast-schema-graph\">{\"@context\":\"https:\\\/\\\/schema.org\",\"@graph\":[{\"@type\":\"Article\",\"@id\":\"https:\\\/\\\/gentedebasquet.com.ar\\\/sitio\\\/2014\\\/10\\\/15\\\/demi-lagro\\\/#article\",\"isPartOf\":{\"@id\":\"https:\\\/\\\/gentedebasquet.com.ar\\\/sitio\\\/2014\\\/10\\\/15\\\/demi-lagro\\\/\"},\"author\":{\"name\":\"Gente de B\u00e1squet\",\"@id\":\"https:\\\/\\\/gentedebasquet.com.ar\\\/sitio\\\/#\\\/schema\\\/person\\\/ca0b63bbb977369988a7bbbdc519943a\"},\"headline\":\"Demi&#8230;lagro\",\"datePublished\":\"2014-10-15T04:51:34+00:00\",\"mainEntityOfPage\":{\"@id\":\"https:\\\/\\\/gentedebasquet.com.ar\\\/sitio\\\/2014\\\/10\\\/15\\\/demi-lagro\\\/\"},\"wordCount\":651,\"image\":{\"@id\":\"https:\\\/\\\/gentedebasquet.com.ar\\\/sitio\\\/2014\\\/10\\\/15\\\/demi-lagro\\\/#primaryimage\"},\"thumbnailUrl\":\"http:\\\/\\\/gentedebasquet.com.ar\\\/sitio\\\/wp-content\\\/uploads\\\/2014\\\/10\\\/Alem-Estrella.jpg\",\"keywords\":[\"Agust\u00edn Amore\",\"Alem\",\"Estrella\",\"Franco Cardone\"],\"articleSection\":[\"Segunda\",\"Slide\"],\"inLanguage\":\"es\"},{\"@type\":\"WebPage\",\"@id\":\"https:\\\/\\\/gentedebasquet.com.ar\\\/sitio\\\/2014\\\/10\\\/15\\\/demi-lagro\\\/\",\"url\":\"https:\\\/\\\/gentedebasquet.com.ar\\\/sitio\\\/2014\\\/10\\\/15\\\/demi-lagro\\\/\",\"name\":\"Demi...lagro - Gente de B\u00e1squet\",\"isPartOf\":{\"@id\":\"https:\\\/\\\/gentedebasquet.com.ar\\\/sitio\\\/#website\"},\"primaryImageOfPage\":{\"@id\":\"https:\\\/\\\/gentedebasquet.com.ar\\\/sitio\\\/2014\\\/10\\\/15\\\/demi-lagro\\\/#primaryimage\"},\"image\":{\"@id\":\"https:\\\/\\\/gentedebasquet.com.ar\\\/sitio\\\/2014\\\/10\\\/15\\\/demi-lagro\\\/#primaryimage\"},\"thumbnailUrl\":\"http:\\\/\\\/gentedebasquet.com.ar\\\/sitio\\\/wp-content\\\/uploads\\\/2014\\\/10\\\/Alem-Estrella.jpg\",\"datePublished\":\"2014-10-15T04:51:34+00:00\",\"author\":{\"@id\":\"https:\\\/\\\/gentedebasquet.com.ar\\\/sitio\\\/#\\\/schema\\\/person\\\/ca0b63bbb977369988a7bbbdc519943a\"},\"breadcrumb\":{\"@id\":\"https:\\\/\\\/gentedebasquet.com.ar\\\/sitio\\\/2014\\\/10\\\/15\\\/demi-lagro\\\/#breadcrumb\"},\"inLanguage\":\"es\",\"potentialAction\":[{\"@type\":\"ReadAction\",\"target\":[\"https:\\\/\\\/gentedebasquet.com.ar\\\/sitio\\\/2014\\\/10\\\/15\\\/demi-lagro\\\/\"]}]},{\"@type\":\"ImageObject\",\"inLanguage\":\"es\",\"@id\":\"https:\\\/\\\/gentedebasquet.com.ar\\\/sitio\\\/2014\\\/10\\\/15\\\/demi-lagro\\\/#primaryimage\",\"url\":\"http:\\\/\\\/gentedebasquet.com.ar\\\/sitio\\\/wp-content\\\/uploads\\\/2014\\\/10\\\/Alem-Estrella.jpg\",\"contentUrl\":\"http:\\\/\\\/gentedebasquet.com.ar\\\/sitio\\\/wp-content\\\/uploads\\\/2014\\\/10\\\/Alem-Estrella.jpg\",\"width\":690,\"height\":320},{\"@type\":\"BreadcrumbList\",\"@id\":\"https:\\\/\\\/gentedebasquet.com.ar\\\/sitio\\\/2014\\\/10\\\/15\\\/demi-lagro\\\/#breadcrumb\",\"itemListElement\":[{\"@type\":\"ListItem\",\"position\":1,\"name\":\"Portada\",\"item\":\"https:\\\/\\\/gentedebasquet.com.ar\\\/sitio\\\/\"},{\"@type\":\"ListItem\",\"position\":2,\"name\":\"Demi&#8230;lagro\"}]},{\"@type\":\"WebSite\",\"@id\":\"https:\\\/\\\/gentedebasquet.com.ar\\\/sitio\\\/#website\",\"url\":\"https:\\\/\\\/gentedebasquet.com.ar\\\/sitio\\\/\",\"name\":\"Gente de B\u00e1squet\",\"description\":\"La revista del basquet de Bah\u00eda Blanca\",\"potentialAction\":[{\"@type\":\"SearchAction\",\"target\":{\"@type\":\"EntryPoint\",\"urlTemplate\":\"https:\\\/\\\/gentedebasquet.com.ar\\\/sitio\\\/?s={search_term_string}\"},\"query-input\":{\"@type\":\"PropertyValueSpecification\",\"valueRequired\":true,\"valueName\":\"search_term_string\"}}],\"inLanguage\":\"es\"},{\"@type\":\"Person\",\"@id\":\"https:\\\/\\\/gentedebasquet.com.ar\\\/sitio\\\/#\\\/schema\\\/person\\\/ca0b63bbb977369988a7bbbdc519943a\",\"name\":\"Gente de B\u00e1squet\",\"image\":{\"@type\":\"ImageObject\",\"inLanguage\":\"es\",\"@id\":\"https:\\\/\\\/secure.gravatar.com\\\/avatar\\\/7f2c48bdc33b30088f941fb6082e555f2874c98e20cb159d7b92b50eadfce793?s=96&d=mm&r=g\",\"url\":\"https:\\\/\\\/secure.gravatar.com\\\/avatar\\\/7f2c48bdc33b30088f941fb6082e555f2874c98e20cb159d7b92b50eadfce793?s=96&d=mm&r=g\",\"contentUrl\":\"https:\\\/\\\/secure.gravatar.com\\\/avatar\\\/7f2c48bdc33b30088f941fb6082e555f2874c98e20cb159d7b92b50eadfce793?s=96&d=mm&r=g\",\"caption\":\"Gente de B\u00e1squet\"},\"sameAs\":[\"http:\\\/\\\/gentedebasquet.com.ar\\\/sitio\"],\"url\":\"http:\\\/\\\/gentedebasquet.com.ar\\\/sitio\\\/author\\\/ulises\\\/\"}]}<\/script>\n<!-- \/ Yoast SEO plugin. -->","yoast_head_json":{"title":"Demi...lagro - Gente de B\u00e1squet","robots":{"index":"index","follow":"follow","max-snippet":"max-snippet:-1","max-image-preview":"max-image-preview:large","max-video-preview":"max-video-preview:-1"},"canonical":"https:\/\/gentedebasquet.com.ar\/sitio\/2014\/10\/15\/demi-lagro\/","og_locale":"es_ES","og_type":"article","og_title":"Demi...lagro - Gente de B\u00e1squet","og_description":"Deminicis tuvo el tiro final, pero no entr\u00f3. Alem se adelant\u00f3 en la serie, gan\u00f3 71-70","og_url":"https:\/\/gentedebasquet.com.ar\/sitio\/2014\/10\/15\/demi-lagro\/","og_site_name":"Gente de B\u00e1squet","article_published_time":"2014-10-15T04:51:34+00:00","og_image":[{"width":690,"height":320,"url":"https:\/\/gentedebasquet.com.ar\/sitio\/wp-content\/uploads\/2014\/10\/Alem-Estrella.jpg","type":"image\/jpeg"}],"author":"Gente de B\u00e1squet","twitter_card":"summary_large_image","twitter_misc":{"Escrito por":"Gente de B\u00e1squet","Tiempo de lectura":"3 minutos"},"schema":{"@context":"https:\/\/schema.org","@graph":[{"@type":"Article","@id":"https:\/\/gentedebasquet.com.ar\/sitio\/2014\/10\/15\/demi-lagro\/#article","isPartOf":{"@id":"https:\/\/gentedebasquet.com.ar\/sitio\/2014\/10\/15\/demi-lagro\/"},"author":{"name":"Gente de B\u00e1squet","@id":"https:\/\/gentedebasquet.com.ar\/sitio\/#\/schema\/person\/ca0b63bbb977369988a7bbbdc519943a"},"headline":"Demi&#8230;lagro","datePublished":"2014-10-15T04:51:34+00:00","mainEntityOfPage":{"@id":"https:\/\/gentedebasquet.com.ar\/sitio\/2014\/10\/15\/demi-lagro\/"},"wordCount":651,"image":{"@id":"https:\/\/gentedebasquet.com.ar\/sitio\/2014\/10\/15\/demi-lagro\/#primaryimage"},"thumbnailUrl":"http:\/\/gentedebasquet.com.ar\/sitio\/wp-content\/uploads\/2014\/10\/Alem-Estrella.jpg","keywords":["Agust\u00edn Amore","Alem","Estrella","Franco Cardone"],"articleSection":["Segunda","Slide"],"inLanguage":"es"},{"@type":"WebPage","@id":"https:\/\/gentedebasquet.com.ar\/sitio\/2014\/10\/15\/demi-lagro\/","url":"https:\/\/gentedebasquet.com.ar\/sitio\/2014\/10\/15\/demi-lagro\/","name":"Demi...lagro - Gente de B\u00e1squet","isPartOf":{"@id":"https:\/\/gentedebasquet.com.ar\/sitio\/#website"},"primaryImageOfPage":{"@id":"https:\/\/gentedebasquet.com.ar\/sitio\/2014\/10\/15\/demi-lagro\/#primaryimage"},"image":{"@id":"https:\/\/gentedebasquet.com.ar\/sitio\/2014\/10\/15\/demi-lagro\/#primaryimage"},"thumbnailUrl":"http:\/\/gentedebasquet.com.ar\/sitio\/wp-content\/uploads\/2014\/10\/Alem-Estrella.jpg","datePublished":"2014-10-15T04:51:34+00:00","author":{"@id":"https:\/\/gentedebasquet.com.ar\/sitio\/#\/schema\/person\/ca0b63bbb977369988a7bbbdc519943a"},"breadcrumb":{"@id":"https:\/\/gentedebasquet.com.ar\/sitio\/2014\/10\/15\/demi-lagro\/#breadcrumb"},"inLanguage":"es","potentialAction":[{"@type":"ReadAction","target":["https:\/\/gentedebasquet.com.ar\/sitio\/2014\/10\/15\/demi-lagro\/"]}]},{"@type":"ImageObject","inLanguage":"es","@id":"https:\/\/gentedebasquet.com.ar\/sitio\/2014\/10\/15\/demi-lagro\/#primaryimage","url":"http:\/\/gentedebasquet.com.ar\/sitio\/wp-content\/uploads\/2014\/10\/Alem-Estrella.jpg","contentUrl":"http:\/\/gentedebasquet.com.ar\/sitio\/wp-content\/uploads\/2014\/10\/Alem-Estrella.jpg","width":690,"height":320},{"@type":"BreadcrumbList","@id":"https:\/\/gentedebasquet.com.ar\/sitio\/2014\/10\/15\/demi-lagro\/#breadcrumb","itemListElement":[{"@type":"ListItem","position":1,"name":"Portada","item":"https:\/\/gentedebasquet.com.ar\/sitio\/"},{"@type":"ListItem","position":2,"name":"Demi&#8230;lagro"}]},{"@type":"WebSite","@id":"https:\/\/gentedebasquet.com.ar\/sitio\/#website","url":"https:\/\/gentedebasquet.com.ar\/sitio\/","name":"Gente de B\u00e1squet","description":"La revista del basquet de Bah\u00eda Blanca","potentialAction":[{"@type":"SearchAction","target":{"@type":"EntryPoint","urlTemplate":"https:\/\/gentedebasquet.com.ar\/sitio\/?s={search_term_string}"},"query-input":{"@type":"PropertyValueSpecification","valueRequired":true,"valueName":"search_term_string"}}],"inLanguage":"es"},{"@type":"Person","@id":"https:\/\/gentedebasquet.com.ar\/sitio\/#\/schema\/person\/ca0b63bbb977369988a7bbbdc519943a","name":"Gente de B\u00e1squet","image":{"@type":"ImageObject","inLanguage":"es","@id":"https:\/\/secure.gravatar.com\/avatar\/7f2c48bdc33b30088f941fb6082e555f2874c98e20cb159d7b92b50eadfce793?s=96&d=mm&r=g","url":"https:\/\/secure.gravatar.com\/avatar\/7f2c48bdc33b30088f941fb6082e555f2874c98e20cb159d7b92b50eadfce793?s=96&d=mm&r=g","contentUrl":"https:\/\/secure.gravatar.com\/avatar\/7f2c48bdc33b30088f941fb6082e555f2874c98e20cb159d7b92b50eadfce793?s=96&d=mm&r=g","caption":"Gente de B\u00e1squet"},"sameAs":["http:\/\/gentedebasquet.com.ar\/sitio"],"url":"http:\/\/gentedebasquet.com.ar\/sitio\/author\/ulises\/"}]}},"_links":{"self":[{"href":"http:\/\/gentedebasquet.com.ar\/sitio\/wp-json\/wp\/v2\/posts\/39347","targetHints":{"allow":["GET"]}}],"collection":[{"href":"http:\/\/gentedebasquet.com.ar\/sitio\/wp-json\/wp\/v2\/posts"}],"about":[{"href":"http:\/\/gentedebasquet.com.ar\/sitio\/wp-json\/wp\/v2\/types\/post"}],"author":[{"embeddable":true,"href":"http:\/\/gentedebasquet.com.ar\/sitio\/wp-json\/wp\/v2\/users\/1"}],"replies":[{"embeddable":true,"href":"http:\/\/gentedebasquet.com.ar\/sitio\/wp-json\/wp\/v2\/comments?post=39347"}],"version-history":[{"count":0,"href":"http:\/\/gentedebasquet.com.ar\/sitio\/wp-json\/wp\/v2\/posts\/39347\/revisions"}],"wp:featuredmedia":[{"embeddable":true,"href":"http:\/\/gentedebasquet.com.ar\/sitio\/wp-json\/wp\/v2\/media\/39348"}],"wp:attachment":[{"href":"http:\/\/gentedebasquet.com.ar\/sitio\/wp-json\/wp\/v2\/media?parent=39347"}],"wp:term":[{"taxonomy":"category","embeddable":true,"href":"http:\/\/gentedebasquet.com.ar\/sitio\/wp-json\/wp\/v2\/categories?post=39347"},{"taxonomy":"post_tag","embeddable":true,"href":"http:\/\/gentedebasquet.com.ar\/sitio\/wp-json\/wp\/v2\/tags?post=39347"}],"curies":[{"name":"wp","href":"https:\/\/api.w.org\/{rel}","templated":true}]}}