{"id":39357,"date":"2014-10-15T03:01:31","date_gmt":"2014-10-15T06:01:31","guid":{"rendered":"http:\/\/www.gentedebasquet.com.ar\/?p=39357"},"modified":"2014-10-15T03:01:31","modified_gmt":"2014-10-15T06:01:31","slug":"pego-primero","status":"publish","type":"post","link":"http:\/\/gentedebasquet.com.ar\/sitio\/2014\/10\/15\/pego-primero\/","title":{"rendered":"Peg\u00f3 primero"},"content":{"rendered":"<p><b>Sportivo venci\u00f3 como local a Los Andes por 86 a 73 y se puso 1-0 en la serie. El \u201cTricolor\u201d manej\u00f3 el tr\u00e1mite del partido, y aunque el visitante se mantuvo a tiro, una buena r\u00e1faga en el inicio del 4C termin\u00f3 de liquidar la historia. El ganador, que no cont\u00f3 con Tuero y sufri\u00f3 la baja de Hammerschmidt, se apoy\u00f3 en el goleo exterior de Asnaghi (21, 5\/8 T3) y Gentili (21, 4\/7 T3, 14 en el 2C) m\u00e1s el aporte cerca del cesto de Iriarte (11, 9 en el 4C), T. Santarelli (10) y Mart\u00ednez (9 + 9 rebotes). En el equipo de Punta Alta, sin Llull, los m\u00e1s destacados fueron Chaves (23, 8\/13 T2) y Agalupe (19, 8\/8 T1).<\/b><\/p>\n<p>El inicio de partido mostr\u00f3 paridad y buen ritmo, el visitante encontraba en la figura de Chaves (anot\u00f3 los primeros 7 puntos de su equipo) respuestas ofensivas gracias a sus penetraciones m\u00e1s una bomba de Agalupe, pero el gol de media distancia de Gendana (4) m\u00e1s el juego interior Mart\u00ednez-Santarelli le daba soluciones al local que igualaba las acciones (10-10) cerca de la mitad del cuarto. Pero Los Andes iba a equivocar los caminos, sin punter\u00eda de lejos, forzando lanzamientos a la hora de ir hacia adentro y limit\u00e1ndose a sumar desde la l\u00ednea (3\/4 T1), algo que Sportivo iba a disfrutar, imponiendo su ritmo y mostr\u00e1ndose solidario, el \u201cTricolor\u201d sum\u00f3 con las bombas de Gendana (cerr\u00f3 con 7) y Asnaghi m\u00e1s una r\u00e1faga de Mart\u00ednez (termin\u00f3 con 6) para establecer un parcial de 13 a 3 que le dio ventaja de 10 (23-13) a falta de menos de dos minutos. Los de Carbonell lo cerraron mejor yendo hacia adentro con Canella (primeros puntos)\u00a0 y achicaron a 6, para que el due\u00f1o de casa lidere 23 a 17 al cabo del primer cuarto.<\/p>\n<p>A todo ritmo arranc\u00f3 el segundo per\u00edodo, el representante de Punta Alta parec\u00eda querer meterse en juego con un triple de Chaves y un acierto de Agalupe, pero volver\u00eda\u00a0 a quedarse en ofensiva (1\/5 TC tras 2\/2), y Sportivo sigui\u00f3 machacando a pura bomba, porque tanto Gentili (6, 2\/2 T3) como Asnaghi (3) se mostraban contundentes de larga distancia y marcaban el camino para que su equipo vuelva a estirar la diferencia (34-25) a 6.30. El due\u00f1o de casa iba a seguir su buen andar ofensivo gracias a un Gentili indetenible (termin\u00f3 con 14, 3\/4 T3, 2\/3 T2, 1\/1 T1), pero empezaba a sufrir en el traslado (4 p\u00e9rdidas) y \u00a0en defensa, ya que Themtham (8) iba a amigarse con el aro (comenz\u00f3 0\/4 TC), Chavez (cerr\u00f3 con 8) segu\u00ed decidido rompiendo la primera l\u00ednea y Agalupe la enterreba para dejar a su equipo a 2 (44-42), aunque un nueva conversi\u00f3n de tres puntos por parte de Asnaghi le daba aire al \u201cTricolor\u201d que se fue a los vestuarios ganando 47 a 42.<\/p>\n<p>La intensidad y las jugadas positivas iban a escasear tras el regreso de vestuarios, el local no estaba acertado con el aro pero encontraba en las mandadas de Mart\u00ednez y T. Santarelli algo de vida en ataque (2\/6 TC y 2 p\u00e9rdidas), mientras que el elenco de Punta Alta tambi\u00e9n estaba impreciso,\u00a0 pero con acciones individuales de Agalupe y Chaves se manten\u00eda cerca (51-48) en la mitad del per\u00edodo. La falta de efectividad de larga distancia (0\/4 T3) iba a ser un problema para el visitante que volv\u00eda a carecer de fluidez en ataque aunque sumaba mediante los tiros libres (6\/6 T1), mientras que el local volv\u00eda a encontrar una mano caliente, en este caso la de T. Santarelli (7) que mostraba decisi\u00f3n y atacaba el cesto para encabezar una ofensiva que carburaba y nuevamente sacaba una luz considerable (64-56) a falta del \u00faltimo per\u00edodo.<\/p>\n<p>Cuando parec\u00eda que el juego iba a mantener la misma t\u00f3nica, Sportivo se encarg\u00f3 de quebrarlo, con un muy positivo ingreso de Iriarte (6, 4\/4 T1), con la mano de Asnaghi (5) m\u00e1s el aporte de L. Santarelli, el local marc\u00f3 un parcial de 14 a 4 que le dio diferencia de 18 (78-60) a menos de 6 minutos ante un Los Andes que perdi\u00f3 la br\u00fajula y solo encontr\u00f3 gol en Agalupe (4) pero sin apoyo desde el per\u00edmetro. M\u00e1s all\u00e1 de no encontrar el gol lejano (1\/7 T3), los de Punta Alta nunca bajaron los brazos y lucharon con Chaves (6) como abanderado pero Sportivo mantuvo el tr\u00e1mite controlado, con Iriarte (cerr\u00f3 con 9) aportando cerca del cesto y Asnaghi (8, 2\/2 T3 1\/1 T2) castigando de lejos para que los de calle Alvarado se lleven el primer juego de la serie.<\/p>\n<p>&nbsp;<\/p>\n<h6>Triple de Asnaghi en el cierre del 2C<\/h6>\n<p>[vimeo]http:\/\/vimeo.com\/108970365[\/vimeo]<\/p>\n<p>&nbsp;<\/p>\n<h6>Iriarte anota y estira la diferencia de su equipo en el 4C<\/h6>\n<p>[vimeo]http:\/\/vimeo.com\/108970366[\/vimeo]<\/p>\n<p>&nbsp;<\/p>\n<p><em><b><span style=\"text-decoration: underline;\">S\u00edntesis:<\/span><\/b><\/em><\/p>\n<p><b>Sportivo Bahiense 86: <\/b>Gustavo Gentili 21, Fabi\u00e1n Gendana 7, Yoel Asnaghi 21, Nicol\u00e1s Mart\u00ednez 9, Tom\u00e1s Santarelli 10 (FI). Lucas Santarelli 5, Axel Hammerschmidt 2, Germ\u00e1n Rausemberg 0, Ferm\u00edn Iriarte 11. DT: Fernando \u00c1lvarez.<\/p>\n<p><b>Los Andes 73:<\/b> Jerem\u00edas Goncalvez 2, Nicol\u00e1s Themtham 9, Gast\u00f3n Chaves 23, Guido Canella 10, Daniel Agalupe 19 (FI).\u00a0 Ignacio Luppino 3, Dalmiro Lella 2, Mauricio Gonz\u00e1lez 5. DT: Leandro Carbonell.<\/p>\n<p><b>Parciales:<\/b> 23-17, 47-42 (24-25), 64-56 (17-14), 86-73 (22-17).<\/p>\n<p><b>\u00c1rbitros:<\/b> Jorge Scheffer \u2013 Mauro Reyes.<\/p>\n<p><b>Estadio:<\/b> Eladio Santos.<\/p>\n<p><a class=\"modalf iframe\" title=\"Planilla\" href=\"https:\/\/docs.google.com\/spreadsheets\/d\/1MmoSQdGwY98MjmdLfiYFX86xl2nrUvmKDpXneLXTFGc\/pubhtml?gid=284497290&amp;single=true\">Ver Planilla<\/a><\/p>\n<p>&nbsp;<\/p>\n<h6>Maldita rodilla<\/h6>\n<p>A 1.26 para finalizar el segundo cuarto, Axel Hammerschmidt atac\u00f3 el aro y cay\u00f3 de mala manera sobre su rodilla izquierda. El base tuvo que salir ayudado por compa\u00f1eros y rivales, con muchos gestos de dolor y se realizar\u00e1 estudios en los pr\u00f3ximos d\u00edas.<\/p>\n<p>El que tambi\u00e9n espera resultados sobre su rodilla izquierda es Joaqu\u00edn Tuero, qui\u00e9n se lastim\u00f3 ante Pac\u00edfico. El ex Quimsa tiene comprometidos los meniscos y no descartan problemas en los ligamentos. En las pr\u00f3ximas horas se sabr\u00e1 con exactitud el grado de la lesi\u00f3n.<\/p>\n","protected":false},"excerpt":{"rendered":"<p>Sportivo venci\u00f3 a Los Andes por 86 a 73 y puso la serie 1-0<\/p>\n","protected":false},"author":1,"featured_media":39358,"comment_status":"closed","ping_status":"open","sticky":false,"template":"","format":"standard","meta":{"jnews-multi-image_gallery":[],"jnews_single_post":[],"jnews_primary_category":[],"footnotes":""},"categories":[25,101],"tags":[564,233,152,20,266],"class_list":["post-39357","post","type-post","status-publish","format-standard","has-post-thumbnail","hentry","category-segunda","category-slide","tag-gaston-chaves","tag-gustavo-gentili","tag-los-andes","tag-sportivo-bahiense","tag-yoel-asnaghi"],"yoast_head":"<!-- This site is optimized with the Yoast SEO plugin v27.5 - https:\/\/yoast.com\/product\/yoast-seo-wordpress\/ -->\n<title>Peg\u00f3 primero - Gente de B\u00e1squet<\/title>\n<meta name=\"robots\" content=\"index, follow, max-snippet:-1, max-image-preview:large, max-video-preview:-1\" \/>\n<link rel=\"canonical\" href=\"http:\/\/gentedebasquet.com.ar\/sitio\/2014\/10\/15\/pego-primero\/\" \/>\n<meta property=\"og:locale\" content=\"es_ES\" \/>\n<meta property=\"og:type\" content=\"article\" \/>\n<meta property=\"og:title\" content=\"Peg\u00f3 primero - Gente de B\u00e1squet\" \/>\n<meta property=\"og:description\" content=\"Sportivo venci\u00f3 a Los Andes por 86 a 73 y puso la serie 1-0\" \/>\n<meta property=\"og:url\" content=\"http:\/\/gentedebasquet.com.ar\/sitio\/2014\/10\/15\/pego-primero\/\" \/>\n<meta property=\"og:site_name\" content=\"Gente de B\u00e1squet\" \/>\n<meta property=\"article:published_time\" content=\"2014-10-15T06:01:31+00:00\" \/>\n<meta property=\"og:image\" content=\"http:\/\/gentedebasquet.com.ar\/sitio\/wp-content\/uploads\/2014\/10\/10726412_10201453275573021_1208812824_n.jpg\" \/>\n\t<meta property=\"og:image:width\" content=\"690\" \/>\n\t<meta property=\"og:image:height\" content=\"319\" \/>\n\t<meta property=\"og:image:type\" content=\"image\/jpeg\" \/>\n<meta name=\"author\" content=\"Gente de B\u00e1squet\" \/>\n<meta name=\"twitter:card\" content=\"summary_large_image\" \/>\n<meta name=\"twitter:label1\" content=\"Escrito por\" \/>\n\t<meta name=\"twitter:data1\" content=\"Gente de B\u00e1squet\" \/>\n\t<meta name=\"twitter:label2\" content=\"Tiempo de lectura\" \/>\n\t<meta name=\"twitter:data2\" content=\"5 minutos\" \/>\n<script type=\"application\/ld+json\" class=\"yoast-schema-graph\">{\"@context\":\"https:\\\/\\\/schema.org\",\"@graph\":[{\"@type\":\"Article\",\"@id\":\"http:\\\/\\\/gentedebasquet.com.ar\\\/sitio\\\/2014\\\/10\\\/15\\\/pego-primero\\\/#article\",\"isPartOf\":{\"@id\":\"http:\\\/\\\/gentedebasquet.com.ar\\\/sitio\\\/2014\\\/10\\\/15\\\/pego-primero\\\/\"},\"author\":{\"name\":\"Gente de B\u00e1squet\",\"@id\":\"https:\\\/\\\/gentedebasquet.com.ar\\\/sitio\\\/#\\\/schema\\\/person\\\/ca0b63bbb977369988a7bbbdc519943a\"},\"headline\":\"Peg\u00f3 primero\",\"datePublished\":\"2014-10-15T06:01:31+00:00\",\"mainEntityOfPage\":{\"@id\":\"http:\\\/\\\/gentedebasquet.com.ar\\\/sitio\\\/2014\\\/10\\\/15\\\/pego-primero\\\/\"},\"wordCount\":952,\"image\":{\"@id\":\"http:\\\/\\\/gentedebasquet.com.ar\\\/sitio\\\/2014\\\/10\\\/15\\\/pego-primero\\\/#primaryimage\"},\"thumbnailUrl\":\"http:\\\/\\\/gentedebasquet.com.ar\\\/sitio\\\/wp-content\\\/uploads\\\/2014\\\/10\\\/10726412_10201453275573021_1208812824_n.jpg\",\"keywords\":[\"Gast\u00f3n Chaves\",\"Gustavo Gentili\",\"Los Andes\",\"Sportivo Bahiense\",\"Yoel Asnaghi\"],\"articleSection\":[\"Segunda\",\"Slide\"],\"inLanguage\":\"es\"},{\"@type\":\"WebPage\",\"@id\":\"http:\\\/\\\/gentedebasquet.com.ar\\\/sitio\\\/2014\\\/10\\\/15\\\/pego-primero\\\/\",\"url\":\"http:\\\/\\\/gentedebasquet.com.ar\\\/sitio\\\/2014\\\/10\\\/15\\\/pego-primero\\\/\",\"name\":\"Peg\u00f3 primero - Gente de B\u00e1squet\",\"isPartOf\":{\"@id\":\"https:\\\/\\\/gentedebasquet.com.ar\\\/sitio\\\/#website\"},\"primaryImageOfPage\":{\"@id\":\"http:\\\/\\\/gentedebasquet.com.ar\\\/sitio\\\/2014\\\/10\\\/15\\\/pego-primero\\\/#primaryimage\"},\"image\":{\"@id\":\"http:\\\/\\\/gentedebasquet.com.ar\\\/sitio\\\/2014\\\/10\\\/15\\\/pego-primero\\\/#primaryimage\"},\"thumbnailUrl\":\"http:\\\/\\\/gentedebasquet.com.ar\\\/sitio\\\/wp-content\\\/uploads\\\/2014\\\/10\\\/10726412_10201453275573021_1208812824_n.jpg\",\"datePublished\":\"2014-10-15T06:01:31+00:00\",\"author\":{\"@id\":\"https:\\\/\\\/gentedebasquet.com.ar\\\/sitio\\\/#\\\/schema\\\/person\\\/ca0b63bbb977369988a7bbbdc519943a\"},\"breadcrumb\":{\"@id\":\"http:\\\/\\\/gentedebasquet.com.ar\\\/sitio\\\/2014\\\/10\\\/15\\\/pego-primero\\\/#breadcrumb\"},\"inLanguage\":\"es\",\"potentialAction\":[{\"@type\":\"ReadAction\",\"target\":[\"http:\\\/\\\/gentedebasquet.com.ar\\\/sitio\\\/2014\\\/10\\\/15\\\/pego-primero\\\/\"]}]},{\"@type\":\"ImageObject\",\"inLanguage\":\"es\",\"@id\":\"http:\\\/\\\/gentedebasquet.com.ar\\\/sitio\\\/2014\\\/10\\\/15\\\/pego-primero\\\/#primaryimage\",\"url\":\"http:\\\/\\\/gentedebasquet.com.ar\\\/sitio\\\/wp-content\\\/uploads\\\/2014\\\/10\\\/10726412_10201453275573021_1208812824_n.jpg\",\"contentUrl\":\"http:\\\/\\\/gentedebasquet.com.ar\\\/sitio\\\/wp-content\\\/uploads\\\/2014\\\/10\\\/10726412_10201453275573021_1208812824_n.jpg\",\"width\":690,\"height\":319},{\"@type\":\"BreadcrumbList\",\"@id\":\"http:\\\/\\\/gentedebasquet.com.ar\\\/sitio\\\/2014\\\/10\\\/15\\\/pego-primero\\\/#breadcrumb\",\"itemListElement\":[{\"@type\":\"ListItem\",\"position\":1,\"name\":\"Portada\",\"item\":\"https:\\\/\\\/gentedebasquet.com.ar\\\/sitio\\\/\"},{\"@type\":\"ListItem\",\"position\":2,\"name\":\"Peg\u00f3 primero\"}]},{\"@type\":\"WebSite\",\"@id\":\"https:\\\/\\\/gentedebasquet.com.ar\\\/sitio\\\/#website\",\"url\":\"https:\\\/\\\/gentedebasquet.com.ar\\\/sitio\\\/\",\"name\":\"Gente de B\u00e1squet\",\"description\":\"La revista del basquet de Bah\u00eda Blanca\",\"potentialAction\":[{\"@type\":\"SearchAction\",\"target\":{\"@type\":\"EntryPoint\",\"urlTemplate\":\"https:\\\/\\\/gentedebasquet.com.ar\\\/sitio\\\/?s={search_term_string}\"},\"query-input\":{\"@type\":\"PropertyValueSpecification\",\"valueRequired\":true,\"valueName\":\"search_term_string\"}}],\"inLanguage\":\"es\"},{\"@type\":\"Person\",\"@id\":\"https:\\\/\\\/gentedebasquet.com.ar\\\/sitio\\\/#\\\/schema\\\/person\\\/ca0b63bbb977369988a7bbbdc519943a\",\"name\":\"Gente de B\u00e1squet\",\"image\":{\"@type\":\"ImageObject\",\"inLanguage\":\"es\",\"@id\":\"https:\\\/\\\/secure.gravatar.com\\\/avatar\\\/7f2c48bdc33b30088f941fb6082e555f2874c98e20cb159d7b92b50eadfce793?s=96&d=mm&r=g\",\"url\":\"https:\\\/\\\/secure.gravatar.com\\\/avatar\\\/7f2c48bdc33b30088f941fb6082e555f2874c98e20cb159d7b92b50eadfce793?s=96&d=mm&r=g\",\"contentUrl\":\"https:\\\/\\\/secure.gravatar.com\\\/avatar\\\/7f2c48bdc33b30088f941fb6082e555f2874c98e20cb159d7b92b50eadfce793?s=96&d=mm&r=g\",\"caption\":\"Gente de B\u00e1squet\"},\"sameAs\":[\"http:\\\/\\\/gentedebasquet.com.ar\\\/sitio\"],\"url\":\"http:\\\/\\\/gentedebasquet.com.ar\\\/sitio\\\/author\\\/ulises\\\/\"}]}<\/script>\n<!-- \/ Yoast SEO plugin. -->","yoast_head_json":{"title":"Peg\u00f3 primero - Gente de B\u00e1squet","robots":{"index":"index","follow":"follow","max-snippet":"max-snippet:-1","max-image-preview":"max-image-preview:large","max-video-preview":"max-video-preview:-1"},"canonical":"http:\/\/gentedebasquet.com.ar\/sitio\/2014\/10\/15\/pego-primero\/","og_locale":"es_ES","og_type":"article","og_title":"Peg\u00f3 primero - Gente de B\u00e1squet","og_description":"Sportivo venci\u00f3 a Los Andes por 86 a 73 y puso la serie 1-0","og_url":"http:\/\/gentedebasquet.com.ar\/sitio\/2014\/10\/15\/pego-primero\/","og_site_name":"Gente de B\u00e1squet","article_published_time":"2014-10-15T06:01:31+00:00","og_image":[{"width":690,"height":319,"url":"http:\/\/gentedebasquet.com.ar\/sitio\/wp-content\/uploads\/2014\/10\/10726412_10201453275573021_1208812824_n.jpg","type":"image\/jpeg"}],"author":"Gente de B\u00e1squet","twitter_card":"summary_large_image","twitter_misc":{"Escrito por":"Gente de B\u00e1squet","Tiempo de lectura":"5 minutos"},"schema":{"@context":"https:\/\/schema.org","@graph":[{"@type":"Article","@id":"http:\/\/gentedebasquet.com.ar\/sitio\/2014\/10\/15\/pego-primero\/#article","isPartOf":{"@id":"http:\/\/gentedebasquet.com.ar\/sitio\/2014\/10\/15\/pego-primero\/"},"author":{"name":"Gente de B\u00e1squet","@id":"https:\/\/gentedebasquet.com.ar\/sitio\/#\/schema\/person\/ca0b63bbb977369988a7bbbdc519943a"},"headline":"Peg\u00f3 primero","datePublished":"2014-10-15T06:01:31+00:00","mainEntityOfPage":{"@id":"http:\/\/gentedebasquet.com.ar\/sitio\/2014\/10\/15\/pego-primero\/"},"wordCount":952,"image":{"@id":"http:\/\/gentedebasquet.com.ar\/sitio\/2014\/10\/15\/pego-primero\/#primaryimage"},"thumbnailUrl":"http:\/\/gentedebasquet.com.ar\/sitio\/wp-content\/uploads\/2014\/10\/10726412_10201453275573021_1208812824_n.jpg","keywords":["Gast\u00f3n Chaves","Gustavo Gentili","Los Andes","Sportivo Bahiense","Yoel Asnaghi"],"articleSection":["Segunda","Slide"],"inLanguage":"es"},{"@type":"WebPage","@id":"http:\/\/gentedebasquet.com.ar\/sitio\/2014\/10\/15\/pego-primero\/","url":"http:\/\/gentedebasquet.com.ar\/sitio\/2014\/10\/15\/pego-primero\/","name":"Peg\u00f3 primero - Gente de B\u00e1squet","isPartOf":{"@id":"https:\/\/gentedebasquet.com.ar\/sitio\/#website"},"primaryImageOfPage":{"@id":"http:\/\/gentedebasquet.com.ar\/sitio\/2014\/10\/15\/pego-primero\/#primaryimage"},"image":{"@id":"http:\/\/gentedebasquet.com.ar\/sitio\/2014\/10\/15\/pego-primero\/#primaryimage"},"thumbnailUrl":"http:\/\/gentedebasquet.com.ar\/sitio\/wp-content\/uploads\/2014\/10\/10726412_10201453275573021_1208812824_n.jpg","datePublished":"2014-10-15T06:01:31+00:00","author":{"@id":"https:\/\/gentedebasquet.com.ar\/sitio\/#\/schema\/person\/ca0b63bbb977369988a7bbbdc519943a"},"breadcrumb":{"@id":"http:\/\/gentedebasquet.com.ar\/sitio\/2014\/10\/15\/pego-primero\/#breadcrumb"},"inLanguage":"es","potentialAction":[{"@type":"ReadAction","target":["http:\/\/gentedebasquet.com.ar\/sitio\/2014\/10\/15\/pego-primero\/"]}]},{"@type":"ImageObject","inLanguage":"es","@id":"http:\/\/gentedebasquet.com.ar\/sitio\/2014\/10\/15\/pego-primero\/#primaryimage","url":"http:\/\/gentedebasquet.com.ar\/sitio\/wp-content\/uploads\/2014\/10\/10726412_10201453275573021_1208812824_n.jpg","contentUrl":"http:\/\/gentedebasquet.com.ar\/sitio\/wp-content\/uploads\/2014\/10\/10726412_10201453275573021_1208812824_n.jpg","width":690,"height":319},{"@type":"BreadcrumbList","@id":"http:\/\/gentedebasquet.com.ar\/sitio\/2014\/10\/15\/pego-primero\/#breadcrumb","itemListElement":[{"@type":"ListItem","position":1,"name":"Portada","item":"https:\/\/gentedebasquet.com.ar\/sitio\/"},{"@type":"ListItem","position":2,"name":"Peg\u00f3 primero"}]},{"@type":"WebSite","@id":"https:\/\/gentedebasquet.com.ar\/sitio\/#website","url":"https:\/\/gentedebasquet.com.ar\/sitio\/","name":"Gente de B\u00e1squet","description":"La revista del basquet de Bah\u00eda Blanca","potentialAction":[{"@type":"SearchAction","target":{"@type":"EntryPoint","urlTemplate":"https:\/\/gentedebasquet.com.ar\/sitio\/?s={search_term_string}"},"query-input":{"@type":"PropertyValueSpecification","valueRequired":true,"valueName":"search_term_string"}}],"inLanguage":"es"},{"@type":"Person","@id":"https:\/\/gentedebasquet.com.ar\/sitio\/#\/schema\/person\/ca0b63bbb977369988a7bbbdc519943a","name":"Gente de B\u00e1squet","image":{"@type":"ImageObject","inLanguage":"es","@id":"https:\/\/secure.gravatar.com\/avatar\/7f2c48bdc33b30088f941fb6082e555f2874c98e20cb159d7b92b50eadfce793?s=96&d=mm&r=g","url":"https:\/\/secure.gravatar.com\/avatar\/7f2c48bdc33b30088f941fb6082e555f2874c98e20cb159d7b92b50eadfce793?s=96&d=mm&r=g","contentUrl":"https:\/\/secure.gravatar.com\/avatar\/7f2c48bdc33b30088f941fb6082e555f2874c98e20cb159d7b92b50eadfce793?s=96&d=mm&r=g","caption":"Gente de B\u00e1squet"},"sameAs":["http:\/\/gentedebasquet.com.ar\/sitio"],"url":"http:\/\/gentedebasquet.com.ar\/sitio\/author\/ulises\/"}]}},"_links":{"self":[{"href":"http:\/\/gentedebasquet.com.ar\/sitio\/wp-json\/wp\/v2\/posts\/39357","targetHints":{"allow":["GET"]}}],"collection":[{"href":"http:\/\/gentedebasquet.com.ar\/sitio\/wp-json\/wp\/v2\/posts"}],"about":[{"href":"http:\/\/gentedebasquet.com.ar\/sitio\/wp-json\/wp\/v2\/types\/post"}],"author":[{"embeddable":true,"href":"http:\/\/gentedebasquet.com.ar\/sitio\/wp-json\/wp\/v2\/users\/1"}],"replies":[{"embeddable":true,"href":"http:\/\/gentedebasquet.com.ar\/sitio\/wp-json\/wp\/v2\/comments?post=39357"}],"version-history":[{"count":0,"href":"http:\/\/gentedebasquet.com.ar\/sitio\/wp-json\/wp\/v2\/posts\/39357\/revisions"}],"wp:featuredmedia":[{"embeddable":true,"href":"http:\/\/gentedebasquet.com.ar\/sitio\/wp-json\/wp\/v2\/media\/39358"}],"wp:attachment":[{"href":"http:\/\/gentedebasquet.com.ar\/sitio\/wp-json\/wp\/v2\/media?parent=39357"}],"wp:term":[{"taxonomy":"category","embeddable":true,"href":"http:\/\/gentedebasquet.com.ar\/sitio\/wp-json\/wp\/v2\/categories?post=39357"},{"taxonomy":"post_tag","embeddable":true,"href":"http:\/\/gentedebasquet.com.ar\/sitio\/wp-json\/wp\/v2\/tags?post=39357"}],"curies":[{"name":"wp","href":"https:\/\/api.w.org\/{rel}","templated":true}]}}