{"id":39369,"date":"2014-10-15T22:03:08","date_gmt":"2014-10-16T01:03:08","guid":{"rendered":"http:\/\/www.gentedebasquet.com.ar\/?p=39369"},"modified":"2014-10-15T22:03:08","modified_gmt":"2014-10-16T01:03:08","slug":"sin-vago-olimpo-viajo-a-mendoza","status":"publish","type":"post","link":"http:\/\/gentedebasquet.com.ar\/sitio\/2014\/10\/15\/sin-vago-olimpo-viajo-a-mendoza\/","title":{"rendered":"Sin Vago, Olimpo viaj\u00f3 a Mendoza"},"content":{"rendered":"<p><strong>El plantel de Olimpo se traslad\u00f3 en las primeras horas del mi\u00e9rcoles a tierras cuyanas, para enfrentar a Rivadavia y Atenas Sport Club entre jueves y s\u00e1bado. Afortunadamente, el escolta no sufri\u00f3 rotura de ligamentos, aunque estar\u00e1 inactivo al menos por 20 d\u00edas.<\/strong><\/p>\n<p>Con una baja confirmada y la esperanza de traer de regreso a Bah\u00eda Blanca un par de victorias, el plantel de Olimpo Basket emprendi\u00f3 viaje a Mendoza este mi\u00e9rcoles a la madrugada. Parte del equipo jug\u00f3 por el torneo local el martes a la noche y, tras la cena, se uni\u00f3 para comenzar a transitar los kil\u00f3metros que comprenden esta cuarta edici\u00f3n del Torneo Federal de B\u00e1squetbol.<\/p>\n<p>Tras la derrota en el debut, ante Bahiense del Norte, la inc\u00f3gnita pas\u00f3 por saber el grado de lesi\u00f3n de Mauricio Vago, quien debi\u00f3 abandonar el juego a 7m02 del cierre del 2C con un fuerte dolor en su rodilla izquierda. Luego de unos estudios previos, el Departamento M\u00e9dico del Club inform\u00f3 que Vago \u201cno tiene rotura de los ligamentos, pero deber\u00e1 realizarse una RMN para ver el real estado de los mismos\u201d.<\/p>\n<p>Ese diagn\u00f3stico obliga al experimentado jugador a llevar adelante al menos entre 15 y 20 d\u00edas de ejercicios para fortalecer cu\u00e1driceps e isquiotibiales y, obviamente, olvidarse de los pr\u00f3ximos cotejos, que ubican a Olimpo en Mendoza para afrontar la segunda y tercera fecha de la Conferencia Andino \u2013 Patagonia, ante el Centro Deportivo Rivadavia y Atenas Sport Club.<\/p>\n<p>Tampoco viajar\u00e1 Cristian Victoria, por lo que la delegaci\u00f3n, encabezada por el entrenador Franco Maceratesi, estar\u00e1 compuesta por: Emilio Gim\u00e9nez, Agust\u00edn S\u00e1nchez, Luciano Fortelli, Facundo Arens, Jervaughn Scales, Marcelo Piuma, Lorenzo Capponi, Lucas Mar\u00edn, Marcos Fern\u00e1ndez, Lucas Villanueva y Lahuel Silva.<\/p>\n<p><strong>Fuente:<\/strong> Prensa Olimpo Basket.<\/p>\n","protected":false},"excerpt":{"rendered":"<p>Enfrentar\u00e1 a Rivadavia y Atenas Sport Club por el Torneo Federal de B\u00e1squetbol<\/p>\n","protected":false},"author":1,"featured_media":39370,"comment_status":"closed","ping_status":"open","sticky":false,"template":"","format":"standard","meta":{"jnews-multi-image_gallery":[],"jnews_single_post":[],"jnews_primary_category":[],"footnotes":""},"categories":[36,39,101],"tags":[406,16,407,354],"class_list":["post-39369","post","type-post","status-publish","format-standard","has-post-thumbnail","hentry","category-federal","category-nacional","category-slide","tag-atenas-mendoza","tag-olimpo","tag-rivadavia-mendoza","tag-tfb"],"yoast_head":"<!-- This site is optimized with the Yoast SEO plugin v27.5 - https:\/\/yoast.com\/product\/yoast-seo-wordpress\/ -->\n<title>Sin Vago, Olimpo viaj\u00f3 a Mendoza - Gente de B\u00e1squet<\/title>\n<meta name=\"robots\" content=\"index, follow, max-snippet:-1, max-image-preview:large, max-video-preview:-1\" \/>\n<link rel=\"canonical\" href=\"http:\/\/gentedebasquet.com.ar\/sitio\/2014\/10\/15\/sin-vago-olimpo-viajo-a-mendoza\/\" \/>\n<meta property=\"og:locale\" content=\"es_ES\" \/>\n<meta property=\"og:type\" content=\"article\" \/>\n<meta property=\"og:title\" content=\"Sin Vago, Olimpo viaj\u00f3 a Mendoza - Gente de B\u00e1squet\" \/>\n<meta property=\"og:description\" content=\"Enfrentar\u00e1 a Rivadavia y Atenas Sport Club por el Torneo Federal de B\u00e1squetbol\" \/>\n<meta property=\"og:url\" content=\"http:\/\/gentedebasquet.com.ar\/sitio\/2014\/10\/15\/sin-vago-olimpo-viajo-a-mendoza\/\" \/>\n<meta property=\"og:site_name\" content=\"Gente de B\u00e1squet\" \/>\n<meta property=\"article:published_time\" content=\"2014-10-16T01:03:08+00:00\" \/>\n<meta property=\"og:image\" content=\"http:\/\/gentedebasquet.com.ar\/sitio\/wp-content\/uploads\/2014\/10\/DSC_0658.jpg\" \/>\n\t<meta property=\"og:image:width\" content=\"690\" \/>\n\t<meta property=\"og:image:height\" content=\"319\" \/>\n\t<meta property=\"og:image:type\" content=\"image\/jpeg\" \/>\n<meta name=\"author\" content=\"Gente de B\u00e1squet\" \/>\n<meta name=\"twitter:card\" content=\"summary_large_image\" \/>\n<meta name=\"twitter:label1\" content=\"Escrito por\" \/>\n\t<meta name=\"twitter:data1\" content=\"Gente de B\u00e1squet\" \/>\n\t<meta name=\"twitter:label2\" content=\"Tiempo de lectura\" \/>\n\t<meta name=\"twitter:data2\" content=\"2 minutos\" \/>\n<script type=\"application\/ld+json\" class=\"yoast-schema-graph\">{\"@context\":\"https:\\\/\\\/schema.org\",\"@graph\":[{\"@type\":\"Article\",\"@id\":\"http:\\\/\\\/gentedebasquet.com.ar\\\/sitio\\\/2014\\\/10\\\/15\\\/sin-vago-olimpo-viajo-a-mendoza\\\/#article\",\"isPartOf\":{\"@id\":\"http:\\\/\\\/gentedebasquet.com.ar\\\/sitio\\\/2014\\\/10\\\/15\\\/sin-vago-olimpo-viajo-a-mendoza\\\/\"},\"author\":{\"name\":\"Gente de B\u00e1squet\",\"@id\":\"https:\\\/\\\/gentedebasquet.com.ar\\\/sitio\\\/#\\\/schema\\\/person\\\/ca0b63bbb977369988a7bbbdc519943a\"},\"headline\":\"Sin Vago, Olimpo viaj\u00f3 a Mendoza\",\"datePublished\":\"2014-10-16T01:03:08+00:00\",\"mainEntityOfPage\":{\"@id\":\"http:\\\/\\\/gentedebasquet.com.ar\\\/sitio\\\/2014\\\/10\\\/15\\\/sin-vago-olimpo-viajo-a-mendoza\\\/\"},\"wordCount\":309,\"image\":{\"@id\":\"http:\\\/\\\/gentedebasquet.com.ar\\\/sitio\\\/2014\\\/10\\\/15\\\/sin-vago-olimpo-viajo-a-mendoza\\\/#primaryimage\"},\"thumbnailUrl\":\"http:\\\/\\\/gentedebasquet.com.ar\\\/sitio\\\/wp-content\\\/uploads\\\/2014\\\/10\\\/DSC_0658.jpg\",\"keywords\":[\"Atenas Mendoza\",\"Ol\u00edmpo\",\"Rivadavia Mendoza\",\"TFB\"],\"articleSection\":[\"Federal\",\"Nacional\",\"Slide\"],\"inLanguage\":\"es\"},{\"@type\":\"WebPage\",\"@id\":\"http:\\\/\\\/gentedebasquet.com.ar\\\/sitio\\\/2014\\\/10\\\/15\\\/sin-vago-olimpo-viajo-a-mendoza\\\/\",\"url\":\"http:\\\/\\\/gentedebasquet.com.ar\\\/sitio\\\/2014\\\/10\\\/15\\\/sin-vago-olimpo-viajo-a-mendoza\\\/\",\"name\":\"Sin Vago, Olimpo viaj\u00f3 a Mendoza - Gente de B\u00e1squet\",\"isPartOf\":{\"@id\":\"https:\\\/\\\/gentedebasquet.com.ar\\\/sitio\\\/#website\"},\"primaryImageOfPage\":{\"@id\":\"http:\\\/\\\/gentedebasquet.com.ar\\\/sitio\\\/2014\\\/10\\\/15\\\/sin-vago-olimpo-viajo-a-mendoza\\\/#primaryimage\"},\"image\":{\"@id\":\"http:\\\/\\\/gentedebasquet.com.ar\\\/sitio\\\/2014\\\/10\\\/15\\\/sin-vago-olimpo-viajo-a-mendoza\\\/#primaryimage\"},\"thumbnailUrl\":\"http:\\\/\\\/gentedebasquet.com.ar\\\/sitio\\\/wp-content\\\/uploads\\\/2014\\\/10\\\/DSC_0658.jpg\",\"datePublished\":\"2014-10-16T01:03:08+00:00\",\"author\":{\"@id\":\"https:\\\/\\\/gentedebasquet.com.ar\\\/sitio\\\/#\\\/schema\\\/person\\\/ca0b63bbb977369988a7bbbdc519943a\"},\"breadcrumb\":{\"@id\":\"http:\\\/\\\/gentedebasquet.com.ar\\\/sitio\\\/2014\\\/10\\\/15\\\/sin-vago-olimpo-viajo-a-mendoza\\\/#breadcrumb\"},\"inLanguage\":\"es\",\"potentialAction\":[{\"@type\":\"ReadAction\",\"target\":[\"http:\\\/\\\/gentedebasquet.com.ar\\\/sitio\\\/2014\\\/10\\\/15\\\/sin-vago-olimpo-viajo-a-mendoza\\\/\"]}]},{\"@type\":\"ImageObject\",\"inLanguage\":\"es\",\"@id\":\"http:\\\/\\\/gentedebasquet.com.ar\\\/sitio\\\/2014\\\/10\\\/15\\\/sin-vago-olimpo-viajo-a-mendoza\\\/#primaryimage\",\"url\":\"http:\\\/\\\/gentedebasquet.com.ar\\\/sitio\\\/wp-content\\\/uploads\\\/2014\\\/10\\\/DSC_0658.jpg\",\"contentUrl\":\"http:\\\/\\\/gentedebasquet.com.ar\\\/sitio\\\/wp-content\\\/uploads\\\/2014\\\/10\\\/DSC_0658.jpg\",\"width\":690,\"height\":319},{\"@type\":\"BreadcrumbList\",\"@id\":\"http:\\\/\\\/gentedebasquet.com.ar\\\/sitio\\\/2014\\\/10\\\/15\\\/sin-vago-olimpo-viajo-a-mendoza\\\/#breadcrumb\",\"itemListElement\":[{\"@type\":\"ListItem\",\"position\":1,\"name\":\"Portada\",\"item\":\"https:\\\/\\\/gentedebasquet.com.ar\\\/sitio\\\/\"},{\"@type\":\"ListItem\",\"position\":2,\"name\":\"Sin Vago, Olimpo viaj\u00f3 a Mendoza\"}]},{\"@type\":\"WebSite\",\"@id\":\"https:\\\/\\\/gentedebasquet.com.ar\\\/sitio\\\/#website\",\"url\":\"https:\\\/\\\/gentedebasquet.com.ar\\\/sitio\\\/\",\"name\":\"Gente de B\u00e1squet\",\"description\":\"La revista del basquet de Bah\u00eda Blanca\",\"potentialAction\":[{\"@type\":\"SearchAction\",\"target\":{\"@type\":\"EntryPoint\",\"urlTemplate\":\"https:\\\/\\\/gentedebasquet.com.ar\\\/sitio\\\/?s={search_term_string}\"},\"query-input\":{\"@type\":\"PropertyValueSpecification\",\"valueRequired\":true,\"valueName\":\"search_term_string\"}}],\"inLanguage\":\"es\"},{\"@type\":\"Person\",\"@id\":\"https:\\\/\\\/gentedebasquet.com.ar\\\/sitio\\\/#\\\/schema\\\/person\\\/ca0b63bbb977369988a7bbbdc519943a\",\"name\":\"Gente de B\u00e1squet\",\"image\":{\"@type\":\"ImageObject\",\"inLanguage\":\"es\",\"@id\":\"https:\\\/\\\/secure.gravatar.com\\\/avatar\\\/7f2c48bdc33b30088f941fb6082e555f2874c98e20cb159d7b92b50eadfce793?s=96&d=mm&r=g\",\"url\":\"https:\\\/\\\/secure.gravatar.com\\\/avatar\\\/7f2c48bdc33b30088f941fb6082e555f2874c98e20cb159d7b92b50eadfce793?s=96&d=mm&r=g\",\"contentUrl\":\"https:\\\/\\\/secure.gravatar.com\\\/avatar\\\/7f2c48bdc33b30088f941fb6082e555f2874c98e20cb159d7b92b50eadfce793?s=96&d=mm&r=g\",\"caption\":\"Gente de B\u00e1squet\"},\"sameAs\":[\"http:\\\/\\\/gentedebasquet.com.ar\\\/sitio\"],\"url\":\"http:\\\/\\\/gentedebasquet.com.ar\\\/sitio\\\/author\\\/ulises\\\/\"}]}<\/script>\n<!-- \/ Yoast SEO plugin. -->","yoast_head_json":{"title":"Sin Vago, Olimpo viaj\u00f3 a Mendoza - Gente de B\u00e1squet","robots":{"index":"index","follow":"follow","max-snippet":"max-snippet:-1","max-image-preview":"max-image-preview:large","max-video-preview":"max-video-preview:-1"},"canonical":"http:\/\/gentedebasquet.com.ar\/sitio\/2014\/10\/15\/sin-vago-olimpo-viajo-a-mendoza\/","og_locale":"es_ES","og_type":"article","og_title":"Sin Vago, Olimpo viaj\u00f3 a Mendoza - Gente de B\u00e1squet","og_description":"Enfrentar\u00e1 a Rivadavia y Atenas Sport Club por el Torneo Federal de B\u00e1squetbol","og_url":"http:\/\/gentedebasquet.com.ar\/sitio\/2014\/10\/15\/sin-vago-olimpo-viajo-a-mendoza\/","og_site_name":"Gente de B\u00e1squet","article_published_time":"2014-10-16T01:03:08+00:00","og_image":[{"width":690,"height":319,"url":"http:\/\/gentedebasquet.com.ar\/sitio\/wp-content\/uploads\/2014\/10\/DSC_0658.jpg","type":"image\/jpeg"}],"author":"Gente de B\u00e1squet","twitter_card":"summary_large_image","twitter_misc":{"Escrito por":"Gente de B\u00e1squet","Tiempo de lectura":"2 minutos"},"schema":{"@context":"https:\/\/schema.org","@graph":[{"@type":"Article","@id":"http:\/\/gentedebasquet.com.ar\/sitio\/2014\/10\/15\/sin-vago-olimpo-viajo-a-mendoza\/#article","isPartOf":{"@id":"http:\/\/gentedebasquet.com.ar\/sitio\/2014\/10\/15\/sin-vago-olimpo-viajo-a-mendoza\/"},"author":{"name":"Gente de B\u00e1squet","@id":"https:\/\/gentedebasquet.com.ar\/sitio\/#\/schema\/person\/ca0b63bbb977369988a7bbbdc519943a"},"headline":"Sin Vago, Olimpo viaj\u00f3 a Mendoza","datePublished":"2014-10-16T01:03:08+00:00","mainEntityOfPage":{"@id":"http:\/\/gentedebasquet.com.ar\/sitio\/2014\/10\/15\/sin-vago-olimpo-viajo-a-mendoza\/"},"wordCount":309,"image":{"@id":"http:\/\/gentedebasquet.com.ar\/sitio\/2014\/10\/15\/sin-vago-olimpo-viajo-a-mendoza\/#primaryimage"},"thumbnailUrl":"http:\/\/gentedebasquet.com.ar\/sitio\/wp-content\/uploads\/2014\/10\/DSC_0658.jpg","keywords":["Atenas Mendoza","Ol\u00edmpo","Rivadavia Mendoza","TFB"],"articleSection":["Federal","Nacional","Slide"],"inLanguage":"es"},{"@type":"WebPage","@id":"http:\/\/gentedebasquet.com.ar\/sitio\/2014\/10\/15\/sin-vago-olimpo-viajo-a-mendoza\/","url":"http:\/\/gentedebasquet.com.ar\/sitio\/2014\/10\/15\/sin-vago-olimpo-viajo-a-mendoza\/","name":"Sin Vago, Olimpo viaj\u00f3 a Mendoza - Gente de B\u00e1squet","isPartOf":{"@id":"https:\/\/gentedebasquet.com.ar\/sitio\/#website"},"primaryImageOfPage":{"@id":"http:\/\/gentedebasquet.com.ar\/sitio\/2014\/10\/15\/sin-vago-olimpo-viajo-a-mendoza\/#primaryimage"},"image":{"@id":"http:\/\/gentedebasquet.com.ar\/sitio\/2014\/10\/15\/sin-vago-olimpo-viajo-a-mendoza\/#primaryimage"},"thumbnailUrl":"http:\/\/gentedebasquet.com.ar\/sitio\/wp-content\/uploads\/2014\/10\/DSC_0658.jpg","datePublished":"2014-10-16T01:03:08+00:00","author":{"@id":"https:\/\/gentedebasquet.com.ar\/sitio\/#\/schema\/person\/ca0b63bbb977369988a7bbbdc519943a"},"breadcrumb":{"@id":"http:\/\/gentedebasquet.com.ar\/sitio\/2014\/10\/15\/sin-vago-olimpo-viajo-a-mendoza\/#breadcrumb"},"inLanguage":"es","potentialAction":[{"@type":"ReadAction","target":["http:\/\/gentedebasquet.com.ar\/sitio\/2014\/10\/15\/sin-vago-olimpo-viajo-a-mendoza\/"]}]},{"@type":"ImageObject","inLanguage":"es","@id":"http:\/\/gentedebasquet.com.ar\/sitio\/2014\/10\/15\/sin-vago-olimpo-viajo-a-mendoza\/#primaryimage","url":"http:\/\/gentedebasquet.com.ar\/sitio\/wp-content\/uploads\/2014\/10\/DSC_0658.jpg","contentUrl":"http:\/\/gentedebasquet.com.ar\/sitio\/wp-content\/uploads\/2014\/10\/DSC_0658.jpg","width":690,"height":319},{"@type":"BreadcrumbList","@id":"http:\/\/gentedebasquet.com.ar\/sitio\/2014\/10\/15\/sin-vago-olimpo-viajo-a-mendoza\/#breadcrumb","itemListElement":[{"@type":"ListItem","position":1,"name":"Portada","item":"https:\/\/gentedebasquet.com.ar\/sitio\/"},{"@type":"ListItem","position":2,"name":"Sin Vago, Olimpo viaj\u00f3 a Mendoza"}]},{"@type":"WebSite","@id":"https:\/\/gentedebasquet.com.ar\/sitio\/#website","url":"https:\/\/gentedebasquet.com.ar\/sitio\/","name":"Gente de B\u00e1squet","description":"La revista del basquet de Bah\u00eda Blanca","potentialAction":[{"@type":"SearchAction","target":{"@type":"EntryPoint","urlTemplate":"https:\/\/gentedebasquet.com.ar\/sitio\/?s={search_term_string}"},"query-input":{"@type":"PropertyValueSpecification","valueRequired":true,"valueName":"search_term_string"}}],"inLanguage":"es"},{"@type":"Person","@id":"https:\/\/gentedebasquet.com.ar\/sitio\/#\/schema\/person\/ca0b63bbb977369988a7bbbdc519943a","name":"Gente de B\u00e1squet","image":{"@type":"ImageObject","inLanguage":"es","@id":"https:\/\/secure.gravatar.com\/avatar\/7f2c48bdc33b30088f941fb6082e555f2874c98e20cb159d7b92b50eadfce793?s=96&d=mm&r=g","url":"https:\/\/secure.gravatar.com\/avatar\/7f2c48bdc33b30088f941fb6082e555f2874c98e20cb159d7b92b50eadfce793?s=96&d=mm&r=g","contentUrl":"https:\/\/secure.gravatar.com\/avatar\/7f2c48bdc33b30088f941fb6082e555f2874c98e20cb159d7b92b50eadfce793?s=96&d=mm&r=g","caption":"Gente de B\u00e1squet"},"sameAs":["http:\/\/gentedebasquet.com.ar\/sitio"],"url":"http:\/\/gentedebasquet.com.ar\/sitio\/author\/ulises\/"}]}},"_links":{"self":[{"href":"http:\/\/gentedebasquet.com.ar\/sitio\/wp-json\/wp\/v2\/posts\/39369","targetHints":{"allow":["GET"]}}],"collection":[{"href":"http:\/\/gentedebasquet.com.ar\/sitio\/wp-json\/wp\/v2\/posts"}],"about":[{"href":"http:\/\/gentedebasquet.com.ar\/sitio\/wp-json\/wp\/v2\/types\/post"}],"author":[{"embeddable":true,"href":"http:\/\/gentedebasquet.com.ar\/sitio\/wp-json\/wp\/v2\/users\/1"}],"replies":[{"embeddable":true,"href":"http:\/\/gentedebasquet.com.ar\/sitio\/wp-json\/wp\/v2\/comments?post=39369"}],"version-history":[{"count":0,"href":"http:\/\/gentedebasquet.com.ar\/sitio\/wp-json\/wp\/v2\/posts\/39369\/revisions"}],"wp:featuredmedia":[{"embeddable":true,"href":"http:\/\/gentedebasquet.com.ar\/sitio\/wp-json\/wp\/v2\/media\/39370"}],"wp:attachment":[{"href":"http:\/\/gentedebasquet.com.ar\/sitio\/wp-json\/wp\/v2\/media?parent=39369"}],"wp:term":[{"taxonomy":"category","embeddable":true,"href":"http:\/\/gentedebasquet.com.ar\/sitio\/wp-json\/wp\/v2\/categories?post=39369"},{"taxonomy":"post_tag","embeddable":true,"href":"http:\/\/gentedebasquet.com.ar\/sitio\/wp-json\/wp\/v2\/tags?post=39369"}],"curies":[{"name":"wp","href":"https:\/\/api.w.org\/{rel}","templated":true}]}}