{"id":39372,"date":"2014-10-15T21:03:43","date_gmt":"2014-10-16T00:03:43","guid":{"rendered":"http:\/\/www.gentedebasquet.com.ar\/?p=39372"},"modified":"2014-10-15T21:03:43","modified_gmt":"2014-10-16T00:03:43","slug":"el-tricolor-y-su-ilusion-rumbo-a-mendoza","status":"publish","type":"post","link":"http:\/\/gentedebasquet.com.ar\/sitio\/2014\/10\/15\/el-tricolor-y-su-ilusion-rumbo-a-mendoza\/","title":{"rendered":"El Tricolor rumbo a Mendoza"},"content":{"rendered":"<p><strong>Luciano Fern\u00e1ndez, base del equipo, analiz\u00f3 el presente de Bahiense del Norte y lo que ser\u00e1 el viaje Mendoza para enfrentar a Rivadavia y Atenas Sport Club. La \u00fanica ficha U21 del plantel sentenci\u00f3 que ir\u00e1n a buscar los dos partidos. \u201cVamos a ir a ganar a todas las canchas\u201d.<\/strong><\/p>\n<p>Luego del debut con victoria ante Olimpo, Bahiense del Norte afrontar\u00e1 sus primeros dos partidos fuera de Bah\u00eda Blanca. El Tricolor y su ilusi\u00f3n ir\u00e1n rumbo a Mendoza y buscar\u00e1n seguir con su buena racha. El jueves el rival ser\u00e1 Rivadavia, mientras que el s\u00e1bado deber\u00e1 enfrentar a Atenas Sport Club.<\/p>\n<p>Luciano Fern\u00e1ndez, base del equipo y ficha U21, se expres\u00f3 acerca de lo que ser\u00e1n estos dos encuentros. \u201cNo es solo un dicho. Nosotros vamos a ir a ganar a todas las canchas porque nos sentimos preparados para eso\u201d se\u00f1al\u00f3. Adem\u00e1s Fern\u00e1ndez resalt\u00f3 que el equipo tiene mucha confianza en s\u00ed mismo y en su t\u00e9cnico, Alejandro Navallo.<\/p>\n<p>Al ser un jugador que se form\u00f3 en el club, el base no ocult\u00f3 la alegr\u00eda que le genera jugar este Torneo Federal. \u201cEl otro d\u00eda (en el debut) estaba nervioso y despu\u00e9s me fui feliz de la vida\u201d apunt\u00f3.<\/p>\n<p>El Tricolor partir\u00e1 rumbo a Mendoza este mi\u00e9rcoles a las 19 y llegar\u00e1 a destino el jueves por la ma\u00f1ana. La idea del cuerpo t\u00e9cnico es realizar algunos movimientos livianos en la cancha de Rivadavia y luego descansar y esperar el partido. El encuentro comenzar\u00e1 a las 22 y ser\u00e1 arbitrado por Mart\u00edn Flores y Pablo Paz.<\/p>\n<p>El plantel que tendr\u00e1 a su disposici\u00f3n Alejandro Navallo est\u00e1 compuesto por: Franco Amigo, Mat\u00edas Chaves, Ramiro Heinrich, Mauro Zalguizuri, Franco Pennacchiotti, Federico Sureda, Luciano Fern\u00e1ndez, Esteban Silva, Andr\u00e9s Barbero y Juan Ignacio Diomedi. De los jugadores que estuvieron presentes en el primer encuentro no viajar\u00e1 Francisco Filippa.<\/p>\n<p><strong>Fuente:<\/strong> Prensa Bahiense del Norte<\/p>\n","protected":false},"excerpt":{"rendered":"<p>Luciano Fern\u00e1ndez, base del equipo, analiz\u00f3 el presente de Bahiense en el TFB<\/p>\n","protected":false},"author":1,"featured_media":39373,"comment_status":"closed","ping_status":"open","sticky":false,"template":"","format":"standard","meta":{"jnews-multi-image_gallery":[],"jnews_single_post":[],"jnews_primary_category":[],"footnotes":""},"categories":[36,39,101],"tags":[406,5,407,354],"class_list":["post-39372","post","type-post","status-publish","format-standard","has-post-thumbnail","hentry","category-federal","category-nacional","category-slide","tag-atenas-mendoza","tag-bahiense-del-norte","tag-rivadavia-mendoza","tag-tfb"],"yoast_head":"<!-- This site is optimized with the Yoast SEO plugin v27.5 - https:\/\/yoast.com\/product\/yoast-seo-wordpress\/ -->\n<title>El Tricolor rumbo a Mendoza - Gente de B\u00e1squet<\/title>\n<meta name=\"robots\" content=\"index, follow, max-snippet:-1, max-image-preview:large, max-video-preview:-1\" \/>\n<link rel=\"canonical\" href=\"http:\/\/gentedebasquet.com.ar\/sitio\/2014\/10\/15\/el-tricolor-y-su-ilusion-rumbo-a-mendoza\/\" \/>\n<meta property=\"og:locale\" content=\"es_ES\" \/>\n<meta property=\"og:type\" content=\"article\" \/>\n<meta property=\"og:title\" content=\"El Tricolor rumbo a Mendoza - Gente de B\u00e1squet\" \/>\n<meta property=\"og:description\" content=\"Luciano Fern\u00e1ndez, base del equipo, analiz\u00f3 el presente de Bahiense en el TFB\" \/>\n<meta property=\"og:url\" content=\"http:\/\/gentedebasquet.com.ar\/sitio\/2014\/10\/15\/el-tricolor-y-su-ilusion-rumbo-a-mendoza\/\" \/>\n<meta property=\"og:site_name\" content=\"Gente de B\u00e1squet\" \/>\n<meta property=\"article:published_time\" content=\"2014-10-16T00:03:43+00:00\" \/>\n<meta property=\"og:image\" content=\"http:\/\/gentedebasquet.com.ar\/sitio\/wp-content\/uploads\/2014\/10\/Luciano-Fernandez.jpg\" \/>\n\t<meta property=\"og:image:width\" content=\"690\" \/>\n\t<meta property=\"og:image:height\" content=\"319\" \/>\n\t<meta property=\"og:image:type\" content=\"image\/jpeg\" \/>\n<meta name=\"author\" content=\"Gente de B\u00e1squet\" \/>\n<meta name=\"twitter:card\" content=\"summary_large_image\" \/>\n<meta name=\"twitter:label1\" content=\"Escrito por\" \/>\n\t<meta name=\"twitter:data1\" content=\"Gente de B\u00e1squet\" \/>\n\t<meta name=\"twitter:label2\" content=\"Tiempo de lectura\" \/>\n\t<meta name=\"twitter:data2\" content=\"2 minutos\" \/>\n<script type=\"application\/ld+json\" class=\"yoast-schema-graph\">{\"@context\":\"https:\\\/\\\/schema.org\",\"@graph\":[{\"@type\":\"Article\",\"@id\":\"http:\\\/\\\/gentedebasquet.com.ar\\\/sitio\\\/2014\\\/10\\\/15\\\/el-tricolor-y-su-ilusion-rumbo-a-mendoza\\\/#article\",\"isPartOf\":{\"@id\":\"http:\\\/\\\/gentedebasquet.com.ar\\\/sitio\\\/2014\\\/10\\\/15\\\/el-tricolor-y-su-ilusion-rumbo-a-mendoza\\\/\"},\"author\":{\"name\":\"Gente de B\u00e1squet\",\"@id\":\"https:\\\/\\\/gentedebasquet.com.ar\\\/sitio\\\/#\\\/schema\\\/person\\\/ca0b63bbb977369988a7bbbdc519943a\"},\"headline\":\"El Tricolor rumbo a Mendoza\",\"datePublished\":\"2014-10-16T00:03:43+00:00\",\"mainEntityOfPage\":{\"@id\":\"http:\\\/\\\/gentedebasquet.com.ar\\\/sitio\\\/2014\\\/10\\\/15\\\/el-tricolor-y-su-ilusion-rumbo-a-mendoza\\\/\"},\"wordCount\":336,\"image\":{\"@id\":\"http:\\\/\\\/gentedebasquet.com.ar\\\/sitio\\\/2014\\\/10\\\/15\\\/el-tricolor-y-su-ilusion-rumbo-a-mendoza\\\/#primaryimage\"},\"thumbnailUrl\":\"http:\\\/\\\/gentedebasquet.com.ar\\\/sitio\\\/wp-content\\\/uploads\\\/2014\\\/10\\\/Luciano-Fernandez.jpg\",\"keywords\":[\"Atenas Mendoza\",\"Bahiense Del Norte\",\"Rivadavia Mendoza\",\"TFB\"],\"articleSection\":[\"Federal\",\"Nacional\",\"Slide\"],\"inLanguage\":\"es\"},{\"@type\":\"WebPage\",\"@id\":\"http:\\\/\\\/gentedebasquet.com.ar\\\/sitio\\\/2014\\\/10\\\/15\\\/el-tricolor-y-su-ilusion-rumbo-a-mendoza\\\/\",\"url\":\"http:\\\/\\\/gentedebasquet.com.ar\\\/sitio\\\/2014\\\/10\\\/15\\\/el-tricolor-y-su-ilusion-rumbo-a-mendoza\\\/\",\"name\":\"El Tricolor rumbo a Mendoza - Gente de B\u00e1squet\",\"isPartOf\":{\"@id\":\"https:\\\/\\\/gentedebasquet.com.ar\\\/sitio\\\/#website\"},\"primaryImageOfPage\":{\"@id\":\"http:\\\/\\\/gentedebasquet.com.ar\\\/sitio\\\/2014\\\/10\\\/15\\\/el-tricolor-y-su-ilusion-rumbo-a-mendoza\\\/#primaryimage\"},\"image\":{\"@id\":\"http:\\\/\\\/gentedebasquet.com.ar\\\/sitio\\\/2014\\\/10\\\/15\\\/el-tricolor-y-su-ilusion-rumbo-a-mendoza\\\/#primaryimage\"},\"thumbnailUrl\":\"http:\\\/\\\/gentedebasquet.com.ar\\\/sitio\\\/wp-content\\\/uploads\\\/2014\\\/10\\\/Luciano-Fernandez.jpg\",\"datePublished\":\"2014-10-16T00:03:43+00:00\",\"author\":{\"@id\":\"https:\\\/\\\/gentedebasquet.com.ar\\\/sitio\\\/#\\\/schema\\\/person\\\/ca0b63bbb977369988a7bbbdc519943a\"},\"breadcrumb\":{\"@id\":\"http:\\\/\\\/gentedebasquet.com.ar\\\/sitio\\\/2014\\\/10\\\/15\\\/el-tricolor-y-su-ilusion-rumbo-a-mendoza\\\/#breadcrumb\"},\"inLanguage\":\"es\",\"potentialAction\":[{\"@type\":\"ReadAction\",\"target\":[\"http:\\\/\\\/gentedebasquet.com.ar\\\/sitio\\\/2014\\\/10\\\/15\\\/el-tricolor-y-su-ilusion-rumbo-a-mendoza\\\/\"]}]},{\"@type\":\"ImageObject\",\"inLanguage\":\"es\",\"@id\":\"http:\\\/\\\/gentedebasquet.com.ar\\\/sitio\\\/2014\\\/10\\\/15\\\/el-tricolor-y-su-ilusion-rumbo-a-mendoza\\\/#primaryimage\",\"url\":\"http:\\\/\\\/gentedebasquet.com.ar\\\/sitio\\\/wp-content\\\/uploads\\\/2014\\\/10\\\/Luciano-Fernandez.jpg\",\"contentUrl\":\"http:\\\/\\\/gentedebasquet.com.ar\\\/sitio\\\/wp-content\\\/uploads\\\/2014\\\/10\\\/Luciano-Fernandez.jpg\",\"width\":690,\"height\":319},{\"@type\":\"BreadcrumbList\",\"@id\":\"http:\\\/\\\/gentedebasquet.com.ar\\\/sitio\\\/2014\\\/10\\\/15\\\/el-tricolor-y-su-ilusion-rumbo-a-mendoza\\\/#breadcrumb\",\"itemListElement\":[{\"@type\":\"ListItem\",\"position\":1,\"name\":\"Portada\",\"item\":\"https:\\\/\\\/gentedebasquet.com.ar\\\/sitio\\\/\"},{\"@type\":\"ListItem\",\"position\":2,\"name\":\"El Tricolor rumbo a Mendoza\"}]},{\"@type\":\"WebSite\",\"@id\":\"https:\\\/\\\/gentedebasquet.com.ar\\\/sitio\\\/#website\",\"url\":\"https:\\\/\\\/gentedebasquet.com.ar\\\/sitio\\\/\",\"name\":\"Gente de B\u00e1squet\",\"description\":\"La revista del basquet de Bah\u00eda Blanca\",\"potentialAction\":[{\"@type\":\"SearchAction\",\"target\":{\"@type\":\"EntryPoint\",\"urlTemplate\":\"https:\\\/\\\/gentedebasquet.com.ar\\\/sitio\\\/?s={search_term_string}\"},\"query-input\":{\"@type\":\"PropertyValueSpecification\",\"valueRequired\":true,\"valueName\":\"search_term_string\"}}],\"inLanguage\":\"es\"},{\"@type\":\"Person\",\"@id\":\"https:\\\/\\\/gentedebasquet.com.ar\\\/sitio\\\/#\\\/schema\\\/person\\\/ca0b63bbb977369988a7bbbdc519943a\",\"name\":\"Gente de B\u00e1squet\",\"image\":{\"@type\":\"ImageObject\",\"inLanguage\":\"es\",\"@id\":\"https:\\\/\\\/secure.gravatar.com\\\/avatar\\\/7f2c48bdc33b30088f941fb6082e555f2874c98e20cb159d7b92b50eadfce793?s=96&d=mm&r=g\",\"url\":\"https:\\\/\\\/secure.gravatar.com\\\/avatar\\\/7f2c48bdc33b30088f941fb6082e555f2874c98e20cb159d7b92b50eadfce793?s=96&d=mm&r=g\",\"contentUrl\":\"https:\\\/\\\/secure.gravatar.com\\\/avatar\\\/7f2c48bdc33b30088f941fb6082e555f2874c98e20cb159d7b92b50eadfce793?s=96&d=mm&r=g\",\"caption\":\"Gente de B\u00e1squet\"},\"sameAs\":[\"http:\\\/\\\/gentedebasquet.com.ar\\\/sitio\"],\"url\":\"http:\\\/\\\/gentedebasquet.com.ar\\\/sitio\\\/author\\\/ulises\\\/\"}]}<\/script>\n<!-- \/ Yoast SEO plugin. -->","yoast_head_json":{"title":"El Tricolor rumbo a Mendoza - Gente de B\u00e1squet","robots":{"index":"index","follow":"follow","max-snippet":"max-snippet:-1","max-image-preview":"max-image-preview:large","max-video-preview":"max-video-preview:-1"},"canonical":"http:\/\/gentedebasquet.com.ar\/sitio\/2014\/10\/15\/el-tricolor-y-su-ilusion-rumbo-a-mendoza\/","og_locale":"es_ES","og_type":"article","og_title":"El Tricolor rumbo a Mendoza - Gente de B\u00e1squet","og_description":"Luciano Fern\u00e1ndez, base del equipo, analiz\u00f3 el presente de Bahiense en el TFB","og_url":"http:\/\/gentedebasquet.com.ar\/sitio\/2014\/10\/15\/el-tricolor-y-su-ilusion-rumbo-a-mendoza\/","og_site_name":"Gente de B\u00e1squet","article_published_time":"2014-10-16T00:03:43+00:00","og_image":[{"width":690,"height":319,"url":"http:\/\/gentedebasquet.com.ar\/sitio\/wp-content\/uploads\/2014\/10\/Luciano-Fernandez.jpg","type":"image\/jpeg"}],"author":"Gente de B\u00e1squet","twitter_card":"summary_large_image","twitter_misc":{"Escrito por":"Gente de B\u00e1squet","Tiempo de lectura":"2 minutos"},"schema":{"@context":"https:\/\/schema.org","@graph":[{"@type":"Article","@id":"http:\/\/gentedebasquet.com.ar\/sitio\/2014\/10\/15\/el-tricolor-y-su-ilusion-rumbo-a-mendoza\/#article","isPartOf":{"@id":"http:\/\/gentedebasquet.com.ar\/sitio\/2014\/10\/15\/el-tricolor-y-su-ilusion-rumbo-a-mendoza\/"},"author":{"name":"Gente de B\u00e1squet","@id":"https:\/\/gentedebasquet.com.ar\/sitio\/#\/schema\/person\/ca0b63bbb977369988a7bbbdc519943a"},"headline":"El Tricolor rumbo a Mendoza","datePublished":"2014-10-16T00:03:43+00:00","mainEntityOfPage":{"@id":"http:\/\/gentedebasquet.com.ar\/sitio\/2014\/10\/15\/el-tricolor-y-su-ilusion-rumbo-a-mendoza\/"},"wordCount":336,"image":{"@id":"http:\/\/gentedebasquet.com.ar\/sitio\/2014\/10\/15\/el-tricolor-y-su-ilusion-rumbo-a-mendoza\/#primaryimage"},"thumbnailUrl":"http:\/\/gentedebasquet.com.ar\/sitio\/wp-content\/uploads\/2014\/10\/Luciano-Fernandez.jpg","keywords":["Atenas Mendoza","Bahiense Del Norte","Rivadavia Mendoza","TFB"],"articleSection":["Federal","Nacional","Slide"],"inLanguage":"es"},{"@type":"WebPage","@id":"http:\/\/gentedebasquet.com.ar\/sitio\/2014\/10\/15\/el-tricolor-y-su-ilusion-rumbo-a-mendoza\/","url":"http:\/\/gentedebasquet.com.ar\/sitio\/2014\/10\/15\/el-tricolor-y-su-ilusion-rumbo-a-mendoza\/","name":"El Tricolor rumbo a Mendoza - Gente de B\u00e1squet","isPartOf":{"@id":"https:\/\/gentedebasquet.com.ar\/sitio\/#website"},"primaryImageOfPage":{"@id":"http:\/\/gentedebasquet.com.ar\/sitio\/2014\/10\/15\/el-tricolor-y-su-ilusion-rumbo-a-mendoza\/#primaryimage"},"image":{"@id":"http:\/\/gentedebasquet.com.ar\/sitio\/2014\/10\/15\/el-tricolor-y-su-ilusion-rumbo-a-mendoza\/#primaryimage"},"thumbnailUrl":"http:\/\/gentedebasquet.com.ar\/sitio\/wp-content\/uploads\/2014\/10\/Luciano-Fernandez.jpg","datePublished":"2014-10-16T00:03:43+00:00","author":{"@id":"https:\/\/gentedebasquet.com.ar\/sitio\/#\/schema\/person\/ca0b63bbb977369988a7bbbdc519943a"},"breadcrumb":{"@id":"http:\/\/gentedebasquet.com.ar\/sitio\/2014\/10\/15\/el-tricolor-y-su-ilusion-rumbo-a-mendoza\/#breadcrumb"},"inLanguage":"es","potentialAction":[{"@type":"ReadAction","target":["http:\/\/gentedebasquet.com.ar\/sitio\/2014\/10\/15\/el-tricolor-y-su-ilusion-rumbo-a-mendoza\/"]}]},{"@type":"ImageObject","inLanguage":"es","@id":"http:\/\/gentedebasquet.com.ar\/sitio\/2014\/10\/15\/el-tricolor-y-su-ilusion-rumbo-a-mendoza\/#primaryimage","url":"http:\/\/gentedebasquet.com.ar\/sitio\/wp-content\/uploads\/2014\/10\/Luciano-Fernandez.jpg","contentUrl":"http:\/\/gentedebasquet.com.ar\/sitio\/wp-content\/uploads\/2014\/10\/Luciano-Fernandez.jpg","width":690,"height":319},{"@type":"BreadcrumbList","@id":"http:\/\/gentedebasquet.com.ar\/sitio\/2014\/10\/15\/el-tricolor-y-su-ilusion-rumbo-a-mendoza\/#breadcrumb","itemListElement":[{"@type":"ListItem","position":1,"name":"Portada","item":"https:\/\/gentedebasquet.com.ar\/sitio\/"},{"@type":"ListItem","position":2,"name":"El Tricolor rumbo a Mendoza"}]},{"@type":"WebSite","@id":"https:\/\/gentedebasquet.com.ar\/sitio\/#website","url":"https:\/\/gentedebasquet.com.ar\/sitio\/","name":"Gente de B\u00e1squet","description":"La revista del basquet de Bah\u00eda Blanca","potentialAction":[{"@type":"SearchAction","target":{"@type":"EntryPoint","urlTemplate":"https:\/\/gentedebasquet.com.ar\/sitio\/?s={search_term_string}"},"query-input":{"@type":"PropertyValueSpecification","valueRequired":true,"valueName":"search_term_string"}}],"inLanguage":"es"},{"@type":"Person","@id":"https:\/\/gentedebasquet.com.ar\/sitio\/#\/schema\/person\/ca0b63bbb977369988a7bbbdc519943a","name":"Gente de B\u00e1squet","image":{"@type":"ImageObject","inLanguage":"es","@id":"https:\/\/secure.gravatar.com\/avatar\/7f2c48bdc33b30088f941fb6082e555f2874c98e20cb159d7b92b50eadfce793?s=96&d=mm&r=g","url":"https:\/\/secure.gravatar.com\/avatar\/7f2c48bdc33b30088f941fb6082e555f2874c98e20cb159d7b92b50eadfce793?s=96&d=mm&r=g","contentUrl":"https:\/\/secure.gravatar.com\/avatar\/7f2c48bdc33b30088f941fb6082e555f2874c98e20cb159d7b92b50eadfce793?s=96&d=mm&r=g","caption":"Gente de B\u00e1squet"},"sameAs":["http:\/\/gentedebasquet.com.ar\/sitio"],"url":"http:\/\/gentedebasquet.com.ar\/sitio\/author\/ulises\/"}]}},"_links":{"self":[{"href":"http:\/\/gentedebasquet.com.ar\/sitio\/wp-json\/wp\/v2\/posts\/39372","targetHints":{"allow":["GET"]}}],"collection":[{"href":"http:\/\/gentedebasquet.com.ar\/sitio\/wp-json\/wp\/v2\/posts"}],"about":[{"href":"http:\/\/gentedebasquet.com.ar\/sitio\/wp-json\/wp\/v2\/types\/post"}],"author":[{"embeddable":true,"href":"http:\/\/gentedebasquet.com.ar\/sitio\/wp-json\/wp\/v2\/users\/1"}],"replies":[{"embeddable":true,"href":"http:\/\/gentedebasquet.com.ar\/sitio\/wp-json\/wp\/v2\/comments?post=39372"}],"version-history":[{"count":0,"href":"http:\/\/gentedebasquet.com.ar\/sitio\/wp-json\/wp\/v2\/posts\/39372\/revisions"}],"wp:featuredmedia":[{"embeddable":true,"href":"http:\/\/gentedebasquet.com.ar\/sitio\/wp-json\/wp\/v2\/media\/39373"}],"wp:attachment":[{"href":"http:\/\/gentedebasquet.com.ar\/sitio\/wp-json\/wp\/v2\/media?parent=39372"}],"wp:term":[{"taxonomy":"category","embeddable":true,"href":"http:\/\/gentedebasquet.com.ar\/sitio\/wp-json\/wp\/v2\/categories?post=39372"},{"taxonomy":"post_tag","embeddable":true,"href":"http:\/\/gentedebasquet.com.ar\/sitio\/wp-json\/wp\/v2\/tags?post=39372"}],"curies":[{"name":"wp","href":"https:\/\/api.w.org\/{rel}","templated":true}]}}