{"id":39517,"date":"2014-10-16T13:31:19","date_gmt":"2014-10-16T16:31:19","guid":{"rendered":"http:\/\/www.gentedebasquet.com.ar\/?p=39517"},"modified":"2014-10-16T13:31:19","modified_gmt":"2014-10-16T16:31:19","slug":"barracas-regreso-de-su-gira","status":"publish","type":"post","link":"http:\/\/gentedebasquet.com.ar\/sitio\/2014\/10\/16\/barracas-regreso-de-su-gira\/","title":{"rendered":"Barracas regres\u00f3 de su gira"},"content":{"rendered":"<p dir=\"ltr\"><strong>Luego de un largo viaje en donde recorri\u00f3 tres provincias y conoci\u00f3 cinco ciudades, Barracas Central volvi\u00f3 a Bah\u00eda Blanca. El conjunto de Gabriel Merida, que participa de la Liga U17 Femenina, retorn\u00f3 de su gira sin resultados exitosos pero con una experiencia fundamental de cara al torneo local, la FEMISUR y el futuro de la competencia. Volver\u00e1 a jugar el domingo 26, ante V\u00e9lez y en el Bosque.<\/strong><\/p>\n<p dir=\"ltr\">Las bahienses no consiguieron sumar ning\u00fan triunfo en sus cinco presentaciones como visitante por la zona B, pero lograron medirse ante el nivel m\u00e1s alto del pa\u00eds, algo a lo que no estaban acostumbradas.<\/p>\n<p dir=\"ltr\">La primera parada del extenso viaje fue Urdinarrain, en la provincia de Entre R\u00edos, all\u00ed enfrentaron a Luis Luciano (74-34) con una destacada actuaci\u00f3n de Ileana Corval\u00e1n con 12 puntos. Luego cruzaron la provincia hasta Paran\u00e1, donde fueron recibidas por Talleres, que domin\u00f3 el partido de principio a fin y sin atenuantes 61-11.<\/p>\n<p dir=\"ltr\">M\u00e1s tarde lleg\u00f3 la hora de visitar Rosario, el monumento a la bandera y a Atalaya, que con gran nivel gan\u00f3 el partido 94 a 29, con otra gran actuaci\u00f3n, en Barracas, de Corval\u00e1n (13 unidades).<\/p>\n<p dir=\"ltr\">Finalmente las dirigidas por M\u00e9rida cerraron su gira en Liniers y el Gran Buenos Aires, enfrentando primero a V\u00e9lez (53-33), con 10 tantos de B\u00e1rbara Cunningham, y por \u00faltimo a Centro Galicia de Olivos (82-33) donde sobresali\u00f3 Candelaria V\u00e1zquez con 15 puntos.<\/p>\n<p dir=\"ltr\">El Bosque cerrar\u00e1 esta primera fase jugando los 5 partidos de local:<\/p>\n<p dir=\"ltr\">Domingo 26\/10 &#8211;\u00a0Barracas Central vs V\u00e9lez Sarsfield<\/p>\n<p><span style=\"font-size: 14px; line-height: 1.5em;\">Viernes 31\/10 &#8211;\u00a0<\/span>Barracas Central vs Luis Luciano (Urdinarrain)<\/p>\n<p dir=\"ltr\">S\u00e1bado 01\/11 &#8211;\u00a0Barracas Central vs Atalaya (Rosario)<\/p>\n<p dir=\"ltr\">Domingo 02\/11 &#8211;\u00a0Barracas Central vs Talleres (Paran\u00e1)<\/p>\n<p dir=\"ltr\">S\u00e1bado 15\/11 &#8211;\u00a0Barracas Central vs Centro Galicia<\/p>\n<p dir=\"ltr\"><a href=\"http:\/\/www.gentedebasquet.com.ar\/wp-content\/uploads\/2014\/10\/Barracas-Centra-U17.jpg\"><img decoding=\"async\" class=\"aligncenter size-full wp-image-39521\" alt=\"Barracas Centra U17\" src=\"http:\/\/www.gentedebasquet.com.ar\/wp-content\/uploads\/2014\/10\/Barracas-Centra-U17.jpg\" width=\"640\" height=\"462\" srcset=\"http:\/\/gentedebasquet.com.ar\/sitio\/wp-content\/uploads\/2014\/10\/Barracas-Centra-U17.jpg 640w, http:\/\/gentedebasquet.com.ar\/sitio\/wp-content\/uploads\/2014\/10\/Barracas-Centra-U17-300x217.jpg 300w\" sizes=\"(max-width: 640px) 100vw, 640px\" \/><\/a><\/p>\n<p dir=\"ltr\"><span style=\"text-decoration: underline;\"><em><strong>S\u00edntesis:<\/strong><\/em><\/span><\/p>\n<p><strong>Luis Luciano (Urdinarrain) 74:<\/strong>\u00a0Valentina Spiazzi 2, Tatiana Elena 0, Larisa Bourlot 2, Ernestina Moreno 0, Mariana Mart\u00ednez 4, Martina Rodr\u00edguez Bire 17, Luciana Mart\u00ednez 4, Bel\u00e9n Parodi 2, Micaela Sabater 16, Noel\u00ed Sartori 15, Nerea de la Cruz 10, Lourdes P\u00e9rez Londra 2. DT: Hugo Davini.<\/p>\n<p><strong>Barracas Central 34:<\/strong> Malena Garc\u00eda Yacomella 4, Camila Bay\u00f3n 0, Candela Blanco 0, B\u00e1rbara Cunningham 2, Camila Maisterrena 4, Ail\u00edn Larrosa 0, Ileana Corval\u00e1n 12, Camila Cabrera 4, Sof\u00eda Vecchi 0, Micaela S\u00e1nchez 8, Candelaria V\u00e1zquez 0, Lorena Paz 0. DT: Gabriel M\u00e9rida.<\/p>\n<p><strong>Parciales:<\/strong> 16-8, 34-21 (18-13), 53-28 (19-7) y 74-34 (21-6).<\/p>\n<p>&nbsp;<\/p>\n<p dir=\"ltr\"><span style=\"text-decoration: underline;\"><em><strong>S\u00edntesis:<\/strong><\/em><\/span><\/p>\n<p><strong>Talleres (Paran\u00e1) 61:<\/strong> Ail\u00e9n Ortellao 0, Ail\u00e9n Tonutti 6, Milagros Puntin 6, Roc\u00edo Gim\u00e9nez 0, Melina Tamburlini 7, Camila Carrero 4, Micaela Moreno 7, Agustina Barrionuevo 15, Sof\u00eda Wolf 2, Aldana Pi\u00f1eiro 7, Yesica Godoy 7, Maira Mart\u00ednez 0. DT: Cristian G\u00f3mez<\/p>\n<p><strong>Barracas Central 11:<\/strong> Micaela S\u00e1nchez 2, Camila Bay\u00f3n 0, Candela Blanco 0, B\u00e1rbara Cunningham 0, Camila Maisterrena 0, Ail\u00edn Larrosa 3, Ileana Corval\u00e1n 3, Camila Cabrera 2, Sof\u00eda Vecchi 0, Candelaria V\u00e1zquez 0, Melina Garc\u00eda Yacomella 1, Lorena Paz 0. DT: Gabriel M\u00e9rida.<\/p>\n<p><strong>Parciales:<\/strong> 21-1, 34-1 (13-0), 43-6 (9-5) y 61-11 (18-5).<\/p>\n<p>&nbsp;<\/p>\n<p><span style=\"text-decoration: underline;\"><em style=\"font-size: 14px; line-height: 1.5em;\"><strong>S\u00edntesis:<\/strong><\/em><\/span><\/p>\n<p><strong>Atalaya (Rosario) 94:<\/strong> Candela Foresto 20, Milagros Ortega 5, Candela Garc\u00eda 11, Gina Barro 12, Karen Gonz\u00e1lez Zapata 14 (FI), Ayl\u00e9n Riveros 6, Marina Palacios 2, Loana Gonz\u00e1lez Zapata 6, Chiara De Virgilio 11, Agustina Alca\u00edno 4, Nair Riveros 3. DT: Luciano Cardinal<\/p>\n<p><strong>Barracas Central 29:<\/strong> Camila Bay\u00f3n 4, B\u00e1rbara Cunningham 5, Ileana Corval\u00e1n 13, Camila Cabrera 0, Candelaria V\u00e1zquez 5 (FI), Micaela S\u00e1nchez 0, Candela Blanco 0, Camila Maisterrena 2, Ail\u00edn Larrosa 0, Sof\u00eda Vecchi 0, Malena Garc\u00eda 0, Lorena Paz 0. DT: Gabriel M\u00e9rida<\/p>\n<p><strong>Parciales:<\/strong> 27-9, 47-19 (20-10), 72-27 (25-8) y 94-29 (22-2).<\/p>\n<p>&nbsp;<\/p>\n<p dir=\"ltr\"><span style=\"text-decoration: underline;\"><em><strong>S\u00edntesis:<\/strong><\/em><\/span><\/p>\n<p><strong>V\u00e9lez Sarsfield 53:<\/strong> Sof\u00eda Giannini 18, Amaiqu\u00e9n Siciliano 7, Victoria del Pino 2, Iara Castro 0, Candela Chiaia 11 (FI), Guadalupe Callisti 4, Tamara Pinto 5, Florencia Imhoff 0, Sof\u00eda Rega 0, Tiziana Acosta 0, Sof\u00eda Lange 2, Jaqueline Soto 4. DT: Gonzalo G\u00f3mez<\/p>\n<p><strong>Barracas Central 33:<\/strong> Camila Bay\u00f3n 2, B\u00e1rbara Cunningham 10, Ileana Corval\u00e1n 6, Camila Cabrera 7, Candelaria V\u00e1zquez 2 (FI), Malena Garc\u00eda 3, Camila Maisterrena 0, Ail\u00edn Larrosa 3. DT: Gabriel M\u00e9rida.<\/p>\n<p><strong>Parciales:<\/strong> 15-4, 25-12 (10-8), 40-21 (15-9) y 53-33 (13-12).<\/p>\n<p>&nbsp;<\/p>\n<p dir=\"ltr\"><span style=\"text-decoration: underline;\"><em><strong>S\u00edntesis:<\/strong><\/em><\/span><\/p>\n<p><strong>Centro Galicia 82:<\/strong> Agustina Luzzi 13, Carla Rinaldi 15, Paula Modula 2, Luz de Gi\u00e1como 15, Carolina Maiques 10 (FI), Aldana Anguita 0, Francine Fliess 3, Florencia Cachiquis 8, Carolina Moreira 2, Vitoria Graciani 4, Antonella Troisi 0, Florencia Cachiquis 10. DT: Diego Marino<\/p>\n<p><strong>Barracas Central 33:<\/strong> Camila Bay\u00f3n 0, B\u00e1rbara Cunningham 4, Ileana Corval\u00e1n 2, Camila Cabrera 3, Candelaria V\u00e1zquez 15 (FI), Malena Garc\u00eda 2, Candela Blanco 0, Camila Maisterrena 0, Ail\u00edn Larrosa 7, Sof\u00eda Vecchi 0, Micaela S\u00e1nchez 0, Lorena Paz 0. DT: Gabriel M\u00e9rida<\/p>\n<p><strong>Parciales:<\/strong> 24-7, 41-12 (17-5), 59-18 (18-6) y 82-33 (23-15).<\/p>\n<p><strong>Fuente:<\/strong> Femenino en la Web.<\/p>\n<p><strong>Foto:<\/strong> Mayra Westre.<\/p>\n","protected":false},"excerpt":{"rendered":"<p>Complet\u00f3 sus primeros cinco juegos por la Liga U17 Femenina<\/p>\n","protected":false},"author":1,"featured_media":39518,"comment_status":"closed","ping_status":"open","sticky":false,"template":"","format":"standard","meta":{"jnews-multi-image_gallery":[],"jnews_single_post":[],"jnews_primary_category":[],"footnotes":""},"categories":[33],"tags":[6,395,219,522],"class_list":["post-39517","post","type-post","status-publish","format-standard","has-post-thumbnail","hentry","category-femenino","tag-barracas-central","tag-femenino","tag-gabriel-merida","tag-liga-u17"],"yoast_head":"<!-- This site is optimized with the Yoast SEO plugin v27.5 - https:\/\/yoast.com\/product\/yoast-seo-wordpress\/ -->\n<title>Barracas regres\u00f3 de su gira - Gente de B\u00e1squet<\/title>\n<meta name=\"robots\" content=\"index, follow, max-snippet:-1, max-image-preview:large, max-video-preview:-1\" \/>\n<link rel=\"canonical\" href=\"http:\/\/gentedebasquet.com.ar\/sitio\/2014\/10\/16\/barracas-regreso-de-su-gira\/\" \/>\n<meta property=\"og:locale\" content=\"es_ES\" \/>\n<meta property=\"og:type\" content=\"article\" \/>\n<meta property=\"og:title\" content=\"Barracas regres\u00f3 de su gira - Gente de B\u00e1squet\" \/>\n<meta property=\"og:description\" content=\"Complet\u00f3 sus primeros cinco juegos por la Liga U17 Femenina\" \/>\n<meta property=\"og:url\" content=\"http:\/\/gentedebasquet.com.ar\/sitio\/2014\/10\/16\/barracas-regreso-de-su-gira\/\" \/>\n<meta property=\"og:site_name\" content=\"Gente de B\u00e1squet\" \/>\n<meta property=\"article:published_time\" content=\"2014-10-16T16:31:19+00:00\" \/>\n<meta property=\"og:image\" content=\"http:\/\/gentedebasquet.com.ar\/sitio\/wp-content\/uploads\/2014\/10\/Liga-U17-Barracas.jpg\" \/>\n\t<meta property=\"og:image:width\" content=\"300\" \/>\n\t<meta property=\"og:image:height\" content=\"226\" \/>\n\t<meta property=\"og:image:type\" content=\"image\/jpeg\" \/>\n<meta name=\"author\" content=\"Gente de B\u00e1squet\" \/>\n<meta name=\"twitter:card\" content=\"summary_large_image\" \/>\n<meta name=\"twitter:label1\" content=\"Escrito por\" \/>\n\t<meta name=\"twitter:data1\" content=\"Gente de B\u00e1squet\" \/>\n\t<meta name=\"twitter:label2\" content=\"Tiempo de lectura\" \/>\n\t<meta name=\"twitter:data2\" content=\"4 minutos\" \/>\n<script type=\"application\/ld+json\" class=\"yoast-schema-graph\">{\"@context\":\"https:\\\/\\\/schema.org\",\"@graph\":[{\"@type\":\"Article\",\"@id\":\"http:\\\/\\\/gentedebasquet.com.ar\\\/sitio\\\/2014\\\/10\\\/16\\\/barracas-regreso-de-su-gira\\\/#article\",\"isPartOf\":{\"@id\":\"http:\\\/\\\/gentedebasquet.com.ar\\\/sitio\\\/2014\\\/10\\\/16\\\/barracas-regreso-de-su-gira\\\/\"},\"author\":{\"name\":\"Gente de B\u00e1squet\",\"@id\":\"https:\\\/\\\/gentedebasquet.com.ar\\\/sitio\\\/#\\\/schema\\\/person\\\/ca0b63bbb977369988a7bbbdc519943a\"},\"headline\":\"Barracas regres\u00f3 de su gira\",\"datePublished\":\"2014-10-16T16:31:19+00:00\",\"mainEntityOfPage\":{\"@id\":\"http:\\\/\\\/gentedebasquet.com.ar\\\/sitio\\\/2014\\\/10\\\/16\\\/barracas-regreso-de-su-gira\\\/\"},\"wordCount\":730,\"image\":{\"@id\":\"http:\\\/\\\/gentedebasquet.com.ar\\\/sitio\\\/2014\\\/10\\\/16\\\/barracas-regreso-de-su-gira\\\/#primaryimage\"},\"thumbnailUrl\":\"http:\\\/\\\/gentedebasquet.com.ar\\\/sitio\\\/wp-content\\\/uploads\\\/2014\\\/10\\\/Liga-U17-Barracas.jpg\",\"keywords\":[\"Barracas Central\",\"Femenino\",\"Gabriel M\u00e9rida\",\"Liga U17\"],\"articleSection\":[\"Femenino\"],\"inLanguage\":\"es\"},{\"@type\":\"WebPage\",\"@id\":\"http:\\\/\\\/gentedebasquet.com.ar\\\/sitio\\\/2014\\\/10\\\/16\\\/barracas-regreso-de-su-gira\\\/\",\"url\":\"http:\\\/\\\/gentedebasquet.com.ar\\\/sitio\\\/2014\\\/10\\\/16\\\/barracas-regreso-de-su-gira\\\/\",\"name\":\"Barracas regres\u00f3 de su gira - Gente de B\u00e1squet\",\"isPartOf\":{\"@id\":\"https:\\\/\\\/gentedebasquet.com.ar\\\/sitio\\\/#website\"},\"primaryImageOfPage\":{\"@id\":\"http:\\\/\\\/gentedebasquet.com.ar\\\/sitio\\\/2014\\\/10\\\/16\\\/barracas-regreso-de-su-gira\\\/#primaryimage\"},\"image\":{\"@id\":\"http:\\\/\\\/gentedebasquet.com.ar\\\/sitio\\\/2014\\\/10\\\/16\\\/barracas-regreso-de-su-gira\\\/#primaryimage\"},\"thumbnailUrl\":\"http:\\\/\\\/gentedebasquet.com.ar\\\/sitio\\\/wp-content\\\/uploads\\\/2014\\\/10\\\/Liga-U17-Barracas.jpg\",\"datePublished\":\"2014-10-16T16:31:19+00:00\",\"author\":{\"@id\":\"https:\\\/\\\/gentedebasquet.com.ar\\\/sitio\\\/#\\\/schema\\\/person\\\/ca0b63bbb977369988a7bbbdc519943a\"},\"breadcrumb\":{\"@id\":\"http:\\\/\\\/gentedebasquet.com.ar\\\/sitio\\\/2014\\\/10\\\/16\\\/barracas-regreso-de-su-gira\\\/#breadcrumb\"},\"inLanguage\":\"es\",\"potentialAction\":[{\"@type\":\"ReadAction\",\"target\":[\"http:\\\/\\\/gentedebasquet.com.ar\\\/sitio\\\/2014\\\/10\\\/16\\\/barracas-regreso-de-su-gira\\\/\"]}]},{\"@type\":\"ImageObject\",\"inLanguage\":\"es\",\"@id\":\"http:\\\/\\\/gentedebasquet.com.ar\\\/sitio\\\/2014\\\/10\\\/16\\\/barracas-regreso-de-su-gira\\\/#primaryimage\",\"url\":\"http:\\\/\\\/gentedebasquet.com.ar\\\/sitio\\\/wp-content\\\/uploads\\\/2014\\\/10\\\/Liga-U17-Barracas.jpg\",\"contentUrl\":\"http:\\\/\\\/gentedebasquet.com.ar\\\/sitio\\\/wp-content\\\/uploads\\\/2014\\\/10\\\/Liga-U17-Barracas.jpg\",\"width\":300,\"height\":226},{\"@type\":\"BreadcrumbList\",\"@id\":\"http:\\\/\\\/gentedebasquet.com.ar\\\/sitio\\\/2014\\\/10\\\/16\\\/barracas-regreso-de-su-gira\\\/#breadcrumb\",\"itemListElement\":[{\"@type\":\"ListItem\",\"position\":1,\"name\":\"Portada\",\"item\":\"https:\\\/\\\/gentedebasquet.com.ar\\\/sitio\\\/\"},{\"@type\":\"ListItem\",\"position\":2,\"name\":\"Barracas regres\u00f3 de su gira\"}]},{\"@type\":\"WebSite\",\"@id\":\"https:\\\/\\\/gentedebasquet.com.ar\\\/sitio\\\/#website\",\"url\":\"https:\\\/\\\/gentedebasquet.com.ar\\\/sitio\\\/\",\"name\":\"Gente de B\u00e1squet\",\"description\":\"La revista del basquet de Bah\u00eda Blanca\",\"potentialAction\":[{\"@type\":\"SearchAction\",\"target\":{\"@type\":\"EntryPoint\",\"urlTemplate\":\"https:\\\/\\\/gentedebasquet.com.ar\\\/sitio\\\/?s={search_term_string}\"},\"query-input\":{\"@type\":\"PropertyValueSpecification\",\"valueRequired\":true,\"valueName\":\"search_term_string\"}}],\"inLanguage\":\"es\"},{\"@type\":\"Person\",\"@id\":\"https:\\\/\\\/gentedebasquet.com.ar\\\/sitio\\\/#\\\/schema\\\/person\\\/ca0b63bbb977369988a7bbbdc519943a\",\"name\":\"Gente de B\u00e1squet\",\"image\":{\"@type\":\"ImageObject\",\"inLanguage\":\"es\",\"@id\":\"https:\\\/\\\/secure.gravatar.com\\\/avatar\\\/7f2c48bdc33b30088f941fb6082e555f2874c98e20cb159d7b92b50eadfce793?s=96&d=mm&r=g\",\"url\":\"https:\\\/\\\/secure.gravatar.com\\\/avatar\\\/7f2c48bdc33b30088f941fb6082e555f2874c98e20cb159d7b92b50eadfce793?s=96&d=mm&r=g\",\"contentUrl\":\"https:\\\/\\\/secure.gravatar.com\\\/avatar\\\/7f2c48bdc33b30088f941fb6082e555f2874c98e20cb159d7b92b50eadfce793?s=96&d=mm&r=g\",\"caption\":\"Gente de B\u00e1squet\"},\"sameAs\":[\"http:\\\/\\\/gentedebasquet.com.ar\\\/sitio\"],\"url\":\"http:\\\/\\\/gentedebasquet.com.ar\\\/sitio\\\/author\\\/ulises\\\/\"}]}<\/script>\n<!-- \/ Yoast SEO plugin. -->","yoast_head_json":{"title":"Barracas regres\u00f3 de su gira - Gente de B\u00e1squet","robots":{"index":"index","follow":"follow","max-snippet":"max-snippet:-1","max-image-preview":"max-image-preview:large","max-video-preview":"max-video-preview:-1"},"canonical":"http:\/\/gentedebasquet.com.ar\/sitio\/2014\/10\/16\/barracas-regreso-de-su-gira\/","og_locale":"es_ES","og_type":"article","og_title":"Barracas regres\u00f3 de su gira - Gente de B\u00e1squet","og_description":"Complet\u00f3 sus primeros cinco juegos por la Liga U17 Femenina","og_url":"http:\/\/gentedebasquet.com.ar\/sitio\/2014\/10\/16\/barracas-regreso-de-su-gira\/","og_site_name":"Gente de B\u00e1squet","article_published_time":"2014-10-16T16:31:19+00:00","og_image":[{"width":300,"height":226,"url":"http:\/\/gentedebasquet.com.ar\/sitio\/wp-content\/uploads\/2014\/10\/Liga-U17-Barracas.jpg","type":"image\/jpeg"}],"author":"Gente de B\u00e1squet","twitter_card":"summary_large_image","twitter_misc":{"Escrito por":"Gente de B\u00e1squet","Tiempo de lectura":"4 minutos"},"schema":{"@context":"https:\/\/schema.org","@graph":[{"@type":"Article","@id":"http:\/\/gentedebasquet.com.ar\/sitio\/2014\/10\/16\/barracas-regreso-de-su-gira\/#article","isPartOf":{"@id":"http:\/\/gentedebasquet.com.ar\/sitio\/2014\/10\/16\/barracas-regreso-de-su-gira\/"},"author":{"name":"Gente de B\u00e1squet","@id":"https:\/\/gentedebasquet.com.ar\/sitio\/#\/schema\/person\/ca0b63bbb977369988a7bbbdc519943a"},"headline":"Barracas regres\u00f3 de su gira","datePublished":"2014-10-16T16:31:19+00:00","mainEntityOfPage":{"@id":"http:\/\/gentedebasquet.com.ar\/sitio\/2014\/10\/16\/barracas-regreso-de-su-gira\/"},"wordCount":730,"image":{"@id":"http:\/\/gentedebasquet.com.ar\/sitio\/2014\/10\/16\/barracas-regreso-de-su-gira\/#primaryimage"},"thumbnailUrl":"http:\/\/gentedebasquet.com.ar\/sitio\/wp-content\/uploads\/2014\/10\/Liga-U17-Barracas.jpg","keywords":["Barracas Central","Femenino","Gabriel M\u00e9rida","Liga U17"],"articleSection":["Femenino"],"inLanguage":"es"},{"@type":"WebPage","@id":"http:\/\/gentedebasquet.com.ar\/sitio\/2014\/10\/16\/barracas-regreso-de-su-gira\/","url":"http:\/\/gentedebasquet.com.ar\/sitio\/2014\/10\/16\/barracas-regreso-de-su-gira\/","name":"Barracas regres\u00f3 de su gira - Gente de B\u00e1squet","isPartOf":{"@id":"https:\/\/gentedebasquet.com.ar\/sitio\/#website"},"primaryImageOfPage":{"@id":"http:\/\/gentedebasquet.com.ar\/sitio\/2014\/10\/16\/barracas-regreso-de-su-gira\/#primaryimage"},"image":{"@id":"http:\/\/gentedebasquet.com.ar\/sitio\/2014\/10\/16\/barracas-regreso-de-su-gira\/#primaryimage"},"thumbnailUrl":"http:\/\/gentedebasquet.com.ar\/sitio\/wp-content\/uploads\/2014\/10\/Liga-U17-Barracas.jpg","datePublished":"2014-10-16T16:31:19+00:00","author":{"@id":"https:\/\/gentedebasquet.com.ar\/sitio\/#\/schema\/person\/ca0b63bbb977369988a7bbbdc519943a"},"breadcrumb":{"@id":"http:\/\/gentedebasquet.com.ar\/sitio\/2014\/10\/16\/barracas-regreso-de-su-gira\/#breadcrumb"},"inLanguage":"es","potentialAction":[{"@type":"ReadAction","target":["http:\/\/gentedebasquet.com.ar\/sitio\/2014\/10\/16\/barracas-regreso-de-su-gira\/"]}]},{"@type":"ImageObject","inLanguage":"es","@id":"http:\/\/gentedebasquet.com.ar\/sitio\/2014\/10\/16\/barracas-regreso-de-su-gira\/#primaryimage","url":"http:\/\/gentedebasquet.com.ar\/sitio\/wp-content\/uploads\/2014\/10\/Liga-U17-Barracas.jpg","contentUrl":"http:\/\/gentedebasquet.com.ar\/sitio\/wp-content\/uploads\/2014\/10\/Liga-U17-Barracas.jpg","width":300,"height":226},{"@type":"BreadcrumbList","@id":"http:\/\/gentedebasquet.com.ar\/sitio\/2014\/10\/16\/barracas-regreso-de-su-gira\/#breadcrumb","itemListElement":[{"@type":"ListItem","position":1,"name":"Portada","item":"https:\/\/gentedebasquet.com.ar\/sitio\/"},{"@type":"ListItem","position":2,"name":"Barracas regres\u00f3 de su gira"}]},{"@type":"WebSite","@id":"https:\/\/gentedebasquet.com.ar\/sitio\/#website","url":"https:\/\/gentedebasquet.com.ar\/sitio\/","name":"Gente de B\u00e1squet","description":"La revista del basquet de Bah\u00eda Blanca","potentialAction":[{"@type":"SearchAction","target":{"@type":"EntryPoint","urlTemplate":"https:\/\/gentedebasquet.com.ar\/sitio\/?s={search_term_string}"},"query-input":{"@type":"PropertyValueSpecification","valueRequired":true,"valueName":"search_term_string"}}],"inLanguage":"es"},{"@type":"Person","@id":"https:\/\/gentedebasquet.com.ar\/sitio\/#\/schema\/person\/ca0b63bbb977369988a7bbbdc519943a","name":"Gente de B\u00e1squet","image":{"@type":"ImageObject","inLanguage":"es","@id":"https:\/\/secure.gravatar.com\/avatar\/7f2c48bdc33b30088f941fb6082e555f2874c98e20cb159d7b92b50eadfce793?s=96&d=mm&r=g","url":"https:\/\/secure.gravatar.com\/avatar\/7f2c48bdc33b30088f941fb6082e555f2874c98e20cb159d7b92b50eadfce793?s=96&d=mm&r=g","contentUrl":"https:\/\/secure.gravatar.com\/avatar\/7f2c48bdc33b30088f941fb6082e555f2874c98e20cb159d7b92b50eadfce793?s=96&d=mm&r=g","caption":"Gente de B\u00e1squet"},"sameAs":["http:\/\/gentedebasquet.com.ar\/sitio"],"url":"http:\/\/gentedebasquet.com.ar\/sitio\/author\/ulises\/"}]}},"_links":{"self":[{"href":"http:\/\/gentedebasquet.com.ar\/sitio\/wp-json\/wp\/v2\/posts\/39517","targetHints":{"allow":["GET"]}}],"collection":[{"href":"http:\/\/gentedebasquet.com.ar\/sitio\/wp-json\/wp\/v2\/posts"}],"about":[{"href":"http:\/\/gentedebasquet.com.ar\/sitio\/wp-json\/wp\/v2\/types\/post"}],"author":[{"embeddable":true,"href":"http:\/\/gentedebasquet.com.ar\/sitio\/wp-json\/wp\/v2\/users\/1"}],"replies":[{"embeddable":true,"href":"http:\/\/gentedebasquet.com.ar\/sitio\/wp-json\/wp\/v2\/comments?post=39517"}],"version-history":[{"count":0,"href":"http:\/\/gentedebasquet.com.ar\/sitio\/wp-json\/wp\/v2\/posts\/39517\/revisions"}],"wp:featuredmedia":[{"embeddable":true,"href":"http:\/\/gentedebasquet.com.ar\/sitio\/wp-json\/wp\/v2\/media\/39518"}],"wp:attachment":[{"href":"http:\/\/gentedebasquet.com.ar\/sitio\/wp-json\/wp\/v2\/media?parent=39517"}],"wp:term":[{"taxonomy":"category","embeddable":true,"href":"http:\/\/gentedebasquet.com.ar\/sitio\/wp-json\/wp\/v2\/categories?post=39517"},{"taxonomy":"post_tag","embeddable":true,"href":"http:\/\/gentedebasquet.com.ar\/sitio\/wp-json\/wp\/v2\/tags?post=39517"}],"curies":[{"name":"wp","href":"https:\/\/api.w.org\/{rel}","templated":true}]}}