{"id":39535,"date":"2014-10-18T23:30:25","date_gmt":"2014-10-19T02:30:25","guid":{"rendered":"http:\/\/www.gentedebasquet.com.ar\/?p=39535"},"modified":"2014-10-18T23:30:25","modified_gmt":"2014-10-19T02:30:25","slug":"albo-a-semifinales","status":"publish","type":"post","link":"http:\/\/gentedebasquet.com.ar\/sitio\/2014\/10\/18\/albo-a-semifinales\/","title":{"rendered":"Albo a Semifinales"},"content":{"rendered":"<p><strong>Disputada la segunda jornada de cuartos de final de la Liga U15, solo Estudiantes y GEVP, ambos de la Zona C, aseguraron su pase a la siguiente instancia. Este domingo se definen los 10 clasificados restantes. El Albo venci\u00f3 en su segunda presentaci\u00f3n a Lan\u00fas, por 75 a 65, con actuaciones destacadas de Nicol\u00e1s Paternostro (23), Juan Ignacio Gonz\u00e1lez (13 y 4 asistencias) y Alexis Adri\u00e1n (14 y 9 rebotes).<\/strong><\/p>\n<p><strong>ZONA A \u2013 MENDOZA<\/strong><br \/>\nEn duelo de santiague\u00f1os, Quimsa le gan\u00f3 63-55 a Hurac\u00e1n y qued\u00f3 primero en la Zona A, que se disputa en Mendoza. Adem\u00e1s, el equipo fusionado qued\u00f3 muy cerca de la clasificaci\u00f3n a semis. A segundo turno, Mendoza de Regatas derrot\u00f3 53-51 al anfitri\u00f3n Atenas de Mendoza y mantiene sus chances de avanzar de ronda.<\/p>\n<p>POSICIONES<br \/>\n1\u00ba Quimsa 4 pts (2-0)<br \/>\n2\u00ba Hurac\u00e1n (Santiago) 3 pts (1-1)<br \/>\n3\u00ba Mendoza de Regatas 3 pts (1-1)<br \/>\n4\u00ba Atenas (Mendoza) 2 pts (0-2)<\/p>\n<p>TERCERA JORNADA<br \/>\nMendoza de Regatas vs Quimsa de Santiago del Estero<br \/>\nAtenas de Mendoza vs Hurac\u00e1n de Santiago del Estero<\/p>\n<p><strong>ZONA B \u2013 CHUBUT<\/strong><br \/>\nEn Chubut, por la Zona B, Independiente de Neuqu\u00e9n logr\u00f3 un contundente triunfo 71-44 sobre P\u00e9rfora Plaza Huincul, y se meti\u00f3 en la lucha por uno de los boletos a semifinales. Posteriormente, Hurac\u00e1n de Trelew ratific\u00f3 su r\u00f3tulo de candidato con un claro triunfo (62-34) sobre el organizador del cuadrangular, N\u00e1utico Rada Tilly.<\/p>\n<p>POSICIONES<br \/>\n1\u00ba Hurac\u00e1n (Trelew) 4 pts (2-0)<br \/>\n2\u00ba Independiente (Neuqu\u00e9n) 3 pts (1-1)<br \/>\n3\u00ba P\u00e9rfora 3 pts (1-1)<br \/>\n4\u00ba N\u00e1utico Rada Tilly 2 pts (0-2)<\/p>\n<p>TERCERA JORNADA<br \/>\n10 hs &#8211; P\u00e9rfora de Plaza Huincul vs Hurac\u00e1n de Trelew<br \/>\n12 hs &#8211; N\u00e1utico Rada Tilly vs Independiente de Neuqu\u00e9n<\/p>\n<p><strong>ZONA C &#8211; BUENOS AIRES<\/strong><br \/>\nLa Zona C, organizada por N\u00e1utico Z\u00e1rate de Buenos Aires, es la \u00fanica que ya resolvi\u00f3 a sus dos clasificados a semifinales. <strong>Estudiantes de Bah\u00eda Blanca<\/strong> venci\u00f3 75-65 a Lan\u00fas y GEVP derrot\u00f3 58-55 a N\u00e1utico. De esta manera, los dos vencedores tienen marca de 2-0 y se aseguraron la clasificaci\u00f3n a la siguiente instancia. Este domingo definir\u00e1n mano a mano quien es el ganador de la zona.<\/p>\n<p>POSICIONES<br \/>\n1\u00ba Estudiantes 4 pts (2-0)<br \/>\n2\u00ba GEVP pts (2-0)<br \/>\n3\u00ba N\u00e1utico Z\u00e1rate 2 pts (0-2)<br \/>\n4\u00ba Lan\u00fas 2 pts (0-2)<\/p>\n<p>TERCERA JORNADA<br \/>\n09 hs &#8211; GEVP (CABA) vs <strong>Estudiantes de Bah\u00eda Blanca<\/strong><br \/>\n11 hs &#8211; N\u00e1utico Z\u00e1rate vs Lan\u00fas<\/p>\n<p><strong>ZONA D \u2013 PARAN\u00c1<\/strong><br \/>\nEn Paran\u00e1, por la Zona D, Independiente de La Paz (Entre R\u00edos) sigue a paso firme y qued\u00f3 muy cerca de lograr la clasificaci\u00f3n a semifinales, tras vencer 77-68 a Villa San Mart\u00edn de Resistencia. Posteriormente, Italiana de Charata derrot\u00f3 69-64 a Ciclista de Paran\u00e1 y se ilusiona con la posibilidad de avanzar de ronda.<\/p>\n<p>POSICIONES<br \/>\n1\u00ba Independiente (La Paz) 4 pts (2-0)<br \/>\n2\u00ba Italiana de Charata 3 pts (1-1)<br \/>\n3\u00ba Ciclista 3 pts (1-1)<br \/>\n4\u00ba Villa San Mart\u00edn 2 pts (0-2)<\/p>\n<p>TERCERA JORNADA<br \/>\n10 hs &#8211; Villa San Mart\u00edn de Resistencia vs Italiana de Charata<br \/>\n11.45 hs &#8211; Ciclista de Paran\u00e1 vs Independiente de La Paz<\/p>\n<p><strong>ZONA E \u2013 CERES<\/strong><br \/>\nEn Ceres, provincia de Santa Fe, Atenas de C\u00f3rdoba domina en la Zona E, tras ganarle 68-59 a sus comprovincianos de Uni\u00f3n El\u00e9ctrica. Atenas es otro de los equipos que quedaron al borde de la clasificaci\u00f3n. Cerrando la jornada, Libertad de Sunchales revivi\u00f3 con un ag\u00f3nico triunfo 67-66 sobre Uni\u00f3n Ceres y buscar\u00e1 este domingo su clasificaci\u00f3n.<\/p>\n<p>POSICIONES<br \/>\n1\u00ba Atenas (C\u00f3rdoba) 4 pts (2-0)<br \/>\n2\u00ba Libertad 3 pts (1-1)<br \/>\n3\u00ba Uni\u00f3n Ceres 3 pts (1-1)<br \/>\n4\u00ba Uni\u00f3n El\u00e9ctrica 2 pts (0-2)<\/p>\n<p>TERCERA JORNADA<br \/>\n10.30 hs &#8211; Libertad de Sunchales vs Uni\u00f3n El\u00e9ctrica de C\u00f3rdoba<br \/>\n12.30 hs &#8211; Uni\u00f3n Ceres vs Atenas de C\u00f3rdoba<\/p>\n<p><strong>Fuente:<\/strong>\u00a0Diego Garc\u00eda (Prensa CABB) y Anal\u00eda Cantaro.<\/p>\n<p><strong>Foto:<\/strong> gentileza Fefo Ruiz.<\/p>\n","protected":false},"excerpt":{"rendered":"<p>Estudiantes venci\u00f3 a Lan\u00fas 75-65 por la Liga U15 y avanz\u00f3 de ronda<\/p>\n","protected":false},"author":1,"featured_media":39536,"comment_status":"closed","ping_status":"open","sticky":false,"template":"","format":"standard","meta":{"jnews-multi-image_gallery":[],"jnews_single_post":[],"jnews_primary_category":[],"footnotes":""},"categories":[27],"tags":[370,11,464,77,822,373],"class_list":["post-39535","post","type-post","status-publish","format-standard","has-post-thumbnail","hentry","category-u15","tag-alexis-adrian","tag-estudiantes","tag-juan-ignacio-gonzalez","tag-lanus","tag-liga-u15","tag-nicolas-paternostro"],"yoast_head":"<!-- This site is optimized with the Yoast SEO plugin v27.5 - https:\/\/yoast.com\/product\/yoast-seo-wordpress\/ -->\n<title>Albo a Semifinales - Gente de B\u00e1squet<\/title>\n<meta name=\"robots\" content=\"index, follow, max-snippet:-1, max-image-preview:large, max-video-preview:-1\" \/>\n<link rel=\"canonical\" href=\"https:\/\/gentedebasquet.com.ar\/sitio\/2014\/10\/18\/albo-a-semifinales\/\" \/>\n<meta property=\"og:locale\" content=\"es_ES\" \/>\n<meta property=\"og:type\" content=\"article\" \/>\n<meta property=\"og:title\" content=\"Albo a Semifinales - Gente de B\u00e1squet\" \/>\n<meta property=\"og:description\" content=\"Estudiantes venci\u00f3 a Lan\u00fas 75-65 por la Liga U15 y avanz\u00f3 de ronda\" \/>\n<meta property=\"og:url\" content=\"https:\/\/gentedebasquet.com.ar\/sitio\/2014\/10\/18\/albo-a-semifinales\/\" \/>\n<meta property=\"og:site_name\" content=\"Gente de B\u00e1squet\" \/>\n<meta property=\"article:published_time\" content=\"2014-10-19T02:30:25+00:00\" \/>\n<meta property=\"og:image\" content=\"https:\/\/gentedebasquet.com.ar\/sitio\/wp-content\/uploads\/2014\/10\/Estudiantes-Lanus-U15.jpg\" \/>\n\t<meta property=\"og:image:width\" content=\"300\" \/>\n\t<meta property=\"og:image:height\" content=\"226\" \/>\n\t<meta property=\"og:image:type\" content=\"image\/jpeg\" \/>\n<meta name=\"author\" content=\"Gente de B\u00e1squet\" \/>\n<meta name=\"twitter:card\" content=\"summary_large_image\" \/>\n<meta name=\"twitter:label1\" content=\"Escrito por\" \/>\n\t<meta name=\"twitter:data1\" content=\"Gente de B\u00e1squet\" \/>\n\t<meta name=\"twitter:label2\" content=\"Tiempo de lectura\" \/>\n\t<meta name=\"twitter:data2\" content=\"3 minutos\" \/>\n<script type=\"application\/ld+json\" class=\"yoast-schema-graph\">{\"@context\":\"https:\\\/\\\/schema.org\",\"@graph\":[{\"@type\":\"Article\",\"@id\":\"https:\\\/\\\/gentedebasquet.com.ar\\\/sitio\\\/2014\\\/10\\\/18\\\/albo-a-semifinales\\\/#article\",\"isPartOf\":{\"@id\":\"https:\\\/\\\/gentedebasquet.com.ar\\\/sitio\\\/2014\\\/10\\\/18\\\/albo-a-semifinales\\\/\"},\"author\":{\"name\":\"Gente de B\u00e1squet\",\"@id\":\"https:\\\/\\\/gentedebasquet.com.ar\\\/sitio\\\/#\\\/schema\\\/person\\\/ca0b63bbb977369988a7bbbdc519943a\"},\"headline\":\"Albo a Semifinales\",\"datePublished\":\"2014-10-19T02:30:25+00:00\",\"mainEntityOfPage\":{\"@id\":\"https:\\\/\\\/gentedebasquet.com.ar\\\/sitio\\\/2014\\\/10\\\/18\\\/albo-a-semifinales\\\/\"},\"wordCount\":628,\"image\":{\"@id\":\"https:\\\/\\\/gentedebasquet.com.ar\\\/sitio\\\/2014\\\/10\\\/18\\\/albo-a-semifinales\\\/#primaryimage\"},\"thumbnailUrl\":\"http:\\\/\\\/gentedebasquet.com.ar\\\/sitio\\\/wp-content\\\/uploads\\\/2014\\\/10\\\/Estudiantes-Lanus-U15.jpg\",\"keywords\":[\"Alexis Adri\u00e1n\",\"Estudiantes\",\"Juan Ignacio Gonz\u00e1lez\",\"Lan\u00fas\",\"Liga U15\",\"Nicol\u00e1s Paternostro\"],\"articleSection\":[\"U15\"],\"inLanguage\":\"es\"},{\"@type\":\"WebPage\",\"@id\":\"https:\\\/\\\/gentedebasquet.com.ar\\\/sitio\\\/2014\\\/10\\\/18\\\/albo-a-semifinales\\\/\",\"url\":\"https:\\\/\\\/gentedebasquet.com.ar\\\/sitio\\\/2014\\\/10\\\/18\\\/albo-a-semifinales\\\/\",\"name\":\"Albo a Semifinales - Gente de B\u00e1squet\",\"isPartOf\":{\"@id\":\"https:\\\/\\\/gentedebasquet.com.ar\\\/sitio\\\/#website\"},\"primaryImageOfPage\":{\"@id\":\"https:\\\/\\\/gentedebasquet.com.ar\\\/sitio\\\/2014\\\/10\\\/18\\\/albo-a-semifinales\\\/#primaryimage\"},\"image\":{\"@id\":\"https:\\\/\\\/gentedebasquet.com.ar\\\/sitio\\\/2014\\\/10\\\/18\\\/albo-a-semifinales\\\/#primaryimage\"},\"thumbnailUrl\":\"http:\\\/\\\/gentedebasquet.com.ar\\\/sitio\\\/wp-content\\\/uploads\\\/2014\\\/10\\\/Estudiantes-Lanus-U15.jpg\",\"datePublished\":\"2014-10-19T02:30:25+00:00\",\"author\":{\"@id\":\"https:\\\/\\\/gentedebasquet.com.ar\\\/sitio\\\/#\\\/schema\\\/person\\\/ca0b63bbb977369988a7bbbdc519943a\"},\"breadcrumb\":{\"@id\":\"https:\\\/\\\/gentedebasquet.com.ar\\\/sitio\\\/2014\\\/10\\\/18\\\/albo-a-semifinales\\\/#breadcrumb\"},\"inLanguage\":\"es\",\"potentialAction\":[{\"@type\":\"ReadAction\",\"target\":[\"https:\\\/\\\/gentedebasquet.com.ar\\\/sitio\\\/2014\\\/10\\\/18\\\/albo-a-semifinales\\\/\"]}]},{\"@type\":\"ImageObject\",\"inLanguage\":\"es\",\"@id\":\"https:\\\/\\\/gentedebasquet.com.ar\\\/sitio\\\/2014\\\/10\\\/18\\\/albo-a-semifinales\\\/#primaryimage\",\"url\":\"http:\\\/\\\/gentedebasquet.com.ar\\\/sitio\\\/wp-content\\\/uploads\\\/2014\\\/10\\\/Estudiantes-Lanus-U15.jpg\",\"contentUrl\":\"http:\\\/\\\/gentedebasquet.com.ar\\\/sitio\\\/wp-content\\\/uploads\\\/2014\\\/10\\\/Estudiantes-Lanus-U15.jpg\",\"width\":300,\"height\":226},{\"@type\":\"BreadcrumbList\",\"@id\":\"https:\\\/\\\/gentedebasquet.com.ar\\\/sitio\\\/2014\\\/10\\\/18\\\/albo-a-semifinales\\\/#breadcrumb\",\"itemListElement\":[{\"@type\":\"ListItem\",\"position\":1,\"name\":\"Portada\",\"item\":\"https:\\\/\\\/gentedebasquet.com.ar\\\/sitio\\\/\"},{\"@type\":\"ListItem\",\"position\":2,\"name\":\"Albo a Semifinales\"}]},{\"@type\":\"WebSite\",\"@id\":\"https:\\\/\\\/gentedebasquet.com.ar\\\/sitio\\\/#website\",\"url\":\"https:\\\/\\\/gentedebasquet.com.ar\\\/sitio\\\/\",\"name\":\"Gente de B\u00e1squet\",\"description\":\"La revista del basquet de Bah\u00eda Blanca\",\"potentialAction\":[{\"@type\":\"SearchAction\",\"target\":{\"@type\":\"EntryPoint\",\"urlTemplate\":\"https:\\\/\\\/gentedebasquet.com.ar\\\/sitio\\\/?s={search_term_string}\"},\"query-input\":{\"@type\":\"PropertyValueSpecification\",\"valueRequired\":true,\"valueName\":\"search_term_string\"}}],\"inLanguage\":\"es\"},{\"@type\":\"Person\",\"@id\":\"https:\\\/\\\/gentedebasquet.com.ar\\\/sitio\\\/#\\\/schema\\\/person\\\/ca0b63bbb977369988a7bbbdc519943a\",\"name\":\"Gente de B\u00e1squet\",\"image\":{\"@type\":\"ImageObject\",\"inLanguage\":\"es\",\"@id\":\"https:\\\/\\\/secure.gravatar.com\\\/avatar\\\/7f2c48bdc33b30088f941fb6082e555f2874c98e20cb159d7b92b50eadfce793?s=96&d=mm&r=g\",\"url\":\"https:\\\/\\\/secure.gravatar.com\\\/avatar\\\/7f2c48bdc33b30088f941fb6082e555f2874c98e20cb159d7b92b50eadfce793?s=96&d=mm&r=g\",\"contentUrl\":\"https:\\\/\\\/secure.gravatar.com\\\/avatar\\\/7f2c48bdc33b30088f941fb6082e555f2874c98e20cb159d7b92b50eadfce793?s=96&d=mm&r=g\",\"caption\":\"Gente de B\u00e1squet\"},\"sameAs\":[\"http:\\\/\\\/gentedebasquet.com.ar\\\/sitio\"],\"url\":\"http:\\\/\\\/gentedebasquet.com.ar\\\/sitio\\\/author\\\/ulises\\\/\"}]}<\/script>\n<!-- \/ Yoast SEO plugin. -->","yoast_head_json":{"title":"Albo a Semifinales - Gente de B\u00e1squet","robots":{"index":"index","follow":"follow","max-snippet":"max-snippet:-1","max-image-preview":"max-image-preview:large","max-video-preview":"max-video-preview:-1"},"canonical":"https:\/\/gentedebasquet.com.ar\/sitio\/2014\/10\/18\/albo-a-semifinales\/","og_locale":"es_ES","og_type":"article","og_title":"Albo a Semifinales - Gente de B\u00e1squet","og_description":"Estudiantes venci\u00f3 a Lan\u00fas 75-65 por la Liga U15 y avanz\u00f3 de ronda","og_url":"https:\/\/gentedebasquet.com.ar\/sitio\/2014\/10\/18\/albo-a-semifinales\/","og_site_name":"Gente de B\u00e1squet","article_published_time":"2014-10-19T02:30:25+00:00","og_image":[{"width":300,"height":226,"url":"https:\/\/gentedebasquet.com.ar\/sitio\/wp-content\/uploads\/2014\/10\/Estudiantes-Lanus-U15.jpg","type":"image\/jpeg"}],"author":"Gente de B\u00e1squet","twitter_card":"summary_large_image","twitter_misc":{"Escrito por":"Gente de B\u00e1squet","Tiempo de lectura":"3 minutos"},"schema":{"@context":"https:\/\/schema.org","@graph":[{"@type":"Article","@id":"https:\/\/gentedebasquet.com.ar\/sitio\/2014\/10\/18\/albo-a-semifinales\/#article","isPartOf":{"@id":"https:\/\/gentedebasquet.com.ar\/sitio\/2014\/10\/18\/albo-a-semifinales\/"},"author":{"name":"Gente de B\u00e1squet","@id":"https:\/\/gentedebasquet.com.ar\/sitio\/#\/schema\/person\/ca0b63bbb977369988a7bbbdc519943a"},"headline":"Albo a Semifinales","datePublished":"2014-10-19T02:30:25+00:00","mainEntityOfPage":{"@id":"https:\/\/gentedebasquet.com.ar\/sitio\/2014\/10\/18\/albo-a-semifinales\/"},"wordCount":628,"image":{"@id":"https:\/\/gentedebasquet.com.ar\/sitio\/2014\/10\/18\/albo-a-semifinales\/#primaryimage"},"thumbnailUrl":"http:\/\/gentedebasquet.com.ar\/sitio\/wp-content\/uploads\/2014\/10\/Estudiantes-Lanus-U15.jpg","keywords":["Alexis Adri\u00e1n","Estudiantes","Juan Ignacio Gonz\u00e1lez","Lan\u00fas","Liga U15","Nicol\u00e1s Paternostro"],"articleSection":["U15"],"inLanguage":"es"},{"@type":"WebPage","@id":"https:\/\/gentedebasquet.com.ar\/sitio\/2014\/10\/18\/albo-a-semifinales\/","url":"https:\/\/gentedebasquet.com.ar\/sitio\/2014\/10\/18\/albo-a-semifinales\/","name":"Albo a Semifinales - Gente de B\u00e1squet","isPartOf":{"@id":"https:\/\/gentedebasquet.com.ar\/sitio\/#website"},"primaryImageOfPage":{"@id":"https:\/\/gentedebasquet.com.ar\/sitio\/2014\/10\/18\/albo-a-semifinales\/#primaryimage"},"image":{"@id":"https:\/\/gentedebasquet.com.ar\/sitio\/2014\/10\/18\/albo-a-semifinales\/#primaryimage"},"thumbnailUrl":"http:\/\/gentedebasquet.com.ar\/sitio\/wp-content\/uploads\/2014\/10\/Estudiantes-Lanus-U15.jpg","datePublished":"2014-10-19T02:30:25+00:00","author":{"@id":"https:\/\/gentedebasquet.com.ar\/sitio\/#\/schema\/person\/ca0b63bbb977369988a7bbbdc519943a"},"breadcrumb":{"@id":"https:\/\/gentedebasquet.com.ar\/sitio\/2014\/10\/18\/albo-a-semifinales\/#breadcrumb"},"inLanguage":"es","potentialAction":[{"@type":"ReadAction","target":["https:\/\/gentedebasquet.com.ar\/sitio\/2014\/10\/18\/albo-a-semifinales\/"]}]},{"@type":"ImageObject","inLanguage":"es","@id":"https:\/\/gentedebasquet.com.ar\/sitio\/2014\/10\/18\/albo-a-semifinales\/#primaryimage","url":"http:\/\/gentedebasquet.com.ar\/sitio\/wp-content\/uploads\/2014\/10\/Estudiantes-Lanus-U15.jpg","contentUrl":"http:\/\/gentedebasquet.com.ar\/sitio\/wp-content\/uploads\/2014\/10\/Estudiantes-Lanus-U15.jpg","width":300,"height":226},{"@type":"BreadcrumbList","@id":"https:\/\/gentedebasquet.com.ar\/sitio\/2014\/10\/18\/albo-a-semifinales\/#breadcrumb","itemListElement":[{"@type":"ListItem","position":1,"name":"Portada","item":"https:\/\/gentedebasquet.com.ar\/sitio\/"},{"@type":"ListItem","position":2,"name":"Albo a Semifinales"}]},{"@type":"WebSite","@id":"https:\/\/gentedebasquet.com.ar\/sitio\/#website","url":"https:\/\/gentedebasquet.com.ar\/sitio\/","name":"Gente de B\u00e1squet","description":"La revista del basquet de Bah\u00eda Blanca","potentialAction":[{"@type":"SearchAction","target":{"@type":"EntryPoint","urlTemplate":"https:\/\/gentedebasquet.com.ar\/sitio\/?s={search_term_string}"},"query-input":{"@type":"PropertyValueSpecification","valueRequired":true,"valueName":"search_term_string"}}],"inLanguage":"es"},{"@type":"Person","@id":"https:\/\/gentedebasquet.com.ar\/sitio\/#\/schema\/person\/ca0b63bbb977369988a7bbbdc519943a","name":"Gente de B\u00e1squet","image":{"@type":"ImageObject","inLanguage":"es","@id":"https:\/\/secure.gravatar.com\/avatar\/7f2c48bdc33b30088f941fb6082e555f2874c98e20cb159d7b92b50eadfce793?s=96&d=mm&r=g","url":"https:\/\/secure.gravatar.com\/avatar\/7f2c48bdc33b30088f941fb6082e555f2874c98e20cb159d7b92b50eadfce793?s=96&d=mm&r=g","contentUrl":"https:\/\/secure.gravatar.com\/avatar\/7f2c48bdc33b30088f941fb6082e555f2874c98e20cb159d7b92b50eadfce793?s=96&d=mm&r=g","caption":"Gente de B\u00e1squet"},"sameAs":["http:\/\/gentedebasquet.com.ar\/sitio"],"url":"http:\/\/gentedebasquet.com.ar\/sitio\/author\/ulises\/"}]}},"_links":{"self":[{"href":"http:\/\/gentedebasquet.com.ar\/sitio\/wp-json\/wp\/v2\/posts\/39535","targetHints":{"allow":["GET"]}}],"collection":[{"href":"http:\/\/gentedebasquet.com.ar\/sitio\/wp-json\/wp\/v2\/posts"}],"about":[{"href":"http:\/\/gentedebasquet.com.ar\/sitio\/wp-json\/wp\/v2\/types\/post"}],"author":[{"embeddable":true,"href":"http:\/\/gentedebasquet.com.ar\/sitio\/wp-json\/wp\/v2\/users\/1"}],"replies":[{"embeddable":true,"href":"http:\/\/gentedebasquet.com.ar\/sitio\/wp-json\/wp\/v2\/comments?post=39535"}],"version-history":[{"count":0,"href":"http:\/\/gentedebasquet.com.ar\/sitio\/wp-json\/wp\/v2\/posts\/39535\/revisions"}],"wp:featuredmedia":[{"embeddable":true,"href":"http:\/\/gentedebasquet.com.ar\/sitio\/wp-json\/wp\/v2\/media\/39536"}],"wp:attachment":[{"href":"http:\/\/gentedebasquet.com.ar\/sitio\/wp-json\/wp\/v2\/media?parent=39535"}],"wp:term":[{"taxonomy":"category","embeddable":true,"href":"http:\/\/gentedebasquet.com.ar\/sitio\/wp-json\/wp\/v2\/categories?post=39535"},{"taxonomy":"post_tag","embeddable":true,"href":"http:\/\/gentedebasquet.com.ar\/sitio\/wp-json\/wp\/v2\/tags?post=39535"}],"curies":[{"name":"wp","href":"https:\/\/api.w.org\/{rel}","templated":true}]}}