{"id":39576,"date":"2014-10-19T19:42:17","date_gmt":"2014-10-19T22:42:17","guid":{"rendered":"http:\/\/www.gentedebasquet.com.ar\/?p=39576"},"modified":"2014-10-19T19:42:17","modified_gmt":"2014-10-19T22:42:17","slug":"actrices-de-reparto","status":"publish","type":"post","link":"http:\/\/gentedebasquet.com.ar\/sitio\/2014\/10\/19\/actrices-de-reparto\/","title":{"rendered":"Actrices de reparto"},"content":{"rendered":"<p><strong>Encontrar gol en varias manos fue una de las claves por la que Barracas Central derrot\u00f3 con suficiencia a Sportivo Bahiense, en el torneo local femenino, por 75 a 24. Una serie de triples, contra zona, empezaron a torcer la balanza para el local, que cerr\u00f3 con actuaciones destacadas de Antonela Zabala (16 y 8 rebotes), Johanna Scheffer (15 y 4 robos), Vanina Eguren (15 y 7 recobres) y Maribel Gal\u00e9 (14 con 3\/8 3p). En el visitante, que perdi\u00f3 22 pelotas, la goleadora fue Roc\u00edo Hammerschmidt (6).<\/strong><\/p>\n<p>Las ausencias (Labiano, Ortiz, Conti y Civardi en el local; Casali, Islas e Irigoyen en la visita), hicieron presumir un juego m\u00e1s equilibrado del que se termin\u00f3 produciendo; sobre todo por la falta de peso en la pintura de Barracas. Pero una mayor concentraci\u00f3n en el inicio, sumado a aciertos desde 6.75 metros ante una defensa zonal planteada por el tricolor, simplificaron las cosas en Barracas, que nunca baj\u00f3 el ritmo y control\u00f3 el juego durante los 40 minutos.<\/p>\n<p>Con un par de bombas de Antonela Zabala el local arranc\u00f3 8-2, Minervino par\u00f3 el juego e intent\u00f3 buscar a Bante en la pintura, pero no tuvo respuestas y volvi\u00f3 a sufrir los lanzamientos de las locales, esta vez desde las manos de Maribel Gal\u00e9. M\u00e1s a\u00fan, el buen ingreso de Johanna Scheffer le dio al local seguridad en los pases y tambi\u00e9n gol, ya que se anot\u00f3 con un triple y dos dobles en el 2C para que Barracas logre 20 unidades de luz.<\/p>\n<p>Sportivo sali\u00f3 m\u00e1s agresivo al complemento, abandon\u00f3 la zona atr\u00e1s -o al menos marc\u00f3 mucho m\u00e1s tiempo personal-y as\u00ed logr\u00f3 anotar m\u00e1s puntos en el 3C que en toda la primera parte. Un triple de Roc\u00edo Hammerschmidt y apariciones de Bante y Nerina Mu\u00f1\u00f3z ne la pintura ilusionaron al elenco visitante, aunque la diferencia en el marcador ya era indescontable.<\/p>\n<p>Apareci\u00f3 Vanina Eguren con puntos de segunda oportunidad y, dos jugadas de doble y falta, incluida una con antideportiva de Bante a Scheffer, estiraron a\u00fan m\u00e1s la ventaja del local, que por momentos se luci\u00f3 y encontr\u00f3 el pase extra. Al visitante le cost\u00f3 subir la bola, perdi\u00f3 demasiadas pelotas en la salida y termin\u00f3 anot\u00e1ndose una derrota por cifras abultadas y, tal vez, exageradas.<\/p>\n<p>&nbsp;<\/p>\n<p><span style=\"text-decoration: underline;\"><em><strong>S\u00edntesis:<\/strong><\/em><\/span><\/p>\n<p><strong>Barracas Central 75:<\/strong> Ayel\u00e9n De La Puente 4, Maribel Gal\u00e9 14, Vanina Eguren 15, Florencia Arias 7, Antonela Zabala 16 (FI); Johanna Scheffer 15, Mariana Arias 0, Georgina Fornetti 2 y Natalia Pirillo 2. DT: Juan Gabriel Iturralde.<\/p>\n<p><strong>Sportivo Bahiense 24:<\/strong> Magal\u00ed De La Puente 3, Roc\u00edo Hammerschmidt 6, Danniela Neiman 2, Magdalena Bante 3, Roc\u00edo Garc\u00eda Wild 4 (FI); Ana Galassi 0, Nerina Mu\u00f1\u00f3z 4, Melina Buzzi 0, Luz Schmidt 0 y Ana Serralunga 2. DT: Mario Minervino.<\/p>\n<p><strong>Parciales:<\/strong> 14-4, 27-7 (13-3), 45-17 (18-10) y 75-24 (30-7).<\/p>\n<p><strong>\u00c1rbitros:<\/strong> Alberto Arlengui &#8211; Franco Berlato.<\/p>\n<p><strong>Estadio:<\/strong> El Bosque (Barracas).<\/p>\n<p><a class=\"modalf iframe\" title=\"Planilla\" href=\"https:\/\/docs.google.com\/spreadsheets\/d\/1Vu78Vhut61Z9aDjGrzzdVgDR8ML3mRZJKJ5wKI6L_cI\/pubhtml\" target=\"_blank\" rel=\"noopener\">Ver Planilla<\/a><\/p>\n<p><strong>Fotos:<\/strong> Romina Sald\u00edas.<\/p>\n","protected":false},"excerpt":{"rendered":"<p>Barracas venci\u00f3 a Sportivo Bahiense 75 a 24 con cuatro jugadoras en doble d\u00edgito<\/p>\n","protected":false},"author":1,"featured_media":39577,"comment_status":"closed","ping_status":"open","sticky":false,"template":"","format":"standard","meta":{"jnews-multi-image_gallery":[],"jnews_single_post":[],"jnews_primary_category":[],"footnotes":""},"categories":[33,526,101],"tags":[850,6,395,818,937,20,938],"class_list":["post-39576","post","type-post","status-publish","format-standard","has-post-thumbnail","hentry","category-femenino","category-primera-femenino-2","category-slide","tag-antonela-zabala","tag-barracas-central","tag-femenino","tag-johanna-scheffer","tag-maribel-gale","tag-sportivo-bahiense","tag-vanina-eguren"],"yoast_head":"<!-- This site is optimized with the Yoast SEO plugin v27.5 - https:\/\/yoast.com\/product\/yoast-seo-wordpress\/ -->\n<title>Actrices de reparto - Gente de B\u00e1squet<\/title>\n<meta name=\"robots\" content=\"index, follow, max-snippet:-1, max-image-preview:large, max-video-preview:-1\" \/>\n<link rel=\"canonical\" href=\"http:\/\/gentedebasquet.com.ar\/sitio\/2014\/10\/19\/actrices-de-reparto\/\" \/>\n<meta property=\"og:locale\" content=\"es_ES\" \/>\n<meta property=\"og:type\" content=\"article\" \/>\n<meta property=\"og:title\" content=\"Actrices de reparto - Gente de B\u00e1squet\" \/>\n<meta property=\"og:description\" content=\"Barracas venci\u00f3 a Sportivo Bahiense 75 a 24 con cuatro jugadoras en doble d\u00edgito\" \/>\n<meta property=\"og:url\" content=\"http:\/\/gentedebasquet.com.ar\/sitio\/2014\/10\/19\/actrices-de-reparto\/\" \/>\n<meta property=\"og:site_name\" content=\"Gente de B\u00e1squet\" \/>\n<meta property=\"article:published_time\" content=\"2014-10-19T22:42:17+00:00\" \/>\n<meta property=\"og:image\" content=\"http:\/\/gentedebasquet.com.ar\/sitio\/wp-content\/uploads\/2014\/10\/Barracas-Sportivo-Zabala.jpg\" \/>\n\t<meta property=\"og:image:width\" content=\"690\" \/>\n\t<meta property=\"og:image:height\" content=\"319\" \/>\n\t<meta property=\"og:image:type\" content=\"image\/jpeg\" \/>\n<meta name=\"author\" content=\"Gente de B\u00e1squet\" \/>\n<meta name=\"twitter:card\" content=\"summary_large_image\" \/>\n<meta name=\"twitter:label1\" content=\"Escrito por\" \/>\n\t<meta name=\"twitter:data1\" content=\"Gente de B\u00e1squet\" \/>\n\t<meta name=\"twitter:label2\" content=\"Tiempo de lectura\" \/>\n\t<meta name=\"twitter:data2\" content=\"2 minutos\" \/>\n<script type=\"application\/ld+json\" class=\"yoast-schema-graph\">{\"@context\":\"https:\\\/\\\/schema.org\",\"@graph\":[{\"@type\":\"Article\",\"@id\":\"http:\\\/\\\/gentedebasquet.com.ar\\\/sitio\\\/2014\\\/10\\\/19\\\/actrices-de-reparto\\\/#article\",\"isPartOf\":{\"@id\":\"http:\\\/\\\/gentedebasquet.com.ar\\\/sitio\\\/2014\\\/10\\\/19\\\/actrices-de-reparto\\\/\"},\"author\":{\"name\":\"Gente de B\u00e1squet\",\"@id\":\"https:\\\/\\\/gentedebasquet.com.ar\\\/sitio\\\/#\\\/schema\\\/person\\\/ca0b63bbb977369988a7bbbdc519943a\"},\"headline\":\"Actrices de reparto\",\"datePublished\":\"2014-10-19T22:42:17+00:00\",\"mainEntityOfPage\":{\"@id\":\"http:\\\/\\\/gentedebasquet.com.ar\\\/sitio\\\/2014\\\/10\\\/19\\\/actrices-de-reparto\\\/\"},\"wordCount\":471,\"image\":{\"@id\":\"http:\\\/\\\/gentedebasquet.com.ar\\\/sitio\\\/2014\\\/10\\\/19\\\/actrices-de-reparto\\\/#primaryimage\"},\"thumbnailUrl\":\"http:\\\/\\\/gentedebasquet.com.ar\\\/sitio\\\/wp-content\\\/uploads\\\/2014\\\/10\\\/Barracas-Sportivo-Zabala.jpg\",\"keywords\":[\"Antonela Zabala\",\"Barracas Central\",\"Femenino\",\"Johanna Scheffer\",\"Maribel Gal\u00e9\",\"Sportivo Bahiense\",\"Vanina Eguren\"],\"articleSection\":[\"Femenino\",\"Primera Femenino\",\"Slide\"],\"inLanguage\":\"es\"},{\"@type\":\"WebPage\",\"@id\":\"http:\\\/\\\/gentedebasquet.com.ar\\\/sitio\\\/2014\\\/10\\\/19\\\/actrices-de-reparto\\\/\",\"url\":\"http:\\\/\\\/gentedebasquet.com.ar\\\/sitio\\\/2014\\\/10\\\/19\\\/actrices-de-reparto\\\/\",\"name\":\"Actrices de reparto - Gente de B\u00e1squet\",\"isPartOf\":{\"@id\":\"https:\\\/\\\/gentedebasquet.com.ar\\\/sitio\\\/#website\"},\"primaryImageOfPage\":{\"@id\":\"http:\\\/\\\/gentedebasquet.com.ar\\\/sitio\\\/2014\\\/10\\\/19\\\/actrices-de-reparto\\\/#primaryimage\"},\"image\":{\"@id\":\"http:\\\/\\\/gentedebasquet.com.ar\\\/sitio\\\/2014\\\/10\\\/19\\\/actrices-de-reparto\\\/#primaryimage\"},\"thumbnailUrl\":\"http:\\\/\\\/gentedebasquet.com.ar\\\/sitio\\\/wp-content\\\/uploads\\\/2014\\\/10\\\/Barracas-Sportivo-Zabala.jpg\",\"datePublished\":\"2014-10-19T22:42:17+00:00\",\"author\":{\"@id\":\"https:\\\/\\\/gentedebasquet.com.ar\\\/sitio\\\/#\\\/schema\\\/person\\\/ca0b63bbb977369988a7bbbdc519943a\"},\"breadcrumb\":{\"@id\":\"http:\\\/\\\/gentedebasquet.com.ar\\\/sitio\\\/2014\\\/10\\\/19\\\/actrices-de-reparto\\\/#breadcrumb\"},\"inLanguage\":\"es\",\"potentialAction\":[{\"@type\":\"ReadAction\",\"target\":[\"http:\\\/\\\/gentedebasquet.com.ar\\\/sitio\\\/2014\\\/10\\\/19\\\/actrices-de-reparto\\\/\"]}]},{\"@type\":\"ImageObject\",\"inLanguage\":\"es\",\"@id\":\"http:\\\/\\\/gentedebasquet.com.ar\\\/sitio\\\/2014\\\/10\\\/19\\\/actrices-de-reparto\\\/#primaryimage\",\"url\":\"http:\\\/\\\/gentedebasquet.com.ar\\\/sitio\\\/wp-content\\\/uploads\\\/2014\\\/10\\\/Barracas-Sportivo-Zabala.jpg\",\"contentUrl\":\"http:\\\/\\\/gentedebasquet.com.ar\\\/sitio\\\/wp-content\\\/uploads\\\/2014\\\/10\\\/Barracas-Sportivo-Zabala.jpg\",\"width\":690,\"height\":319},{\"@type\":\"BreadcrumbList\",\"@id\":\"http:\\\/\\\/gentedebasquet.com.ar\\\/sitio\\\/2014\\\/10\\\/19\\\/actrices-de-reparto\\\/#breadcrumb\",\"itemListElement\":[{\"@type\":\"ListItem\",\"position\":1,\"name\":\"Portada\",\"item\":\"https:\\\/\\\/gentedebasquet.com.ar\\\/sitio\\\/\"},{\"@type\":\"ListItem\",\"position\":2,\"name\":\"Actrices de reparto\"}]},{\"@type\":\"WebSite\",\"@id\":\"https:\\\/\\\/gentedebasquet.com.ar\\\/sitio\\\/#website\",\"url\":\"https:\\\/\\\/gentedebasquet.com.ar\\\/sitio\\\/\",\"name\":\"Gente de B\u00e1squet\",\"description\":\"La revista del basquet de Bah\u00eda Blanca\",\"potentialAction\":[{\"@type\":\"SearchAction\",\"target\":{\"@type\":\"EntryPoint\",\"urlTemplate\":\"https:\\\/\\\/gentedebasquet.com.ar\\\/sitio\\\/?s={search_term_string}\"},\"query-input\":{\"@type\":\"PropertyValueSpecification\",\"valueRequired\":true,\"valueName\":\"search_term_string\"}}],\"inLanguage\":\"es\"},{\"@type\":\"Person\",\"@id\":\"https:\\\/\\\/gentedebasquet.com.ar\\\/sitio\\\/#\\\/schema\\\/person\\\/ca0b63bbb977369988a7bbbdc519943a\",\"name\":\"Gente de B\u00e1squet\",\"image\":{\"@type\":\"ImageObject\",\"inLanguage\":\"es\",\"@id\":\"https:\\\/\\\/secure.gravatar.com\\\/avatar\\\/7f2c48bdc33b30088f941fb6082e555f2874c98e20cb159d7b92b50eadfce793?s=96&d=mm&r=g\",\"url\":\"https:\\\/\\\/secure.gravatar.com\\\/avatar\\\/7f2c48bdc33b30088f941fb6082e555f2874c98e20cb159d7b92b50eadfce793?s=96&d=mm&r=g\",\"contentUrl\":\"https:\\\/\\\/secure.gravatar.com\\\/avatar\\\/7f2c48bdc33b30088f941fb6082e555f2874c98e20cb159d7b92b50eadfce793?s=96&d=mm&r=g\",\"caption\":\"Gente de B\u00e1squet\"},\"sameAs\":[\"http:\\\/\\\/gentedebasquet.com.ar\\\/sitio\"],\"url\":\"http:\\\/\\\/gentedebasquet.com.ar\\\/sitio\\\/author\\\/ulises\\\/\"}]}<\/script>\n<!-- \/ Yoast SEO plugin. -->","yoast_head_json":{"title":"Actrices de reparto - Gente de B\u00e1squet","robots":{"index":"index","follow":"follow","max-snippet":"max-snippet:-1","max-image-preview":"max-image-preview:large","max-video-preview":"max-video-preview:-1"},"canonical":"http:\/\/gentedebasquet.com.ar\/sitio\/2014\/10\/19\/actrices-de-reparto\/","og_locale":"es_ES","og_type":"article","og_title":"Actrices de reparto - Gente de B\u00e1squet","og_description":"Barracas venci\u00f3 a Sportivo Bahiense 75 a 24 con cuatro jugadoras en doble d\u00edgito","og_url":"http:\/\/gentedebasquet.com.ar\/sitio\/2014\/10\/19\/actrices-de-reparto\/","og_site_name":"Gente de B\u00e1squet","article_published_time":"2014-10-19T22:42:17+00:00","og_image":[{"width":690,"height":319,"url":"http:\/\/gentedebasquet.com.ar\/sitio\/wp-content\/uploads\/2014\/10\/Barracas-Sportivo-Zabala.jpg","type":"image\/jpeg"}],"author":"Gente de B\u00e1squet","twitter_card":"summary_large_image","twitter_misc":{"Escrito por":"Gente de B\u00e1squet","Tiempo de lectura":"2 minutos"},"schema":{"@context":"https:\/\/schema.org","@graph":[{"@type":"Article","@id":"http:\/\/gentedebasquet.com.ar\/sitio\/2014\/10\/19\/actrices-de-reparto\/#article","isPartOf":{"@id":"http:\/\/gentedebasquet.com.ar\/sitio\/2014\/10\/19\/actrices-de-reparto\/"},"author":{"name":"Gente de B\u00e1squet","@id":"https:\/\/gentedebasquet.com.ar\/sitio\/#\/schema\/person\/ca0b63bbb977369988a7bbbdc519943a"},"headline":"Actrices de reparto","datePublished":"2014-10-19T22:42:17+00:00","mainEntityOfPage":{"@id":"http:\/\/gentedebasquet.com.ar\/sitio\/2014\/10\/19\/actrices-de-reparto\/"},"wordCount":471,"image":{"@id":"http:\/\/gentedebasquet.com.ar\/sitio\/2014\/10\/19\/actrices-de-reparto\/#primaryimage"},"thumbnailUrl":"http:\/\/gentedebasquet.com.ar\/sitio\/wp-content\/uploads\/2014\/10\/Barracas-Sportivo-Zabala.jpg","keywords":["Antonela Zabala","Barracas Central","Femenino","Johanna Scheffer","Maribel Gal\u00e9","Sportivo Bahiense","Vanina Eguren"],"articleSection":["Femenino","Primera Femenino","Slide"],"inLanguage":"es"},{"@type":"WebPage","@id":"http:\/\/gentedebasquet.com.ar\/sitio\/2014\/10\/19\/actrices-de-reparto\/","url":"http:\/\/gentedebasquet.com.ar\/sitio\/2014\/10\/19\/actrices-de-reparto\/","name":"Actrices de reparto - Gente de B\u00e1squet","isPartOf":{"@id":"https:\/\/gentedebasquet.com.ar\/sitio\/#website"},"primaryImageOfPage":{"@id":"http:\/\/gentedebasquet.com.ar\/sitio\/2014\/10\/19\/actrices-de-reparto\/#primaryimage"},"image":{"@id":"http:\/\/gentedebasquet.com.ar\/sitio\/2014\/10\/19\/actrices-de-reparto\/#primaryimage"},"thumbnailUrl":"http:\/\/gentedebasquet.com.ar\/sitio\/wp-content\/uploads\/2014\/10\/Barracas-Sportivo-Zabala.jpg","datePublished":"2014-10-19T22:42:17+00:00","author":{"@id":"https:\/\/gentedebasquet.com.ar\/sitio\/#\/schema\/person\/ca0b63bbb977369988a7bbbdc519943a"},"breadcrumb":{"@id":"http:\/\/gentedebasquet.com.ar\/sitio\/2014\/10\/19\/actrices-de-reparto\/#breadcrumb"},"inLanguage":"es","potentialAction":[{"@type":"ReadAction","target":["http:\/\/gentedebasquet.com.ar\/sitio\/2014\/10\/19\/actrices-de-reparto\/"]}]},{"@type":"ImageObject","inLanguage":"es","@id":"http:\/\/gentedebasquet.com.ar\/sitio\/2014\/10\/19\/actrices-de-reparto\/#primaryimage","url":"http:\/\/gentedebasquet.com.ar\/sitio\/wp-content\/uploads\/2014\/10\/Barracas-Sportivo-Zabala.jpg","contentUrl":"http:\/\/gentedebasquet.com.ar\/sitio\/wp-content\/uploads\/2014\/10\/Barracas-Sportivo-Zabala.jpg","width":690,"height":319},{"@type":"BreadcrumbList","@id":"http:\/\/gentedebasquet.com.ar\/sitio\/2014\/10\/19\/actrices-de-reparto\/#breadcrumb","itemListElement":[{"@type":"ListItem","position":1,"name":"Portada","item":"https:\/\/gentedebasquet.com.ar\/sitio\/"},{"@type":"ListItem","position":2,"name":"Actrices de reparto"}]},{"@type":"WebSite","@id":"https:\/\/gentedebasquet.com.ar\/sitio\/#website","url":"https:\/\/gentedebasquet.com.ar\/sitio\/","name":"Gente de B\u00e1squet","description":"La revista del basquet de Bah\u00eda Blanca","potentialAction":[{"@type":"SearchAction","target":{"@type":"EntryPoint","urlTemplate":"https:\/\/gentedebasquet.com.ar\/sitio\/?s={search_term_string}"},"query-input":{"@type":"PropertyValueSpecification","valueRequired":true,"valueName":"search_term_string"}}],"inLanguage":"es"},{"@type":"Person","@id":"https:\/\/gentedebasquet.com.ar\/sitio\/#\/schema\/person\/ca0b63bbb977369988a7bbbdc519943a","name":"Gente de B\u00e1squet","image":{"@type":"ImageObject","inLanguage":"es","@id":"https:\/\/secure.gravatar.com\/avatar\/7f2c48bdc33b30088f941fb6082e555f2874c98e20cb159d7b92b50eadfce793?s=96&d=mm&r=g","url":"https:\/\/secure.gravatar.com\/avatar\/7f2c48bdc33b30088f941fb6082e555f2874c98e20cb159d7b92b50eadfce793?s=96&d=mm&r=g","contentUrl":"https:\/\/secure.gravatar.com\/avatar\/7f2c48bdc33b30088f941fb6082e555f2874c98e20cb159d7b92b50eadfce793?s=96&d=mm&r=g","caption":"Gente de B\u00e1squet"},"sameAs":["http:\/\/gentedebasquet.com.ar\/sitio"],"url":"http:\/\/gentedebasquet.com.ar\/sitio\/author\/ulises\/"}]}},"_links":{"self":[{"href":"http:\/\/gentedebasquet.com.ar\/sitio\/wp-json\/wp\/v2\/posts\/39576","targetHints":{"allow":["GET"]}}],"collection":[{"href":"http:\/\/gentedebasquet.com.ar\/sitio\/wp-json\/wp\/v2\/posts"}],"about":[{"href":"http:\/\/gentedebasquet.com.ar\/sitio\/wp-json\/wp\/v2\/types\/post"}],"author":[{"embeddable":true,"href":"http:\/\/gentedebasquet.com.ar\/sitio\/wp-json\/wp\/v2\/users\/1"}],"replies":[{"embeddable":true,"href":"http:\/\/gentedebasquet.com.ar\/sitio\/wp-json\/wp\/v2\/comments?post=39576"}],"version-history":[{"count":0,"href":"http:\/\/gentedebasquet.com.ar\/sitio\/wp-json\/wp\/v2\/posts\/39576\/revisions"}],"wp:featuredmedia":[{"embeddable":true,"href":"http:\/\/gentedebasquet.com.ar\/sitio\/wp-json\/wp\/v2\/media\/39577"}],"wp:attachment":[{"href":"http:\/\/gentedebasquet.com.ar\/sitio\/wp-json\/wp\/v2\/media?parent=39576"}],"wp:term":[{"taxonomy":"category","embeddable":true,"href":"http:\/\/gentedebasquet.com.ar\/sitio\/wp-json\/wp\/v2\/categories?post=39576"},{"taxonomy":"post_tag","embeddable":true,"href":"http:\/\/gentedebasquet.com.ar\/sitio\/wp-json\/wp\/v2\/tags?post=39576"}],"curies":[{"name":"wp","href":"https:\/\/api.w.org\/{rel}","templated":true}]}}