{"id":39636,"date":"2014-10-22T00:50:50","date_gmt":"2014-10-22T03:50:50","guid":{"rendered":"http:\/\/www.gentedebasquet.com.ar\/?p=39636"},"modified":"2014-10-22T00:50:50","modified_gmt":"2014-10-22T03:50:50","slug":"escoba-albiceleste","status":"publish","type":"post","link":"http:\/\/gentedebasquet.com.ar\/sitio\/2014\/10\/22\/escoba-albiceleste\/","title":{"rendered":"Escoba albiceleste"},"content":{"rendered":"<p><strong>Por el tercer punto de la serie de Cuartos de Final en el Torneo Oficial de Segunda, Argentino venci\u00f3 a Pac\u00edfico en el William Harding Green por 72 a 66 y barri\u00f3 la serie (3-0). \u00a0Hern\u00e1n Rava (17 puntos y 6 rebotes) y Juan Ignacio Reiner (15, 2-5 en T3 y 7-8 en TL, desde la banca) fueron los de mejor rendimiento en el conjunto dirigido por Juan Garayzar. \u00a0Mientras que en el local, no bast\u00f3 con las producciones de Sebasti\u00e1n Mart\u00ednez (21, 3-7 en T3) y Joaqu\u00edn Larrandart (16 y 11 rebotes) para poder descontar en la llave de Playoffs. \u00a0Ahora, los de calle Holdich esperan por la definici\u00f3n de la serie entre Barracas &#8211; La Falda para conocer cual ser\u00e1 su pr\u00f3ximo rival.<\/strong><\/p>\n<p>Apenas comenzado el encuentro, se pusieron en escena todos los condimentos necesarios para desarrollar un partido caliente, con mucho juego f\u00edsico. \u00a0Y con un saldo negativo para el visitante, porque Nicol\u00e1s Antonelli sufri\u00f3 una torcedura en su tobillo en izquierdo en una acci\u00f3n en ataque bajo el canasto que lo margin\u00f3 de la cancha por el resto de encuentro. \u00a0De entrada, el verde comenz\u00f3 arriba mediante un parcial de 8-2 en 5m40s de juego, con buena entrega por parte de su juego interno conformado por Larrandart y Pablo Pollio (4 cada uno). \u00a0Sin embargo Argentino respondi\u00f3 con racha de 16-6, que incluy\u00f3 una jugada de doble y falta en favor de Hern\u00e1n Rava, una falta t\u00e9cnica a Fernando Bonino y un triple sobre la chicharra del 1C de la mano de Juani Reiner (ver video).<\/p>\n<p>De cara al 2C, Pac\u00edfico logr\u00f3 empatar el encuentro \u00a0en 26, a trav\u00e9s de una buena combinaci\u00f3n en el goleo de Manuel Sacrist\u00e1n y Larrandart (5 cada uno). \u00a0Pero la visita logr\u00f3 volver r\u00e1pido al encuentro mediante buenos aportes de Reiner (5) y Rava (4) en la mediacancha albiceleste, en el marco de un per\u00edodo de bajo goleo (15-15) que le permiti\u00f3 a los de Garayzar irse al descanso arriba por 4 (29-33).<\/p>\n<p>Similar desarrollo se dio a la vuelta de los vestuarios, porque Argentino se mantuvo arriba por la m\u00ednima promediando el 3C (55-56), en donde Ramiro Garayzar (7) tuvo un muy buen pasaje en ataque ante una cierta merma del resto de sus compa\u00f1eros (5-12 en TC)\u00a0. \u00a0Mismo caso se di\u00f3 en el conjunto del Flaco Lliteras, donde Sebasti\u00e1n Mart\u00ednez (tambi\u00e9n 7) se puso al frente del ataque de Pac\u00edfico. \u00a0 Con un triple de Garayzar sobre la chicharra, la visita se iba arriba (44-50) de cara al cierre.<\/p>\n<p>Cuando parec\u00eda que Pac\u00edfico no iba a poder quebrar el margen de 7 puntos \u00a0de desventaja (57-64 a 1m44s del ep\u00edlogo), el verde se puso en juego mediante un triple y un libre de Mart\u00ednez (63-66). \u00a0Pero en el juego de dos posesiones continuas que se dio en el minuto final, el local no pudo sacar ventajas ante los puntos desde la l\u00ednea obtenidos por Argentino (6-6 en ese tramo) a pesar de una bomba que Sacrist\u00e1n conect\u00f3 en los 30\u00bb de la recta final del encuentro. \u00a0Fue por ello que Argentino se termin\u00f3 llevando el tercer punto de la llave de Cuartos, barri\u00f3 la serie 3-0 y ahora espera por la definici\u00f3n de la serie Barracas &#8211; La Falda para saber cual ser\u00e1 su pr\u00f3ximo rival.<\/p>\n<p>&nbsp;<\/p>\n<p>&nbsp;<\/p>\n<p>&nbsp;<\/p>\n<p>[vimeo]https:\/\/vimeo.com\/109660087[\/vimeo]<\/p>\n<p>&nbsp;<\/p>\n<p>[vimeo]https:\/\/vimeo.com\/109659644[\/vimeo]<\/p>\n<p>&nbsp;<\/p>\n<p>[vimeo]https:\/\/vimeo.com\/109659645[\/vimeo]<\/p>\n<p>&nbsp;<\/p>\n<p><strong><span style=\"text-decoration: underline;\"><em>S\u00edntesis<\/em><\/span><\/strong><\/p>\n<p><strong>Pac\u00edfico 66:\u00a0<\/strong>Manuel Sacrist\u00e1n 13, Sebasti\u00e1n Mart\u00ednez 21, Fernando Bonino 7, Joaqu\u00edn Larrandart 16, Pablo Pollio 9 (FI); Ignacio Ercoli 0, Ignacio Sella 0, Mauro Richotti 0. \u00a0D.T: Fernando Lliteras.<\/p>\n<p><strong>Argentino 72:\u00a0<\/strong>Nicol\u00e1s Antonelli 0, Sebasti\u00e1n Susbielles 9, Hern\u00e1n Rava 17, Bruno Sacomani 2, Mart\u00edn Faelis 4 (FI); Juan Ignacio Reiner 15, C\u00e9sar Massa 0, Tom\u00e1s Bruni 2, Bruno Aceituno 5, Mariano N\u00fa\u00f1ez 6. \u00a0D.T: Juan Garayzar.<\/p>\n<p><strong>Parciales:\u00a0<\/strong>14-18, 29-33 (15-15), 44-50 (15-17), 66-72 (22-22).<\/p>\n<p><strong>\u00c1rbitros:\u00a0<\/strong>Alejandro Go\u00f1i &#8211; Sebasti\u00e1n Giannino.<\/p>\n<p><strong>Estadio:\u00a0<\/strong>William Harding Green (Pac\u00edfico).<\/p>\n<p><a class=\"modalf iframe\" title=\"Planilla\" href=\"https:\/\/docs.google.com\/spreadsheets\/d\/1ZDK2QoajMlvzy_MJLlSuuGVkJRzKNF7tpd86qC9cQSk\/pubhtml\" target=\"_blank\" rel=\"noopener\">Ver Planilla<\/a><\/p>\n<p>&nbsp;<\/p>\n","protected":false},"excerpt":{"rendered":"<p>Argentino venci\u00f3 a Pac\u00edfico por 72 a 66 y barri\u00f3 la serie de cuartos (3-0).<\/p>\n","protected":false},"author":1,"featured_media":39637,"comment_status":"closed","ping_status":"open","sticky":false,"template":"","format":"standard","meta":{"jnews-multi-image_gallery":[],"jnews_single_post":[],"jnews_primary_category":[],"footnotes":""},"categories":[25,101],"tags":[4,324,211,212,17,254],"class_list":["post-39636","post","type-post","status-publish","format-standard","has-post-thumbnail","hentry","category-segunda","category-slide","tag-argentino","tag-hernan-rava","tag-joaquin-larrandart","tag-juan-ignacio-reiner","tag-pacifico","tag-sebastian-martinez"],"yoast_head":"<!-- This site is optimized with the Yoast SEO plugin v27.5 - https:\/\/yoast.com\/product\/yoast-seo-wordpress\/ -->\n<title>Escoba albiceleste - Gente de B\u00e1squet<\/title>\n<meta name=\"robots\" content=\"index, follow, max-snippet:-1, max-image-preview:large, max-video-preview:-1\" \/>\n<link rel=\"canonical\" href=\"http:\/\/gentedebasquet.com.ar\/sitio\/2014\/10\/22\/escoba-albiceleste\/\" \/>\n<meta property=\"og:locale\" content=\"es_ES\" \/>\n<meta property=\"og:type\" content=\"article\" \/>\n<meta property=\"og:title\" content=\"Escoba albiceleste - Gente de B\u00e1squet\" \/>\n<meta property=\"og:description\" content=\"Argentino venci\u00f3 a Pac\u00edfico por 72 a 66 y barri\u00f3 la serie de cuartos (3-0).\" \/>\n<meta property=\"og:url\" content=\"http:\/\/gentedebasquet.com.ar\/sitio\/2014\/10\/22\/escoba-albiceleste\/\" \/>\n<meta property=\"og:site_name\" content=\"Gente de B\u00e1squet\" \/>\n<meta property=\"article:published_time\" content=\"2014-10-22T03:50:50+00:00\" \/>\n<meta property=\"og:image\" content=\"http:\/\/gentedebasquet.com.ar\/sitio\/wp-content\/uploads\/2014\/10\/arg-pac.jpg\" \/>\n\t<meta property=\"og:image:width\" content=\"690\" \/>\n\t<meta property=\"og:image:height\" content=\"319\" \/>\n\t<meta property=\"og:image:type\" content=\"image\/jpeg\" \/>\n<meta name=\"author\" content=\"Gente de B\u00e1squet\" \/>\n<meta name=\"twitter:card\" content=\"summary_large_image\" \/>\n<meta name=\"twitter:label1\" content=\"Escrito por\" \/>\n\t<meta name=\"twitter:data1\" content=\"Gente de B\u00e1squet\" \/>\n\t<meta name=\"twitter:label2\" content=\"Tiempo de lectura\" \/>\n\t<meta name=\"twitter:data2\" content=\"3 minutos\" \/>\n<script type=\"application\/ld+json\" class=\"yoast-schema-graph\">{\"@context\":\"https:\\\/\\\/schema.org\",\"@graph\":[{\"@type\":\"Article\",\"@id\":\"http:\\\/\\\/gentedebasquet.com.ar\\\/sitio\\\/2014\\\/10\\\/22\\\/escoba-albiceleste\\\/#article\",\"isPartOf\":{\"@id\":\"http:\\\/\\\/gentedebasquet.com.ar\\\/sitio\\\/2014\\\/10\\\/22\\\/escoba-albiceleste\\\/\"},\"author\":{\"name\":\"Gente de B\u00e1squet\",\"@id\":\"https:\\\/\\\/gentedebasquet.com.ar\\\/sitio\\\/#\\\/schema\\\/person\\\/ca0b63bbb977369988a7bbbdc519943a\"},\"headline\":\"Escoba albiceleste\",\"datePublished\":\"2014-10-22T03:50:50+00:00\",\"mainEntityOfPage\":{\"@id\":\"http:\\\/\\\/gentedebasquet.com.ar\\\/sitio\\\/2014\\\/10\\\/22\\\/escoba-albiceleste\\\/\"},\"wordCount\":674,\"image\":{\"@id\":\"http:\\\/\\\/gentedebasquet.com.ar\\\/sitio\\\/2014\\\/10\\\/22\\\/escoba-albiceleste\\\/#primaryimage\"},\"thumbnailUrl\":\"http:\\\/\\\/gentedebasquet.com.ar\\\/sitio\\\/wp-content\\\/uploads\\\/2014\\\/10\\\/arg-pac.jpg\",\"keywords\":[\"Argentino\",\"Hern\u00e1n Rava\",\"Joaqu\u00edn Larrandart\",\"Juan Ignacio Reiner\",\"Pacifico\",\"Sebasti\u00e1n Mart\u00ednez\"],\"articleSection\":[\"Segunda\",\"Slide\"],\"inLanguage\":\"es\"},{\"@type\":\"WebPage\",\"@id\":\"http:\\\/\\\/gentedebasquet.com.ar\\\/sitio\\\/2014\\\/10\\\/22\\\/escoba-albiceleste\\\/\",\"url\":\"http:\\\/\\\/gentedebasquet.com.ar\\\/sitio\\\/2014\\\/10\\\/22\\\/escoba-albiceleste\\\/\",\"name\":\"Escoba albiceleste - Gente de B\u00e1squet\",\"isPartOf\":{\"@id\":\"https:\\\/\\\/gentedebasquet.com.ar\\\/sitio\\\/#website\"},\"primaryImageOfPage\":{\"@id\":\"http:\\\/\\\/gentedebasquet.com.ar\\\/sitio\\\/2014\\\/10\\\/22\\\/escoba-albiceleste\\\/#primaryimage\"},\"image\":{\"@id\":\"http:\\\/\\\/gentedebasquet.com.ar\\\/sitio\\\/2014\\\/10\\\/22\\\/escoba-albiceleste\\\/#primaryimage\"},\"thumbnailUrl\":\"http:\\\/\\\/gentedebasquet.com.ar\\\/sitio\\\/wp-content\\\/uploads\\\/2014\\\/10\\\/arg-pac.jpg\",\"datePublished\":\"2014-10-22T03:50:50+00:00\",\"author\":{\"@id\":\"https:\\\/\\\/gentedebasquet.com.ar\\\/sitio\\\/#\\\/schema\\\/person\\\/ca0b63bbb977369988a7bbbdc519943a\"},\"breadcrumb\":{\"@id\":\"http:\\\/\\\/gentedebasquet.com.ar\\\/sitio\\\/2014\\\/10\\\/22\\\/escoba-albiceleste\\\/#breadcrumb\"},\"inLanguage\":\"es\",\"potentialAction\":[{\"@type\":\"ReadAction\",\"target\":[\"http:\\\/\\\/gentedebasquet.com.ar\\\/sitio\\\/2014\\\/10\\\/22\\\/escoba-albiceleste\\\/\"]}]},{\"@type\":\"ImageObject\",\"inLanguage\":\"es\",\"@id\":\"http:\\\/\\\/gentedebasquet.com.ar\\\/sitio\\\/2014\\\/10\\\/22\\\/escoba-albiceleste\\\/#primaryimage\",\"url\":\"http:\\\/\\\/gentedebasquet.com.ar\\\/sitio\\\/wp-content\\\/uploads\\\/2014\\\/10\\\/arg-pac.jpg\",\"contentUrl\":\"http:\\\/\\\/gentedebasquet.com.ar\\\/sitio\\\/wp-content\\\/uploads\\\/2014\\\/10\\\/arg-pac.jpg\",\"width\":690,\"height\":319},{\"@type\":\"BreadcrumbList\",\"@id\":\"http:\\\/\\\/gentedebasquet.com.ar\\\/sitio\\\/2014\\\/10\\\/22\\\/escoba-albiceleste\\\/#breadcrumb\",\"itemListElement\":[{\"@type\":\"ListItem\",\"position\":1,\"name\":\"Portada\",\"item\":\"https:\\\/\\\/gentedebasquet.com.ar\\\/sitio\\\/\"},{\"@type\":\"ListItem\",\"position\":2,\"name\":\"Escoba albiceleste\"}]},{\"@type\":\"WebSite\",\"@id\":\"https:\\\/\\\/gentedebasquet.com.ar\\\/sitio\\\/#website\",\"url\":\"https:\\\/\\\/gentedebasquet.com.ar\\\/sitio\\\/\",\"name\":\"Gente de B\u00e1squet\",\"description\":\"La revista del basquet de Bah\u00eda Blanca\",\"potentialAction\":[{\"@type\":\"SearchAction\",\"target\":{\"@type\":\"EntryPoint\",\"urlTemplate\":\"https:\\\/\\\/gentedebasquet.com.ar\\\/sitio\\\/?s={search_term_string}\"},\"query-input\":{\"@type\":\"PropertyValueSpecification\",\"valueRequired\":true,\"valueName\":\"search_term_string\"}}],\"inLanguage\":\"es\"},{\"@type\":\"Person\",\"@id\":\"https:\\\/\\\/gentedebasquet.com.ar\\\/sitio\\\/#\\\/schema\\\/person\\\/ca0b63bbb977369988a7bbbdc519943a\",\"name\":\"Gente de B\u00e1squet\",\"image\":{\"@type\":\"ImageObject\",\"inLanguage\":\"es\",\"@id\":\"https:\\\/\\\/secure.gravatar.com\\\/avatar\\\/7f2c48bdc33b30088f941fb6082e555f2874c98e20cb159d7b92b50eadfce793?s=96&d=mm&r=g\",\"url\":\"https:\\\/\\\/secure.gravatar.com\\\/avatar\\\/7f2c48bdc33b30088f941fb6082e555f2874c98e20cb159d7b92b50eadfce793?s=96&d=mm&r=g\",\"contentUrl\":\"https:\\\/\\\/secure.gravatar.com\\\/avatar\\\/7f2c48bdc33b30088f941fb6082e555f2874c98e20cb159d7b92b50eadfce793?s=96&d=mm&r=g\",\"caption\":\"Gente de B\u00e1squet\"},\"sameAs\":[\"http:\\\/\\\/gentedebasquet.com.ar\\\/sitio\"],\"url\":\"http:\\\/\\\/gentedebasquet.com.ar\\\/sitio\\\/author\\\/ulises\\\/\"}]}<\/script>\n<!-- \/ Yoast SEO plugin. -->","yoast_head_json":{"title":"Escoba albiceleste - Gente de B\u00e1squet","robots":{"index":"index","follow":"follow","max-snippet":"max-snippet:-1","max-image-preview":"max-image-preview:large","max-video-preview":"max-video-preview:-1"},"canonical":"http:\/\/gentedebasquet.com.ar\/sitio\/2014\/10\/22\/escoba-albiceleste\/","og_locale":"es_ES","og_type":"article","og_title":"Escoba albiceleste - Gente de B\u00e1squet","og_description":"Argentino venci\u00f3 a Pac\u00edfico por 72 a 66 y barri\u00f3 la serie de cuartos (3-0).","og_url":"http:\/\/gentedebasquet.com.ar\/sitio\/2014\/10\/22\/escoba-albiceleste\/","og_site_name":"Gente de B\u00e1squet","article_published_time":"2014-10-22T03:50:50+00:00","og_image":[{"width":690,"height":319,"url":"http:\/\/gentedebasquet.com.ar\/sitio\/wp-content\/uploads\/2014\/10\/arg-pac.jpg","type":"image\/jpeg"}],"author":"Gente de B\u00e1squet","twitter_card":"summary_large_image","twitter_misc":{"Escrito por":"Gente de B\u00e1squet","Tiempo de lectura":"3 minutos"},"schema":{"@context":"https:\/\/schema.org","@graph":[{"@type":"Article","@id":"http:\/\/gentedebasquet.com.ar\/sitio\/2014\/10\/22\/escoba-albiceleste\/#article","isPartOf":{"@id":"http:\/\/gentedebasquet.com.ar\/sitio\/2014\/10\/22\/escoba-albiceleste\/"},"author":{"name":"Gente de B\u00e1squet","@id":"https:\/\/gentedebasquet.com.ar\/sitio\/#\/schema\/person\/ca0b63bbb977369988a7bbbdc519943a"},"headline":"Escoba albiceleste","datePublished":"2014-10-22T03:50:50+00:00","mainEntityOfPage":{"@id":"http:\/\/gentedebasquet.com.ar\/sitio\/2014\/10\/22\/escoba-albiceleste\/"},"wordCount":674,"image":{"@id":"http:\/\/gentedebasquet.com.ar\/sitio\/2014\/10\/22\/escoba-albiceleste\/#primaryimage"},"thumbnailUrl":"http:\/\/gentedebasquet.com.ar\/sitio\/wp-content\/uploads\/2014\/10\/arg-pac.jpg","keywords":["Argentino","Hern\u00e1n Rava","Joaqu\u00edn Larrandart","Juan Ignacio Reiner","Pacifico","Sebasti\u00e1n Mart\u00ednez"],"articleSection":["Segunda","Slide"],"inLanguage":"es"},{"@type":"WebPage","@id":"http:\/\/gentedebasquet.com.ar\/sitio\/2014\/10\/22\/escoba-albiceleste\/","url":"http:\/\/gentedebasquet.com.ar\/sitio\/2014\/10\/22\/escoba-albiceleste\/","name":"Escoba albiceleste - Gente de B\u00e1squet","isPartOf":{"@id":"https:\/\/gentedebasquet.com.ar\/sitio\/#website"},"primaryImageOfPage":{"@id":"http:\/\/gentedebasquet.com.ar\/sitio\/2014\/10\/22\/escoba-albiceleste\/#primaryimage"},"image":{"@id":"http:\/\/gentedebasquet.com.ar\/sitio\/2014\/10\/22\/escoba-albiceleste\/#primaryimage"},"thumbnailUrl":"http:\/\/gentedebasquet.com.ar\/sitio\/wp-content\/uploads\/2014\/10\/arg-pac.jpg","datePublished":"2014-10-22T03:50:50+00:00","author":{"@id":"https:\/\/gentedebasquet.com.ar\/sitio\/#\/schema\/person\/ca0b63bbb977369988a7bbbdc519943a"},"breadcrumb":{"@id":"http:\/\/gentedebasquet.com.ar\/sitio\/2014\/10\/22\/escoba-albiceleste\/#breadcrumb"},"inLanguage":"es","potentialAction":[{"@type":"ReadAction","target":["http:\/\/gentedebasquet.com.ar\/sitio\/2014\/10\/22\/escoba-albiceleste\/"]}]},{"@type":"ImageObject","inLanguage":"es","@id":"http:\/\/gentedebasquet.com.ar\/sitio\/2014\/10\/22\/escoba-albiceleste\/#primaryimage","url":"http:\/\/gentedebasquet.com.ar\/sitio\/wp-content\/uploads\/2014\/10\/arg-pac.jpg","contentUrl":"http:\/\/gentedebasquet.com.ar\/sitio\/wp-content\/uploads\/2014\/10\/arg-pac.jpg","width":690,"height":319},{"@type":"BreadcrumbList","@id":"http:\/\/gentedebasquet.com.ar\/sitio\/2014\/10\/22\/escoba-albiceleste\/#breadcrumb","itemListElement":[{"@type":"ListItem","position":1,"name":"Portada","item":"https:\/\/gentedebasquet.com.ar\/sitio\/"},{"@type":"ListItem","position":2,"name":"Escoba albiceleste"}]},{"@type":"WebSite","@id":"https:\/\/gentedebasquet.com.ar\/sitio\/#website","url":"https:\/\/gentedebasquet.com.ar\/sitio\/","name":"Gente de B\u00e1squet","description":"La revista del basquet de Bah\u00eda Blanca","potentialAction":[{"@type":"SearchAction","target":{"@type":"EntryPoint","urlTemplate":"https:\/\/gentedebasquet.com.ar\/sitio\/?s={search_term_string}"},"query-input":{"@type":"PropertyValueSpecification","valueRequired":true,"valueName":"search_term_string"}}],"inLanguage":"es"},{"@type":"Person","@id":"https:\/\/gentedebasquet.com.ar\/sitio\/#\/schema\/person\/ca0b63bbb977369988a7bbbdc519943a","name":"Gente de B\u00e1squet","image":{"@type":"ImageObject","inLanguage":"es","@id":"https:\/\/secure.gravatar.com\/avatar\/7f2c48bdc33b30088f941fb6082e555f2874c98e20cb159d7b92b50eadfce793?s=96&d=mm&r=g","url":"https:\/\/secure.gravatar.com\/avatar\/7f2c48bdc33b30088f941fb6082e555f2874c98e20cb159d7b92b50eadfce793?s=96&d=mm&r=g","contentUrl":"https:\/\/secure.gravatar.com\/avatar\/7f2c48bdc33b30088f941fb6082e555f2874c98e20cb159d7b92b50eadfce793?s=96&d=mm&r=g","caption":"Gente de B\u00e1squet"},"sameAs":["http:\/\/gentedebasquet.com.ar\/sitio"],"url":"http:\/\/gentedebasquet.com.ar\/sitio\/author\/ulises\/"}]}},"_links":{"self":[{"href":"http:\/\/gentedebasquet.com.ar\/sitio\/wp-json\/wp\/v2\/posts\/39636","targetHints":{"allow":["GET"]}}],"collection":[{"href":"http:\/\/gentedebasquet.com.ar\/sitio\/wp-json\/wp\/v2\/posts"}],"about":[{"href":"http:\/\/gentedebasquet.com.ar\/sitio\/wp-json\/wp\/v2\/types\/post"}],"author":[{"embeddable":true,"href":"http:\/\/gentedebasquet.com.ar\/sitio\/wp-json\/wp\/v2\/users\/1"}],"replies":[{"embeddable":true,"href":"http:\/\/gentedebasquet.com.ar\/sitio\/wp-json\/wp\/v2\/comments?post=39636"}],"version-history":[{"count":0,"href":"http:\/\/gentedebasquet.com.ar\/sitio\/wp-json\/wp\/v2\/posts\/39636\/revisions"}],"wp:featuredmedia":[{"embeddable":true,"href":"http:\/\/gentedebasquet.com.ar\/sitio\/wp-json\/wp\/v2\/media\/39637"}],"wp:attachment":[{"href":"http:\/\/gentedebasquet.com.ar\/sitio\/wp-json\/wp\/v2\/media?parent=39636"}],"wp:term":[{"taxonomy":"category","embeddable":true,"href":"http:\/\/gentedebasquet.com.ar\/sitio\/wp-json\/wp\/v2\/categories?post=39636"},{"taxonomy":"post_tag","embeddable":true,"href":"http:\/\/gentedebasquet.com.ar\/sitio\/wp-json\/wp\/v2\/tags?post=39636"}],"curies":[{"name":"wp","href":"https:\/\/api.w.org\/{rel}","templated":true}]}}