{"id":39731,"date":"2014-10-25T00:01:42","date_gmt":"2014-10-25T03:01:42","guid":{"rendered":"http:\/\/www.gentedebasquet.com.ar\/?p=39731"},"modified":"2014-10-25T00:01:42","modified_gmt":"2014-10-25T03:01:42","slug":"cruzo-los-andes","status":"publish","type":"post","link":"http:\/\/gentedebasquet.com.ar\/sitio\/2014\/10\/25\/cruzo-los-andes\/","title":{"rendered":"Cruz\u00f3 Los Andes"},"content":{"rendered":"<p><strong>Con Lella a la cabeza (21), Los Andes se impuso ante Sportivo por 74 a 66 y, de esta manera, los de Punta Alta clasificaron a las semifinales en busca del ascenso. Igualmente, no todo est\u00e1 perdido para el tricolor ya que, si Alem o Barracas se quedara con este torneo, tendr\u00eda la posibilidad de meterse, nuevamente, en la pelea por escalar de categor\u00eda. A los 21 de Dalmiro se sumaron los 18 de Chaves y los 15 de Themtham. En Sportivo no alcanzaron los 14 de Lucas Santarelli.<\/strong><\/p>\n<p>En los primeros el cotejo era muy parejo. Sportivo tomaba la posta llegando a mitad del cuarto con parcial de 8 a 2, cerrando bien en su aro y tomando buenas decisiones de tiros. El rival no hac\u00eda pie en ataque y permit\u00eda que el tricolor estire la racha a 12-2, tomando una clara ventaja en el tanteador y manejando los hilos. Con autoridad, la \u00abvisita\u00bb lideraba 16 a 9.<\/p>\n<p>En los primeros minutos del segundo, los de \u00c1lvarez manten\u00edan la tendencia. Recuperaban la bola o cerraban bien el rebote y corr\u00edan la cancha, aprovechando los pasajes de Lucas Santarelli para tomar 10 puntos de distancia. M\u00e1s all\u00e1 de esto, en 2:30 Los Andes se met\u00eda en juego. Anotaba un parcial de 9 a 1 con 5 de Chaves y 4 de Gonz\u00e1lez, apretando los n\u00fameros de cara al entretiempo. A Sportivo se le cerraba el aro y no lograba quebrar la racha negativa, con pocas ideas y tratando de aguantar con la defensa. Por la m\u00ednima, el tricolor ganaba 31 a 30.<\/p>\n<p>En la vuelta al parquet el juego comenzaba a picarse. Una falta t\u00e9cnica a Carbonell y otra al banco de Sportivo manten\u00edan la balanza equilibrada en el tanteador. Los de \u00c1lvarez pasaban de hombre a zona 2-3 en distintas ocasiones pero no lograban distanciarse. Los Andes aprovechaba la fineza de Themtham (6-6 TL en el cuarto) para seguir expectante. Los \u00faltimos minutos se tornaban muy imprecisos y ninguno lograba mantener la administraci\u00f3n del bal\u00f3n. Yendo seguido a la l\u00ednea, Sportivo tomaba distacias (52-43).<\/p>\n<p>En el cierre Los Andes se destap\u00f3. Los de Carbonell comenzaban con un parcial de 6 a 0 que se fue estirando encontrando el techo en la mitad del per\u00edodo. Los andes tomaba ventaja de una falta antideportiva, seguida de una de Tom\u00e1s Santarelli (5ta) y un t\u00e9cnico al banco tricolor para estirar la racha a 22-2 y pasar a liderar 57 a 54. A partir de all\u00ed el juego se torn\u00f3 monotono. Ambos protestaban cada bola y no se encontraba claridad en el juego. Un triple de Lella y un doble de Agalupe le dieron la ventaja a los puntaltenses con 5 minutos por delante. \u00abPiru\u00bb \u00c1lvarez pidi\u00f3 un nuevo minuto que no surti\u00f3 efecto y Sportivo no logr\u00f3 entrar en juego. Los Andes se mantuvo y en la l\u00ednea de libres consigui\u00f3 el boleto a las semifinales, sellando la victoria 74 a 66. Sportivo deber\u00e1 esperar que Alem logre este campeonato para seguir con chances de pelear un puesto de ascenso.<\/p>\n<p>&nbsp;<\/p>\n<h6><strong>Triple de Lella<\/strong><\/h6>\n<p>[vimeo]http:\/\/vimeo.com\/109986329[\/vimeo]<\/p>\n<p>&nbsp;<\/p>\n<p><span style=\"text-decoration: underline;\"><strong><em>S\u00edntesis:<\/em><\/strong><\/span><\/p>\n<p><strong>Los Andes 74:\u00a0<\/strong>Dalmiro Lella 21, Nicol\u00e1s Themtham 15, Gast\u00f3n Chaves 18, Daniel Agalupe 8, Guido Canella 4 (FI); Ignacio Luppino 3, Jerem\u00edas Gonc\u00e1lvez 0 (x), Mauricio Gonz\u00e1lez 5. DT: Leandro Carbonell.<\/p>\n<p><strong>Sportivo 66:<\/strong> Gustavo Gentili 13, Yoel Asnaghi 11, Lucas Santarelli 14, Tom\u00e1s Santarelli 4 (x), Nicol\u00e1s Mart\u00ednez 8 (FI); Fabi\u00e1n Gendana 7, Joaqu\u00edn Iriarte 4, Germ\u00e1n Rausemberg 2, Ferm\u00edn Iriarte 3. DT: Fernando \u00c1lvarez.<\/p>\n<p><strong>Parciales:<\/strong> 9-16, 30-31 (21-15), 43-52 (13-21), 74-66 (31-14).<\/p>\n<p><strong>\u00c1rbitros:<\/strong> Jorge Scheffer y Sebasti\u00e1n Gianinno.<\/p>\n<p><strong>Estadio:<\/strong> Eladio Santos.<\/p>\n<p><a class=\"modalf iframe\" title=\"Planilla\" href=\"https:\/\/docs.google.com\/spreadsheets\/d\/1OA3OOodKPJ4z2X9GvZAaCInfSq2LNxfBt0JZNzN_GWw\/pubhtml?gid=1589671691&amp;single=true\" target=\"_blank\" rel=\"noopener\">Ver Planilla<\/a><\/p>\n","protected":false},"excerpt":{"rendered":"<p>Los Andes venci\u00f3 a Sportivo 74 a 66 en el cuarto juego y se clasific\u00f3 a semifinales<\/p>\n","protected":false},"author":1,"featured_media":39732,"comment_status":"closed","ping_status":"open","sticky":false,"template":"","format":"standard","meta":{"jnews-multi-image_gallery":[],"jnews_single_post":[],"jnews_primary_category":[],"footnotes":""},"categories":[25,101],"tags":[151,152,20],"class_list":["post-39731","post","type-post","status-publish","format-standard","has-post-thumbnail","hentry","category-segunda","category-slide","tag-dalmiro-lella","tag-los-andes","tag-sportivo-bahiense"],"yoast_head":"<!-- This site is optimized with the Yoast SEO plugin v27.5 - https:\/\/yoast.com\/product\/yoast-seo-wordpress\/ -->\n<title>Cruz\u00f3 Los Andes - Gente de B\u00e1squet<\/title>\n<meta name=\"robots\" content=\"index, follow, max-snippet:-1, max-image-preview:large, max-video-preview:-1\" \/>\n<link rel=\"canonical\" href=\"http:\/\/gentedebasquet.com.ar\/sitio\/2014\/10\/25\/cruzo-los-andes\/\" \/>\n<meta property=\"og:locale\" content=\"es_ES\" \/>\n<meta property=\"og:type\" content=\"article\" \/>\n<meta property=\"og:title\" content=\"Cruz\u00f3 Los Andes - Gente de B\u00e1squet\" \/>\n<meta property=\"og:description\" content=\"Los Andes venci\u00f3 a Sportivo 74 a 66 en el cuarto juego y se clasific\u00f3 a semifinales\" \/>\n<meta property=\"og:url\" content=\"http:\/\/gentedebasquet.com.ar\/sitio\/2014\/10\/25\/cruzo-los-andes\/\" \/>\n<meta property=\"og:site_name\" content=\"Gente de B\u00e1squet\" \/>\n<meta property=\"article:published_time\" content=\"2014-10-25T03:01:42+00:00\" \/>\n<meta property=\"og:image\" content=\"http:\/\/gentedebasquet.com.ar\/sitio\/wp-content\/uploads\/2014\/10\/Dalmiro-Lella.jpg\" \/>\n\t<meta property=\"og:image:width\" content=\"690\" \/>\n\t<meta property=\"og:image:height\" content=\"319\" \/>\n\t<meta property=\"og:image:type\" content=\"image\/jpeg\" \/>\n<meta name=\"author\" content=\"Gente de B\u00e1squet\" \/>\n<meta name=\"twitter:card\" content=\"summary_large_image\" \/>\n<meta name=\"twitter:label1\" content=\"Escrito por\" \/>\n\t<meta name=\"twitter:data1\" content=\"Gente de B\u00e1squet\" \/>\n\t<meta name=\"twitter:label2\" content=\"Tiempo de lectura\" \/>\n\t<meta name=\"twitter:data2\" content=\"3 minutos\" \/>\n<script type=\"application\/ld+json\" class=\"yoast-schema-graph\">{\"@context\":\"https:\\\/\\\/schema.org\",\"@graph\":[{\"@type\":\"Article\",\"@id\":\"http:\\\/\\\/gentedebasquet.com.ar\\\/sitio\\\/2014\\\/10\\\/25\\\/cruzo-los-andes\\\/#article\",\"isPartOf\":{\"@id\":\"http:\\\/\\\/gentedebasquet.com.ar\\\/sitio\\\/2014\\\/10\\\/25\\\/cruzo-los-andes\\\/\"},\"author\":{\"name\":\"Gente de B\u00e1squet\",\"@id\":\"https:\\\/\\\/gentedebasquet.com.ar\\\/sitio\\\/#\\\/schema\\\/person\\\/ca0b63bbb977369988a7bbbdc519943a\"},\"headline\":\"Cruz\u00f3 Los Andes\",\"datePublished\":\"2014-10-25T03:01:42+00:00\",\"mainEntityOfPage\":{\"@id\":\"http:\\\/\\\/gentedebasquet.com.ar\\\/sitio\\\/2014\\\/10\\\/25\\\/cruzo-los-andes\\\/\"},\"wordCount\":596,\"image\":{\"@id\":\"http:\\\/\\\/gentedebasquet.com.ar\\\/sitio\\\/2014\\\/10\\\/25\\\/cruzo-los-andes\\\/#primaryimage\"},\"thumbnailUrl\":\"http:\\\/\\\/gentedebasquet.com.ar\\\/sitio\\\/wp-content\\\/uploads\\\/2014\\\/10\\\/Dalmiro-Lella.jpg\",\"keywords\":[\"Dalmiro Lella\",\"Los Andes\",\"Sportivo Bahiense\"],\"articleSection\":[\"Segunda\",\"Slide\"],\"inLanguage\":\"es\"},{\"@type\":\"WebPage\",\"@id\":\"http:\\\/\\\/gentedebasquet.com.ar\\\/sitio\\\/2014\\\/10\\\/25\\\/cruzo-los-andes\\\/\",\"url\":\"http:\\\/\\\/gentedebasquet.com.ar\\\/sitio\\\/2014\\\/10\\\/25\\\/cruzo-los-andes\\\/\",\"name\":\"Cruz\u00f3 Los Andes - Gente de B\u00e1squet\",\"isPartOf\":{\"@id\":\"https:\\\/\\\/gentedebasquet.com.ar\\\/sitio\\\/#website\"},\"primaryImageOfPage\":{\"@id\":\"http:\\\/\\\/gentedebasquet.com.ar\\\/sitio\\\/2014\\\/10\\\/25\\\/cruzo-los-andes\\\/#primaryimage\"},\"image\":{\"@id\":\"http:\\\/\\\/gentedebasquet.com.ar\\\/sitio\\\/2014\\\/10\\\/25\\\/cruzo-los-andes\\\/#primaryimage\"},\"thumbnailUrl\":\"http:\\\/\\\/gentedebasquet.com.ar\\\/sitio\\\/wp-content\\\/uploads\\\/2014\\\/10\\\/Dalmiro-Lella.jpg\",\"datePublished\":\"2014-10-25T03:01:42+00:00\",\"author\":{\"@id\":\"https:\\\/\\\/gentedebasquet.com.ar\\\/sitio\\\/#\\\/schema\\\/person\\\/ca0b63bbb977369988a7bbbdc519943a\"},\"breadcrumb\":{\"@id\":\"http:\\\/\\\/gentedebasquet.com.ar\\\/sitio\\\/2014\\\/10\\\/25\\\/cruzo-los-andes\\\/#breadcrumb\"},\"inLanguage\":\"es\",\"potentialAction\":[{\"@type\":\"ReadAction\",\"target\":[\"http:\\\/\\\/gentedebasquet.com.ar\\\/sitio\\\/2014\\\/10\\\/25\\\/cruzo-los-andes\\\/\"]}]},{\"@type\":\"ImageObject\",\"inLanguage\":\"es\",\"@id\":\"http:\\\/\\\/gentedebasquet.com.ar\\\/sitio\\\/2014\\\/10\\\/25\\\/cruzo-los-andes\\\/#primaryimage\",\"url\":\"http:\\\/\\\/gentedebasquet.com.ar\\\/sitio\\\/wp-content\\\/uploads\\\/2014\\\/10\\\/Dalmiro-Lella.jpg\",\"contentUrl\":\"http:\\\/\\\/gentedebasquet.com.ar\\\/sitio\\\/wp-content\\\/uploads\\\/2014\\\/10\\\/Dalmiro-Lella.jpg\",\"width\":690,\"height\":319},{\"@type\":\"BreadcrumbList\",\"@id\":\"http:\\\/\\\/gentedebasquet.com.ar\\\/sitio\\\/2014\\\/10\\\/25\\\/cruzo-los-andes\\\/#breadcrumb\",\"itemListElement\":[{\"@type\":\"ListItem\",\"position\":1,\"name\":\"Portada\",\"item\":\"https:\\\/\\\/gentedebasquet.com.ar\\\/sitio\\\/\"},{\"@type\":\"ListItem\",\"position\":2,\"name\":\"Cruz\u00f3 Los Andes\"}]},{\"@type\":\"WebSite\",\"@id\":\"https:\\\/\\\/gentedebasquet.com.ar\\\/sitio\\\/#website\",\"url\":\"https:\\\/\\\/gentedebasquet.com.ar\\\/sitio\\\/\",\"name\":\"Gente de B\u00e1squet\",\"description\":\"La revista del basquet de Bah\u00eda Blanca\",\"potentialAction\":[{\"@type\":\"SearchAction\",\"target\":{\"@type\":\"EntryPoint\",\"urlTemplate\":\"https:\\\/\\\/gentedebasquet.com.ar\\\/sitio\\\/?s={search_term_string}\"},\"query-input\":{\"@type\":\"PropertyValueSpecification\",\"valueRequired\":true,\"valueName\":\"search_term_string\"}}],\"inLanguage\":\"es\"},{\"@type\":\"Person\",\"@id\":\"https:\\\/\\\/gentedebasquet.com.ar\\\/sitio\\\/#\\\/schema\\\/person\\\/ca0b63bbb977369988a7bbbdc519943a\",\"name\":\"Gente de B\u00e1squet\",\"image\":{\"@type\":\"ImageObject\",\"inLanguage\":\"es\",\"@id\":\"https:\\\/\\\/secure.gravatar.com\\\/avatar\\\/7f2c48bdc33b30088f941fb6082e555f2874c98e20cb159d7b92b50eadfce793?s=96&d=mm&r=g\",\"url\":\"https:\\\/\\\/secure.gravatar.com\\\/avatar\\\/7f2c48bdc33b30088f941fb6082e555f2874c98e20cb159d7b92b50eadfce793?s=96&d=mm&r=g\",\"contentUrl\":\"https:\\\/\\\/secure.gravatar.com\\\/avatar\\\/7f2c48bdc33b30088f941fb6082e555f2874c98e20cb159d7b92b50eadfce793?s=96&d=mm&r=g\",\"caption\":\"Gente de B\u00e1squet\"},\"sameAs\":[\"http:\\\/\\\/gentedebasquet.com.ar\\\/sitio\"],\"url\":\"http:\\\/\\\/gentedebasquet.com.ar\\\/sitio\\\/author\\\/ulises\\\/\"}]}<\/script>\n<!-- \/ Yoast SEO plugin. -->","yoast_head_json":{"title":"Cruz\u00f3 Los Andes - Gente de B\u00e1squet","robots":{"index":"index","follow":"follow","max-snippet":"max-snippet:-1","max-image-preview":"max-image-preview:large","max-video-preview":"max-video-preview:-1"},"canonical":"http:\/\/gentedebasquet.com.ar\/sitio\/2014\/10\/25\/cruzo-los-andes\/","og_locale":"es_ES","og_type":"article","og_title":"Cruz\u00f3 Los Andes - Gente de B\u00e1squet","og_description":"Los Andes venci\u00f3 a Sportivo 74 a 66 en el cuarto juego y se clasific\u00f3 a semifinales","og_url":"http:\/\/gentedebasquet.com.ar\/sitio\/2014\/10\/25\/cruzo-los-andes\/","og_site_name":"Gente de B\u00e1squet","article_published_time":"2014-10-25T03:01:42+00:00","og_image":[{"width":690,"height":319,"url":"http:\/\/gentedebasquet.com.ar\/sitio\/wp-content\/uploads\/2014\/10\/Dalmiro-Lella.jpg","type":"image\/jpeg"}],"author":"Gente de B\u00e1squet","twitter_card":"summary_large_image","twitter_misc":{"Escrito por":"Gente de B\u00e1squet","Tiempo de lectura":"3 minutos"},"schema":{"@context":"https:\/\/schema.org","@graph":[{"@type":"Article","@id":"http:\/\/gentedebasquet.com.ar\/sitio\/2014\/10\/25\/cruzo-los-andes\/#article","isPartOf":{"@id":"http:\/\/gentedebasquet.com.ar\/sitio\/2014\/10\/25\/cruzo-los-andes\/"},"author":{"name":"Gente de B\u00e1squet","@id":"https:\/\/gentedebasquet.com.ar\/sitio\/#\/schema\/person\/ca0b63bbb977369988a7bbbdc519943a"},"headline":"Cruz\u00f3 Los Andes","datePublished":"2014-10-25T03:01:42+00:00","mainEntityOfPage":{"@id":"http:\/\/gentedebasquet.com.ar\/sitio\/2014\/10\/25\/cruzo-los-andes\/"},"wordCount":596,"image":{"@id":"http:\/\/gentedebasquet.com.ar\/sitio\/2014\/10\/25\/cruzo-los-andes\/#primaryimage"},"thumbnailUrl":"http:\/\/gentedebasquet.com.ar\/sitio\/wp-content\/uploads\/2014\/10\/Dalmiro-Lella.jpg","keywords":["Dalmiro Lella","Los Andes","Sportivo Bahiense"],"articleSection":["Segunda","Slide"],"inLanguage":"es"},{"@type":"WebPage","@id":"http:\/\/gentedebasquet.com.ar\/sitio\/2014\/10\/25\/cruzo-los-andes\/","url":"http:\/\/gentedebasquet.com.ar\/sitio\/2014\/10\/25\/cruzo-los-andes\/","name":"Cruz\u00f3 Los Andes - Gente de B\u00e1squet","isPartOf":{"@id":"https:\/\/gentedebasquet.com.ar\/sitio\/#website"},"primaryImageOfPage":{"@id":"http:\/\/gentedebasquet.com.ar\/sitio\/2014\/10\/25\/cruzo-los-andes\/#primaryimage"},"image":{"@id":"http:\/\/gentedebasquet.com.ar\/sitio\/2014\/10\/25\/cruzo-los-andes\/#primaryimage"},"thumbnailUrl":"http:\/\/gentedebasquet.com.ar\/sitio\/wp-content\/uploads\/2014\/10\/Dalmiro-Lella.jpg","datePublished":"2014-10-25T03:01:42+00:00","author":{"@id":"https:\/\/gentedebasquet.com.ar\/sitio\/#\/schema\/person\/ca0b63bbb977369988a7bbbdc519943a"},"breadcrumb":{"@id":"http:\/\/gentedebasquet.com.ar\/sitio\/2014\/10\/25\/cruzo-los-andes\/#breadcrumb"},"inLanguage":"es","potentialAction":[{"@type":"ReadAction","target":["http:\/\/gentedebasquet.com.ar\/sitio\/2014\/10\/25\/cruzo-los-andes\/"]}]},{"@type":"ImageObject","inLanguage":"es","@id":"http:\/\/gentedebasquet.com.ar\/sitio\/2014\/10\/25\/cruzo-los-andes\/#primaryimage","url":"http:\/\/gentedebasquet.com.ar\/sitio\/wp-content\/uploads\/2014\/10\/Dalmiro-Lella.jpg","contentUrl":"http:\/\/gentedebasquet.com.ar\/sitio\/wp-content\/uploads\/2014\/10\/Dalmiro-Lella.jpg","width":690,"height":319},{"@type":"BreadcrumbList","@id":"http:\/\/gentedebasquet.com.ar\/sitio\/2014\/10\/25\/cruzo-los-andes\/#breadcrumb","itemListElement":[{"@type":"ListItem","position":1,"name":"Portada","item":"https:\/\/gentedebasquet.com.ar\/sitio\/"},{"@type":"ListItem","position":2,"name":"Cruz\u00f3 Los Andes"}]},{"@type":"WebSite","@id":"https:\/\/gentedebasquet.com.ar\/sitio\/#website","url":"https:\/\/gentedebasquet.com.ar\/sitio\/","name":"Gente de B\u00e1squet","description":"La revista del basquet de Bah\u00eda Blanca","potentialAction":[{"@type":"SearchAction","target":{"@type":"EntryPoint","urlTemplate":"https:\/\/gentedebasquet.com.ar\/sitio\/?s={search_term_string}"},"query-input":{"@type":"PropertyValueSpecification","valueRequired":true,"valueName":"search_term_string"}}],"inLanguage":"es"},{"@type":"Person","@id":"https:\/\/gentedebasquet.com.ar\/sitio\/#\/schema\/person\/ca0b63bbb977369988a7bbbdc519943a","name":"Gente de B\u00e1squet","image":{"@type":"ImageObject","inLanguage":"es","@id":"https:\/\/secure.gravatar.com\/avatar\/7f2c48bdc33b30088f941fb6082e555f2874c98e20cb159d7b92b50eadfce793?s=96&d=mm&r=g","url":"https:\/\/secure.gravatar.com\/avatar\/7f2c48bdc33b30088f941fb6082e555f2874c98e20cb159d7b92b50eadfce793?s=96&d=mm&r=g","contentUrl":"https:\/\/secure.gravatar.com\/avatar\/7f2c48bdc33b30088f941fb6082e555f2874c98e20cb159d7b92b50eadfce793?s=96&d=mm&r=g","caption":"Gente de B\u00e1squet"},"sameAs":["http:\/\/gentedebasquet.com.ar\/sitio"],"url":"http:\/\/gentedebasquet.com.ar\/sitio\/author\/ulises\/"}]}},"_links":{"self":[{"href":"http:\/\/gentedebasquet.com.ar\/sitio\/wp-json\/wp\/v2\/posts\/39731","targetHints":{"allow":["GET"]}}],"collection":[{"href":"http:\/\/gentedebasquet.com.ar\/sitio\/wp-json\/wp\/v2\/posts"}],"about":[{"href":"http:\/\/gentedebasquet.com.ar\/sitio\/wp-json\/wp\/v2\/types\/post"}],"author":[{"embeddable":true,"href":"http:\/\/gentedebasquet.com.ar\/sitio\/wp-json\/wp\/v2\/users\/1"}],"replies":[{"embeddable":true,"href":"http:\/\/gentedebasquet.com.ar\/sitio\/wp-json\/wp\/v2\/comments?post=39731"}],"version-history":[{"count":0,"href":"http:\/\/gentedebasquet.com.ar\/sitio\/wp-json\/wp\/v2\/posts\/39731\/revisions"}],"wp:featuredmedia":[{"embeddable":true,"href":"http:\/\/gentedebasquet.com.ar\/sitio\/wp-json\/wp\/v2\/media\/39732"}],"wp:attachment":[{"href":"http:\/\/gentedebasquet.com.ar\/sitio\/wp-json\/wp\/v2\/media?parent=39731"}],"wp:term":[{"taxonomy":"category","embeddable":true,"href":"http:\/\/gentedebasquet.com.ar\/sitio\/wp-json\/wp\/v2\/categories?post=39731"},{"taxonomy":"post_tag","embeddable":true,"href":"http:\/\/gentedebasquet.com.ar\/sitio\/wp-json\/wp\/v2\/tags?post=39731"}],"curies":[{"name":"wp","href":"https:\/\/api.w.org\/{rel}","templated":true}]}}