{"id":40071,"date":"2014-11-01T23:24:39","date_gmt":"2014-11-02T02:24:39","guid":{"rendered":"http:\/\/www.gentedebasquet.com.ar\/?p=40071"},"modified":"2014-11-01T23:24:39","modified_gmt":"2014-11-02T02:24:39","slug":"continuo-la-liga-u17-f-en-bahia","status":"publish","type":"post","link":"http:\/\/gentedebasquet.com.ar\/sitio\/2014\/11\/01\/continuo-la-liga-u17-f-en-bahia\/","title":{"rendered":"Continu\u00f3 la Liga U17-F en Bah\u00eda"},"content":{"rendered":"<p><strong>Barracas Central realiz\u00f3 un buen partido pero termin\u00f3 cayendo ante Atalaya de Rosario por 90 a 54. El local cont\u00f3 con destacadas actuaciones de Malena Garc\u00eda (14), Camila Cabrera (9 y 8 rebotes) y B\u00e1rbara Cunningham (10 y 5 robos). En el elenco rosarino hubo 24 de Karen Gonz\u00e1lez Zapata y 19 de Candela Foresto. A primer turno, Talleres de Paran\u00e1 (19 y 25 recobres de Maribel Barzola) derrot\u00f3 62 a 51 a Luis Luciano de Urdinarrain (14 de Micaela Sabater).<\/strong><\/p>\n<p>Barracas Central se volvi\u00f3 a presentar por la Liga U17 y demostr\u00f3 que est\u00e1 dando pasos firmes en busca de la consolidaci\u00f3n. Le cost\u00f3 entrar en ritmo de partido (estuvo 0-10 y 2-18), da ventajas f\u00edsicas y de estatura, pero as\u00ed y todo, encarril\u00f3 un juego duro y complicado ante Atalaya de Rosario, equipo que, por ejemplo, cuenta con Candela Foresto, jugadora de la selecci\u00f3n Nacional U15.<\/p>\n<p>A ese parcial de inicio (0\/7 en cancha), con Karen Gonz\u00e1lez Zapata adue\u00f1\u00e1ndose de la pintura, Barracas le plant\u00f3 una zona 2-3 y el ingreso positivo de Ileana Corval\u00e1n. As\u00ed, marc\u00f3 un parcial de 13-1 para acercarse a 4 puntos (17-21) a 6m28 del descanso largo. Malena Garc\u00eda, abanderaba en los primeros minutos del local, comparti\u00f3 el armado con Cunningham y el due\u00f1o de casa jug\u00f3 minutos de iguala \u00a0igual con Atalaya (24-29 a 3m10).<\/p>\n<p>En el complemento, el elenco rosarino sell\u00f3 el quiebre, arrancando con un parcial de 8-0 (24-43), que se prolong\u00f3 a 20-1 tras el tiempo muerto de M\u00e9rida. Ese lapso netamente visitante lo cort\u00f3 Camila Cabrera con una bomba (28-55), abriendo caminos para comenzar a descontar y meterse nuevamente en juego. Pero Barro primero, y Candela Garc\u00eda despu\u00e9s, ambas desde 6.75 metros, le bajaron la persiana al duelo.<\/p>\n<p>Barracas rot\u00f3 su plantel y encontr\u00f3 buen juego y sacrificio en Vecchi, Paz y S\u00e1nchez. Pero el mejor momento de Foresto en la noche (7 tantos en fila), el ingreso de Nair Riveros y el aporte de De Virgilio (excelente pasadora), cortaron con la esperanza del local y cerraron el 90 a 54 final.<\/p>\n<p>&nbsp;<\/p>\n<p><a href=\"http:\/\/www.gentedebasquet.com.ar\/wp-content\/uploads\/2014\/11\/Barracas-Atalaya-Liga-U17.jpg\"><img decoding=\"async\" class=\"aligncenter size-full wp-image-40072\" alt=\"Barracas Atalaya Liga U17\" src=\"http:\/\/www.gentedebasquet.com.ar\/wp-content\/uploads\/2014\/11\/Barracas-Atalaya-Liga-U17.jpg\" width=\"640\" height=\"480\" srcset=\"http:\/\/gentedebasquet.com.ar\/sitio\/wp-content\/uploads\/2014\/11\/Barracas-Atalaya-Liga-U17.jpg 640w, http:\/\/gentedebasquet.com.ar\/sitio\/wp-content\/uploads\/2014\/11\/Barracas-Atalaya-Liga-U17-300x225.jpg 300w\" sizes=\"(max-width: 640px) 100vw, 640px\" \/><\/a><\/p>\n<p><span style=\"text-decoration: underline;\"><em><strong>S\u00edntesis:<\/strong><\/em><\/span><\/p>\n<p><strong>Barracas Central 54:<\/strong>\u00a0B\u00e1rbara Cunningham 10, Malena Garc\u00eda 14, Candelaria V\u00e1zquez 7, Camila Cabrera 9 y Camila Bay\u00f3n 2 (FI); Ileana Corval\u00e1n 8, Ail\u00edn Larrosa 3, Camila Maisterrena 0, Lorena Paz 0, Micaela S\u00e1nchez 0 y Sof\u00eda Vecchi 1. DT: Gabriel M\u00e9rida.<\/p>\n<p><strong>Atalaya (Rosario) 90:<\/strong> Candela Foresto 19, Milagros Ortega 4, Candela Garc\u00eda 2, Gina Barro 10 y Karen Gonz\u00e1lez Zapata 24 (FI); Agustina Alcaino 0, Chiara De Virgilio 7, Nair Riveros 8, Merari Atrera 0, Loana GOnz\u00e1lez Zapata 6, Ayl\u00e9n Riveros 0 y Marina Palacios 0. DT: Luciano Cardinal.<\/p>\n<p><strong>Parciales:<\/strong> 11-21, 24-35 (13-14), 38-63 (14-28) y 54-90 (16-27).<\/p>\n<p><strong>\u00c1rbitros:<\/strong> Ra\u00fal S\u00e1nchez (Jun\u00edn) &#8211; Agust\u00edn Chavarr\u00eda (Viedma).<\/p>\n<p><strong>Estadio:<\/strong> El Bosque (Barracas Central, Bah\u00eda Blanca).<\/p>\n<p><a class=\"modalf iframe\" title=\"Planilla\" href=\"https:\/\/docs.google.com\/spreadsheets\/d\/1LzuO0Ow2QT7duDEBBMPPmH4DMVz8MiB17Srh5dWILnE\/pubhtml\" target=\"_blank\" rel=\"noopener\">Ver Planilla<\/a><\/p>\n<p>&nbsp;<\/p>\n<h6>Talleres venci\u00f3 a Luis Luciano<\/h6>\n<p><a href=\"http:\/\/www.gentedebasquet.com.ar\/wp-content\/uploads\/2014\/11\/Liga-U17-Talleres-Luis-Luciano.jpg\"><img decoding=\"async\" class=\"aligncenter size-full wp-image-40075\" alt=\"Liga U17 Talleres Luis Luciano\" src=\"http:\/\/www.gentedebasquet.com.ar\/wp-content\/uploads\/2014\/11\/Liga-U17-Talleres-Luis-Luciano.jpg\" width=\"640\" height=\"480\" srcset=\"http:\/\/gentedebasquet.com.ar\/sitio\/wp-content\/uploads\/2014\/11\/Liga-U17-Talleres-Luis-Luciano.jpg 640w, http:\/\/gentedebasquet.com.ar\/sitio\/wp-content\/uploads\/2014\/11\/Liga-U17-Talleres-Luis-Luciano-300x225.jpg 300w\" sizes=\"(max-width: 640px) 100vw, 640px\" \/><\/a><\/p>\n<p>&nbsp;<\/p>\n<p>En primer turno, Talleres de Paran\u00e1 derrot\u00f3 a Luis Luciano por 62 a 51. El conjunto paranaense domin\u00f3 el juego de punta a punta, aunque un parcial de 13-0 en los \u00faltimos 5m06 decoraron el resultado.<\/p>\n<p>Con Maribel Barzola forzando para adentro, Talleres sac\u00f3 ventajas y escap\u00f3 6-13. Adem\u00e1s, un buen pasaje ofensivo de Aldana Pi\u00f1ero y la compa\u00f1\u00eda de Camila Carrero a Barzola, en la pintura, le dieron al conjunto de Paran\u00e1 una ventaja de 14 puntos (6-20) en el amanecer del 2C.<\/p>\n<p>Micaela Sabater apreci\u00f3 en el juego para darle a Luis Luciano ritmo de partido, aunque la ausencia de bloqueo en su tablero (sufri\u00f3 20 ofensivos) lo alejaba cada vez m\u00e1s en el marcador. Cuando pudo correr, Talleres lleg\u00f3 a gozar de 21 puntos de ventaja (28-49) a 49s del cierre del 3C con triple de Tonutti incluido.<\/p>\n<p>Pero la quinta personal de Moreno, m\u00e1s la salida de Barzola, le dio la oportunidad a Luis Luciano de descontar en el ep\u00edlogo. As\u00ed, de la mano de Rodr\u00edguez Bir\u00e9 y con dos bombas (Sabater y Luciana Mart\u00ednez), se cerr\u00f3 el partido con apenas 11 puntos de diferencia a favor de Talleres.<\/p>\n<p>&nbsp;<\/p>\n<p><span style=\"text-decoration: underline;\"><em><strong>S\u00edntesis:<\/strong><\/em><\/span><\/p>\n<p><strong>Luis Luciano (Urdinarrain) 51:<\/strong> Melissa G\u00f3mez 5, Luciana Mart\u00ednez 7, Micaela Sabater 14, Nerea De la Cruz Aguilar 1 y Noel\u00ed Sartori 13 (FI); Mariana Mart\u00ednez 0, Martina Rodr\u00edguez Bir\u00e9 8, Lourdes P\u00e9rez Londra 3, Quimey Waistein 0, Ernestina Moreno 0 y Tatiana Elena 0. DT: Hugo Davini.<\/p>\n<p><strong>Talleres (Paran\u00e1) 62:<\/strong> Ail\u00e9n Tonutti 9, Micaela Moreno 4, Aldana Pi\u00f1ero 21, Maribel Barzola 19 y Camila Carrero 0 (FI); Melina Tamburlini 0, Mar\u00eda Milagros Punt\u00edn 7, Yamila Godoy 2, Maira Mart\u00ednez 0, Sof\u00eda Wolf 0, Ail\u00e9n Ortellao 0 y Rocio Gim\u00e9nez 0. DT: Andr\u00e9s Grancelli.<\/p>\n<p><strong>Parciales:<\/strong> 6-13, 18-28 (12-15), 31-51 (13-23) y 51-62 (20-11).<\/p>\n<p><strong>\u00c1rbitros:<\/strong> Alejandro Go\u00f1i (Bah\u00eda Blanca) \u2013 Marjorie Stuardo (Punta Alta).<\/p>\n<p><strong>Estadio:<\/strong> El Bosque (Barracas Central, Bah\u00eda Blanca).<\/p>\n<p><a class=\"modalf iframe\" title=\"Planilla\" href=\"https:\/\/docs.google.com\/spreadsheets\/d\/1yapJCqkbe02hF0csvKzCuEx0mCJIN-NlsMpl-NmaQBk\/pubhtml\" target=\"_blank\" rel=\"noopener\">Ver Planilla<\/a><\/p>\n<p>&nbsp;<\/p>\n<p><a href=\"http:\/\/www.gentedebasquet.com.ar\/wp-content\/uploads\/2014\/11\/Liga-U17-Luis-Luciano-Talleres.jpg\"><img decoding=\"async\" class=\"aligncenter size-full wp-image-40074\" alt=\"Liga U17 Luis Luciano Talleres\" src=\"http:\/\/www.gentedebasquet.com.ar\/wp-content\/uploads\/2014\/11\/Liga-U17-Luis-Luciano-Talleres.jpg\" width=\"640\" height=\"480\" srcset=\"http:\/\/gentedebasquet.com.ar\/sitio\/wp-content\/uploads\/2014\/11\/Liga-U17-Luis-Luciano-Talleres.jpg 640w, http:\/\/gentedebasquet.com.ar\/sitio\/wp-content\/uploads\/2014\/11\/Liga-U17-Luis-Luciano-Talleres-300x225.jpg 300w\" sizes=\"(max-width: 640px) 100vw, 640px\" \/><\/a><\/p>\n<p>&nbsp;<\/p>\n<p><strong>DOMINGO 2 DE NOVIEMBRE\u00a0<\/strong><\/p>\n<p>10.00 &#8211; Barracas Central vs Talleres (Paran\u00e1).<br \/>\nEstadio: Club Barracas Central &#8211; Thompson 651 (Bah\u00eda Blanca, Buenos Aires).<br \/>\n\u00c1rbitros: Ra\u00fal S\u00e1nchez \u2013 Marjorie Stuardo.<\/p>\n<p>12.00 &#8211; \u00a0Atalaya (Rosario) vs Luis Luciano (Urdinarrain).<br \/>\nEstadio: Club Barracas Central &#8211; Thompson 651 (Bah\u00eda Blanca, Buenos Aires).<br \/>\n\u00c1rbitros: Agust\u00edn Chavarr\u00eda \u2013 Alejandro Go\u00f1i.<\/p>\n<p><strong>Fotos:<\/strong> Romina Sald\u00edas.<\/p>\n","protected":false},"excerpt":{"rendered":"<p>Barracas, que ma\u00f1ana jugar\u00e1 con Talleres (Paran\u00e1) a las 10, cay\u00f3 ante Atalaya: 90-54<\/p>\n","protected":false},"author":1,"featured_media":40073,"comment_status":"closed","ping_status":"open","sticky":false,"template":"","format":"standard","meta":{"jnews-multi-image_gallery":[],"jnews_single_post":[],"jnews_primary_category":[],"footnotes":""},"categories":[33,101],"tags":[959,6,395,522,960,961],"class_list":["post-40071","post","type-post","status-publish","format-standard","has-post-thumbnail","hentry","category-femenino","category-slide","tag-atalaya","tag-barracas-central","tag-femenino","tag-liga-u17","tag-luis-luciano","tag-talleres-parana"],"yoast_head":"<!-- This site is optimized with the Yoast SEO plugin v27.5 - https:\/\/yoast.com\/product\/yoast-seo-wordpress\/ -->\n<title>Continu\u00f3 la Liga U17-F en Bah\u00eda - Gente de B\u00e1squet<\/title>\n<meta name=\"robots\" content=\"index, follow, max-snippet:-1, max-image-preview:large, max-video-preview:-1\" \/>\n<link rel=\"canonical\" href=\"http:\/\/gentedebasquet.com.ar\/sitio\/2014\/11\/01\/continuo-la-liga-u17-f-en-bahia\/\" \/>\n<meta property=\"og:locale\" content=\"es_ES\" \/>\n<meta property=\"og:type\" content=\"article\" \/>\n<meta property=\"og:title\" content=\"Continu\u00f3 la Liga U17-F en Bah\u00eda - Gente de B\u00e1squet\" \/>\n<meta property=\"og:description\" content=\"Barracas, que ma\u00f1ana jugar\u00e1 con Talleres (Paran\u00e1) a las 10, cay\u00f3 ante Atalaya: 90-54\" \/>\n<meta property=\"og:url\" content=\"http:\/\/gentedebasquet.com.ar\/sitio\/2014\/11\/01\/continuo-la-liga-u17-f-en-bahia\/\" \/>\n<meta property=\"og:site_name\" content=\"Gente de B\u00e1squet\" \/>\n<meta property=\"article:published_time\" content=\"2014-11-02T02:24:39+00:00\" \/>\n<meta property=\"og:image\" content=\"http:\/\/gentedebasquet.com.ar\/sitio\/wp-content\/uploads\/2014\/11\/Liga-U17-Barracas-Atalaya.jpg\" \/>\n\t<meta property=\"og:image:width\" content=\"690\" \/>\n\t<meta property=\"og:image:height\" content=\"319\" \/>\n\t<meta property=\"og:image:type\" content=\"image\/jpeg\" \/>\n<meta name=\"author\" content=\"Gente de B\u00e1squet\" \/>\n<meta name=\"twitter:card\" content=\"summary_large_image\" \/>\n<meta name=\"twitter:label1\" content=\"Escrito por\" \/>\n\t<meta name=\"twitter:data1\" content=\"Gente de B\u00e1squet\" \/>\n\t<meta name=\"twitter:label2\" content=\"Tiempo de lectura\" \/>\n\t<meta name=\"twitter:data2\" content=\"4 minutos\" \/>\n<script type=\"application\/ld+json\" class=\"yoast-schema-graph\">{\"@context\":\"https:\\\/\\\/schema.org\",\"@graph\":[{\"@type\":\"Article\",\"@id\":\"http:\\\/\\\/gentedebasquet.com.ar\\\/sitio\\\/2014\\\/11\\\/01\\\/continuo-la-liga-u17-f-en-bahia\\\/#article\",\"isPartOf\":{\"@id\":\"http:\\\/\\\/gentedebasquet.com.ar\\\/sitio\\\/2014\\\/11\\\/01\\\/continuo-la-liga-u17-f-en-bahia\\\/\"},\"author\":{\"name\":\"Gente de B\u00e1squet\",\"@id\":\"https:\\\/\\\/gentedebasquet.com.ar\\\/sitio\\\/#\\\/schema\\\/person\\\/ca0b63bbb977369988a7bbbdc519943a\"},\"headline\":\"Continu\u00f3 la Liga U17-F en Bah\u00eda\",\"datePublished\":\"2014-11-02T02:24:39+00:00\",\"mainEntityOfPage\":{\"@id\":\"http:\\\/\\\/gentedebasquet.com.ar\\\/sitio\\\/2014\\\/11\\\/01\\\/continuo-la-liga-u17-f-en-bahia\\\/\"},\"wordCount\":837,\"image\":{\"@id\":\"http:\\\/\\\/gentedebasquet.com.ar\\\/sitio\\\/2014\\\/11\\\/01\\\/continuo-la-liga-u17-f-en-bahia\\\/#primaryimage\"},\"thumbnailUrl\":\"http:\\\/\\\/gentedebasquet.com.ar\\\/sitio\\\/wp-content\\\/uploads\\\/2014\\\/11\\\/Liga-U17-Barracas-Atalaya.jpg\",\"keywords\":[\"Atalaya\",\"Barracas Central\",\"Femenino\",\"Liga U17\",\"Luis Luciano\",\"Talleres Paran\u00e1\"],\"articleSection\":[\"Femenino\",\"Slide\"],\"inLanguage\":\"es\"},{\"@type\":\"WebPage\",\"@id\":\"http:\\\/\\\/gentedebasquet.com.ar\\\/sitio\\\/2014\\\/11\\\/01\\\/continuo-la-liga-u17-f-en-bahia\\\/\",\"url\":\"http:\\\/\\\/gentedebasquet.com.ar\\\/sitio\\\/2014\\\/11\\\/01\\\/continuo-la-liga-u17-f-en-bahia\\\/\",\"name\":\"Continu\u00f3 la Liga U17-F en Bah\u00eda - Gente de B\u00e1squet\",\"isPartOf\":{\"@id\":\"https:\\\/\\\/gentedebasquet.com.ar\\\/sitio\\\/#website\"},\"primaryImageOfPage\":{\"@id\":\"http:\\\/\\\/gentedebasquet.com.ar\\\/sitio\\\/2014\\\/11\\\/01\\\/continuo-la-liga-u17-f-en-bahia\\\/#primaryimage\"},\"image\":{\"@id\":\"http:\\\/\\\/gentedebasquet.com.ar\\\/sitio\\\/2014\\\/11\\\/01\\\/continuo-la-liga-u17-f-en-bahia\\\/#primaryimage\"},\"thumbnailUrl\":\"http:\\\/\\\/gentedebasquet.com.ar\\\/sitio\\\/wp-content\\\/uploads\\\/2014\\\/11\\\/Liga-U17-Barracas-Atalaya.jpg\",\"datePublished\":\"2014-11-02T02:24:39+00:00\",\"author\":{\"@id\":\"https:\\\/\\\/gentedebasquet.com.ar\\\/sitio\\\/#\\\/schema\\\/person\\\/ca0b63bbb977369988a7bbbdc519943a\"},\"breadcrumb\":{\"@id\":\"http:\\\/\\\/gentedebasquet.com.ar\\\/sitio\\\/2014\\\/11\\\/01\\\/continuo-la-liga-u17-f-en-bahia\\\/#breadcrumb\"},\"inLanguage\":\"es\",\"potentialAction\":[{\"@type\":\"ReadAction\",\"target\":[\"http:\\\/\\\/gentedebasquet.com.ar\\\/sitio\\\/2014\\\/11\\\/01\\\/continuo-la-liga-u17-f-en-bahia\\\/\"]}]},{\"@type\":\"ImageObject\",\"inLanguage\":\"es\",\"@id\":\"http:\\\/\\\/gentedebasquet.com.ar\\\/sitio\\\/2014\\\/11\\\/01\\\/continuo-la-liga-u17-f-en-bahia\\\/#primaryimage\",\"url\":\"http:\\\/\\\/gentedebasquet.com.ar\\\/sitio\\\/wp-content\\\/uploads\\\/2014\\\/11\\\/Liga-U17-Barracas-Atalaya.jpg\",\"contentUrl\":\"http:\\\/\\\/gentedebasquet.com.ar\\\/sitio\\\/wp-content\\\/uploads\\\/2014\\\/11\\\/Liga-U17-Barracas-Atalaya.jpg\",\"width\":690,\"height\":319},{\"@type\":\"BreadcrumbList\",\"@id\":\"http:\\\/\\\/gentedebasquet.com.ar\\\/sitio\\\/2014\\\/11\\\/01\\\/continuo-la-liga-u17-f-en-bahia\\\/#breadcrumb\",\"itemListElement\":[{\"@type\":\"ListItem\",\"position\":1,\"name\":\"Portada\",\"item\":\"https:\\\/\\\/gentedebasquet.com.ar\\\/sitio\\\/\"},{\"@type\":\"ListItem\",\"position\":2,\"name\":\"Continu\u00f3 la Liga U17-F en Bah\u00eda\"}]},{\"@type\":\"WebSite\",\"@id\":\"https:\\\/\\\/gentedebasquet.com.ar\\\/sitio\\\/#website\",\"url\":\"https:\\\/\\\/gentedebasquet.com.ar\\\/sitio\\\/\",\"name\":\"Gente de B\u00e1squet\",\"description\":\"La revista del basquet de Bah\u00eda Blanca\",\"potentialAction\":[{\"@type\":\"SearchAction\",\"target\":{\"@type\":\"EntryPoint\",\"urlTemplate\":\"https:\\\/\\\/gentedebasquet.com.ar\\\/sitio\\\/?s={search_term_string}\"},\"query-input\":{\"@type\":\"PropertyValueSpecification\",\"valueRequired\":true,\"valueName\":\"search_term_string\"}}],\"inLanguage\":\"es\"},{\"@type\":\"Person\",\"@id\":\"https:\\\/\\\/gentedebasquet.com.ar\\\/sitio\\\/#\\\/schema\\\/person\\\/ca0b63bbb977369988a7bbbdc519943a\",\"name\":\"Gente de B\u00e1squet\",\"image\":{\"@type\":\"ImageObject\",\"inLanguage\":\"es\",\"@id\":\"https:\\\/\\\/secure.gravatar.com\\\/avatar\\\/7f2c48bdc33b30088f941fb6082e555f2874c98e20cb159d7b92b50eadfce793?s=96&d=mm&r=g\",\"url\":\"https:\\\/\\\/secure.gravatar.com\\\/avatar\\\/7f2c48bdc33b30088f941fb6082e555f2874c98e20cb159d7b92b50eadfce793?s=96&d=mm&r=g\",\"contentUrl\":\"https:\\\/\\\/secure.gravatar.com\\\/avatar\\\/7f2c48bdc33b30088f941fb6082e555f2874c98e20cb159d7b92b50eadfce793?s=96&d=mm&r=g\",\"caption\":\"Gente de B\u00e1squet\"},\"sameAs\":[\"http:\\\/\\\/gentedebasquet.com.ar\\\/sitio\"],\"url\":\"http:\\\/\\\/gentedebasquet.com.ar\\\/sitio\\\/author\\\/ulises\\\/\"}]}<\/script>\n<!-- \/ Yoast SEO plugin. -->","yoast_head_json":{"title":"Continu\u00f3 la Liga U17-F en Bah\u00eda - Gente de B\u00e1squet","robots":{"index":"index","follow":"follow","max-snippet":"max-snippet:-1","max-image-preview":"max-image-preview:large","max-video-preview":"max-video-preview:-1"},"canonical":"http:\/\/gentedebasquet.com.ar\/sitio\/2014\/11\/01\/continuo-la-liga-u17-f-en-bahia\/","og_locale":"es_ES","og_type":"article","og_title":"Continu\u00f3 la Liga U17-F en Bah\u00eda - Gente de B\u00e1squet","og_description":"Barracas, que ma\u00f1ana jugar\u00e1 con Talleres (Paran\u00e1) a las 10, cay\u00f3 ante Atalaya: 90-54","og_url":"http:\/\/gentedebasquet.com.ar\/sitio\/2014\/11\/01\/continuo-la-liga-u17-f-en-bahia\/","og_site_name":"Gente de B\u00e1squet","article_published_time":"2014-11-02T02:24:39+00:00","og_image":[{"width":690,"height":319,"url":"http:\/\/gentedebasquet.com.ar\/sitio\/wp-content\/uploads\/2014\/11\/Liga-U17-Barracas-Atalaya.jpg","type":"image\/jpeg"}],"author":"Gente de B\u00e1squet","twitter_card":"summary_large_image","twitter_misc":{"Escrito por":"Gente de B\u00e1squet","Tiempo de lectura":"4 minutos"},"schema":{"@context":"https:\/\/schema.org","@graph":[{"@type":"Article","@id":"http:\/\/gentedebasquet.com.ar\/sitio\/2014\/11\/01\/continuo-la-liga-u17-f-en-bahia\/#article","isPartOf":{"@id":"http:\/\/gentedebasquet.com.ar\/sitio\/2014\/11\/01\/continuo-la-liga-u17-f-en-bahia\/"},"author":{"name":"Gente de B\u00e1squet","@id":"https:\/\/gentedebasquet.com.ar\/sitio\/#\/schema\/person\/ca0b63bbb977369988a7bbbdc519943a"},"headline":"Continu\u00f3 la Liga U17-F en Bah\u00eda","datePublished":"2014-11-02T02:24:39+00:00","mainEntityOfPage":{"@id":"http:\/\/gentedebasquet.com.ar\/sitio\/2014\/11\/01\/continuo-la-liga-u17-f-en-bahia\/"},"wordCount":837,"image":{"@id":"http:\/\/gentedebasquet.com.ar\/sitio\/2014\/11\/01\/continuo-la-liga-u17-f-en-bahia\/#primaryimage"},"thumbnailUrl":"http:\/\/gentedebasquet.com.ar\/sitio\/wp-content\/uploads\/2014\/11\/Liga-U17-Barracas-Atalaya.jpg","keywords":["Atalaya","Barracas Central","Femenino","Liga U17","Luis Luciano","Talleres Paran\u00e1"],"articleSection":["Femenino","Slide"],"inLanguage":"es"},{"@type":"WebPage","@id":"http:\/\/gentedebasquet.com.ar\/sitio\/2014\/11\/01\/continuo-la-liga-u17-f-en-bahia\/","url":"http:\/\/gentedebasquet.com.ar\/sitio\/2014\/11\/01\/continuo-la-liga-u17-f-en-bahia\/","name":"Continu\u00f3 la Liga U17-F en Bah\u00eda - Gente de B\u00e1squet","isPartOf":{"@id":"https:\/\/gentedebasquet.com.ar\/sitio\/#website"},"primaryImageOfPage":{"@id":"http:\/\/gentedebasquet.com.ar\/sitio\/2014\/11\/01\/continuo-la-liga-u17-f-en-bahia\/#primaryimage"},"image":{"@id":"http:\/\/gentedebasquet.com.ar\/sitio\/2014\/11\/01\/continuo-la-liga-u17-f-en-bahia\/#primaryimage"},"thumbnailUrl":"http:\/\/gentedebasquet.com.ar\/sitio\/wp-content\/uploads\/2014\/11\/Liga-U17-Barracas-Atalaya.jpg","datePublished":"2014-11-02T02:24:39+00:00","author":{"@id":"https:\/\/gentedebasquet.com.ar\/sitio\/#\/schema\/person\/ca0b63bbb977369988a7bbbdc519943a"},"breadcrumb":{"@id":"http:\/\/gentedebasquet.com.ar\/sitio\/2014\/11\/01\/continuo-la-liga-u17-f-en-bahia\/#breadcrumb"},"inLanguage":"es","potentialAction":[{"@type":"ReadAction","target":["http:\/\/gentedebasquet.com.ar\/sitio\/2014\/11\/01\/continuo-la-liga-u17-f-en-bahia\/"]}]},{"@type":"ImageObject","inLanguage":"es","@id":"http:\/\/gentedebasquet.com.ar\/sitio\/2014\/11\/01\/continuo-la-liga-u17-f-en-bahia\/#primaryimage","url":"http:\/\/gentedebasquet.com.ar\/sitio\/wp-content\/uploads\/2014\/11\/Liga-U17-Barracas-Atalaya.jpg","contentUrl":"http:\/\/gentedebasquet.com.ar\/sitio\/wp-content\/uploads\/2014\/11\/Liga-U17-Barracas-Atalaya.jpg","width":690,"height":319},{"@type":"BreadcrumbList","@id":"http:\/\/gentedebasquet.com.ar\/sitio\/2014\/11\/01\/continuo-la-liga-u17-f-en-bahia\/#breadcrumb","itemListElement":[{"@type":"ListItem","position":1,"name":"Portada","item":"https:\/\/gentedebasquet.com.ar\/sitio\/"},{"@type":"ListItem","position":2,"name":"Continu\u00f3 la Liga U17-F en Bah\u00eda"}]},{"@type":"WebSite","@id":"https:\/\/gentedebasquet.com.ar\/sitio\/#website","url":"https:\/\/gentedebasquet.com.ar\/sitio\/","name":"Gente de B\u00e1squet","description":"La revista del basquet de Bah\u00eda Blanca","potentialAction":[{"@type":"SearchAction","target":{"@type":"EntryPoint","urlTemplate":"https:\/\/gentedebasquet.com.ar\/sitio\/?s={search_term_string}"},"query-input":{"@type":"PropertyValueSpecification","valueRequired":true,"valueName":"search_term_string"}}],"inLanguage":"es"},{"@type":"Person","@id":"https:\/\/gentedebasquet.com.ar\/sitio\/#\/schema\/person\/ca0b63bbb977369988a7bbbdc519943a","name":"Gente de B\u00e1squet","image":{"@type":"ImageObject","inLanguage":"es","@id":"https:\/\/secure.gravatar.com\/avatar\/7f2c48bdc33b30088f941fb6082e555f2874c98e20cb159d7b92b50eadfce793?s=96&d=mm&r=g","url":"https:\/\/secure.gravatar.com\/avatar\/7f2c48bdc33b30088f941fb6082e555f2874c98e20cb159d7b92b50eadfce793?s=96&d=mm&r=g","contentUrl":"https:\/\/secure.gravatar.com\/avatar\/7f2c48bdc33b30088f941fb6082e555f2874c98e20cb159d7b92b50eadfce793?s=96&d=mm&r=g","caption":"Gente de B\u00e1squet"},"sameAs":["http:\/\/gentedebasquet.com.ar\/sitio"],"url":"http:\/\/gentedebasquet.com.ar\/sitio\/author\/ulises\/"}]}},"_links":{"self":[{"href":"http:\/\/gentedebasquet.com.ar\/sitio\/wp-json\/wp\/v2\/posts\/40071","targetHints":{"allow":["GET"]}}],"collection":[{"href":"http:\/\/gentedebasquet.com.ar\/sitio\/wp-json\/wp\/v2\/posts"}],"about":[{"href":"http:\/\/gentedebasquet.com.ar\/sitio\/wp-json\/wp\/v2\/types\/post"}],"author":[{"embeddable":true,"href":"http:\/\/gentedebasquet.com.ar\/sitio\/wp-json\/wp\/v2\/users\/1"}],"replies":[{"embeddable":true,"href":"http:\/\/gentedebasquet.com.ar\/sitio\/wp-json\/wp\/v2\/comments?post=40071"}],"version-history":[{"count":0,"href":"http:\/\/gentedebasquet.com.ar\/sitio\/wp-json\/wp\/v2\/posts\/40071\/revisions"}],"wp:featuredmedia":[{"embeddable":true,"href":"http:\/\/gentedebasquet.com.ar\/sitio\/wp-json\/wp\/v2\/media\/40073"}],"wp:attachment":[{"href":"http:\/\/gentedebasquet.com.ar\/sitio\/wp-json\/wp\/v2\/media?parent=40071"}],"wp:term":[{"taxonomy":"category","embeddable":true,"href":"http:\/\/gentedebasquet.com.ar\/sitio\/wp-json\/wp\/v2\/categories?post=40071"},{"taxonomy":"post_tag","embeddable":true,"href":"http:\/\/gentedebasquet.com.ar\/sitio\/wp-json\/wp\/v2\/tags?post=40071"}],"curies":[{"name":"wp","href":"https:\/\/api.w.org\/{rel}","templated":true}]}}