{"id":40090,"date":"2014-11-02T13:53:44","date_gmt":"2014-11-02T16:53:44","guid":{"rendered":"http:\/\/www.gentedebasquet.com.ar\/?p=40090"},"modified":"2014-11-02T13:53:44","modified_gmt":"2014-11-02T16:53:44","slug":"barracas-no-pudo-con-el-invicto-talleres","status":"publish","type":"post","link":"http:\/\/gentedebasquet.com.ar\/sitio\/2014\/11\/02\/barracas-no-pudo-con-el-invicto-talleres\/","title":{"rendered":"Barracas no pudo ante Talleres"},"content":{"rendered":"<p><strong>Barracas Central cerr\u00f3 el cuadrangular de Liga U17, jugado en su estadio, con derrota ante Talleres de Paran\u00e1, por 77 a 39. El elenco visitante lidera la Zona B de la competencia de manera invicta, mientras que las chicas bahienses a\u00fan no pudieron ganar en el certamen. Candelaria V\u00e1zquez, con 16 puntos y 4 rebotes, se destac\u00f3 en el local, mientras que Maribel Barzola, con 33 unidades, 12 recobres, 5 asistencias, 3 robos y una tapa, fue la gran figura del juego. En segundo turno, Atalaya (Rosario) derrot\u00f3 a Luis Luciano (Urdinarrain, Entre R\u00edos) por 77 a 62.<\/strong><\/p>\n<p><span style=\"font-size: 14px; line-height: 1.5em;\">\u00a0<\/span><\/p>\n<p>&nbsp;<\/p>\n<p><a href=\"http:\/\/www.gentedebasquet.com.ar\/wp-content\/uploads\/2014\/11\/IMG_7568.jpg\"><img decoding=\"async\" class=\"aligncenter size-full wp-image-40095\" alt=\"V\u00e1zquez Barzola Barracas Talleres U17\" src=\"http:\/\/www.gentedebasquet.com.ar\/wp-content\/uploads\/2014\/11\/IMG_7568.jpg\" width=\"640\" height=\"480\" srcset=\"http:\/\/gentedebasquet.com.ar\/sitio\/wp-content\/uploads\/2014\/11\/IMG_7568.jpg 640w, http:\/\/gentedebasquet.com.ar\/sitio\/wp-content\/uploads\/2014\/11\/IMG_7568-300x225.jpg 300w\" sizes=\"(max-width: 640px) 100vw, 640px\" \/><\/a><\/p>\n<p><span style=\"text-decoration: underline;\"><em><strong>S\u00edntesis:<\/strong><\/em><\/span><\/p>\n<p><strong>Barracas Central 39:<\/strong>\u00a0B\u00e1rbara Cunningham 8, Malena Garc\u00eda 3, Candelaria V\u00e1zquez 16, Ileana Corval\u00e1n 2 y Camila Bay\u00f3n 1 (FI); Camila Cabrera 0, Ail\u00edn Larrosa 7, Camila Maisterrena 0, Micaela S\u00e1nchez 2, Lorena Paz 0 y Sof\u00eda Vecchi 0. DT: Gabriel M\u00e9rida.<\/p>\n<p><strong>Talleres (Paran\u00e1) 77:<\/strong>\u00a0Ail\u00e9n Tonutti 8, Melina Tamburlini 6, Micaela Moreno 12, Aldana Pi\u00f1ero 12 y Maribel Barzola 33 (FI); Camila Carrero 2, Mar\u00eda Milagros Punt\u00edn 0, Yamila Godoy 2, Maira Mart\u00ednez 2, Sof\u00eda Wolf 0, Ail\u00e9n Ortellao 0 y Rocio Gim\u00e9nez 0. DT: Andr\u00e9s Grancelli.<\/p>\n<p><strong>Parciales:<\/strong>\u00a07-21, 21-41 (14-20), 29-59 (8-18) y 39-77 (10-18).<\/p>\n<p><strong>\u00c1rbitros:<\/strong> Ra\u00fal S\u00e1nchez (Jun\u00edn) &#8211; Marjorie Stuardo (Punta Alta).<\/p>\n<p><strong>Estadio:<\/strong> El Bosque (Barracas Central, Bah\u00eda Blanca).<\/p>\n<p><a class=\"modalf iframe\" title=\"Planilla\" href=\"https:\/\/docs.google.com\/spreadsheets\/d\/1TLjTQg5Xk8t6g4Nd0xptjtVcFsisWxL2z-3yHZq9128\/pubhtml\" target=\"_blank\" rel=\"noopener\">Ver Planilla<\/a><\/p>\n<p>&nbsp;<\/p>\n<h6>Atalaya derrot\u00f3 a Luis Luciano<\/h6>\n<p><a href=\"http:\/\/www.gentedebasquet.com.ar\/wp-content\/uploads\/2014\/11\/Atalaya-Luis-Luciano-U17.jpg\"><img decoding=\"async\" class=\"aligncenter size-full wp-image-40091\" alt=\"Atalaya - Luis Luciano U17\" src=\"http:\/\/www.gentedebasquet.com.ar\/wp-content\/uploads\/2014\/11\/Atalaya-Luis-Luciano-U17.jpg\" width=\"640\" height=\"480\" srcset=\"http:\/\/gentedebasquet.com.ar\/sitio\/wp-content\/uploads\/2014\/11\/Atalaya-Luis-Luciano-U17.jpg 640w, http:\/\/gentedebasquet.com.ar\/sitio\/wp-content\/uploads\/2014\/11\/Atalaya-Luis-Luciano-U17-300x225.jpg 300w\" sizes=\"(max-width: 640px) 100vw, 640px\" \/><\/a><\/p>\n<p>&nbsp;<\/p>\n<p><span style=\"text-decoration: underline;\"><em style=\"font-size: 14px; line-height: 1.5em;\"><strong>S\u00edntesis:<\/strong><\/em><\/span><\/p>\n<p><strong>Atalaya (Rosario) 77:<\/strong>\u00a0Candela Foresto 11, Milagros Ortega 14, Candela Garc\u00eda 13, Gina Barro 12 y Karen Gonz\u00e1lez Zapata 16 (FI); Agustina Alcaino 1, Chiara De Virgilio 0, Nair Riveros 0, Merari Utrera 10, Loana Gonz\u00e1lez Zapata 0, Ayl\u00e9n Riveros 0 y Marina Palacios 0. DT: Luciano Cardinal.<\/p>\n<p><strong>Luis Luciano (Urdinarrain) 62:<\/strong> Melissa G\u00f3mez 6, Martina Rodr\u00edguez Bir\u00e9 7,\u00a0Micaela Sabater 16, Nerea De la Cruz Aguilar 13 y Noel\u00ed Sartori 15 (FI); Mariana Mart\u00ednez 0, Luciana Mart\u00ednez 2,\u00a0Lourdes P\u00e9rez Londra 3, Quimey Waistein 0, Ernestina Moreno 0 y Tatiana Elena 0. DT: Hugo Davini.<\/p>\n<p><strong>Parciales:<\/strong>\u00a018-19, 36-39 (18-20), 58-50 (22-11) y 77-62 (19-12).<\/p>\n<p><strong>\u00c1rbitros:<\/strong> Alejandro Go\u00f1i (Bah\u00eda Blanca) \u2013 Agust\u00edn Chavarr\u00eda (Viedma).<\/p>\n<p><strong>Estadio:<\/strong> El Bosque (Barracas Central, Bah\u00eda Blanca).<\/p>\n<p><a href=\"http:\/\/www.gentedebasquet.com.ar\/wp-content\/uploads\/2014\/11\/Candela-Foresto-Atalaya-U17.jpg\"><img decoding=\"async\" class=\"aligncenter size-full wp-image-40092\" alt=\"Candela Foresto Atalaya U17\" src=\"http:\/\/www.gentedebasquet.com.ar\/wp-content\/uploads\/2014\/11\/Candela-Foresto-Atalaya-U17.jpg\" width=\"640\" height=\"478\" srcset=\"http:\/\/gentedebasquet.com.ar\/sitio\/wp-content\/uploads\/2014\/11\/Candela-Foresto-Atalaya-U17.jpg 640w, http:\/\/gentedebasquet.com.ar\/sitio\/wp-content\/uploads\/2014\/11\/Candela-Foresto-Atalaya-U17-300x224.jpg 300w\" sizes=\"(max-width: 640px) 100vw, 640px\" \/><\/a><\/p>\n<p><strong>Fotos:<\/strong> Romina Sald\u00edas.<\/p>\n","protected":false},"excerpt":{"rendered":"<p>El conjunto de Paran\u00e1 gan\u00f3 en Bah\u00eda Blanca, por Liga U17 Femenina, 77 a 39<\/p>\n","protected":false},"author":1,"featured_media":40094,"comment_status":"closed","ping_status":"open","sticky":false,"template":"","format":"standard","meta":{"jnews-multi-image_gallery":[],"jnews_single_post":[],"jnews_primary_category":[],"footnotes":""},"categories":[33,101],"tags":[959,6,395,522,960,961],"class_list":["post-40090","post","type-post","status-publish","format-standard","has-post-thumbnail","hentry","category-femenino","category-slide","tag-atalaya","tag-barracas-central","tag-femenino","tag-liga-u17","tag-luis-luciano","tag-talleres-parana"],"yoast_head":"<!-- This site is optimized with the Yoast SEO plugin v27.5 - https:\/\/yoast.com\/product\/yoast-seo-wordpress\/ -->\n<title>Barracas no pudo ante Talleres - Gente de B\u00e1squet<\/title>\n<meta name=\"robots\" content=\"index, follow, max-snippet:-1, max-image-preview:large, max-video-preview:-1\" \/>\n<link rel=\"canonical\" href=\"http:\/\/gentedebasquet.com.ar\/sitio\/2014\/11\/02\/barracas-no-pudo-con-el-invicto-talleres\/\" \/>\n<meta property=\"og:locale\" content=\"es_ES\" \/>\n<meta property=\"og:type\" content=\"article\" \/>\n<meta property=\"og:title\" content=\"Barracas no pudo ante Talleres - Gente de B\u00e1squet\" \/>\n<meta property=\"og:description\" content=\"El conjunto de Paran\u00e1 gan\u00f3 en Bah\u00eda Blanca, por Liga U17 Femenina, 77 a 39\" \/>\n<meta property=\"og:url\" content=\"http:\/\/gentedebasquet.com.ar\/sitio\/2014\/11\/02\/barracas-no-pudo-con-el-invicto-talleres\/\" \/>\n<meta property=\"og:site_name\" content=\"Gente de B\u00e1squet\" \/>\n<meta property=\"article:published_time\" content=\"2014-11-02T16:53:44+00:00\" \/>\n<meta property=\"og:image\" content=\"http:\/\/gentedebasquet.com.ar\/sitio\/wp-content\/uploads\/2014\/11\/IMG_7634.jpg\" \/>\n\t<meta property=\"og:image:width\" content=\"690\" \/>\n\t<meta property=\"og:image:height\" content=\"319\" \/>\n\t<meta property=\"og:image:type\" content=\"image\/jpeg\" \/>\n<meta name=\"author\" content=\"Gente de B\u00e1squet\" \/>\n<meta name=\"twitter:card\" content=\"summary_large_image\" \/>\n<meta name=\"twitter:label1\" content=\"Escrito por\" \/>\n\t<meta name=\"twitter:data1\" content=\"Gente de B\u00e1squet\" \/>\n\t<meta name=\"twitter:label2\" content=\"Tiempo de lectura\" \/>\n\t<meta name=\"twitter:data2\" content=\"2 minutos\" \/>\n<script type=\"application\/ld+json\" class=\"yoast-schema-graph\">{\"@context\":\"https:\\\/\\\/schema.org\",\"@graph\":[{\"@type\":\"Article\",\"@id\":\"http:\\\/\\\/gentedebasquet.com.ar\\\/sitio\\\/2014\\\/11\\\/02\\\/barracas-no-pudo-con-el-invicto-talleres\\\/#article\",\"isPartOf\":{\"@id\":\"http:\\\/\\\/gentedebasquet.com.ar\\\/sitio\\\/2014\\\/11\\\/02\\\/barracas-no-pudo-con-el-invicto-talleres\\\/\"},\"author\":{\"name\":\"Gente de B\u00e1squet\",\"@id\":\"https:\\\/\\\/gentedebasquet.com.ar\\\/sitio\\\/#\\\/schema\\\/person\\\/ca0b63bbb977369988a7bbbdc519943a\"},\"headline\":\"Barracas no pudo ante Talleres\",\"datePublished\":\"2014-11-02T16:53:44+00:00\",\"mainEntityOfPage\":{\"@id\":\"http:\\\/\\\/gentedebasquet.com.ar\\\/sitio\\\/2014\\\/11\\\/02\\\/barracas-no-pudo-con-el-invicto-talleres\\\/\"},\"wordCount\":333,\"image\":{\"@id\":\"http:\\\/\\\/gentedebasquet.com.ar\\\/sitio\\\/2014\\\/11\\\/02\\\/barracas-no-pudo-con-el-invicto-talleres\\\/#primaryimage\"},\"thumbnailUrl\":\"http:\\\/\\\/gentedebasquet.com.ar\\\/sitio\\\/wp-content\\\/uploads\\\/2014\\\/11\\\/IMG_7634.jpg\",\"keywords\":[\"Atalaya\",\"Barracas Central\",\"Femenino\",\"Liga U17\",\"Luis Luciano\",\"Talleres Paran\u00e1\"],\"articleSection\":[\"Femenino\",\"Slide\"],\"inLanguage\":\"es\"},{\"@type\":\"WebPage\",\"@id\":\"http:\\\/\\\/gentedebasquet.com.ar\\\/sitio\\\/2014\\\/11\\\/02\\\/barracas-no-pudo-con-el-invicto-talleres\\\/\",\"url\":\"http:\\\/\\\/gentedebasquet.com.ar\\\/sitio\\\/2014\\\/11\\\/02\\\/barracas-no-pudo-con-el-invicto-talleres\\\/\",\"name\":\"Barracas no pudo ante Talleres - Gente de B\u00e1squet\",\"isPartOf\":{\"@id\":\"https:\\\/\\\/gentedebasquet.com.ar\\\/sitio\\\/#website\"},\"primaryImageOfPage\":{\"@id\":\"http:\\\/\\\/gentedebasquet.com.ar\\\/sitio\\\/2014\\\/11\\\/02\\\/barracas-no-pudo-con-el-invicto-talleres\\\/#primaryimage\"},\"image\":{\"@id\":\"http:\\\/\\\/gentedebasquet.com.ar\\\/sitio\\\/2014\\\/11\\\/02\\\/barracas-no-pudo-con-el-invicto-talleres\\\/#primaryimage\"},\"thumbnailUrl\":\"http:\\\/\\\/gentedebasquet.com.ar\\\/sitio\\\/wp-content\\\/uploads\\\/2014\\\/11\\\/IMG_7634.jpg\",\"datePublished\":\"2014-11-02T16:53:44+00:00\",\"author\":{\"@id\":\"https:\\\/\\\/gentedebasquet.com.ar\\\/sitio\\\/#\\\/schema\\\/person\\\/ca0b63bbb977369988a7bbbdc519943a\"},\"breadcrumb\":{\"@id\":\"http:\\\/\\\/gentedebasquet.com.ar\\\/sitio\\\/2014\\\/11\\\/02\\\/barracas-no-pudo-con-el-invicto-talleres\\\/#breadcrumb\"},\"inLanguage\":\"es\",\"potentialAction\":[{\"@type\":\"ReadAction\",\"target\":[\"http:\\\/\\\/gentedebasquet.com.ar\\\/sitio\\\/2014\\\/11\\\/02\\\/barracas-no-pudo-con-el-invicto-talleres\\\/\"]}]},{\"@type\":\"ImageObject\",\"inLanguage\":\"es\",\"@id\":\"http:\\\/\\\/gentedebasquet.com.ar\\\/sitio\\\/2014\\\/11\\\/02\\\/barracas-no-pudo-con-el-invicto-talleres\\\/#primaryimage\",\"url\":\"http:\\\/\\\/gentedebasquet.com.ar\\\/sitio\\\/wp-content\\\/uploads\\\/2014\\\/11\\\/IMG_7634.jpg\",\"contentUrl\":\"http:\\\/\\\/gentedebasquet.com.ar\\\/sitio\\\/wp-content\\\/uploads\\\/2014\\\/11\\\/IMG_7634.jpg\",\"width\":690,\"height\":319},{\"@type\":\"BreadcrumbList\",\"@id\":\"http:\\\/\\\/gentedebasquet.com.ar\\\/sitio\\\/2014\\\/11\\\/02\\\/barracas-no-pudo-con-el-invicto-talleres\\\/#breadcrumb\",\"itemListElement\":[{\"@type\":\"ListItem\",\"position\":1,\"name\":\"Portada\",\"item\":\"https:\\\/\\\/gentedebasquet.com.ar\\\/sitio\\\/\"},{\"@type\":\"ListItem\",\"position\":2,\"name\":\"Barracas no pudo ante Talleres\"}]},{\"@type\":\"WebSite\",\"@id\":\"https:\\\/\\\/gentedebasquet.com.ar\\\/sitio\\\/#website\",\"url\":\"https:\\\/\\\/gentedebasquet.com.ar\\\/sitio\\\/\",\"name\":\"Gente de B\u00e1squet\",\"description\":\"La revista del basquet de Bah\u00eda Blanca\",\"potentialAction\":[{\"@type\":\"SearchAction\",\"target\":{\"@type\":\"EntryPoint\",\"urlTemplate\":\"https:\\\/\\\/gentedebasquet.com.ar\\\/sitio\\\/?s={search_term_string}\"},\"query-input\":{\"@type\":\"PropertyValueSpecification\",\"valueRequired\":true,\"valueName\":\"search_term_string\"}}],\"inLanguage\":\"es\"},{\"@type\":\"Person\",\"@id\":\"https:\\\/\\\/gentedebasquet.com.ar\\\/sitio\\\/#\\\/schema\\\/person\\\/ca0b63bbb977369988a7bbbdc519943a\",\"name\":\"Gente de B\u00e1squet\",\"image\":{\"@type\":\"ImageObject\",\"inLanguage\":\"es\",\"@id\":\"https:\\\/\\\/secure.gravatar.com\\\/avatar\\\/7f2c48bdc33b30088f941fb6082e555f2874c98e20cb159d7b92b50eadfce793?s=96&d=mm&r=g\",\"url\":\"https:\\\/\\\/secure.gravatar.com\\\/avatar\\\/7f2c48bdc33b30088f941fb6082e555f2874c98e20cb159d7b92b50eadfce793?s=96&d=mm&r=g\",\"contentUrl\":\"https:\\\/\\\/secure.gravatar.com\\\/avatar\\\/7f2c48bdc33b30088f941fb6082e555f2874c98e20cb159d7b92b50eadfce793?s=96&d=mm&r=g\",\"caption\":\"Gente de B\u00e1squet\"},\"sameAs\":[\"http:\\\/\\\/gentedebasquet.com.ar\\\/sitio\"],\"url\":\"http:\\\/\\\/gentedebasquet.com.ar\\\/sitio\\\/author\\\/ulises\\\/\"}]}<\/script>\n<!-- \/ Yoast SEO plugin. -->","yoast_head_json":{"title":"Barracas no pudo ante Talleres - Gente de B\u00e1squet","robots":{"index":"index","follow":"follow","max-snippet":"max-snippet:-1","max-image-preview":"max-image-preview:large","max-video-preview":"max-video-preview:-1"},"canonical":"http:\/\/gentedebasquet.com.ar\/sitio\/2014\/11\/02\/barracas-no-pudo-con-el-invicto-talleres\/","og_locale":"es_ES","og_type":"article","og_title":"Barracas no pudo ante Talleres - Gente de B\u00e1squet","og_description":"El conjunto de Paran\u00e1 gan\u00f3 en Bah\u00eda Blanca, por Liga U17 Femenina, 77 a 39","og_url":"http:\/\/gentedebasquet.com.ar\/sitio\/2014\/11\/02\/barracas-no-pudo-con-el-invicto-talleres\/","og_site_name":"Gente de B\u00e1squet","article_published_time":"2014-11-02T16:53:44+00:00","og_image":[{"width":690,"height":319,"url":"http:\/\/gentedebasquet.com.ar\/sitio\/wp-content\/uploads\/2014\/11\/IMG_7634.jpg","type":"image\/jpeg"}],"author":"Gente de B\u00e1squet","twitter_card":"summary_large_image","twitter_misc":{"Escrito por":"Gente de B\u00e1squet","Tiempo de lectura":"2 minutos"},"schema":{"@context":"https:\/\/schema.org","@graph":[{"@type":"Article","@id":"http:\/\/gentedebasquet.com.ar\/sitio\/2014\/11\/02\/barracas-no-pudo-con-el-invicto-talleres\/#article","isPartOf":{"@id":"http:\/\/gentedebasquet.com.ar\/sitio\/2014\/11\/02\/barracas-no-pudo-con-el-invicto-talleres\/"},"author":{"name":"Gente de B\u00e1squet","@id":"https:\/\/gentedebasquet.com.ar\/sitio\/#\/schema\/person\/ca0b63bbb977369988a7bbbdc519943a"},"headline":"Barracas no pudo ante Talleres","datePublished":"2014-11-02T16:53:44+00:00","mainEntityOfPage":{"@id":"http:\/\/gentedebasquet.com.ar\/sitio\/2014\/11\/02\/barracas-no-pudo-con-el-invicto-talleres\/"},"wordCount":333,"image":{"@id":"http:\/\/gentedebasquet.com.ar\/sitio\/2014\/11\/02\/barracas-no-pudo-con-el-invicto-talleres\/#primaryimage"},"thumbnailUrl":"http:\/\/gentedebasquet.com.ar\/sitio\/wp-content\/uploads\/2014\/11\/IMG_7634.jpg","keywords":["Atalaya","Barracas Central","Femenino","Liga U17","Luis Luciano","Talleres Paran\u00e1"],"articleSection":["Femenino","Slide"],"inLanguage":"es"},{"@type":"WebPage","@id":"http:\/\/gentedebasquet.com.ar\/sitio\/2014\/11\/02\/barracas-no-pudo-con-el-invicto-talleres\/","url":"http:\/\/gentedebasquet.com.ar\/sitio\/2014\/11\/02\/barracas-no-pudo-con-el-invicto-talleres\/","name":"Barracas no pudo ante Talleres - Gente de B\u00e1squet","isPartOf":{"@id":"https:\/\/gentedebasquet.com.ar\/sitio\/#website"},"primaryImageOfPage":{"@id":"http:\/\/gentedebasquet.com.ar\/sitio\/2014\/11\/02\/barracas-no-pudo-con-el-invicto-talleres\/#primaryimage"},"image":{"@id":"http:\/\/gentedebasquet.com.ar\/sitio\/2014\/11\/02\/barracas-no-pudo-con-el-invicto-talleres\/#primaryimage"},"thumbnailUrl":"http:\/\/gentedebasquet.com.ar\/sitio\/wp-content\/uploads\/2014\/11\/IMG_7634.jpg","datePublished":"2014-11-02T16:53:44+00:00","author":{"@id":"https:\/\/gentedebasquet.com.ar\/sitio\/#\/schema\/person\/ca0b63bbb977369988a7bbbdc519943a"},"breadcrumb":{"@id":"http:\/\/gentedebasquet.com.ar\/sitio\/2014\/11\/02\/barracas-no-pudo-con-el-invicto-talleres\/#breadcrumb"},"inLanguage":"es","potentialAction":[{"@type":"ReadAction","target":["http:\/\/gentedebasquet.com.ar\/sitio\/2014\/11\/02\/barracas-no-pudo-con-el-invicto-talleres\/"]}]},{"@type":"ImageObject","inLanguage":"es","@id":"http:\/\/gentedebasquet.com.ar\/sitio\/2014\/11\/02\/barracas-no-pudo-con-el-invicto-talleres\/#primaryimage","url":"http:\/\/gentedebasquet.com.ar\/sitio\/wp-content\/uploads\/2014\/11\/IMG_7634.jpg","contentUrl":"http:\/\/gentedebasquet.com.ar\/sitio\/wp-content\/uploads\/2014\/11\/IMG_7634.jpg","width":690,"height":319},{"@type":"BreadcrumbList","@id":"http:\/\/gentedebasquet.com.ar\/sitio\/2014\/11\/02\/barracas-no-pudo-con-el-invicto-talleres\/#breadcrumb","itemListElement":[{"@type":"ListItem","position":1,"name":"Portada","item":"https:\/\/gentedebasquet.com.ar\/sitio\/"},{"@type":"ListItem","position":2,"name":"Barracas no pudo ante Talleres"}]},{"@type":"WebSite","@id":"https:\/\/gentedebasquet.com.ar\/sitio\/#website","url":"https:\/\/gentedebasquet.com.ar\/sitio\/","name":"Gente de B\u00e1squet","description":"La revista del basquet de Bah\u00eda Blanca","potentialAction":[{"@type":"SearchAction","target":{"@type":"EntryPoint","urlTemplate":"https:\/\/gentedebasquet.com.ar\/sitio\/?s={search_term_string}"},"query-input":{"@type":"PropertyValueSpecification","valueRequired":true,"valueName":"search_term_string"}}],"inLanguage":"es"},{"@type":"Person","@id":"https:\/\/gentedebasquet.com.ar\/sitio\/#\/schema\/person\/ca0b63bbb977369988a7bbbdc519943a","name":"Gente de B\u00e1squet","image":{"@type":"ImageObject","inLanguage":"es","@id":"https:\/\/secure.gravatar.com\/avatar\/7f2c48bdc33b30088f941fb6082e555f2874c98e20cb159d7b92b50eadfce793?s=96&d=mm&r=g","url":"https:\/\/secure.gravatar.com\/avatar\/7f2c48bdc33b30088f941fb6082e555f2874c98e20cb159d7b92b50eadfce793?s=96&d=mm&r=g","contentUrl":"https:\/\/secure.gravatar.com\/avatar\/7f2c48bdc33b30088f941fb6082e555f2874c98e20cb159d7b92b50eadfce793?s=96&d=mm&r=g","caption":"Gente de B\u00e1squet"},"sameAs":["http:\/\/gentedebasquet.com.ar\/sitio"],"url":"http:\/\/gentedebasquet.com.ar\/sitio\/author\/ulises\/"}]}},"_links":{"self":[{"href":"http:\/\/gentedebasquet.com.ar\/sitio\/wp-json\/wp\/v2\/posts\/40090","targetHints":{"allow":["GET"]}}],"collection":[{"href":"http:\/\/gentedebasquet.com.ar\/sitio\/wp-json\/wp\/v2\/posts"}],"about":[{"href":"http:\/\/gentedebasquet.com.ar\/sitio\/wp-json\/wp\/v2\/types\/post"}],"author":[{"embeddable":true,"href":"http:\/\/gentedebasquet.com.ar\/sitio\/wp-json\/wp\/v2\/users\/1"}],"replies":[{"embeddable":true,"href":"http:\/\/gentedebasquet.com.ar\/sitio\/wp-json\/wp\/v2\/comments?post=40090"}],"version-history":[{"count":0,"href":"http:\/\/gentedebasquet.com.ar\/sitio\/wp-json\/wp\/v2\/posts\/40090\/revisions"}],"wp:featuredmedia":[{"embeddable":true,"href":"http:\/\/gentedebasquet.com.ar\/sitio\/wp-json\/wp\/v2\/media\/40094"}],"wp:attachment":[{"href":"http:\/\/gentedebasquet.com.ar\/sitio\/wp-json\/wp\/v2\/media?parent=40090"}],"wp:term":[{"taxonomy":"category","embeddable":true,"href":"http:\/\/gentedebasquet.com.ar\/sitio\/wp-json\/wp\/v2\/categories?post=40090"},{"taxonomy":"post_tag","embeddable":true,"href":"http:\/\/gentedebasquet.com.ar\/sitio\/wp-json\/wp\/v2\/tags?post=40090"}],"curies":[{"name":"wp","href":"https:\/\/api.w.org\/{rel}","templated":true}]}}