{"id":40784,"date":"2014-11-22T14:29:06","date_gmt":"2014-11-22T17:29:06","guid":{"rendered":"http:\/\/www.gentedebasquet.com.ar\/?p=40784"},"modified":"2014-11-22T14:29:06","modified_gmt":"2014-11-22T17:29:06","slug":"argentino-apelo-a-su-segunda-chance","status":"publish","type":"post","link":"http:\/\/gentedebasquet.com.ar\/sitio\/2014\/11\/22\/argentino-apelo-a-su-segunda-chance\/","title":{"rendered":"Argentino apel\u00f3 a su segunda chance"},"content":{"rendered":"<p><i><\/i><strong>Argentino se qued\u00f3 con una trabajosa victoria ante Villa Mitre por 67 a 60, en el primer juego por el s\u00e9ptimo puesto en U15. Pese a un gran primer cuarto, donde pudo tomar una ventaja que parec\u00eda tranquilizadora, el local debi\u00f3 esforzarse al m\u00e1ximo para quedarse con la victoria ante el tricolor. Los destacados en el ganador fueron Segundo Vasconcello y Apella Francisco con 18 y 15 unidades, respectivamente. En tanto en la visita se destacaron Valent\u00edn Petton con 15 puntos y 10 rebotes\u00a0 y Santiago Ferrari con 12 tantos.<\/strong><\/p>\n<p>El arranque y el final del juego, fue lo que le permiti\u00f3 a Argentino quedarse con la victoria. El primer cuarto fue lo mejor del local que coincidi\u00f3, justamente, con el peor pasaje de Villa Mitre. Para este gran comienzo fueron clave, el base Francisco Appella y Segundo Vasconcello, que fueron de lo mejor en la ofensiva del ganador, en este primer chico. A esto se le sumo un muy flojo ataque del tricolor, que tuvo poca fluides y perdi\u00f3 muchas pelotas provocadas por la presi\u00f3n de Argentino, que se fue arriba al primer descanso 26 a 8.<\/p>\n<p>El segundo cuarto fue la clave para que Villa Mitre se metiera en partido, pese al flojo arrranque. Los dirigidos por Leonardo Renzi, mostraron un cambio de actitud clave que le permiti\u00f3 acortar la ventaja. Los tricolores basaron su remontada en su defensa, sobre todo en el cierre del periodo cuando, presionaron desde la salida al due\u00f1o de casa y provocaron muchos recuperos que le permitieron sumar. Valent\u00edn Petton, con 4 recuperos y aportando 6 puntos, junto con Damian Catalado (9 de sus 12 puntos en este lapso) fueron fundamentales para que la villa se fuera al entre tiempo perdiendo por 5 (38 a 33).<\/p>\n<p>A la vuelta del descanso largo el tricolor sigui\u00f3 apostando a lo que lo hab\u00eda puesto en partido. Pese a un arranque irregular de ambos, sigui\u00f3 apostando a la presi\u00f3n alta y la intensidad en defensa. De apoco estir\u00f3 el buen pasaje del cierre del primer tiempo y pudo pasar al frente en el marcador por primera vez en encuentro a falta de 4 min. Para el cierre del tercer parcial, gracias a un buen lapso de Nicol\u00e1s Bejarano (8 puntos) y el buen aporte de Valent\u00edn Petton. Para cerrar el cuarto arriba, 50 a 45.<\/p>\n<p>En el \u00faltimo cuarto se volvi\u00f3 a ver lo mejor del local. Cuando parec\u00eda que Villa Mitre se quedaba con el juego, aprovechando el envi\u00f3n de la remontada. Los dirigidos por Mart\u00edn Faelis lograron remontar el partido, gracias a un gran ingreso de Emanuel L\u00f3pez (6 pts.en el 4C) y de la apareci\u00f3n importante de Franco Appella. Villa Mitre, por su parte, se sec\u00f3 en ofensiva, comenz\u00f3 a tirar tiros forzados y\u00a0 no su aprovechar la ventaja. Argentino reaccion\u00f3 a tiempo, y se pudo quedar con una trabajosa victoria ante el tricolor por 67 a 60.<\/p>\n<p>&nbsp;<\/p>\n<p><span style=\"text-decoration: underline;\"><b><i>S\u00edntesis:<\/i><\/b> <\/span><\/p>\n<p><b>Argentino 67: <\/b>Mate Asensi 5, Segundo Vasconcello 18, Franco Appella 15, Lautaro Gonz\u00e1lez 4, Francisco Alonso 2 (FI), Bruno Herrera 0, Blanco Rodrigo 10, Nahuel Cenzual 2, Jerem\u00edas Mar\u00edn 0, Emanuel L\u00f3pez 8. DT: Mart\u00edn Faelis.<\/p>\n<p><b>Villa Mitre 60: <\/b>Nicolas Bejarano 11, Felipe Miranda 0, Santiago Ferrari 12, Agust\u00edn Moretti 1, L. Fuentes 2 (FI); Octavio Gonzalez 2, Dami\u00e1n Cataldo 12, T. Tuminello 0, J. Lucchetti 4, Gabriel Pereyera 4, Valent\u00edn Petton 15.\u00a0DT: Leonardo Renzi.<\/p>\n<p><b>Parciales:\u00a0<\/b>26-8, 38-33 (12-25), 45-50 (7-17),67-60 (22-10).<\/p>\n<p><b>\u00c1rbitros<\/b>: \u00a0Lucas Andr\u00c9s &#8211; Marcelo Carrizo.<\/p>\n<p><b>Cancha<\/b>: ArduBilio Severini (Argentino).<\/p>\n","protected":false},"excerpt":{"rendered":"<p>Pese a la gran remontada tricolor, Argentino U15 se qued\u00f3 con el juego: 67-60<\/p>\n","protected":false},"author":1,"featured_media":40755,"comment_status":"closed","ping_status":"open","sticky":false,"template":"","format":"standard","meta":{"jnews-multi-image_gallery":[],"jnews_single_post":[],"jnews_primary_category":[],"footnotes":""},"categories":[101,27],"tags":[4,22],"class_list":["post-40784","post","type-post","status-publish","format-standard","has-post-thumbnail","hentry","category-slide","category-u15","tag-argentino","tag-villa-mitre"],"yoast_head":"<!-- This site is optimized with the Yoast SEO plugin v27.5 - https:\/\/yoast.com\/product\/yoast-seo-wordpress\/ -->\n<title>Argentino apel\u00f3 a su segunda chance - Gente de B\u00e1squet<\/title>\n<meta name=\"robots\" content=\"index, follow, max-snippet:-1, max-image-preview:large, max-video-preview:-1\" \/>\n<link rel=\"canonical\" href=\"http:\/\/gentedebasquet.com.ar\/sitio\/2014\/11\/22\/argentino-apelo-a-su-segunda-chance\/\" \/>\n<meta property=\"og:locale\" content=\"es_ES\" \/>\n<meta property=\"og:type\" content=\"article\" \/>\n<meta property=\"og:title\" content=\"Argentino apel\u00f3 a su segunda chance - Gente de B\u00e1squet\" \/>\n<meta property=\"og:description\" content=\"Pese a la gran remontada tricolor, Argentino U15 se qued\u00f3 con el juego: 67-60\" \/>\n<meta property=\"og:url\" content=\"http:\/\/gentedebasquet.com.ar\/sitio\/2014\/11\/22\/argentino-apelo-a-su-segunda-chance\/\" \/>\n<meta property=\"og:site_name\" content=\"Gente de B\u00e1squet\" \/>\n<meta property=\"article:published_time\" content=\"2014-11-22T17:29:06+00:00\" \/>\n<meta property=\"og:image\" content=\"http:\/\/gentedebasquet.com.ar\/sitio\/wp-content\/uploads\/2014\/11\/U15-Argentino-Villa-Mitre.jpg\" \/>\n\t<meta property=\"og:image:width\" content=\"690\" \/>\n\t<meta property=\"og:image:height\" content=\"319\" \/>\n\t<meta property=\"og:image:type\" content=\"image\/jpeg\" \/>\n<meta name=\"author\" content=\"Gente de B\u00e1squet\" \/>\n<meta name=\"twitter:card\" content=\"summary_large_image\" \/>\n<meta name=\"twitter:label1\" content=\"Escrito por\" \/>\n\t<meta name=\"twitter:data1\" content=\"Gente de B\u00e1squet\" \/>\n\t<meta name=\"twitter:label2\" content=\"Tiempo de lectura\" \/>\n\t<meta name=\"twitter:data2\" content=\"3 minutos\" \/>\n<script type=\"application\/ld+json\" class=\"yoast-schema-graph\">{\"@context\":\"https:\\\/\\\/schema.org\",\"@graph\":[{\"@type\":\"Article\",\"@id\":\"http:\\\/\\\/gentedebasquet.com.ar\\\/sitio\\\/2014\\\/11\\\/22\\\/argentino-apelo-a-su-segunda-chance\\\/#article\",\"isPartOf\":{\"@id\":\"http:\\\/\\\/gentedebasquet.com.ar\\\/sitio\\\/2014\\\/11\\\/22\\\/argentino-apelo-a-su-segunda-chance\\\/\"},\"author\":{\"name\":\"Gente de B\u00e1squet\",\"@id\":\"https:\\\/\\\/gentedebasquet.com.ar\\\/sitio\\\/#\\\/schema\\\/person\\\/ca0b63bbb977369988a7bbbdc519943a\"},\"headline\":\"Argentino apel\u00f3 a su segunda chance\",\"datePublished\":\"2014-11-22T17:29:06+00:00\",\"mainEntityOfPage\":{\"@id\":\"http:\\\/\\\/gentedebasquet.com.ar\\\/sitio\\\/2014\\\/11\\\/22\\\/argentino-apelo-a-su-segunda-chance\\\/\"},\"wordCount\":568,\"image\":{\"@id\":\"http:\\\/\\\/gentedebasquet.com.ar\\\/sitio\\\/2014\\\/11\\\/22\\\/argentino-apelo-a-su-segunda-chance\\\/#primaryimage\"},\"thumbnailUrl\":\"http:\\\/\\\/gentedebasquet.com.ar\\\/sitio\\\/wp-content\\\/uploads\\\/2014\\\/11\\\/U15-Argentino-Villa-Mitre.jpg\",\"keywords\":[\"Argentino\",\"Villa Mitre\"],\"articleSection\":[\"Slide\",\"U15\"],\"inLanguage\":\"es\"},{\"@type\":\"WebPage\",\"@id\":\"http:\\\/\\\/gentedebasquet.com.ar\\\/sitio\\\/2014\\\/11\\\/22\\\/argentino-apelo-a-su-segunda-chance\\\/\",\"url\":\"http:\\\/\\\/gentedebasquet.com.ar\\\/sitio\\\/2014\\\/11\\\/22\\\/argentino-apelo-a-su-segunda-chance\\\/\",\"name\":\"Argentino apel\u00f3 a su segunda chance - Gente de B\u00e1squet\",\"isPartOf\":{\"@id\":\"https:\\\/\\\/gentedebasquet.com.ar\\\/sitio\\\/#website\"},\"primaryImageOfPage\":{\"@id\":\"http:\\\/\\\/gentedebasquet.com.ar\\\/sitio\\\/2014\\\/11\\\/22\\\/argentino-apelo-a-su-segunda-chance\\\/#primaryimage\"},\"image\":{\"@id\":\"http:\\\/\\\/gentedebasquet.com.ar\\\/sitio\\\/2014\\\/11\\\/22\\\/argentino-apelo-a-su-segunda-chance\\\/#primaryimage\"},\"thumbnailUrl\":\"http:\\\/\\\/gentedebasquet.com.ar\\\/sitio\\\/wp-content\\\/uploads\\\/2014\\\/11\\\/U15-Argentino-Villa-Mitre.jpg\",\"datePublished\":\"2014-11-22T17:29:06+00:00\",\"author\":{\"@id\":\"https:\\\/\\\/gentedebasquet.com.ar\\\/sitio\\\/#\\\/schema\\\/person\\\/ca0b63bbb977369988a7bbbdc519943a\"},\"breadcrumb\":{\"@id\":\"http:\\\/\\\/gentedebasquet.com.ar\\\/sitio\\\/2014\\\/11\\\/22\\\/argentino-apelo-a-su-segunda-chance\\\/#breadcrumb\"},\"inLanguage\":\"es\",\"potentialAction\":[{\"@type\":\"ReadAction\",\"target\":[\"http:\\\/\\\/gentedebasquet.com.ar\\\/sitio\\\/2014\\\/11\\\/22\\\/argentino-apelo-a-su-segunda-chance\\\/\"]}]},{\"@type\":\"ImageObject\",\"inLanguage\":\"es\",\"@id\":\"http:\\\/\\\/gentedebasquet.com.ar\\\/sitio\\\/2014\\\/11\\\/22\\\/argentino-apelo-a-su-segunda-chance\\\/#primaryimage\",\"url\":\"http:\\\/\\\/gentedebasquet.com.ar\\\/sitio\\\/wp-content\\\/uploads\\\/2014\\\/11\\\/U15-Argentino-Villa-Mitre.jpg\",\"contentUrl\":\"http:\\\/\\\/gentedebasquet.com.ar\\\/sitio\\\/wp-content\\\/uploads\\\/2014\\\/11\\\/U15-Argentino-Villa-Mitre.jpg\",\"width\":690,\"height\":319},{\"@type\":\"BreadcrumbList\",\"@id\":\"http:\\\/\\\/gentedebasquet.com.ar\\\/sitio\\\/2014\\\/11\\\/22\\\/argentino-apelo-a-su-segunda-chance\\\/#breadcrumb\",\"itemListElement\":[{\"@type\":\"ListItem\",\"position\":1,\"name\":\"Portada\",\"item\":\"https:\\\/\\\/gentedebasquet.com.ar\\\/sitio\\\/\"},{\"@type\":\"ListItem\",\"position\":2,\"name\":\"Argentino apel\u00f3 a su segunda chance\"}]},{\"@type\":\"WebSite\",\"@id\":\"https:\\\/\\\/gentedebasquet.com.ar\\\/sitio\\\/#website\",\"url\":\"https:\\\/\\\/gentedebasquet.com.ar\\\/sitio\\\/\",\"name\":\"Gente de B\u00e1squet\",\"description\":\"La revista del basquet de Bah\u00eda Blanca\",\"potentialAction\":[{\"@type\":\"SearchAction\",\"target\":{\"@type\":\"EntryPoint\",\"urlTemplate\":\"https:\\\/\\\/gentedebasquet.com.ar\\\/sitio\\\/?s={search_term_string}\"},\"query-input\":{\"@type\":\"PropertyValueSpecification\",\"valueRequired\":true,\"valueName\":\"search_term_string\"}}],\"inLanguage\":\"es\"},{\"@type\":\"Person\",\"@id\":\"https:\\\/\\\/gentedebasquet.com.ar\\\/sitio\\\/#\\\/schema\\\/person\\\/ca0b63bbb977369988a7bbbdc519943a\",\"name\":\"Gente de B\u00e1squet\",\"image\":{\"@type\":\"ImageObject\",\"inLanguage\":\"es\",\"@id\":\"https:\\\/\\\/secure.gravatar.com\\\/avatar\\\/7f2c48bdc33b30088f941fb6082e555f2874c98e20cb159d7b92b50eadfce793?s=96&d=mm&r=g\",\"url\":\"https:\\\/\\\/secure.gravatar.com\\\/avatar\\\/7f2c48bdc33b30088f941fb6082e555f2874c98e20cb159d7b92b50eadfce793?s=96&d=mm&r=g\",\"contentUrl\":\"https:\\\/\\\/secure.gravatar.com\\\/avatar\\\/7f2c48bdc33b30088f941fb6082e555f2874c98e20cb159d7b92b50eadfce793?s=96&d=mm&r=g\",\"caption\":\"Gente de B\u00e1squet\"},\"sameAs\":[\"http:\\\/\\\/gentedebasquet.com.ar\\\/sitio\"],\"url\":\"http:\\\/\\\/gentedebasquet.com.ar\\\/sitio\\\/author\\\/ulises\\\/\"}]}<\/script>\n<!-- \/ Yoast SEO plugin. -->","yoast_head_json":{"title":"Argentino apel\u00f3 a su segunda chance - Gente de B\u00e1squet","robots":{"index":"index","follow":"follow","max-snippet":"max-snippet:-1","max-image-preview":"max-image-preview:large","max-video-preview":"max-video-preview:-1"},"canonical":"http:\/\/gentedebasquet.com.ar\/sitio\/2014\/11\/22\/argentino-apelo-a-su-segunda-chance\/","og_locale":"es_ES","og_type":"article","og_title":"Argentino apel\u00f3 a su segunda chance - Gente de B\u00e1squet","og_description":"Pese a la gran remontada tricolor, Argentino U15 se qued\u00f3 con el juego: 67-60","og_url":"http:\/\/gentedebasquet.com.ar\/sitio\/2014\/11\/22\/argentino-apelo-a-su-segunda-chance\/","og_site_name":"Gente de B\u00e1squet","article_published_time":"2014-11-22T17:29:06+00:00","og_image":[{"width":690,"height":319,"url":"http:\/\/gentedebasquet.com.ar\/sitio\/wp-content\/uploads\/2014\/11\/U15-Argentino-Villa-Mitre.jpg","type":"image\/jpeg"}],"author":"Gente de B\u00e1squet","twitter_card":"summary_large_image","twitter_misc":{"Escrito por":"Gente de B\u00e1squet","Tiempo de lectura":"3 minutos"},"schema":{"@context":"https:\/\/schema.org","@graph":[{"@type":"Article","@id":"http:\/\/gentedebasquet.com.ar\/sitio\/2014\/11\/22\/argentino-apelo-a-su-segunda-chance\/#article","isPartOf":{"@id":"http:\/\/gentedebasquet.com.ar\/sitio\/2014\/11\/22\/argentino-apelo-a-su-segunda-chance\/"},"author":{"name":"Gente de B\u00e1squet","@id":"https:\/\/gentedebasquet.com.ar\/sitio\/#\/schema\/person\/ca0b63bbb977369988a7bbbdc519943a"},"headline":"Argentino apel\u00f3 a su segunda chance","datePublished":"2014-11-22T17:29:06+00:00","mainEntityOfPage":{"@id":"http:\/\/gentedebasquet.com.ar\/sitio\/2014\/11\/22\/argentino-apelo-a-su-segunda-chance\/"},"wordCount":568,"image":{"@id":"http:\/\/gentedebasquet.com.ar\/sitio\/2014\/11\/22\/argentino-apelo-a-su-segunda-chance\/#primaryimage"},"thumbnailUrl":"http:\/\/gentedebasquet.com.ar\/sitio\/wp-content\/uploads\/2014\/11\/U15-Argentino-Villa-Mitre.jpg","keywords":["Argentino","Villa Mitre"],"articleSection":["Slide","U15"],"inLanguage":"es"},{"@type":"WebPage","@id":"http:\/\/gentedebasquet.com.ar\/sitio\/2014\/11\/22\/argentino-apelo-a-su-segunda-chance\/","url":"http:\/\/gentedebasquet.com.ar\/sitio\/2014\/11\/22\/argentino-apelo-a-su-segunda-chance\/","name":"Argentino apel\u00f3 a su segunda chance - Gente de B\u00e1squet","isPartOf":{"@id":"https:\/\/gentedebasquet.com.ar\/sitio\/#website"},"primaryImageOfPage":{"@id":"http:\/\/gentedebasquet.com.ar\/sitio\/2014\/11\/22\/argentino-apelo-a-su-segunda-chance\/#primaryimage"},"image":{"@id":"http:\/\/gentedebasquet.com.ar\/sitio\/2014\/11\/22\/argentino-apelo-a-su-segunda-chance\/#primaryimage"},"thumbnailUrl":"http:\/\/gentedebasquet.com.ar\/sitio\/wp-content\/uploads\/2014\/11\/U15-Argentino-Villa-Mitre.jpg","datePublished":"2014-11-22T17:29:06+00:00","author":{"@id":"https:\/\/gentedebasquet.com.ar\/sitio\/#\/schema\/person\/ca0b63bbb977369988a7bbbdc519943a"},"breadcrumb":{"@id":"http:\/\/gentedebasquet.com.ar\/sitio\/2014\/11\/22\/argentino-apelo-a-su-segunda-chance\/#breadcrumb"},"inLanguage":"es","potentialAction":[{"@type":"ReadAction","target":["http:\/\/gentedebasquet.com.ar\/sitio\/2014\/11\/22\/argentino-apelo-a-su-segunda-chance\/"]}]},{"@type":"ImageObject","inLanguage":"es","@id":"http:\/\/gentedebasquet.com.ar\/sitio\/2014\/11\/22\/argentino-apelo-a-su-segunda-chance\/#primaryimage","url":"http:\/\/gentedebasquet.com.ar\/sitio\/wp-content\/uploads\/2014\/11\/U15-Argentino-Villa-Mitre.jpg","contentUrl":"http:\/\/gentedebasquet.com.ar\/sitio\/wp-content\/uploads\/2014\/11\/U15-Argentino-Villa-Mitre.jpg","width":690,"height":319},{"@type":"BreadcrumbList","@id":"http:\/\/gentedebasquet.com.ar\/sitio\/2014\/11\/22\/argentino-apelo-a-su-segunda-chance\/#breadcrumb","itemListElement":[{"@type":"ListItem","position":1,"name":"Portada","item":"https:\/\/gentedebasquet.com.ar\/sitio\/"},{"@type":"ListItem","position":2,"name":"Argentino apel\u00f3 a su segunda chance"}]},{"@type":"WebSite","@id":"https:\/\/gentedebasquet.com.ar\/sitio\/#website","url":"https:\/\/gentedebasquet.com.ar\/sitio\/","name":"Gente de B\u00e1squet","description":"La revista del basquet de Bah\u00eda Blanca","potentialAction":[{"@type":"SearchAction","target":{"@type":"EntryPoint","urlTemplate":"https:\/\/gentedebasquet.com.ar\/sitio\/?s={search_term_string}"},"query-input":{"@type":"PropertyValueSpecification","valueRequired":true,"valueName":"search_term_string"}}],"inLanguage":"es"},{"@type":"Person","@id":"https:\/\/gentedebasquet.com.ar\/sitio\/#\/schema\/person\/ca0b63bbb977369988a7bbbdc519943a","name":"Gente de B\u00e1squet","image":{"@type":"ImageObject","inLanguage":"es","@id":"https:\/\/secure.gravatar.com\/avatar\/7f2c48bdc33b30088f941fb6082e555f2874c98e20cb159d7b92b50eadfce793?s=96&d=mm&r=g","url":"https:\/\/secure.gravatar.com\/avatar\/7f2c48bdc33b30088f941fb6082e555f2874c98e20cb159d7b92b50eadfce793?s=96&d=mm&r=g","contentUrl":"https:\/\/secure.gravatar.com\/avatar\/7f2c48bdc33b30088f941fb6082e555f2874c98e20cb159d7b92b50eadfce793?s=96&d=mm&r=g","caption":"Gente de B\u00e1squet"},"sameAs":["http:\/\/gentedebasquet.com.ar\/sitio"],"url":"http:\/\/gentedebasquet.com.ar\/sitio\/author\/ulises\/"}]}},"_links":{"self":[{"href":"http:\/\/gentedebasquet.com.ar\/sitio\/wp-json\/wp\/v2\/posts\/40784","targetHints":{"allow":["GET"]}}],"collection":[{"href":"http:\/\/gentedebasquet.com.ar\/sitio\/wp-json\/wp\/v2\/posts"}],"about":[{"href":"http:\/\/gentedebasquet.com.ar\/sitio\/wp-json\/wp\/v2\/types\/post"}],"author":[{"embeddable":true,"href":"http:\/\/gentedebasquet.com.ar\/sitio\/wp-json\/wp\/v2\/users\/1"}],"replies":[{"embeddable":true,"href":"http:\/\/gentedebasquet.com.ar\/sitio\/wp-json\/wp\/v2\/comments?post=40784"}],"version-history":[{"count":0,"href":"http:\/\/gentedebasquet.com.ar\/sitio\/wp-json\/wp\/v2\/posts\/40784\/revisions"}],"wp:featuredmedia":[{"embeddable":true,"href":"http:\/\/gentedebasquet.com.ar\/sitio\/wp-json\/wp\/v2\/media\/40755"}],"wp:attachment":[{"href":"http:\/\/gentedebasquet.com.ar\/sitio\/wp-json\/wp\/v2\/media?parent=40784"}],"wp:term":[{"taxonomy":"category","embeddable":true,"href":"http:\/\/gentedebasquet.com.ar\/sitio\/wp-json\/wp\/v2\/categories?post=40784"},{"taxonomy":"post_tag","embeddable":true,"href":"http:\/\/gentedebasquet.com.ar\/sitio\/wp-json\/wp\/v2\/tags?post=40784"}],"curies":[{"name":"wp","href":"https:\/\/api.w.org\/{rel}","templated":true}]}}