{"id":41290,"date":"2014-12-08T23:32:14","date_gmt":"2014-12-09T02:32:14","guid":{"rendered":"http:\/\/www.gentedebasquet.com.ar\/?p=41290"},"modified":"2014-12-08T23:32:14","modified_gmt":"2014-12-09T02:32:14","slug":"a-la-carga-barracas-3","status":"publish","type":"post","link":"http:\/\/gentedebasquet.com.ar\/sitio\/2014\/12\/08\/a-la-carga-barracas-3\/","title":{"rendered":"A la carga Barracas"},"content":{"rendered":"<p><b>En un partidazo que fue muy cambiante, fren\u00e9tico y friccionado, Barracas super\u00f3 82-74 a Sportivo Bahiense en condici\u00f3n de local y se adelant\u00f3 2-1 en la serie por el segundo ascenso a primera. El conjunto de Juan Sergio Palumbo fue m\u00e1s sereno en el cierre (5\/6TL en los \u00faltimos 30s) y se termin\u00f3 quedando con una victoria muy trabajada. Los seis integrantes del local que anotaron, llegaron a los d\u00edgitos de puntos: Carci (18), Santill\u00e1n (14), Marco (14), Harina (14) y Montanaro (12). Mientras que en el visitante se destacaron Tom\u00e1s Santarelli (19), Gentili (15), Asnaghi (13) y Lucas Santarelli (11).<\/b><\/p>\n<p>Barracas fue el que comenz\u00f3 mejor. Entre Santill\u00e1n (10pts) y Montanaro (5) comandaron un parcial de 13-7 y obligaron a que el banco de Sportivo pida un minuto a falta de 4m47. Lo cierto es que el Tricolor despert\u00f3 luego del tiempo y se meti\u00f3 r\u00e1pidamente en partido. La visita ajust\u00f3 su defensa, carg\u00f3 bien el rebote ofensivo (6) y reparti\u00f3 bien su goleo para estampar un pasaje de 10-3 (16-17) a falta de 1m35s por jugar. Los hermanos Santarelli (9 entre ambos) y Asnaghi (4) fueron los responsables de la levantada. Al primer descanso se fue arriba el due\u00f1o de casa por 22 a 19, gracias a un doble sobre la chicharra de Harina.<\/p>\n<p>El segundo periodo fue de rachas. Barracas nuevamente peg\u00f3 de entrada y lleg\u00f3 a sacar diez puntos de diferencia (34-24) con un parcial de 12-5 a falta de 4m59s. Montanaro (4) y Santill\u00e1n (4) continuaron siendo los principales estandartes en ofensiva. Los triples de Gendana y Ferm\u00edn Iriarte, sumados a los puntos en la pintura de Tom\u00e1s Santarelli (6) desde la zona pintada, hicieron reaccionar a Sportivo y acortaron la distancia en el resultado antes de irse a los vestuarios. Barracas se fue arriba por cuatro unidades (37-33) al descanso m\u00e1s largo.<\/p>\n<p>En un abrir y cerrar de ojos Barracas nuevamente se escap\u00f3 en el resultado. Cinco puntos consecutivos de Carci (9 en el cuarto) y dos bombas de Marco lo dejaron al local once puntos por delante (50-39) con 5m54 en el reloj. Otra vez Sportivo se vio obligado a correr de atr\u00e1s. El Tricolor se hizo fuerte nuevamente a partir de su defensa y pudo correr la cancha. Seis puntos en fila de Lucas Santarelli y un triple de Asnaghi permitieron que la distancia en el resultado sea solo de dos puntos (52-50) a 3m del cierre. Al \u00faltimo descanso se fue en ventaja el conjunto de Juan Sergio Palumbo por 59 a 54.<\/p>\n<p>En el ep\u00edlogo fue Sportivo quien comenz\u00f3 mejor. Los triples de Gentili (9 puntos) y Gendana, abrieron un parcial de 12-3 a favor del Tricolor para que pase a ganar el encuentro 66-62 (segunda vez que pas\u00f3 al frente en la noche) con 7m52 por disputarse. Sin embargo, Barracas no titube\u00f3. Los triples de Santiago Marco (x2) y de Trellini dieron vuelta el resultado r\u00e1pidamente (70-67) a falta de 4m55s. Desde ese momento, y hasta el final, el encuentro se hizo de golpe por golpe y el local fue el m\u00e1s sereno. Con 5\/6 en tiros libres en los \u00faltimos segundos Barracas se llev\u00f3 un triunfo importante para confirmar lo hecho en el Eladio Santos la semana pasada. Ahora la serie est\u00e1 2-1 y el conjunto de Palumbo buscar\u00e1 cerrarlo el pr\u00f3ximo viernes cuando se vean nuevamente las caras.<\/p>\n<p>[vimeo]http:\/\/vimeo.com\/113981225[\/vimeo]<\/p>\n<p>&nbsp;<\/p>\n<p>[vimeo]http:\/\/vimeo.com\/113981840[\/vimeo]<\/p>\n<p>&nbsp;<\/p>\n<p><b><i><span style=\"text-decoration: underline;\">S\u00edntesis:\u00a0<\/span><\/i><\/b><\/p>\n<p><b>Barracas Central 82:<\/b>\u00a0Dami\u00e1n Carci 18,\u00a0Mariano Trellini 10,\u00a0Federico Harina 14,\u00a0Mauro Montanaro 12,\u00a0Mauro Santill\u00e1n 14 <b>(Fi).<\/b>\u00a0Andr\u00e9s Mond\u00f3n 0 y\u00a0Santiago Marco 14.\u00a0<b>DT:<\/b> Juan Sergio Palumbo.<\/p>\n<p><b>Sportivo Bahiense 74:<\/b>\u00a0Gustavo Gentili 15,\u00a0Yoel Asnaghi 13,\u00a0Lucas Santarelli 11,\u00a0Tom\u00e1s Santarelli 19,\u00a0Nicol\u00e1s Mart\u00ednez 7 <b>(Fi).<\/b>\u00a0Ferm\u00edn Iriarte 3,\u00a0Fabi\u00e1n Gendana 6 y Joaqu\u00edn Iriarte 0.\u00a0<b>DT:<\/b> Fernando \u00c1lvarez.<\/p>\n<p><b>Parciales:\u00a0<\/b>22-19, 37-33 (15-14), 59-54 (22-21) y 82-74 (23-20).<\/p>\n<p><b>\u00c1rbitros:<\/b>\u00a0Alejandro Ramallo \u2013 Jorge Scheffer \u2013 Sebasti\u00e1n Arcas.<\/p>\n<p><b>Estadio:<\/b>\u00a0El Bosque (Barracas Central).<\/p>\n<p><b>Serie:<\/b>\u00a0Barracas 2-1.<\/p>\n<p><b>Pr\u00f3ximo partido:<\/b>\u00a0Viernes a las 21.00 en el Eladio Santos (Sportivo Bahiense).<\/p>\n<p><a class=\"modalf iframe\" title=\"Planilla\" href=\"https:\/\/docs.google.com\/spreadsheets\/d\/1CeykbCsXFo_SA6eDz3EeLCPFMbO0qY1n0NTu2tOj0Vs\/pubhtml?gid=436837275&amp;single=true\">Ver Planilla<\/a><\/p>\n","protected":false},"excerpt":{"rendered":"<p>En un partidazo, el conjunto de El Bosque venci\u00f3 82-74 a Sportivo y se adelant\u00f3 2-1.<\/p>\n","protected":false},"author":1,"featured_media":41293,"comment_status":"closed","ping_status":"open","sticky":false,"template":"","format":"standard","meta":{"jnews-multi-image_gallery":[],"jnews_single_post":[],"jnews_primary_category":[],"footnotes":""},"categories":[25,101],"tags":[333,20],"class_list":["post-41290","post","type-post","status-publish","format-standard","has-post-thumbnail","hentry","category-segunda","category-slide","tag-barracas","tag-sportivo-bahiense"],"yoast_head":"<!-- This site is optimized with the Yoast SEO plugin v27.5 - https:\/\/yoast.com\/product\/yoast-seo-wordpress\/ -->\n<title>A la carga Barracas - Gente de B\u00e1squet<\/title>\n<meta name=\"robots\" content=\"index, follow, max-snippet:-1, max-image-preview:large, max-video-preview:-1\" \/>\n<link rel=\"canonical\" href=\"https:\/\/gentedebasquet.com.ar\/sitio\/2014\/12\/08\/a-la-carga-barracas-3\/\" \/>\n<meta property=\"og:locale\" content=\"es_ES\" \/>\n<meta property=\"og:type\" content=\"article\" \/>\n<meta property=\"og:title\" content=\"A la carga Barracas - Gente de B\u00e1squet\" \/>\n<meta property=\"og:description\" content=\"En un partidazo, el conjunto de El Bosque venci\u00f3 82-74 a Sportivo y se adelant\u00f3 2-1.\" \/>\n<meta property=\"og:url\" content=\"https:\/\/gentedebasquet.com.ar\/sitio\/2014\/12\/08\/a-la-carga-barracas-3\/\" \/>\n<meta property=\"og:site_name\" content=\"Gente de B\u00e1squet\" \/>\n<meta property=\"article:published_time\" content=\"2014-12-09T02:32:14+00:00\" \/>\n<meta property=\"og:image\" content=\"https:\/\/gentedebasquet.com.ar\/sitio\/wp-content\/uploads\/2014\/12\/10859346_10201698811871275_409937114_n.jpg\" \/>\n\t<meta property=\"og:image:width\" content=\"690\" \/>\n\t<meta property=\"og:image:height\" content=\"319\" \/>\n\t<meta property=\"og:image:type\" content=\"image\/jpeg\" \/>\n<meta name=\"author\" content=\"Gente de B\u00e1squet\" \/>\n<meta name=\"twitter:card\" content=\"summary_large_image\" \/>\n<meta name=\"twitter:label1\" content=\"Escrito por\" \/>\n\t<meta name=\"twitter:data1\" content=\"Gente de B\u00e1squet\" \/>\n\t<meta name=\"twitter:label2\" content=\"Tiempo de lectura\" \/>\n\t<meta name=\"twitter:data2\" content=\"3 minutos\" \/>\n<script type=\"application\/ld+json\" class=\"yoast-schema-graph\">{\"@context\":\"https:\\\/\\\/schema.org\",\"@graph\":[{\"@type\":\"Article\",\"@id\":\"https:\\\/\\\/gentedebasquet.com.ar\\\/sitio\\\/2014\\\/12\\\/08\\\/a-la-carga-barracas-3\\\/#article\",\"isPartOf\":{\"@id\":\"https:\\\/\\\/gentedebasquet.com.ar\\\/sitio\\\/2014\\\/12\\\/08\\\/a-la-carga-barracas-3\\\/\"},\"author\":{\"name\":\"Gente de B\u00e1squet\",\"@id\":\"https:\\\/\\\/gentedebasquet.com.ar\\\/sitio\\\/#\\\/schema\\\/person\\\/ca0b63bbb977369988a7bbbdc519943a\"},\"headline\":\"A la carga Barracas\",\"datePublished\":\"2014-12-09T02:32:14+00:00\",\"mainEntityOfPage\":{\"@id\":\"https:\\\/\\\/gentedebasquet.com.ar\\\/sitio\\\/2014\\\/12\\\/08\\\/a-la-carga-barracas-3\\\/\"},\"wordCount\":671,\"image\":{\"@id\":\"https:\\\/\\\/gentedebasquet.com.ar\\\/sitio\\\/2014\\\/12\\\/08\\\/a-la-carga-barracas-3\\\/#primaryimage\"},\"thumbnailUrl\":\"http:\\\/\\\/gentedebasquet.com.ar\\\/sitio\\\/wp-content\\\/uploads\\\/2014\\\/12\\\/10859346_10201698811871275_409937114_n.jpg\",\"keywords\":[\"Barracas\",\"Sportivo Bahiense\"],\"articleSection\":[\"Segunda\",\"Slide\"],\"inLanguage\":\"es\"},{\"@type\":\"WebPage\",\"@id\":\"https:\\\/\\\/gentedebasquet.com.ar\\\/sitio\\\/2014\\\/12\\\/08\\\/a-la-carga-barracas-3\\\/\",\"url\":\"https:\\\/\\\/gentedebasquet.com.ar\\\/sitio\\\/2014\\\/12\\\/08\\\/a-la-carga-barracas-3\\\/\",\"name\":\"A la carga Barracas - Gente de B\u00e1squet\",\"isPartOf\":{\"@id\":\"https:\\\/\\\/gentedebasquet.com.ar\\\/sitio\\\/#website\"},\"primaryImageOfPage\":{\"@id\":\"https:\\\/\\\/gentedebasquet.com.ar\\\/sitio\\\/2014\\\/12\\\/08\\\/a-la-carga-barracas-3\\\/#primaryimage\"},\"image\":{\"@id\":\"https:\\\/\\\/gentedebasquet.com.ar\\\/sitio\\\/2014\\\/12\\\/08\\\/a-la-carga-barracas-3\\\/#primaryimage\"},\"thumbnailUrl\":\"http:\\\/\\\/gentedebasquet.com.ar\\\/sitio\\\/wp-content\\\/uploads\\\/2014\\\/12\\\/10859346_10201698811871275_409937114_n.jpg\",\"datePublished\":\"2014-12-09T02:32:14+00:00\",\"author\":{\"@id\":\"https:\\\/\\\/gentedebasquet.com.ar\\\/sitio\\\/#\\\/schema\\\/person\\\/ca0b63bbb977369988a7bbbdc519943a\"},\"breadcrumb\":{\"@id\":\"https:\\\/\\\/gentedebasquet.com.ar\\\/sitio\\\/2014\\\/12\\\/08\\\/a-la-carga-barracas-3\\\/#breadcrumb\"},\"inLanguage\":\"es\",\"potentialAction\":[{\"@type\":\"ReadAction\",\"target\":[\"https:\\\/\\\/gentedebasquet.com.ar\\\/sitio\\\/2014\\\/12\\\/08\\\/a-la-carga-barracas-3\\\/\"]}]},{\"@type\":\"ImageObject\",\"inLanguage\":\"es\",\"@id\":\"https:\\\/\\\/gentedebasquet.com.ar\\\/sitio\\\/2014\\\/12\\\/08\\\/a-la-carga-barracas-3\\\/#primaryimage\",\"url\":\"http:\\\/\\\/gentedebasquet.com.ar\\\/sitio\\\/wp-content\\\/uploads\\\/2014\\\/12\\\/10859346_10201698811871275_409937114_n.jpg\",\"contentUrl\":\"http:\\\/\\\/gentedebasquet.com.ar\\\/sitio\\\/wp-content\\\/uploads\\\/2014\\\/12\\\/10859346_10201698811871275_409937114_n.jpg\",\"width\":690,\"height\":319},{\"@type\":\"BreadcrumbList\",\"@id\":\"https:\\\/\\\/gentedebasquet.com.ar\\\/sitio\\\/2014\\\/12\\\/08\\\/a-la-carga-barracas-3\\\/#breadcrumb\",\"itemListElement\":[{\"@type\":\"ListItem\",\"position\":1,\"name\":\"Portada\",\"item\":\"https:\\\/\\\/gentedebasquet.com.ar\\\/sitio\\\/\"},{\"@type\":\"ListItem\",\"position\":2,\"name\":\"A la carga Barracas\"}]},{\"@type\":\"WebSite\",\"@id\":\"https:\\\/\\\/gentedebasquet.com.ar\\\/sitio\\\/#website\",\"url\":\"https:\\\/\\\/gentedebasquet.com.ar\\\/sitio\\\/\",\"name\":\"Gente de B\u00e1squet\",\"description\":\"La revista del basquet de Bah\u00eda Blanca\",\"potentialAction\":[{\"@type\":\"SearchAction\",\"target\":{\"@type\":\"EntryPoint\",\"urlTemplate\":\"https:\\\/\\\/gentedebasquet.com.ar\\\/sitio\\\/?s={search_term_string}\"},\"query-input\":{\"@type\":\"PropertyValueSpecification\",\"valueRequired\":true,\"valueName\":\"search_term_string\"}}],\"inLanguage\":\"es\"},{\"@type\":\"Person\",\"@id\":\"https:\\\/\\\/gentedebasquet.com.ar\\\/sitio\\\/#\\\/schema\\\/person\\\/ca0b63bbb977369988a7bbbdc519943a\",\"name\":\"Gente de B\u00e1squet\",\"image\":{\"@type\":\"ImageObject\",\"inLanguage\":\"es\",\"@id\":\"https:\\\/\\\/secure.gravatar.com\\\/avatar\\\/7f2c48bdc33b30088f941fb6082e555f2874c98e20cb159d7b92b50eadfce793?s=96&d=mm&r=g\",\"url\":\"https:\\\/\\\/secure.gravatar.com\\\/avatar\\\/7f2c48bdc33b30088f941fb6082e555f2874c98e20cb159d7b92b50eadfce793?s=96&d=mm&r=g\",\"contentUrl\":\"https:\\\/\\\/secure.gravatar.com\\\/avatar\\\/7f2c48bdc33b30088f941fb6082e555f2874c98e20cb159d7b92b50eadfce793?s=96&d=mm&r=g\",\"caption\":\"Gente de B\u00e1squet\"},\"sameAs\":[\"http:\\\/\\\/gentedebasquet.com.ar\\\/sitio\"],\"url\":\"http:\\\/\\\/gentedebasquet.com.ar\\\/sitio\\\/author\\\/ulises\\\/\"}]}<\/script>\n<!-- \/ Yoast SEO plugin. -->","yoast_head_json":{"title":"A la carga Barracas - Gente de B\u00e1squet","robots":{"index":"index","follow":"follow","max-snippet":"max-snippet:-1","max-image-preview":"max-image-preview:large","max-video-preview":"max-video-preview:-1"},"canonical":"https:\/\/gentedebasquet.com.ar\/sitio\/2014\/12\/08\/a-la-carga-barracas-3\/","og_locale":"es_ES","og_type":"article","og_title":"A la carga Barracas - Gente de B\u00e1squet","og_description":"En un partidazo, el conjunto de El Bosque venci\u00f3 82-74 a Sportivo y se adelant\u00f3 2-1.","og_url":"https:\/\/gentedebasquet.com.ar\/sitio\/2014\/12\/08\/a-la-carga-barracas-3\/","og_site_name":"Gente de B\u00e1squet","article_published_time":"2014-12-09T02:32:14+00:00","og_image":[{"width":690,"height":319,"url":"https:\/\/gentedebasquet.com.ar\/sitio\/wp-content\/uploads\/2014\/12\/10859346_10201698811871275_409937114_n.jpg","type":"image\/jpeg"}],"author":"Gente de B\u00e1squet","twitter_card":"summary_large_image","twitter_misc":{"Escrito por":"Gente de B\u00e1squet","Tiempo de lectura":"3 minutos"},"schema":{"@context":"https:\/\/schema.org","@graph":[{"@type":"Article","@id":"https:\/\/gentedebasquet.com.ar\/sitio\/2014\/12\/08\/a-la-carga-barracas-3\/#article","isPartOf":{"@id":"https:\/\/gentedebasquet.com.ar\/sitio\/2014\/12\/08\/a-la-carga-barracas-3\/"},"author":{"name":"Gente de B\u00e1squet","@id":"https:\/\/gentedebasquet.com.ar\/sitio\/#\/schema\/person\/ca0b63bbb977369988a7bbbdc519943a"},"headline":"A la carga Barracas","datePublished":"2014-12-09T02:32:14+00:00","mainEntityOfPage":{"@id":"https:\/\/gentedebasquet.com.ar\/sitio\/2014\/12\/08\/a-la-carga-barracas-3\/"},"wordCount":671,"image":{"@id":"https:\/\/gentedebasquet.com.ar\/sitio\/2014\/12\/08\/a-la-carga-barracas-3\/#primaryimage"},"thumbnailUrl":"http:\/\/gentedebasquet.com.ar\/sitio\/wp-content\/uploads\/2014\/12\/10859346_10201698811871275_409937114_n.jpg","keywords":["Barracas","Sportivo Bahiense"],"articleSection":["Segunda","Slide"],"inLanguage":"es"},{"@type":"WebPage","@id":"https:\/\/gentedebasquet.com.ar\/sitio\/2014\/12\/08\/a-la-carga-barracas-3\/","url":"https:\/\/gentedebasquet.com.ar\/sitio\/2014\/12\/08\/a-la-carga-barracas-3\/","name":"A la carga Barracas - Gente de B\u00e1squet","isPartOf":{"@id":"https:\/\/gentedebasquet.com.ar\/sitio\/#website"},"primaryImageOfPage":{"@id":"https:\/\/gentedebasquet.com.ar\/sitio\/2014\/12\/08\/a-la-carga-barracas-3\/#primaryimage"},"image":{"@id":"https:\/\/gentedebasquet.com.ar\/sitio\/2014\/12\/08\/a-la-carga-barracas-3\/#primaryimage"},"thumbnailUrl":"http:\/\/gentedebasquet.com.ar\/sitio\/wp-content\/uploads\/2014\/12\/10859346_10201698811871275_409937114_n.jpg","datePublished":"2014-12-09T02:32:14+00:00","author":{"@id":"https:\/\/gentedebasquet.com.ar\/sitio\/#\/schema\/person\/ca0b63bbb977369988a7bbbdc519943a"},"breadcrumb":{"@id":"https:\/\/gentedebasquet.com.ar\/sitio\/2014\/12\/08\/a-la-carga-barracas-3\/#breadcrumb"},"inLanguage":"es","potentialAction":[{"@type":"ReadAction","target":["https:\/\/gentedebasquet.com.ar\/sitio\/2014\/12\/08\/a-la-carga-barracas-3\/"]}]},{"@type":"ImageObject","inLanguage":"es","@id":"https:\/\/gentedebasquet.com.ar\/sitio\/2014\/12\/08\/a-la-carga-barracas-3\/#primaryimage","url":"http:\/\/gentedebasquet.com.ar\/sitio\/wp-content\/uploads\/2014\/12\/10859346_10201698811871275_409937114_n.jpg","contentUrl":"http:\/\/gentedebasquet.com.ar\/sitio\/wp-content\/uploads\/2014\/12\/10859346_10201698811871275_409937114_n.jpg","width":690,"height":319},{"@type":"BreadcrumbList","@id":"https:\/\/gentedebasquet.com.ar\/sitio\/2014\/12\/08\/a-la-carga-barracas-3\/#breadcrumb","itemListElement":[{"@type":"ListItem","position":1,"name":"Portada","item":"https:\/\/gentedebasquet.com.ar\/sitio\/"},{"@type":"ListItem","position":2,"name":"A la carga Barracas"}]},{"@type":"WebSite","@id":"https:\/\/gentedebasquet.com.ar\/sitio\/#website","url":"https:\/\/gentedebasquet.com.ar\/sitio\/","name":"Gente de B\u00e1squet","description":"La revista del basquet de Bah\u00eda Blanca","potentialAction":[{"@type":"SearchAction","target":{"@type":"EntryPoint","urlTemplate":"https:\/\/gentedebasquet.com.ar\/sitio\/?s={search_term_string}"},"query-input":{"@type":"PropertyValueSpecification","valueRequired":true,"valueName":"search_term_string"}}],"inLanguage":"es"},{"@type":"Person","@id":"https:\/\/gentedebasquet.com.ar\/sitio\/#\/schema\/person\/ca0b63bbb977369988a7bbbdc519943a","name":"Gente de B\u00e1squet","image":{"@type":"ImageObject","inLanguage":"es","@id":"https:\/\/secure.gravatar.com\/avatar\/7f2c48bdc33b30088f941fb6082e555f2874c98e20cb159d7b92b50eadfce793?s=96&d=mm&r=g","url":"https:\/\/secure.gravatar.com\/avatar\/7f2c48bdc33b30088f941fb6082e555f2874c98e20cb159d7b92b50eadfce793?s=96&d=mm&r=g","contentUrl":"https:\/\/secure.gravatar.com\/avatar\/7f2c48bdc33b30088f941fb6082e555f2874c98e20cb159d7b92b50eadfce793?s=96&d=mm&r=g","caption":"Gente de B\u00e1squet"},"sameAs":["http:\/\/gentedebasquet.com.ar\/sitio"],"url":"http:\/\/gentedebasquet.com.ar\/sitio\/author\/ulises\/"}]}},"_links":{"self":[{"href":"http:\/\/gentedebasquet.com.ar\/sitio\/wp-json\/wp\/v2\/posts\/41290","targetHints":{"allow":["GET"]}}],"collection":[{"href":"http:\/\/gentedebasquet.com.ar\/sitio\/wp-json\/wp\/v2\/posts"}],"about":[{"href":"http:\/\/gentedebasquet.com.ar\/sitio\/wp-json\/wp\/v2\/types\/post"}],"author":[{"embeddable":true,"href":"http:\/\/gentedebasquet.com.ar\/sitio\/wp-json\/wp\/v2\/users\/1"}],"replies":[{"embeddable":true,"href":"http:\/\/gentedebasquet.com.ar\/sitio\/wp-json\/wp\/v2\/comments?post=41290"}],"version-history":[{"count":0,"href":"http:\/\/gentedebasquet.com.ar\/sitio\/wp-json\/wp\/v2\/posts\/41290\/revisions"}],"wp:featuredmedia":[{"embeddable":true,"href":"http:\/\/gentedebasquet.com.ar\/sitio\/wp-json\/wp\/v2\/media\/41293"}],"wp:attachment":[{"href":"http:\/\/gentedebasquet.com.ar\/sitio\/wp-json\/wp\/v2\/media?parent=41290"}],"wp:term":[{"taxonomy":"category","embeddable":true,"href":"http:\/\/gentedebasquet.com.ar\/sitio\/wp-json\/wp\/v2\/categories?post=41290"},{"taxonomy":"post_tag","embeddable":true,"href":"http:\/\/gentedebasquet.com.ar\/sitio\/wp-json\/wp\/v2\/tags?post=41290"}],"curies":[{"name":"wp","href":"https:\/\/api.w.org\/{rel}","templated":true}]}}