{"id":41297,"date":"2014-12-08T20:54:17","date_gmt":"2014-12-08T23:54:17","guid":{"rendered":"http:\/\/www.gentedebasquet.com.ar\/?p=41297"},"modified":"2014-12-08T20:54:17","modified_gmt":"2014-12-08T23:54:17","slug":"salio-el-sol-para-independiente","status":"publish","type":"post","link":"http:\/\/gentedebasquet.com.ar\/sitio\/2014\/12\/08\/salio-el-sol-para-independiente\/","title":{"rendered":"Sali\u00f3 el Sol para Independiente"},"content":{"rendered":"<p><strong>El Viola derrot\u00f3 a Sportivo Bahiense por 86 a 34 en el primer juego de una de las semifinales de la Primera Divisi\u00f3n femenina. En las locales se destacaron Sol Sosa (27, 7 rebotes y 2 asistencias), Nadia Vrizz (14), Valentina Pel\u00e1ez (11 y 5 robos) y Vanina Rodr\u00edguez (13 y 7 tableros). Por el lado tricolor hubo una buena actuaci\u00f3n de Roc\u00edo Garc\u00eda Wild (20 y 11 recobres).\u00a0<strong>La otra llave la lidera\u00a0<a href=\"http:\/\/www.gentedebasquet.com.ar\/barracas-se-desperto-y-puso-primera\/\" target=\"_blank\" rel=\"noopener\">Barracas 1-0 sobre 9 de Julio<\/a>.\u00a0<\/strong><\/strong><\/p>\n<p>Apoyadas en un buen juego colectivo y el goleo de Sol Sosa, Independiente se puso al frente en una de las semifinales de Primera Divisi\u00f3n de la rama femenina, al vencer en su estadio a Sportivo Bahiense por 86 a 34. Las diferencias comenzaron anotarse r\u00e1pidamente, cuando el Viola aprovech\u00f3 dos jugadas de doble y falya (Sosa y Vrizz) para escapar 10-2 en 4m44. Luego, el parcial creci\u00f3 a 21-2, cerr\u00e1ndose en defensa y corriendo la cancha.<\/p>\n<p>Solo Garc\u00eda Wild, forzando en penetraci\u00f3n -incluso en reiteradas ocasiones llevando la bola de costa a costa- se mostr\u00f3 con intenciones de achicar el margen, ya que los porcentajes de cancha de sus compa\u00f1eras fueron muy pobres. Reci\u00e9n cuando se produjo en ingreso de Nerina Mu\u00f1\u00f3z, Sportivo equilibr\u00f3 un poco las acciones, ganando en la pintura y provocando nuevas ofensivas.<\/p>\n<p>Pero un nuevo parcial, en este caso de 15-6, le dio ventaja de 25 al Viola (43-18) a 2m del descanso largo. En ese momento, Sol Sosa llevaba 21 puntos en su haber, tres m\u00e1s que todo Soportivo. Al margen, el local no baj\u00f3 la intensidad y bajo la conducci\u00f3n de Valentina Pel\u00e1ez, continu\u00f3 estirando la diferencia. Hasta que una corida de Bailetti deriv\u00f3 en doble y falta -dura- que calent\u00f3 el ambiente.<\/p>\n<p>Independiente se luc\u00eda y Sportivo no encontraba fluidez, llegando a producirse un par de infracciones antideportivas, que no fueron sancionadas como tal. Los entrenadores optaron con buen tino por sustituir a las jugadoras involucradas (Bailetti y Casali, entre otras) y el partido se complet\u00f3 sin inconvenientes, dejando a Independiente a un partido de alcanzar la final.<\/p>\n<p>&nbsp;<\/p>\n<p><span style=\"text-decoration: underline;\"><strong><em>S\u00edntesis:<\/em><\/strong><\/span><\/p>\n<p><strong>Independiente 86:<\/strong> Sof\u00eda Bailetti 10, Josefina Calvento 4, Nadia Vrizz 14, Bel\u00e9n Tombesi 3, Sol Sosa 27 (Fi); Daniela De Mori 2, Vanina Rodr\u00edguez 13, Valentina Pel\u00e1ez 11, Mariannella Pye 2 y Evangelina Rodr\u00edguez 0. DT: Viviana Albizu.<\/p>\n<p><strong>Sportivo Bahiense 34:<\/strong> Roc\u00edo Hammerschmidt 0, Juana Casali 2, Daniela Neiman 5, Roc\u00edo Garc\u00eda Wild 20, Magdalena Bante 0 (x) (Fi); Nerina Mu\u00f1\u00f3z 7, Ana Galassi 0, Luz Schmidt 0, Emilce Islas 0 y Melina Buzzi 0. DT: Mario Minervino.<\/p>\n<p><strong>Parciales:<\/strong> 26-8, 48-21 (22-13), 71-26 (23-5) y 86-34 (15-8).<\/p>\n<p><strong>\u00c1rbitros:<\/strong> Franco Berlato &#8211; Emiliano Pardo.<\/p>\n<p><strong>Estadio:<\/strong> Hermanos Barral (Independiente).<\/p>\n<p><strong>Serie:<\/strong> Independiente, 1-0.<\/p>\n<p><a class=\"modalf iframe\" title=\"Planilla\" href=\"https:\/\/docs.google.com\/spreadsheets\/d\/1Q3CyW9fglEwAURjxLfRe7s-V-Cobw4mUevJV_NrQU24\/pubhtml\" target=\"_blank\" rel=\"noopener\">Ver Planilla<\/a><\/p>\n","protected":false},"excerpt":{"rendered":"<p>Con 27 de Sosa, El viola venci\u00f3 a Sportivo 86-34 en la primera semifinal femenina<\/p>\n","protected":false},"author":1,"featured_media":41302,"comment_status":"closed","ping_status":"open","sticky":false,"template":"","format":"standard","meta":{"jnews-multi-image_gallery":[],"jnews_single_post":[],"jnews_primary_category":[],"footnotes":""},"categories":[33,526,101],"tags":[12,820,821,894,20,1039],"class_list":["post-41297","post","type-post","status-publish","format-standard","has-post-thumbnail","hentry","category-femenino","category-primera-femenino-2","category-slide","tag-independiente","tag-maria-sol-sosa","tag-nadia-vrizz","tag-rocio-garcia-wild","tag-sportivo-bahiense","tag-valentina-pelaez"],"yoast_head":"<!-- This site is optimized with the Yoast SEO plugin v27.5 - https:\/\/yoast.com\/product\/yoast-seo-wordpress\/ -->\n<title>Sali\u00f3 el Sol para Independiente - Gente de B\u00e1squet<\/title>\n<meta name=\"robots\" content=\"index, follow, max-snippet:-1, max-image-preview:large, max-video-preview:-1\" \/>\n<link rel=\"canonical\" href=\"http:\/\/gentedebasquet.com.ar\/sitio\/2014\/12\/08\/salio-el-sol-para-independiente\/\" \/>\n<meta property=\"og:locale\" content=\"es_ES\" \/>\n<meta property=\"og:type\" content=\"article\" \/>\n<meta property=\"og:title\" content=\"Sali\u00f3 el Sol para Independiente - Gente de B\u00e1squet\" \/>\n<meta property=\"og:description\" content=\"Con 27 de Sosa, El viola venci\u00f3 a Sportivo 86-34 en la primera semifinal femenina\" \/>\n<meta property=\"og:url\" content=\"http:\/\/gentedebasquet.com.ar\/sitio\/2014\/12\/08\/salio-el-sol-para-independiente\/\" \/>\n<meta property=\"og:site_name\" content=\"Gente de B\u00e1squet\" \/>\n<meta property=\"article:published_time\" content=\"2014-12-08T23:54:17+00:00\" \/>\n<meta property=\"og:image\" content=\"http:\/\/gentedebasquet.com.ar\/sitio\/wp-content\/uploads\/2014\/12\/Independiente-Sportivo.jpg\" \/>\n\t<meta property=\"og:image:width\" content=\"690\" \/>\n\t<meta property=\"og:image:height\" content=\"319\" \/>\n\t<meta property=\"og:image:type\" content=\"image\/jpeg\" \/>\n<meta name=\"author\" content=\"Gente de B\u00e1squet\" \/>\n<meta name=\"twitter:card\" content=\"summary_large_image\" \/>\n<meta name=\"twitter:label1\" content=\"Escrito por\" \/>\n\t<meta name=\"twitter:data1\" content=\"Gente de B\u00e1squet\" \/>\n\t<meta name=\"twitter:label2\" content=\"Tiempo de lectura\" \/>\n\t<meta name=\"twitter:data2\" content=\"2 minutos\" \/>\n<script type=\"application\/ld+json\" class=\"yoast-schema-graph\">{\"@context\":\"https:\\\/\\\/schema.org\",\"@graph\":[{\"@type\":\"Article\",\"@id\":\"http:\\\/\\\/gentedebasquet.com.ar\\\/sitio\\\/2014\\\/12\\\/08\\\/salio-el-sol-para-independiente\\\/#article\",\"isPartOf\":{\"@id\":\"http:\\\/\\\/gentedebasquet.com.ar\\\/sitio\\\/2014\\\/12\\\/08\\\/salio-el-sol-para-independiente\\\/\"},\"author\":{\"name\":\"Gente de B\u00e1squet\",\"@id\":\"https:\\\/\\\/gentedebasquet.com.ar\\\/sitio\\\/#\\\/schema\\\/person\\\/ca0b63bbb977369988a7bbbdc519943a\"},\"headline\":\"Sali\u00f3 el Sol para Independiente\",\"datePublished\":\"2014-12-08T23:54:17+00:00\",\"mainEntityOfPage\":{\"@id\":\"http:\\\/\\\/gentedebasquet.com.ar\\\/sitio\\\/2014\\\/12\\\/08\\\/salio-el-sol-para-independiente\\\/\"},\"wordCount\":444,\"image\":{\"@id\":\"http:\\\/\\\/gentedebasquet.com.ar\\\/sitio\\\/2014\\\/12\\\/08\\\/salio-el-sol-para-independiente\\\/#primaryimage\"},\"thumbnailUrl\":\"http:\\\/\\\/gentedebasquet.com.ar\\\/sitio\\\/wp-content\\\/uploads\\\/2014\\\/12\\\/Independiente-Sportivo.jpg\",\"keywords\":[\"independiente\",\"Mar\u00eda Sol Sosa\",\"Nadia Vrizz\",\"Roc\u00edo Garc\u00eda Wild\",\"Sportivo Bahiense\",\"Valentina Pel\u00e1ez\"],\"articleSection\":[\"Femenino\",\"Primera Femenino\",\"Slide\"],\"inLanguage\":\"es\"},{\"@type\":\"WebPage\",\"@id\":\"http:\\\/\\\/gentedebasquet.com.ar\\\/sitio\\\/2014\\\/12\\\/08\\\/salio-el-sol-para-independiente\\\/\",\"url\":\"http:\\\/\\\/gentedebasquet.com.ar\\\/sitio\\\/2014\\\/12\\\/08\\\/salio-el-sol-para-independiente\\\/\",\"name\":\"Sali\u00f3 el Sol para Independiente - Gente de B\u00e1squet\",\"isPartOf\":{\"@id\":\"https:\\\/\\\/gentedebasquet.com.ar\\\/sitio\\\/#website\"},\"primaryImageOfPage\":{\"@id\":\"http:\\\/\\\/gentedebasquet.com.ar\\\/sitio\\\/2014\\\/12\\\/08\\\/salio-el-sol-para-independiente\\\/#primaryimage\"},\"image\":{\"@id\":\"http:\\\/\\\/gentedebasquet.com.ar\\\/sitio\\\/2014\\\/12\\\/08\\\/salio-el-sol-para-independiente\\\/#primaryimage\"},\"thumbnailUrl\":\"http:\\\/\\\/gentedebasquet.com.ar\\\/sitio\\\/wp-content\\\/uploads\\\/2014\\\/12\\\/Independiente-Sportivo.jpg\",\"datePublished\":\"2014-12-08T23:54:17+00:00\",\"author\":{\"@id\":\"https:\\\/\\\/gentedebasquet.com.ar\\\/sitio\\\/#\\\/schema\\\/person\\\/ca0b63bbb977369988a7bbbdc519943a\"},\"breadcrumb\":{\"@id\":\"http:\\\/\\\/gentedebasquet.com.ar\\\/sitio\\\/2014\\\/12\\\/08\\\/salio-el-sol-para-independiente\\\/#breadcrumb\"},\"inLanguage\":\"es\",\"potentialAction\":[{\"@type\":\"ReadAction\",\"target\":[\"http:\\\/\\\/gentedebasquet.com.ar\\\/sitio\\\/2014\\\/12\\\/08\\\/salio-el-sol-para-independiente\\\/\"]}]},{\"@type\":\"ImageObject\",\"inLanguage\":\"es\",\"@id\":\"http:\\\/\\\/gentedebasquet.com.ar\\\/sitio\\\/2014\\\/12\\\/08\\\/salio-el-sol-para-independiente\\\/#primaryimage\",\"url\":\"http:\\\/\\\/gentedebasquet.com.ar\\\/sitio\\\/wp-content\\\/uploads\\\/2014\\\/12\\\/Independiente-Sportivo.jpg\",\"contentUrl\":\"http:\\\/\\\/gentedebasquet.com.ar\\\/sitio\\\/wp-content\\\/uploads\\\/2014\\\/12\\\/Independiente-Sportivo.jpg\",\"width\":690,\"height\":319},{\"@type\":\"BreadcrumbList\",\"@id\":\"http:\\\/\\\/gentedebasquet.com.ar\\\/sitio\\\/2014\\\/12\\\/08\\\/salio-el-sol-para-independiente\\\/#breadcrumb\",\"itemListElement\":[{\"@type\":\"ListItem\",\"position\":1,\"name\":\"Portada\",\"item\":\"https:\\\/\\\/gentedebasquet.com.ar\\\/sitio\\\/\"},{\"@type\":\"ListItem\",\"position\":2,\"name\":\"Sali\u00f3 el Sol para Independiente\"}]},{\"@type\":\"WebSite\",\"@id\":\"https:\\\/\\\/gentedebasquet.com.ar\\\/sitio\\\/#website\",\"url\":\"https:\\\/\\\/gentedebasquet.com.ar\\\/sitio\\\/\",\"name\":\"Gente de B\u00e1squet\",\"description\":\"La revista del basquet de Bah\u00eda Blanca\",\"potentialAction\":[{\"@type\":\"SearchAction\",\"target\":{\"@type\":\"EntryPoint\",\"urlTemplate\":\"https:\\\/\\\/gentedebasquet.com.ar\\\/sitio\\\/?s={search_term_string}\"},\"query-input\":{\"@type\":\"PropertyValueSpecification\",\"valueRequired\":true,\"valueName\":\"search_term_string\"}}],\"inLanguage\":\"es\"},{\"@type\":\"Person\",\"@id\":\"https:\\\/\\\/gentedebasquet.com.ar\\\/sitio\\\/#\\\/schema\\\/person\\\/ca0b63bbb977369988a7bbbdc519943a\",\"name\":\"Gente de B\u00e1squet\",\"image\":{\"@type\":\"ImageObject\",\"inLanguage\":\"es\",\"@id\":\"https:\\\/\\\/secure.gravatar.com\\\/avatar\\\/7f2c48bdc33b30088f941fb6082e555f2874c98e20cb159d7b92b50eadfce793?s=96&d=mm&r=g\",\"url\":\"https:\\\/\\\/secure.gravatar.com\\\/avatar\\\/7f2c48bdc33b30088f941fb6082e555f2874c98e20cb159d7b92b50eadfce793?s=96&d=mm&r=g\",\"contentUrl\":\"https:\\\/\\\/secure.gravatar.com\\\/avatar\\\/7f2c48bdc33b30088f941fb6082e555f2874c98e20cb159d7b92b50eadfce793?s=96&d=mm&r=g\",\"caption\":\"Gente de B\u00e1squet\"},\"sameAs\":[\"http:\\\/\\\/gentedebasquet.com.ar\\\/sitio\"],\"url\":\"http:\\\/\\\/gentedebasquet.com.ar\\\/sitio\\\/author\\\/ulises\\\/\"}]}<\/script>\n<!-- \/ Yoast SEO plugin. -->","yoast_head_json":{"title":"Sali\u00f3 el Sol para Independiente - Gente de B\u00e1squet","robots":{"index":"index","follow":"follow","max-snippet":"max-snippet:-1","max-image-preview":"max-image-preview:large","max-video-preview":"max-video-preview:-1"},"canonical":"http:\/\/gentedebasquet.com.ar\/sitio\/2014\/12\/08\/salio-el-sol-para-independiente\/","og_locale":"es_ES","og_type":"article","og_title":"Sali\u00f3 el Sol para Independiente - Gente de B\u00e1squet","og_description":"Con 27 de Sosa, El viola venci\u00f3 a Sportivo 86-34 en la primera semifinal femenina","og_url":"http:\/\/gentedebasquet.com.ar\/sitio\/2014\/12\/08\/salio-el-sol-para-independiente\/","og_site_name":"Gente de B\u00e1squet","article_published_time":"2014-12-08T23:54:17+00:00","og_image":[{"width":690,"height":319,"url":"http:\/\/gentedebasquet.com.ar\/sitio\/wp-content\/uploads\/2014\/12\/Independiente-Sportivo.jpg","type":"image\/jpeg"}],"author":"Gente de B\u00e1squet","twitter_card":"summary_large_image","twitter_misc":{"Escrito por":"Gente de B\u00e1squet","Tiempo de lectura":"2 minutos"},"schema":{"@context":"https:\/\/schema.org","@graph":[{"@type":"Article","@id":"http:\/\/gentedebasquet.com.ar\/sitio\/2014\/12\/08\/salio-el-sol-para-independiente\/#article","isPartOf":{"@id":"http:\/\/gentedebasquet.com.ar\/sitio\/2014\/12\/08\/salio-el-sol-para-independiente\/"},"author":{"name":"Gente de B\u00e1squet","@id":"https:\/\/gentedebasquet.com.ar\/sitio\/#\/schema\/person\/ca0b63bbb977369988a7bbbdc519943a"},"headline":"Sali\u00f3 el Sol para Independiente","datePublished":"2014-12-08T23:54:17+00:00","mainEntityOfPage":{"@id":"http:\/\/gentedebasquet.com.ar\/sitio\/2014\/12\/08\/salio-el-sol-para-independiente\/"},"wordCount":444,"image":{"@id":"http:\/\/gentedebasquet.com.ar\/sitio\/2014\/12\/08\/salio-el-sol-para-independiente\/#primaryimage"},"thumbnailUrl":"http:\/\/gentedebasquet.com.ar\/sitio\/wp-content\/uploads\/2014\/12\/Independiente-Sportivo.jpg","keywords":["independiente","Mar\u00eda Sol Sosa","Nadia Vrizz","Roc\u00edo Garc\u00eda Wild","Sportivo Bahiense","Valentina Pel\u00e1ez"],"articleSection":["Femenino","Primera Femenino","Slide"],"inLanguage":"es"},{"@type":"WebPage","@id":"http:\/\/gentedebasquet.com.ar\/sitio\/2014\/12\/08\/salio-el-sol-para-independiente\/","url":"http:\/\/gentedebasquet.com.ar\/sitio\/2014\/12\/08\/salio-el-sol-para-independiente\/","name":"Sali\u00f3 el Sol para Independiente - Gente de B\u00e1squet","isPartOf":{"@id":"https:\/\/gentedebasquet.com.ar\/sitio\/#website"},"primaryImageOfPage":{"@id":"http:\/\/gentedebasquet.com.ar\/sitio\/2014\/12\/08\/salio-el-sol-para-independiente\/#primaryimage"},"image":{"@id":"http:\/\/gentedebasquet.com.ar\/sitio\/2014\/12\/08\/salio-el-sol-para-independiente\/#primaryimage"},"thumbnailUrl":"http:\/\/gentedebasquet.com.ar\/sitio\/wp-content\/uploads\/2014\/12\/Independiente-Sportivo.jpg","datePublished":"2014-12-08T23:54:17+00:00","author":{"@id":"https:\/\/gentedebasquet.com.ar\/sitio\/#\/schema\/person\/ca0b63bbb977369988a7bbbdc519943a"},"breadcrumb":{"@id":"http:\/\/gentedebasquet.com.ar\/sitio\/2014\/12\/08\/salio-el-sol-para-independiente\/#breadcrumb"},"inLanguage":"es","potentialAction":[{"@type":"ReadAction","target":["http:\/\/gentedebasquet.com.ar\/sitio\/2014\/12\/08\/salio-el-sol-para-independiente\/"]}]},{"@type":"ImageObject","inLanguage":"es","@id":"http:\/\/gentedebasquet.com.ar\/sitio\/2014\/12\/08\/salio-el-sol-para-independiente\/#primaryimage","url":"http:\/\/gentedebasquet.com.ar\/sitio\/wp-content\/uploads\/2014\/12\/Independiente-Sportivo.jpg","contentUrl":"http:\/\/gentedebasquet.com.ar\/sitio\/wp-content\/uploads\/2014\/12\/Independiente-Sportivo.jpg","width":690,"height":319},{"@type":"BreadcrumbList","@id":"http:\/\/gentedebasquet.com.ar\/sitio\/2014\/12\/08\/salio-el-sol-para-independiente\/#breadcrumb","itemListElement":[{"@type":"ListItem","position":1,"name":"Portada","item":"https:\/\/gentedebasquet.com.ar\/sitio\/"},{"@type":"ListItem","position":2,"name":"Sali\u00f3 el Sol para Independiente"}]},{"@type":"WebSite","@id":"https:\/\/gentedebasquet.com.ar\/sitio\/#website","url":"https:\/\/gentedebasquet.com.ar\/sitio\/","name":"Gente de B\u00e1squet","description":"La revista del basquet de Bah\u00eda Blanca","potentialAction":[{"@type":"SearchAction","target":{"@type":"EntryPoint","urlTemplate":"https:\/\/gentedebasquet.com.ar\/sitio\/?s={search_term_string}"},"query-input":{"@type":"PropertyValueSpecification","valueRequired":true,"valueName":"search_term_string"}}],"inLanguage":"es"},{"@type":"Person","@id":"https:\/\/gentedebasquet.com.ar\/sitio\/#\/schema\/person\/ca0b63bbb977369988a7bbbdc519943a","name":"Gente de B\u00e1squet","image":{"@type":"ImageObject","inLanguage":"es","@id":"https:\/\/secure.gravatar.com\/avatar\/7f2c48bdc33b30088f941fb6082e555f2874c98e20cb159d7b92b50eadfce793?s=96&d=mm&r=g","url":"https:\/\/secure.gravatar.com\/avatar\/7f2c48bdc33b30088f941fb6082e555f2874c98e20cb159d7b92b50eadfce793?s=96&d=mm&r=g","contentUrl":"https:\/\/secure.gravatar.com\/avatar\/7f2c48bdc33b30088f941fb6082e555f2874c98e20cb159d7b92b50eadfce793?s=96&d=mm&r=g","caption":"Gente de B\u00e1squet"},"sameAs":["http:\/\/gentedebasquet.com.ar\/sitio"],"url":"http:\/\/gentedebasquet.com.ar\/sitio\/author\/ulises\/"}]}},"_links":{"self":[{"href":"http:\/\/gentedebasquet.com.ar\/sitio\/wp-json\/wp\/v2\/posts\/41297","targetHints":{"allow":["GET"]}}],"collection":[{"href":"http:\/\/gentedebasquet.com.ar\/sitio\/wp-json\/wp\/v2\/posts"}],"about":[{"href":"http:\/\/gentedebasquet.com.ar\/sitio\/wp-json\/wp\/v2\/types\/post"}],"author":[{"embeddable":true,"href":"http:\/\/gentedebasquet.com.ar\/sitio\/wp-json\/wp\/v2\/users\/1"}],"replies":[{"embeddable":true,"href":"http:\/\/gentedebasquet.com.ar\/sitio\/wp-json\/wp\/v2\/comments?post=41297"}],"version-history":[{"count":0,"href":"http:\/\/gentedebasquet.com.ar\/sitio\/wp-json\/wp\/v2\/posts\/41297\/revisions"}],"wp:featuredmedia":[{"embeddable":true,"href":"http:\/\/gentedebasquet.com.ar\/sitio\/wp-json\/wp\/v2\/media\/41302"}],"wp:attachment":[{"href":"http:\/\/gentedebasquet.com.ar\/sitio\/wp-json\/wp\/v2\/media?parent=41297"}],"wp:term":[{"taxonomy":"category","embeddable":true,"href":"http:\/\/gentedebasquet.com.ar\/sitio\/wp-json\/wp\/v2\/categories?post=41297"},{"taxonomy":"post_tag","embeddable":true,"href":"http:\/\/gentedebasquet.com.ar\/sitio\/wp-json\/wp\/v2\/tags?post=41297"}],"curies":[{"name":"wp","href":"https:\/\/api.w.org\/{rel}","templated":true}]}}