{"id":41496,"date":"2014-12-15T00:29:53","date_gmt":"2014-12-15T03:29:53","guid":{"rendered":"http:\/\/www.gentedebasquet.com.ar\/?p=41496"},"modified":"2014-12-15T00:29:53","modified_gmt":"2014-12-15T03:29:53","slug":"batalla-de-caseros","status":"publish","type":"post","link":"http:\/\/gentedebasquet.com.ar\/sitio\/2014\/12\/15\/batalla-de-caseros\/","title":{"rendered":"La Batalla de Caseros"},"content":{"rendered":"<p><b>En una verdadera batalla campal, Villa Mitre se hizo de un ag\u00f3nico triunfo ante Bahiense del Norte por 75 a 74, en el tercer juego de las finales de playoffs de Primera.\u00a0 El conjunto de Ariel Ugolini, que cont\u00f3 con el regreso de Juan Ignacio G\u00f3mez a la plantilla (por \u00fanico partido), ubic\u00f3 a Sebasti\u00e1n Acosta (16 puntos, 4 rebotes y 3 asistencias) y Santiago Susbielles (18, 6-15 en TC y 11 rebotes) como los de mejor rendimiento en la noche.\u00a0 Por el lado de la visita, no bast\u00f3 con lo aportado por Mauro Zalguizuri (21, 3-6 en T3, 4-9 en T2\u00a0 y 3 asistencias) y Mat\u00edas Chaves (19, 3-7 en T3).\u00a0 El martes ir\u00e1 el cuarto juego de la llave, que de resultar en victoria de Villa Mitre, lo clasificar\u00e1 a las finales extras por el t\u00edtulo contra Liniers. Caso contrario, habr\u00e1 quinto juego.<\/b><\/p>\n<p>Bahiense del Norte y Villa Mitre volvieron a dar un emotivo espect\u00e1culo deportivo, al que no le falt\u00f3 ning\u00fan condimento, con varias pol\u00e9micas incluidas.\u00a0 Y el local, tras ir adelante durante gran tramo del encuentro, tuvo que sufrir en los \u00faltimos segundos del partido para quedarse con un triunfo que lo acerca a la tan anhelada final extra con Liniers. \u00a0Adem\u00e1s, el conjunto de Ugolini tuvo el plus de contar con el regreso (por un solo partido) de Juan Ignacio G\u00f3mez, cuyo \u00faltimo encuentro disputado hab\u00eda sido en el cuarto juego de la serie de semifinales ante Estudiantes.<\/p>\n<p>Pero no fue f\u00e1cil el desarrollo del encuentro para el local, porque fue el conjunto del Colo Navallo el que pis\u00f3 fuerte en el Jos\u00e9 Mart\u00ednez de calle Caseros, con un parcial de 11-5 en cuatro minutos de juego, y mediante un tremendo pasaje de Mat\u00edas Chaves en el 1C (anot\u00f3 12 de los 24 puntos de su equipo en el segmento).\u00a0 El juego de larga distancia le dio r\u00e9dito a la visita (3-4) ante un Villa Mitre que se apoy\u00f3 principalmente en Sebasti\u00e1n Acosta en ataque (8) ante el cerrojo que Bahiense le puso a la pintura, con motivo de anular a David Pineda.<\/p>\n<p>Pero en el 2C, Villa Mitre comenz\u00f3 a torcer el rumbo del encuentro. \u00a0Promediando el per\u00edodo, meti\u00f3 racha de 13-2 con otra buena intervenci\u00f3n de Acosta en el segmento, ante un Bahiense que no encontraba soluciones en ataque (1-8 en TC).\u00a0 Y fue en ese tramo en que el cotejo se calent\u00f3, particularmente a partir de una jugada en donde Ramiro Heinrich golpe\u00f3 con un codo en la cara a Gast\u00f3n Diomedi, y Sebasti\u00e1n Arcas no marc\u00f3 la correspondiente infracci\u00f3n.\u00a0 As\u00ed y todo, los de Ugolini terminaron arriba al cierre de la primera mitad (44-36).<\/p>\n<p>Al regreso de los vestuarios, Villa Mitre volvi\u00f3 a golpear fuerte en el marcador mediante otro parcial (10-4) que le permiti\u00f3 alcanzar la ventaja m\u00e1xima que tuvo en la noche (14).\u00a0 El local tuvo en Santiago Susbielles (7 y 4 rebotes) una notable intervenci\u00f3n en la pintura.\u00a0 Bahiense por su parte, hizo fuerza a partir de Zalguizuri (7), y pudo achicar el d\u00e9ficit a 9 de cara al ep\u00edlogo.<\/p>\n<p>En el cierre rein\u00f3 la paridad durante gran parte del 4C (8-8), y parec\u00eda que Villa Mitre comenzaba a cerrar la historia a partir de las salidas de Pennacchiotti y Barbero, por acumulaci\u00f3n de faltas.\u00a0 Pero los de Navallo reaccionaron en el tramo final (7-1) con dos penetraciones de Heinrich a la pintura y un tiro a media distancia de Zalguizuri, que le permiti\u00f3 a la visita ponerse debajo por tan solo 3 puntos (72-69) faltando poco m\u00e1s de un minuto para el final.\u00a0 Y a 42 segundos, Zalguizuri una vez m\u00e1s volvi\u00f3 a conectar para descontar por la m\u00ednima (72-71).<\/p>\n<p>David Pineda respondi\u00f3 a 26s, muy bien asistido por Diomedi (foto), para volver a ubicar a Villa Mitre arriba (74-71).\u00a0 Pero en la posesi\u00f3n siguiente, Mat\u00edas Chaves conect\u00f3 desde aproximadamente 7 metros para poner tablas en el marcador, faltando 12 segundos para el cierre.\u00a0 El local sali\u00f3 r\u00e1pido de contragolpe con Nicol\u00e1s Renzi, que recibi\u00f3 una falta (convirti\u00f3 1-2 de sus lanzamientos libres) y restaur\u00f3 la ventaja de su conjunto.\u00a0 Sin tiempo muerto en su haber, Bahiense busc\u00f3 r\u00e1pidamente el tiro ag\u00f3nico en Mauro Zalguizuri, pero fall\u00f3 pasando mitad de cancha y el festejo fue del anfitri\u00f3n.<\/p>\n<p>Villa Mitre se recuper\u00f3 luego de esa dura ca\u00edda en el Manu Gin\u00f3bili, a donde tendr\u00e1 que volver este pr\u00f3ximo martes y que en caso de triunfar, se alzar\u00e1 con la segunda mitad del a\u00f1o. \u00a0Pero no la tendr\u00e1 f\u00e1cil, porque en su propia casa sufri\u00f3 la arremetida de un incansable Bahiense que lo hizo sufrir en el final y que si gana el martes, a las 21, obligar\u00e1 a un quinto partido, nuevamente en el Jos\u00e9 Mart\u00ednez de calle Caseros.<\/p>\n<p>&nbsp;<\/p>\n<h6>Resumen con lo mejor del partido<\/h6>\n<p>[vimeo]http:\/\/vimeo.com\/114541473[\/vimeo]<\/p>\n<p>&nbsp;<\/p>\n<p><b><i><span style=\"text-decoration: underline;\">S\u00edntesis:<\/span><\/i><\/b><\/p>\n<p><b>Villa Mitre 75: <\/b>Marcelo Berdini 3, Sebasti\u00e1n Acosta 16, Nicol\u00e1s Renzi 11, David Pineda 10, Javier Bollo 1 (x) (Fi); Gast\u00f3n Diomedi 5, Juan Ignacio G\u00f3mez 9, Santiago Susbielles 18 y Fernando Alfonso 2.\u00a0 DT: Ariel Ugolini.<\/p>\n<p><b>Bahiense del Norte 74: <\/b>Mauro Zalguizuri 21, Mat\u00edas Chaves 19, Esteban Silva 2, Rodrigo Gerhardt 5, Ramiro Heinrich 9 (Fi); Luciano Fern\u00e1ndez 6, Juan Ignacio Diomedi 0, Andr\u00e9s Barbero 3 (x) y Franco Pennacchiotti 9 (x).\u00a0 DT. Alejandro Navallo.<\/p>\n<p><b>Parciales: <\/b>19-24, 44-36 (25-12), 63-54 (19-18), 75-74 (12-20).<\/p>\n<p><b>\u00c1rbitros: <\/b>Jorge Scheffer, Emanuel S\u00e1nchez, Sebasti\u00e1n Arcas.<\/p>\n<p><b>Estadio: <\/b>Jos\u00e9 Mart\u00ednez (Villa Mitre).<\/p>\n<p><a class=\"modalf iframe\" title=\"Planilla\" href=\"https:\/\/docs.google.com\/spreadsheets\/d\/1mn2IZE4ZAqJGwVdJsDSaezQWL4asb45DDYUutHUB3xA\/pubhtml\" target=\"_blank\" rel=\"noopener\">Ver Planilla<\/a><\/p>\n<p><b>Serie:\u00a0<\/b>Villa Mitre 2-1.<\/p>\n<p>&nbsp;<\/p>\n<h6>Juan Ignacio G\u00f3mez, en su regreso: \u00abMe sent\u00ed como si hubiese debutado de nuevo en Primera\u00bb.<\/h6>\n\n","protected":false},"excerpt":{"rendered":"<p>En un partidazo, Villa Mitre derrot\u00f3 a Bahiense 75-74 y se puso 2-1 en las finales<\/p>\n","protected":false},"author":1,"featured_media":41505,"comment_status":"closed","ping_status":"open","sticky":false,"template":"","format":"standard","meta":{"jnews-multi-image_gallery":[],"jnews_single_post":[],"jnews_primary_category":[],"footnotes":""},"categories":[23,101],"tags":[287,825,51,226,55,725,22],"class_list":["post-41496","post","type-post","status-publish","format-standard","has-post-thumbnail","hentry","category-primera","category-slide","tag-bahiense","tag-juan-ignacio-gomez","tag-matias-chaves","tag-mauro-zalguizuri","tag-santiago-susbielles","tag-sebastian-acosta","tag-villa-mitre"],"yoast_head":"<!-- This site is optimized with the Yoast SEO plugin v27.5 - https:\/\/yoast.com\/product\/yoast-seo-wordpress\/ -->\n<title>La Batalla de Caseros - Gente de B\u00e1squet<\/title>\n<meta name=\"robots\" content=\"index, follow, max-snippet:-1, max-image-preview:large, max-video-preview:-1\" \/>\n<link rel=\"canonical\" href=\"https:\/\/gentedebasquet.com.ar\/sitio\/2014\/12\/15\/batalla-de-caseros\/\" \/>\n<meta property=\"og:locale\" content=\"es_ES\" \/>\n<meta property=\"og:type\" content=\"article\" \/>\n<meta property=\"og:title\" content=\"La Batalla de Caseros - Gente de B\u00e1squet\" \/>\n<meta property=\"og:description\" content=\"En un partidazo, Villa Mitre derrot\u00f3 a Bahiense 75-74 y se puso 2-1 en las finales\" \/>\n<meta property=\"og:url\" content=\"https:\/\/gentedebasquet.com.ar\/sitio\/2014\/12\/15\/batalla-de-caseros\/\" \/>\n<meta property=\"og:site_name\" content=\"Gente de B\u00e1squet\" \/>\n<meta property=\"article:published_time\" content=\"2014-12-15T03:29:53+00:00\" \/>\n<meta property=\"og:image\" content=\"https:\/\/gentedebasquet.com.ar\/sitio\/wp-content\/uploads\/2014\/12\/Villa-Mitre-Bahiense-Pineda.jpg\" \/>\n\t<meta property=\"og:image:width\" content=\"690\" \/>\n\t<meta property=\"og:image:height\" content=\"319\" \/>\n\t<meta property=\"og:image:type\" content=\"image\/jpeg\" \/>\n<meta name=\"author\" content=\"Gente de B\u00e1squet\" \/>\n<meta name=\"twitter:card\" content=\"summary_large_image\" \/>\n<meta name=\"twitter:label1\" content=\"Escrito por\" \/>\n\t<meta name=\"twitter:data1\" content=\"Gente de B\u00e1squet\" \/>\n\t<meta name=\"twitter:label2\" content=\"Tiempo de lectura\" \/>\n\t<meta name=\"twitter:data2\" content=\"5 minutos\" \/>\n<script type=\"application\/ld+json\" class=\"yoast-schema-graph\">{\"@context\":\"https:\\\/\\\/schema.org\",\"@graph\":[{\"@type\":\"Article\",\"@id\":\"https:\\\/\\\/gentedebasquet.com.ar\\\/sitio\\\/2014\\\/12\\\/15\\\/batalla-de-caseros\\\/#article\",\"isPartOf\":{\"@id\":\"https:\\\/\\\/gentedebasquet.com.ar\\\/sitio\\\/2014\\\/12\\\/15\\\/batalla-de-caseros\\\/\"},\"author\":{\"name\":\"Gente de B\u00e1squet\",\"@id\":\"https:\\\/\\\/gentedebasquet.com.ar\\\/sitio\\\/#\\\/schema\\\/person\\\/ca0b63bbb977369988a7bbbdc519943a\"},\"headline\":\"La Batalla de Caseros\",\"datePublished\":\"2014-12-15T03:29:53+00:00\",\"mainEntityOfPage\":{\"@id\":\"https:\\\/\\\/gentedebasquet.com.ar\\\/sitio\\\/2014\\\/12\\\/15\\\/batalla-de-caseros\\\/\"},\"wordCount\":954,\"image\":{\"@id\":\"https:\\\/\\\/gentedebasquet.com.ar\\\/sitio\\\/2014\\\/12\\\/15\\\/batalla-de-caseros\\\/#primaryimage\"},\"thumbnailUrl\":\"http:\\\/\\\/gentedebasquet.com.ar\\\/sitio\\\/wp-content\\\/uploads\\\/2014\\\/12\\\/Villa-Mitre-Bahiense-Pineda.jpg\",\"keywords\":[\"Bahiense\",\"Juan Ignacio Gomez\",\"Mat\u00edas Chaves\",\"mauro zalguizuri\",\"Santiago Susbielles\",\"Sebasti\u00e1n Acosta\",\"Villa Mitre\"],\"articleSection\":[\"Primera\",\"Slide\"],\"inLanguage\":\"es\"},{\"@type\":\"WebPage\",\"@id\":\"https:\\\/\\\/gentedebasquet.com.ar\\\/sitio\\\/2014\\\/12\\\/15\\\/batalla-de-caseros\\\/\",\"url\":\"https:\\\/\\\/gentedebasquet.com.ar\\\/sitio\\\/2014\\\/12\\\/15\\\/batalla-de-caseros\\\/\",\"name\":\"La Batalla de Caseros - Gente de B\u00e1squet\",\"isPartOf\":{\"@id\":\"https:\\\/\\\/gentedebasquet.com.ar\\\/sitio\\\/#website\"},\"primaryImageOfPage\":{\"@id\":\"https:\\\/\\\/gentedebasquet.com.ar\\\/sitio\\\/2014\\\/12\\\/15\\\/batalla-de-caseros\\\/#primaryimage\"},\"image\":{\"@id\":\"https:\\\/\\\/gentedebasquet.com.ar\\\/sitio\\\/2014\\\/12\\\/15\\\/batalla-de-caseros\\\/#primaryimage\"},\"thumbnailUrl\":\"http:\\\/\\\/gentedebasquet.com.ar\\\/sitio\\\/wp-content\\\/uploads\\\/2014\\\/12\\\/Villa-Mitre-Bahiense-Pineda.jpg\",\"datePublished\":\"2014-12-15T03:29:53+00:00\",\"author\":{\"@id\":\"https:\\\/\\\/gentedebasquet.com.ar\\\/sitio\\\/#\\\/schema\\\/person\\\/ca0b63bbb977369988a7bbbdc519943a\"},\"breadcrumb\":{\"@id\":\"https:\\\/\\\/gentedebasquet.com.ar\\\/sitio\\\/2014\\\/12\\\/15\\\/batalla-de-caseros\\\/#breadcrumb\"},\"inLanguage\":\"es\",\"potentialAction\":[{\"@type\":\"ReadAction\",\"target\":[\"https:\\\/\\\/gentedebasquet.com.ar\\\/sitio\\\/2014\\\/12\\\/15\\\/batalla-de-caseros\\\/\"]}]},{\"@type\":\"ImageObject\",\"inLanguage\":\"es\",\"@id\":\"https:\\\/\\\/gentedebasquet.com.ar\\\/sitio\\\/2014\\\/12\\\/15\\\/batalla-de-caseros\\\/#primaryimage\",\"url\":\"http:\\\/\\\/gentedebasquet.com.ar\\\/sitio\\\/wp-content\\\/uploads\\\/2014\\\/12\\\/Villa-Mitre-Bahiense-Pineda.jpg\",\"contentUrl\":\"http:\\\/\\\/gentedebasquet.com.ar\\\/sitio\\\/wp-content\\\/uploads\\\/2014\\\/12\\\/Villa-Mitre-Bahiense-Pineda.jpg\",\"width\":690,\"height\":319},{\"@type\":\"BreadcrumbList\",\"@id\":\"https:\\\/\\\/gentedebasquet.com.ar\\\/sitio\\\/2014\\\/12\\\/15\\\/batalla-de-caseros\\\/#breadcrumb\",\"itemListElement\":[{\"@type\":\"ListItem\",\"position\":1,\"name\":\"Portada\",\"item\":\"https:\\\/\\\/gentedebasquet.com.ar\\\/sitio\\\/\"},{\"@type\":\"ListItem\",\"position\":2,\"name\":\"La Batalla de Caseros\"}]},{\"@type\":\"WebSite\",\"@id\":\"https:\\\/\\\/gentedebasquet.com.ar\\\/sitio\\\/#website\",\"url\":\"https:\\\/\\\/gentedebasquet.com.ar\\\/sitio\\\/\",\"name\":\"Gente de B\u00e1squet\",\"description\":\"La revista del basquet de Bah\u00eda Blanca\",\"potentialAction\":[{\"@type\":\"SearchAction\",\"target\":{\"@type\":\"EntryPoint\",\"urlTemplate\":\"https:\\\/\\\/gentedebasquet.com.ar\\\/sitio\\\/?s={search_term_string}\"},\"query-input\":{\"@type\":\"PropertyValueSpecification\",\"valueRequired\":true,\"valueName\":\"search_term_string\"}}],\"inLanguage\":\"es\"},{\"@type\":\"Person\",\"@id\":\"https:\\\/\\\/gentedebasquet.com.ar\\\/sitio\\\/#\\\/schema\\\/person\\\/ca0b63bbb977369988a7bbbdc519943a\",\"name\":\"Gente de B\u00e1squet\",\"image\":{\"@type\":\"ImageObject\",\"inLanguage\":\"es\",\"@id\":\"https:\\\/\\\/secure.gravatar.com\\\/avatar\\\/7f2c48bdc33b30088f941fb6082e555f2874c98e20cb159d7b92b50eadfce793?s=96&d=mm&r=g\",\"url\":\"https:\\\/\\\/secure.gravatar.com\\\/avatar\\\/7f2c48bdc33b30088f941fb6082e555f2874c98e20cb159d7b92b50eadfce793?s=96&d=mm&r=g\",\"contentUrl\":\"https:\\\/\\\/secure.gravatar.com\\\/avatar\\\/7f2c48bdc33b30088f941fb6082e555f2874c98e20cb159d7b92b50eadfce793?s=96&d=mm&r=g\",\"caption\":\"Gente de B\u00e1squet\"},\"sameAs\":[\"http:\\\/\\\/gentedebasquet.com.ar\\\/sitio\"],\"url\":\"http:\\\/\\\/gentedebasquet.com.ar\\\/sitio\\\/author\\\/ulises\\\/\"}]}<\/script>\n<!-- \/ Yoast SEO plugin. -->","yoast_head_json":{"title":"La Batalla de Caseros - Gente de B\u00e1squet","robots":{"index":"index","follow":"follow","max-snippet":"max-snippet:-1","max-image-preview":"max-image-preview:large","max-video-preview":"max-video-preview:-1"},"canonical":"https:\/\/gentedebasquet.com.ar\/sitio\/2014\/12\/15\/batalla-de-caseros\/","og_locale":"es_ES","og_type":"article","og_title":"La Batalla de Caseros - Gente de B\u00e1squet","og_description":"En un partidazo, Villa Mitre derrot\u00f3 a Bahiense 75-74 y se puso 2-1 en las finales","og_url":"https:\/\/gentedebasquet.com.ar\/sitio\/2014\/12\/15\/batalla-de-caseros\/","og_site_name":"Gente de B\u00e1squet","article_published_time":"2014-12-15T03:29:53+00:00","og_image":[{"width":690,"height":319,"url":"https:\/\/gentedebasquet.com.ar\/sitio\/wp-content\/uploads\/2014\/12\/Villa-Mitre-Bahiense-Pineda.jpg","type":"image\/jpeg"}],"author":"Gente de B\u00e1squet","twitter_card":"summary_large_image","twitter_misc":{"Escrito por":"Gente de B\u00e1squet","Tiempo de lectura":"5 minutos"},"schema":{"@context":"https:\/\/schema.org","@graph":[{"@type":"Article","@id":"https:\/\/gentedebasquet.com.ar\/sitio\/2014\/12\/15\/batalla-de-caseros\/#article","isPartOf":{"@id":"https:\/\/gentedebasquet.com.ar\/sitio\/2014\/12\/15\/batalla-de-caseros\/"},"author":{"name":"Gente de B\u00e1squet","@id":"https:\/\/gentedebasquet.com.ar\/sitio\/#\/schema\/person\/ca0b63bbb977369988a7bbbdc519943a"},"headline":"La Batalla de Caseros","datePublished":"2014-12-15T03:29:53+00:00","mainEntityOfPage":{"@id":"https:\/\/gentedebasquet.com.ar\/sitio\/2014\/12\/15\/batalla-de-caseros\/"},"wordCount":954,"image":{"@id":"https:\/\/gentedebasquet.com.ar\/sitio\/2014\/12\/15\/batalla-de-caseros\/#primaryimage"},"thumbnailUrl":"http:\/\/gentedebasquet.com.ar\/sitio\/wp-content\/uploads\/2014\/12\/Villa-Mitre-Bahiense-Pineda.jpg","keywords":["Bahiense","Juan Ignacio Gomez","Mat\u00edas Chaves","mauro zalguizuri","Santiago Susbielles","Sebasti\u00e1n Acosta","Villa Mitre"],"articleSection":["Primera","Slide"],"inLanguage":"es"},{"@type":"WebPage","@id":"https:\/\/gentedebasquet.com.ar\/sitio\/2014\/12\/15\/batalla-de-caseros\/","url":"https:\/\/gentedebasquet.com.ar\/sitio\/2014\/12\/15\/batalla-de-caseros\/","name":"La Batalla de Caseros - Gente de B\u00e1squet","isPartOf":{"@id":"https:\/\/gentedebasquet.com.ar\/sitio\/#website"},"primaryImageOfPage":{"@id":"https:\/\/gentedebasquet.com.ar\/sitio\/2014\/12\/15\/batalla-de-caseros\/#primaryimage"},"image":{"@id":"https:\/\/gentedebasquet.com.ar\/sitio\/2014\/12\/15\/batalla-de-caseros\/#primaryimage"},"thumbnailUrl":"http:\/\/gentedebasquet.com.ar\/sitio\/wp-content\/uploads\/2014\/12\/Villa-Mitre-Bahiense-Pineda.jpg","datePublished":"2014-12-15T03:29:53+00:00","author":{"@id":"https:\/\/gentedebasquet.com.ar\/sitio\/#\/schema\/person\/ca0b63bbb977369988a7bbbdc519943a"},"breadcrumb":{"@id":"https:\/\/gentedebasquet.com.ar\/sitio\/2014\/12\/15\/batalla-de-caseros\/#breadcrumb"},"inLanguage":"es","potentialAction":[{"@type":"ReadAction","target":["https:\/\/gentedebasquet.com.ar\/sitio\/2014\/12\/15\/batalla-de-caseros\/"]}]},{"@type":"ImageObject","inLanguage":"es","@id":"https:\/\/gentedebasquet.com.ar\/sitio\/2014\/12\/15\/batalla-de-caseros\/#primaryimage","url":"http:\/\/gentedebasquet.com.ar\/sitio\/wp-content\/uploads\/2014\/12\/Villa-Mitre-Bahiense-Pineda.jpg","contentUrl":"http:\/\/gentedebasquet.com.ar\/sitio\/wp-content\/uploads\/2014\/12\/Villa-Mitre-Bahiense-Pineda.jpg","width":690,"height":319},{"@type":"BreadcrumbList","@id":"https:\/\/gentedebasquet.com.ar\/sitio\/2014\/12\/15\/batalla-de-caseros\/#breadcrumb","itemListElement":[{"@type":"ListItem","position":1,"name":"Portada","item":"https:\/\/gentedebasquet.com.ar\/sitio\/"},{"@type":"ListItem","position":2,"name":"La Batalla de Caseros"}]},{"@type":"WebSite","@id":"https:\/\/gentedebasquet.com.ar\/sitio\/#website","url":"https:\/\/gentedebasquet.com.ar\/sitio\/","name":"Gente de B\u00e1squet","description":"La revista del basquet de Bah\u00eda Blanca","potentialAction":[{"@type":"SearchAction","target":{"@type":"EntryPoint","urlTemplate":"https:\/\/gentedebasquet.com.ar\/sitio\/?s={search_term_string}"},"query-input":{"@type":"PropertyValueSpecification","valueRequired":true,"valueName":"search_term_string"}}],"inLanguage":"es"},{"@type":"Person","@id":"https:\/\/gentedebasquet.com.ar\/sitio\/#\/schema\/person\/ca0b63bbb977369988a7bbbdc519943a","name":"Gente de B\u00e1squet","image":{"@type":"ImageObject","inLanguage":"es","@id":"https:\/\/secure.gravatar.com\/avatar\/7f2c48bdc33b30088f941fb6082e555f2874c98e20cb159d7b92b50eadfce793?s=96&d=mm&r=g","url":"https:\/\/secure.gravatar.com\/avatar\/7f2c48bdc33b30088f941fb6082e555f2874c98e20cb159d7b92b50eadfce793?s=96&d=mm&r=g","contentUrl":"https:\/\/secure.gravatar.com\/avatar\/7f2c48bdc33b30088f941fb6082e555f2874c98e20cb159d7b92b50eadfce793?s=96&d=mm&r=g","caption":"Gente de B\u00e1squet"},"sameAs":["http:\/\/gentedebasquet.com.ar\/sitio"],"url":"http:\/\/gentedebasquet.com.ar\/sitio\/author\/ulises\/"}]}},"_links":{"self":[{"href":"http:\/\/gentedebasquet.com.ar\/sitio\/wp-json\/wp\/v2\/posts\/41496","targetHints":{"allow":["GET"]}}],"collection":[{"href":"http:\/\/gentedebasquet.com.ar\/sitio\/wp-json\/wp\/v2\/posts"}],"about":[{"href":"http:\/\/gentedebasquet.com.ar\/sitio\/wp-json\/wp\/v2\/types\/post"}],"author":[{"embeddable":true,"href":"http:\/\/gentedebasquet.com.ar\/sitio\/wp-json\/wp\/v2\/users\/1"}],"replies":[{"embeddable":true,"href":"http:\/\/gentedebasquet.com.ar\/sitio\/wp-json\/wp\/v2\/comments?post=41496"}],"version-history":[{"count":0,"href":"http:\/\/gentedebasquet.com.ar\/sitio\/wp-json\/wp\/v2\/posts\/41496\/revisions"}],"wp:featuredmedia":[{"embeddable":true,"href":"http:\/\/gentedebasquet.com.ar\/sitio\/wp-json\/wp\/v2\/media\/41505"}],"wp:attachment":[{"href":"http:\/\/gentedebasquet.com.ar\/sitio\/wp-json\/wp\/v2\/media?parent=41496"}],"wp:term":[{"taxonomy":"category","embeddable":true,"href":"http:\/\/gentedebasquet.com.ar\/sitio\/wp-json\/wp\/v2\/categories?post=41496"},{"taxonomy":"post_tag","embeddable":true,"href":"http:\/\/gentedebasquet.com.ar\/sitio\/wp-json\/wp\/v2\/tags?post=41496"}],"curies":[{"name":"wp","href":"https:\/\/api.w.org\/{rel}","templated":true}]}}