{"id":41777,"date":"2014-12-23T13:22:33","date_gmt":"2014-12-23T16:22:33","guid":{"rendered":"http:\/\/www.gentedebasquet.com.ar\/?p=41777"},"modified":"2014-12-23T13:22:33","modified_gmt":"2014-12-23T16:22:33","slug":"villa-mitre-o-liniers","status":"publish","type":"post","link":"http:\/\/gentedebasquet.com.ar\/sitio\/2014\/12\/23\/villa-mitre-o-liniers\/","title":{"rendered":"\u00bfVilla Mitre o Liniers?"},"content":{"rendered":"<p><strong>Villa Mitre y Liniers se enfrentar\u00e1n al mejor de cinco partidos en b\u00fasqueda del t\u00edtulo de campe\u00f3n de Primera Divisi\u00f3n. El Tricolor llega de vencer en una dura serie a Bahiense del Norte, en el quinto juego; mientras que el Chivo no compite desde el 24 de noviembre, cuando qued\u00f3 eliminado de los playoffs. \u00bfQui\u00e9n es favorito?<\/strong><\/p>\n<p>&nbsp;<\/p>\n<h6>OPINI\u00d3N<\/h6>\n<p>&nbsp;<\/p>\n<p><strong>Andr\u00e9s Iannamico (entrenador):<\/strong> \u00abA\u00a0mi criterio en una final. El candidato es aquel que pueda resolver su ansiedad en los momentos cr\u00edticos y, por lo visto, Villa Mitre los viene absorbiendo hace tres a\u00f1os\u00bb.<\/p>\n<p><strong>Mario Errazu (entrenador):<\/strong> \u00abVilla Mitre es favorito, viene con funcionamiento de equipo, aunque en individualidades Liniers est\u00e1\u00a0m\u00e1s fuerte por la ida de Banegas y G\u00f3mez\u00bb.<\/p>\n<p><strong>Miguel Loffredo (entrenador):<\/strong> \u00abEl favorito es Villa Mitre. Viene de eliminar al candidato de todos, est\u00e1 con rodaje y tiene el plus de su gente que lo lleva a dar un poquito m\u00e1s. Liniers mas all\u00e1 de estar sin competencia tiene que aprovechar el primer partido, ya que Villa Mitre viene cansado por jugar 48 horas antes. Me parece que es clave el primer partido para el Chivo\u00bb.<\/p>\n<p><strong>Juan Sergio Palumbo (entrenador):<\/strong> \u00abSi bien se enfrentan dos grandes equipos, creo que el ritmo de competencia y el envi\u00f3n an\u00edmico de Villa Mitre tras ganar una &#8216;semifinal&#8217; dur\u00edsima le puede llegar a dar un plus para quedarse con la final. Los dos sufrieron bajas importantes durante el a\u00f1o, y los dos est\u00e1n acostumbrados a jugar estas instancias, as\u00ed que si bien el candidato es Villa Mitre, deber\u00eda ser una serie pareja y linda para ver\u00bb.<\/p>\n<p><strong>Sebasti\u00e1n Dodero (entrenador):<\/strong> \u00abPara mi gana Villa Mitre, porque viene con buen ritmo de b\u00e1squet; adem\u00e1s, a Liniers se le desarm\u00f3 el equipo despu\u00e9s de mitad de a\u00f1o\u00bb.<\/p>\n<p><strong>Federico Harina (jugador):<\/strong> \u00abEn mi opini\u00f3n corre con un poco de ventaja Villa Mitre, ya que Liniers no juega hace bastante y eso te quita ritmo. De todas maneras las finales siempre son distintas a todo. Veo a Villa Mitre como favorito\u00bb.<\/p>\n<p><strong>Gonzalo Etchepare (jugador):<\/strong> \u00abConsidero que siempre en estos casos las series son una ruleta. Villa Mitre puede llegar con much\u00edsimo ritmo o fatigado y Liniers descansado o con poco ritmo. O no influir como en el caso Barracas vs Sportivo.\u00bb<\/p>\n<p><strong>Fabi\u00e1n Gendana (jugador): \u00ab<\/strong>Va a ser una serie muy dura y puede ser para cualquiera. No creo que juegue en contra haber estado parado, a veces ayuda y perjudica al que viene jugando por cansancio y fatiga. En ambos equipo tengo amigos y conozco a los entrenadores y son grandes personas, pero prefiero que Ugolini consiga otro t\u00edtulo, me parece un excelente entrenador\u00bb.<\/p>\n<p><strong>Jorge Paletta (dirigente):<\/strong> \u00abPor ritmo y competencia, creo que Villa Mitre es el favorito. Ademas del plus que da su gente\u00bb.<\/p>\n<p><strong>Walter Acebedo (jugador):<\/strong> \u00abPara mi Villa Mitre es candidato. Viene con ritmo y con la adrenalina de haber pasado una serie muy dura contra un rival que impone mucha defensa; m\u00e1s que Liniers\u00bb.<\/p>\n<p><strong>Olando Tebes (dirigente):<\/strong> \u00abCreo que Villa Mitre es favorito porque viene con ritmo y con un envi\u00f3n an\u00edmico. A Liniers le va a faltar ritmo de partidos\u00bb.<\/p>\n","protected":false},"excerpt":{"rendered":"<p>Cu\u00e1l de los dos es el favorito a quedarse con el t\u00edtulo en Primera Divisi\u00f3n 2014<\/p>\n","protected":false},"author":1,"featured_media":41778,"comment_status":"closed","ping_status":"open","sticky":false,"template":"","format":"standard","meta":{"jnews-multi-image_gallery":[],"jnews_single_post":[],"jnews_primary_category":[],"footnotes":""},"categories":[24,101],"tags":[14,22],"class_list":["post-41777","post","type-post","status-publish","format-standard","has-post-thumbnail","hentry","category-overtime","category-slide","tag-liniers","tag-villa-mitre"],"yoast_head":"<!-- This site is optimized with the Yoast SEO plugin v27.5 - https:\/\/yoast.com\/product\/yoast-seo-wordpress\/ -->\n<title>\u00bfVilla Mitre o Liniers? - Gente de B\u00e1squet<\/title>\n<meta name=\"robots\" content=\"index, follow, max-snippet:-1, max-image-preview:large, max-video-preview:-1\" \/>\n<link rel=\"canonical\" href=\"https:\/\/gentedebasquet.com.ar\/sitio\/2014\/12\/23\/villa-mitre-o-liniers\/\" \/>\n<meta property=\"og:locale\" content=\"es_ES\" \/>\n<meta property=\"og:type\" content=\"article\" \/>\n<meta property=\"og:title\" content=\"\u00bfVilla Mitre o Liniers? - Gente de B\u00e1squet\" \/>\n<meta property=\"og:description\" content=\"Cu\u00e1l de los dos es el favorito a quedarse con el t\u00edtulo en Primera Divisi\u00f3n 2014\" \/>\n<meta property=\"og:url\" content=\"https:\/\/gentedebasquet.com.ar\/sitio\/2014\/12\/23\/villa-mitre-o-liniers\/\" \/>\n<meta property=\"og:site_name\" content=\"Gente de B\u00e1squet\" \/>\n<meta property=\"article:published_time\" content=\"2014-12-23T16:22:33+00:00\" \/>\n<meta property=\"og:image\" content=\"https:\/\/gentedebasquet.com.ar\/sitio\/wp-content\/uploads\/2014\/12\/fondo-previa-copia.jpg\" \/>\n\t<meta property=\"og:image:width\" content=\"690\" \/>\n\t<meta property=\"og:image:height\" content=\"319\" \/>\n\t<meta property=\"og:image:type\" content=\"image\/jpeg\" \/>\n<meta name=\"author\" content=\"Gente de B\u00e1squet\" \/>\n<meta name=\"twitter:card\" content=\"summary_large_image\" \/>\n<meta name=\"twitter:label1\" content=\"Escrito por\" \/>\n\t<meta name=\"twitter:data1\" content=\"Gente de B\u00e1squet\" \/>\n\t<meta name=\"twitter:label2\" content=\"Tiempo de lectura\" \/>\n\t<meta name=\"twitter:data2\" content=\"3 minutos\" \/>\n<script type=\"application\/ld+json\" class=\"yoast-schema-graph\">{\"@context\":\"https:\\\/\\\/schema.org\",\"@graph\":[{\"@type\":\"Article\",\"@id\":\"https:\\\/\\\/gentedebasquet.com.ar\\\/sitio\\\/2014\\\/12\\\/23\\\/villa-mitre-o-liniers\\\/#article\",\"isPartOf\":{\"@id\":\"https:\\\/\\\/gentedebasquet.com.ar\\\/sitio\\\/2014\\\/12\\\/23\\\/villa-mitre-o-liniers\\\/\"},\"author\":{\"name\":\"Gente de B\u00e1squet\",\"@id\":\"https:\\\/\\\/gentedebasquet.com.ar\\\/sitio\\\/#\\\/schema\\\/person\\\/ca0b63bbb977369988a7bbbdc519943a\"},\"headline\":\"\u00bfVilla Mitre o Liniers?\",\"datePublished\":\"2014-12-23T16:22:33+00:00\",\"mainEntityOfPage\":{\"@id\":\"https:\\\/\\\/gentedebasquet.com.ar\\\/sitio\\\/2014\\\/12\\\/23\\\/villa-mitre-o-liniers\\\/\"},\"wordCount\":551,\"image\":{\"@id\":\"https:\\\/\\\/gentedebasquet.com.ar\\\/sitio\\\/2014\\\/12\\\/23\\\/villa-mitre-o-liniers\\\/#primaryimage\"},\"thumbnailUrl\":\"http:\\\/\\\/gentedebasquet.com.ar\\\/sitio\\\/wp-content\\\/uploads\\\/2014\\\/12\\\/fondo-previa-copia.jpg\",\"keywords\":[\"Liniers\",\"Villa Mitre\"],\"articleSection\":[\"#Overtime\",\"Slide\"],\"inLanguage\":\"es\"},{\"@type\":\"WebPage\",\"@id\":\"https:\\\/\\\/gentedebasquet.com.ar\\\/sitio\\\/2014\\\/12\\\/23\\\/villa-mitre-o-liniers\\\/\",\"url\":\"https:\\\/\\\/gentedebasquet.com.ar\\\/sitio\\\/2014\\\/12\\\/23\\\/villa-mitre-o-liniers\\\/\",\"name\":\"\u00bfVilla Mitre o Liniers? - Gente de B\u00e1squet\",\"isPartOf\":{\"@id\":\"https:\\\/\\\/gentedebasquet.com.ar\\\/sitio\\\/#website\"},\"primaryImageOfPage\":{\"@id\":\"https:\\\/\\\/gentedebasquet.com.ar\\\/sitio\\\/2014\\\/12\\\/23\\\/villa-mitre-o-liniers\\\/#primaryimage\"},\"image\":{\"@id\":\"https:\\\/\\\/gentedebasquet.com.ar\\\/sitio\\\/2014\\\/12\\\/23\\\/villa-mitre-o-liniers\\\/#primaryimage\"},\"thumbnailUrl\":\"http:\\\/\\\/gentedebasquet.com.ar\\\/sitio\\\/wp-content\\\/uploads\\\/2014\\\/12\\\/fondo-previa-copia.jpg\",\"datePublished\":\"2014-12-23T16:22:33+00:00\",\"author\":{\"@id\":\"https:\\\/\\\/gentedebasquet.com.ar\\\/sitio\\\/#\\\/schema\\\/person\\\/ca0b63bbb977369988a7bbbdc519943a\"},\"breadcrumb\":{\"@id\":\"https:\\\/\\\/gentedebasquet.com.ar\\\/sitio\\\/2014\\\/12\\\/23\\\/villa-mitre-o-liniers\\\/#breadcrumb\"},\"inLanguage\":\"es\",\"potentialAction\":[{\"@type\":\"ReadAction\",\"target\":[\"https:\\\/\\\/gentedebasquet.com.ar\\\/sitio\\\/2014\\\/12\\\/23\\\/villa-mitre-o-liniers\\\/\"]}]},{\"@type\":\"ImageObject\",\"inLanguage\":\"es\",\"@id\":\"https:\\\/\\\/gentedebasquet.com.ar\\\/sitio\\\/2014\\\/12\\\/23\\\/villa-mitre-o-liniers\\\/#primaryimage\",\"url\":\"http:\\\/\\\/gentedebasquet.com.ar\\\/sitio\\\/wp-content\\\/uploads\\\/2014\\\/12\\\/fondo-previa-copia.jpg\",\"contentUrl\":\"http:\\\/\\\/gentedebasquet.com.ar\\\/sitio\\\/wp-content\\\/uploads\\\/2014\\\/12\\\/fondo-previa-copia.jpg\",\"width\":690,\"height\":319},{\"@type\":\"BreadcrumbList\",\"@id\":\"https:\\\/\\\/gentedebasquet.com.ar\\\/sitio\\\/2014\\\/12\\\/23\\\/villa-mitre-o-liniers\\\/#breadcrumb\",\"itemListElement\":[{\"@type\":\"ListItem\",\"position\":1,\"name\":\"Portada\",\"item\":\"https:\\\/\\\/gentedebasquet.com.ar\\\/sitio\\\/\"},{\"@type\":\"ListItem\",\"position\":2,\"name\":\"\u00bfVilla Mitre o Liniers?\"}]},{\"@type\":\"WebSite\",\"@id\":\"https:\\\/\\\/gentedebasquet.com.ar\\\/sitio\\\/#website\",\"url\":\"https:\\\/\\\/gentedebasquet.com.ar\\\/sitio\\\/\",\"name\":\"Gente de B\u00e1squet\",\"description\":\"La revista del basquet de Bah\u00eda Blanca\",\"potentialAction\":[{\"@type\":\"SearchAction\",\"target\":{\"@type\":\"EntryPoint\",\"urlTemplate\":\"https:\\\/\\\/gentedebasquet.com.ar\\\/sitio\\\/?s={search_term_string}\"},\"query-input\":{\"@type\":\"PropertyValueSpecification\",\"valueRequired\":true,\"valueName\":\"search_term_string\"}}],\"inLanguage\":\"es\"},{\"@type\":\"Person\",\"@id\":\"https:\\\/\\\/gentedebasquet.com.ar\\\/sitio\\\/#\\\/schema\\\/person\\\/ca0b63bbb977369988a7bbbdc519943a\",\"name\":\"Gente de B\u00e1squet\",\"image\":{\"@type\":\"ImageObject\",\"inLanguage\":\"es\",\"@id\":\"https:\\\/\\\/secure.gravatar.com\\\/avatar\\\/7f2c48bdc33b30088f941fb6082e555f2874c98e20cb159d7b92b50eadfce793?s=96&d=mm&r=g\",\"url\":\"https:\\\/\\\/secure.gravatar.com\\\/avatar\\\/7f2c48bdc33b30088f941fb6082e555f2874c98e20cb159d7b92b50eadfce793?s=96&d=mm&r=g\",\"contentUrl\":\"https:\\\/\\\/secure.gravatar.com\\\/avatar\\\/7f2c48bdc33b30088f941fb6082e555f2874c98e20cb159d7b92b50eadfce793?s=96&d=mm&r=g\",\"caption\":\"Gente de B\u00e1squet\"},\"sameAs\":[\"http:\\\/\\\/gentedebasquet.com.ar\\\/sitio\"],\"url\":\"http:\\\/\\\/gentedebasquet.com.ar\\\/sitio\\\/author\\\/ulises\\\/\"}]}<\/script>\n<!-- \/ Yoast SEO plugin. -->","yoast_head_json":{"title":"\u00bfVilla Mitre o Liniers? - Gente de B\u00e1squet","robots":{"index":"index","follow":"follow","max-snippet":"max-snippet:-1","max-image-preview":"max-image-preview:large","max-video-preview":"max-video-preview:-1"},"canonical":"https:\/\/gentedebasquet.com.ar\/sitio\/2014\/12\/23\/villa-mitre-o-liniers\/","og_locale":"es_ES","og_type":"article","og_title":"\u00bfVilla Mitre o Liniers? - Gente de B\u00e1squet","og_description":"Cu\u00e1l de los dos es el favorito a quedarse con el t\u00edtulo en Primera Divisi\u00f3n 2014","og_url":"https:\/\/gentedebasquet.com.ar\/sitio\/2014\/12\/23\/villa-mitre-o-liniers\/","og_site_name":"Gente de B\u00e1squet","article_published_time":"2014-12-23T16:22:33+00:00","og_image":[{"width":690,"height":319,"url":"https:\/\/gentedebasquet.com.ar\/sitio\/wp-content\/uploads\/2014\/12\/fondo-previa-copia.jpg","type":"image\/jpeg"}],"author":"Gente de B\u00e1squet","twitter_card":"summary_large_image","twitter_misc":{"Escrito por":"Gente de B\u00e1squet","Tiempo de lectura":"3 minutos"},"schema":{"@context":"https:\/\/schema.org","@graph":[{"@type":"Article","@id":"https:\/\/gentedebasquet.com.ar\/sitio\/2014\/12\/23\/villa-mitre-o-liniers\/#article","isPartOf":{"@id":"https:\/\/gentedebasquet.com.ar\/sitio\/2014\/12\/23\/villa-mitre-o-liniers\/"},"author":{"name":"Gente de B\u00e1squet","@id":"https:\/\/gentedebasquet.com.ar\/sitio\/#\/schema\/person\/ca0b63bbb977369988a7bbbdc519943a"},"headline":"\u00bfVilla Mitre o Liniers?","datePublished":"2014-12-23T16:22:33+00:00","mainEntityOfPage":{"@id":"https:\/\/gentedebasquet.com.ar\/sitio\/2014\/12\/23\/villa-mitre-o-liniers\/"},"wordCount":551,"image":{"@id":"https:\/\/gentedebasquet.com.ar\/sitio\/2014\/12\/23\/villa-mitre-o-liniers\/#primaryimage"},"thumbnailUrl":"http:\/\/gentedebasquet.com.ar\/sitio\/wp-content\/uploads\/2014\/12\/fondo-previa-copia.jpg","keywords":["Liniers","Villa Mitre"],"articleSection":["#Overtime","Slide"],"inLanguage":"es"},{"@type":"WebPage","@id":"https:\/\/gentedebasquet.com.ar\/sitio\/2014\/12\/23\/villa-mitre-o-liniers\/","url":"https:\/\/gentedebasquet.com.ar\/sitio\/2014\/12\/23\/villa-mitre-o-liniers\/","name":"\u00bfVilla Mitre o Liniers? - Gente de B\u00e1squet","isPartOf":{"@id":"https:\/\/gentedebasquet.com.ar\/sitio\/#website"},"primaryImageOfPage":{"@id":"https:\/\/gentedebasquet.com.ar\/sitio\/2014\/12\/23\/villa-mitre-o-liniers\/#primaryimage"},"image":{"@id":"https:\/\/gentedebasquet.com.ar\/sitio\/2014\/12\/23\/villa-mitre-o-liniers\/#primaryimage"},"thumbnailUrl":"http:\/\/gentedebasquet.com.ar\/sitio\/wp-content\/uploads\/2014\/12\/fondo-previa-copia.jpg","datePublished":"2014-12-23T16:22:33+00:00","author":{"@id":"https:\/\/gentedebasquet.com.ar\/sitio\/#\/schema\/person\/ca0b63bbb977369988a7bbbdc519943a"},"breadcrumb":{"@id":"https:\/\/gentedebasquet.com.ar\/sitio\/2014\/12\/23\/villa-mitre-o-liniers\/#breadcrumb"},"inLanguage":"es","potentialAction":[{"@type":"ReadAction","target":["https:\/\/gentedebasquet.com.ar\/sitio\/2014\/12\/23\/villa-mitre-o-liniers\/"]}]},{"@type":"ImageObject","inLanguage":"es","@id":"https:\/\/gentedebasquet.com.ar\/sitio\/2014\/12\/23\/villa-mitre-o-liniers\/#primaryimage","url":"http:\/\/gentedebasquet.com.ar\/sitio\/wp-content\/uploads\/2014\/12\/fondo-previa-copia.jpg","contentUrl":"http:\/\/gentedebasquet.com.ar\/sitio\/wp-content\/uploads\/2014\/12\/fondo-previa-copia.jpg","width":690,"height":319},{"@type":"BreadcrumbList","@id":"https:\/\/gentedebasquet.com.ar\/sitio\/2014\/12\/23\/villa-mitre-o-liniers\/#breadcrumb","itemListElement":[{"@type":"ListItem","position":1,"name":"Portada","item":"https:\/\/gentedebasquet.com.ar\/sitio\/"},{"@type":"ListItem","position":2,"name":"\u00bfVilla Mitre o Liniers?"}]},{"@type":"WebSite","@id":"https:\/\/gentedebasquet.com.ar\/sitio\/#website","url":"https:\/\/gentedebasquet.com.ar\/sitio\/","name":"Gente de B\u00e1squet","description":"La revista del basquet de Bah\u00eda Blanca","potentialAction":[{"@type":"SearchAction","target":{"@type":"EntryPoint","urlTemplate":"https:\/\/gentedebasquet.com.ar\/sitio\/?s={search_term_string}"},"query-input":{"@type":"PropertyValueSpecification","valueRequired":true,"valueName":"search_term_string"}}],"inLanguage":"es"},{"@type":"Person","@id":"https:\/\/gentedebasquet.com.ar\/sitio\/#\/schema\/person\/ca0b63bbb977369988a7bbbdc519943a","name":"Gente de B\u00e1squet","image":{"@type":"ImageObject","inLanguage":"es","@id":"https:\/\/secure.gravatar.com\/avatar\/7f2c48bdc33b30088f941fb6082e555f2874c98e20cb159d7b92b50eadfce793?s=96&d=mm&r=g","url":"https:\/\/secure.gravatar.com\/avatar\/7f2c48bdc33b30088f941fb6082e555f2874c98e20cb159d7b92b50eadfce793?s=96&d=mm&r=g","contentUrl":"https:\/\/secure.gravatar.com\/avatar\/7f2c48bdc33b30088f941fb6082e555f2874c98e20cb159d7b92b50eadfce793?s=96&d=mm&r=g","caption":"Gente de B\u00e1squet"},"sameAs":["http:\/\/gentedebasquet.com.ar\/sitio"],"url":"http:\/\/gentedebasquet.com.ar\/sitio\/author\/ulises\/"}]}},"_links":{"self":[{"href":"http:\/\/gentedebasquet.com.ar\/sitio\/wp-json\/wp\/v2\/posts\/41777","targetHints":{"allow":["GET"]}}],"collection":[{"href":"http:\/\/gentedebasquet.com.ar\/sitio\/wp-json\/wp\/v2\/posts"}],"about":[{"href":"http:\/\/gentedebasquet.com.ar\/sitio\/wp-json\/wp\/v2\/types\/post"}],"author":[{"embeddable":true,"href":"http:\/\/gentedebasquet.com.ar\/sitio\/wp-json\/wp\/v2\/users\/1"}],"replies":[{"embeddable":true,"href":"http:\/\/gentedebasquet.com.ar\/sitio\/wp-json\/wp\/v2\/comments?post=41777"}],"version-history":[{"count":0,"href":"http:\/\/gentedebasquet.com.ar\/sitio\/wp-json\/wp\/v2\/posts\/41777\/revisions"}],"wp:featuredmedia":[{"embeddable":true,"href":"http:\/\/gentedebasquet.com.ar\/sitio\/wp-json\/wp\/v2\/media\/41778"}],"wp:attachment":[{"href":"http:\/\/gentedebasquet.com.ar\/sitio\/wp-json\/wp\/v2\/media?parent=41777"}],"wp:term":[{"taxonomy":"category","embeddable":true,"href":"http:\/\/gentedebasquet.com.ar\/sitio\/wp-json\/wp\/v2\/categories?post=41777"},{"taxonomy":"post_tag","embeddable":true,"href":"http:\/\/gentedebasquet.com.ar\/sitio\/wp-json\/wp\/v2\/tags?post=41777"}],"curies":[{"name":"wp","href":"https:\/\/api.w.org\/{rel}","templated":true}]}}