{"id":41789,"date":"2014-12-23T23:47:46","date_gmt":"2014-12-24T02:47:46","guid":{"rendered":"http:\/\/www.gentedebasquet.com.ar\/?p=41789"},"modified":"2014-12-23T23:47:46","modified_gmt":"2014-12-24T02:47:46","slug":"nochebuena-albinegra","status":"publish","type":"post","link":"http:\/\/gentedebasquet.com.ar\/sitio\/2014\/12\/23\/nochebuena-albinegra\/","title":{"rendered":"Nochebuena Albinegra"},"content":{"rendered":"<p><b>Liniers golpe\u00f3 primero en las Finales extra de Primera, y derrot\u00f3 a Villa Mitre por 81-69 en el Osvaldo Casanova.\u00a0 Santiago Torre (20 puntos, 7-7 en T2 y 6 asistencias) y Mat\u00edas Mart\u00ednez (15, 3-8 en T3) fueron los goleadores en el conjunto de Juan Mart\u00edn L\u00f3pez, que cont\u00f3 tambi\u00e9n con el regreso a la plantilla de Cristian Miguel (13) luego de lo que fue su partida hacia Monte Basket.\u00a0 Por el lado del tricolor, no bast\u00f3 con los aportes de Sebasti\u00e1n Acosta (20, 2-5 en T3 y 4-9 en T2), Javier Bollo (11 y 4 rebotes) y David Pineda (10 y 7 rebotes).\u00a0 El pr\u00f3ximo viernes, ir\u00e1 el segundo juego de la serie.<\/b><\/p>\n<p>Parece que ese lapso de aproximadamente un mes sin competencia no perjudic\u00f3 a Liniers, sino todo lo contrario.\u00a0 Porque, a un d\u00eda de la nochebuena, la navidad lleg\u00f3 antes para el conjunto de Juan Mart\u00edn L\u00f3pez, que se mostr\u00f3 como nuevo ante un Villa Mitre que hace apenas dos d\u00edas pudo cerrar una agobiante serie ante Bahiense del Norte.\u00a0 En una noche en la que ambos conjuntos no supieron aprovechar sus chances en la l\u00ednea de los Suspiros (19-37 para el tricolor\u00a0 y 17-32 para el chivo) fue el ganador del primer tramo el que, a partir de una f\u00e9rrea tarea defensiva, pudo quedarse con el primer juego.<\/p>\n<p>As\u00ed y todo, el comienzo fue muy parejo, e incluso Villa Mitre sac\u00f3 una buena ventaja temprano en el encuentro (13-8) a partir de un buen pasaje de Acosta (6) y un triple de Marcelo Berdini.\u00a0 Pero Liniers, quien hizo las de visitante en la noche del Osvaldo Casanova, comenz\u00f3 a mostrar sus armas en defensa (3 robos) y encontr\u00f3 en Mat\u00edas Mart\u00ednez (convirti\u00f3 9 de sus 15 puntos en el 1C, incluyendo dos bombas desde tercera dimensi\u00f3n) a la principal fuente de goleo en el per\u00edodo, pudiendo as\u00ed pasar al frente por la m\u00ednima (16-17).<\/p>\n<p>Ya en el 2C, el Chivo comenz\u00f3 a torcer el rumbo del partido a su favor.\u00a0 Distribuy\u00f3 mejor las acciones en ataque, con el \u201cNegro\u201d Pizzo peleando una dura batalla en la pintura (4 y 4 rebotes en ataque), Torre en la conducci\u00f3n (dos asistencias), y la irrupci\u00f3n del retornante Cristian Miguel (6) desde la banca.\u00a0 Adem\u00e1s, \u201cPiru\u201d L\u00f3pez dispuso que el albinegro pase a marcar en zona 2-3, t\u00e1ctica que le dio r\u00e9dito dado que anul\u00f3 el juego interno de Villa Mitre, a pesar de la buena tarea de Javier Bollo en el segmento (5).\u00a0 Luego de sacar la m\u00e1xima de 12, Liniers se fue al descanso arriba por 7 (31-38) a causa de una mini racha del tricolor en los segundos finales del cuarto.<\/p>\n<p>Al regeso de los vestuarios, la visita mantuvo esa brecha de 7 puntos durante buena parte del 3C.\u00a0 Pero el tricolor, a partir de una gran aparici\u00f3n de David Pineda en el encuentro (8 y 5 rebotes en ataque) se puso a tres unidades faltando 3:30 minutos para el cierre del segmento.\u00a0 Sin embargo, Liniers respondi\u00f3 con parcial de 9-4 en el tiempo restante del per\u00edodo y volvi\u00f3 a estirar la distancia (49-57).<\/p>\n<p>En el final, parec\u00eda que Villa Mitre, acostumbrado \u00faltimamente \u00a0a remontar partidos en los tramos decisivos, comenzaba una vez m\u00e1s a torcer el rumbo de la historia.\u00a0 Dos bombas de Acosta permitieron una racha de 14-8 en 2:44 minutos que volvi\u00f3 a acercar al tricolor en el marcador (57-61).\u00a0 Y faltando cuatro minutos para el ep\u00edlogo, el tablero electr\u00f3nico mostraba 60-63 a favor de Liniers.\u00a0 Pero esos cuatro minutos finales terminaron siendo fat\u00eddicos para el conjunto de Ariel Ugolini, porque el Chivo fue demoledor (18-9), a partir de una muy buena intervenci\u00f3n de Santiago Torre (8) en los minutos finales, y los viajes a la l\u00ednea de Fabricio Starc (5-6) que le permitieron al albinegro cerrar con comodidad el partido.<\/p>\n<p>El primer juego qued\u00f3 en manos de Liniers, quien no pareci\u00f3 sentir la falta de rodaje en competencia oficial ante un Villa Mitre que no pudo plasmar su mejor versi\u00f3n en cancha. \u00a0El viernes, el segundo cap\u00edtulo de estas finales que prometen, y mucho.<\/p>\n<p>&nbsp;<\/p>\n<h6>Resumen con lo mejor de Villa Mitre-Liniers<\/h6>\n<p>[vimeo]https:\/\/vimeo.com\/115316666[\/vimeo]<\/p>\n<p>&nbsp;<\/p>\n<h6>La bomba de Torre que sell\u00f3 el partido<\/h6>\n<p>[vimeo]https:\/\/vimeo.com\/115314139[\/vimeo]<\/p>\n<p>&nbsp;<\/p>\n<p><b><i><span style=\"text-decoration: underline;\">S\u00edntesis<\/span><\/i><\/b><\/p>\n<p><b>Villa Mitre 69: <\/b>Marcelo Berdini 5, Sebasti\u00e1n Acosta 20, Nicol\u00e1s Renzi 5 (x), Santiago Susbielles 7, David Pineda 10 (FI); Gast\u00f3n Diomedi 9, Alan Serra 2, Javier Bollo 11, Fernando Alfonso 0.\u00a0 D.T: Ariel Ugolini.<\/p>\n<p><b>Liniers 81: <\/b>Santiago Torre 20, Mat\u00edas Mart\u00ednez 15, Mariano Pizzo 13 (x), Fabricio Starc 13, Facundo Barretto 2 (FI); Gonzalo Mart\u00ednez 4, Cristian Miguel 13, Juli\u00e1n Marinsalta 1 (x).\u00a0 D.T: Juan Mart\u00edn L\u00f3pez.<\/p>\n<p><b>Parciales: <\/b>16-17, 31-38 (15-21), 49-57 (18-19), 69-81 (20-24).<\/p>\n<p><b>\u00c1rbitros: <\/b>Javier S\u00e1nchez, Emanuel S\u00e1nchez y Sebasti\u00e1n Giannino.<\/p>\n<p><b>Estadio: <\/b>Osvaldo Casanova (Club Estudiantes).<\/p>\n<p><strong>Colaboraci\u00f3n:\u00a0<\/strong>Leonardo Quinteros.<\/p>\n<p><a class=\"modalf iframe\" title=\"Planilla\" href=\"https:\/\/docs.google.com\/spreadsheets\/d\/1CJd4qiOmuisKAb83RKOzect0zyG5ASVNXj3p9YJvnrg\/pubhtml\" target=\"_blank\" rel=\"noopener\">Ver Planilla<\/a><\/p>\n<p>&nbsp;<\/p>\n<h6>Mariano Pizzo: \u00abNo sab\u00edamos como est\u00e1bamos en cuanto a ritmo de juego, pero si que ten\u00edamos m\u00e1s piernas que ellos. \u00a0Se not\u00f3 el desgaste de la serie ante Bahiense\u00bb.<\/h6>\n\n","protected":false},"excerpt":{"rendered":"<p>Liniers derrot\u00f3 a Villa Mitre por 81 a 69 y se qued\u00f3 con el 1er punto de las Finales extra.<\/p>\n","protected":false},"author":1,"featured_media":41790,"comment_status":"closed","ping_status":"open","sticky":false,"template":"","format":"standard","meta":{"jnews-multi-image_gallery":[],"jnews_single_post":[],"jnews_primary_category":[],"footnotes":""},"categories":[23,101],"tags":[261,228,793,603,14,293,604,725,22],"class_list":["post-41789","post","type-post","status-publish","format-standard","has-post-thumbnail","hentry","category-primera","category-slide","tag-cristian-miguel","tag-david-pineda","tag-finales","tag-javier-bollo","tag-liniers","tag-matias-martinez","tag-santiago-torre","tag-sebastian-acosta","tag-villa-mitre"],"yoast_head":"<!-- This site is optimized with the Yoast SEO plugin v27.5 - https:\/\/yoast.com\/product\/yoast-seo-wordpress\/ -->\n<title>Nochebuena Albinegra - Gente de B\u00e1squet<\/title>\n<meta name=\"robots\" content=\"index, follow, max-snippet:-1, max-image-preview:large, max-video-preview:-1\" \/>\n<link rel=\"canonical\" href=\"https:\/\/gentedebasquet.com.ar\/sitio\/2014\/12\/23\/nochebuena-albinegra\/\" \/>\n<meta property=\"og:locale\" content=\"es_ES\" \/>\n<meta property=\"og:type\" content=\"article\" \/>\n<meta property=\"og:title\" content=\"Nochebuena Albinegra - Gente de B\u00e1squet\" \/>\n<meta property=\"og:description\" content=\"Liniers derrot\u00f3 a Villa Mitre por 81 a 69 y se qued\u00f3 con el 1er punto de las Finales extra.\" \/>\n<meta property=\"og:url\" content=\"https:\/\/gentedebasquet.com.ar\/sitio\/2014\/12\/23\/nochebuena-albinegra\/\" \/>\n<meta property=\"og:site_name\" content=\"Gente de B\u00e1squet\" \/>\n<meta property=\"article:published_time\" content=\"2014-12-24T02:47:46+00:00\" \/>\n<meta property=\"og:image\" content=\"https:\/\/gentedebasquet.com.ar\/sitio\/wp-content\/uploads\/2014\/12\/10877359_10205474455685226_890172603_n.jpg\" \/>\n\t<meta property=\"og:image:width\" content=\"690\" \/>\n\t<meta property=\"og:image:height\" content=\"319\" \/>\n\t<meta property=\"og:image:type\" content=\"image\/jpeg\" \/>\n<meta name=\"author\" content=\"Gente de B\u00e1squet\" \/>\n<meta name=\"twitter:card\" content=\"summary_large_image\" \/>\n<meta name=\"twitter:label1\" content=\"Escrito por\" \/>\n\t<meta name=\"twitter:data1\" content=\"Gente de B\u00e1squet\" \/>\n\t<meta name=\"twitter:label2\" content=\"Tiempo de lectura\" \/>\n\t<meta name=\"twitter:data2\" content=\"4 minutos\" \/>\n<script type=\"application\/ld+json\" class=\"yoast-schema-graph\">{\"@context\":\"https:\\\/\\\/schema.org\",\"@graph\":[{\"@type\":\"Article\",\"@id\":\"https:\\\/\\\/gentedebasquet.com.ar\\\/sitio\\\/2014\\\/12\\\/23\\\/nochebuena-albinegra\\\/#article\",\"isPartOf\":{\"@id\":\"https:\\\/\\\/gentedebasquet.com.ar\\\/sitio\\\/2014\\\/12\\\/23\\\/nochebuena-albinegra\\\/\"},\"author\":{\"name\":\"Gente de B\u00e1squet\",\"@id\":\"https:\\\/\\\/gentedebasquet.com.ar\\\/sitio\\\/#\\\/schema\\\/person\\\/ca0b63bbb977369988a7bbbdc519943a\"},\"headline\":\"Nochebuena Albinegra\",\"datePublished\":\"2014-12-24T02:47:46+00:00\",\"mainEntityOfPage\":{\"@id\":\"https:\\\/\\\/gentedebasquet.com.ar\\\/sitio\\\/2014\\\/12\\\/23\\\/nochebuena-albinegra\\\/\"},\"wordCount\":861,\"image\":{\"@id\":\"https:\\\/\\\/gentedebasquet.com.ar\\\/sitio\\\/2014\\\/12\\\/23\\\/nochebuena-albinegra\\\/#primaryimage\"},\"thumbnailUrl\":\"http:\\\/\\\/gentedebasquet.com.ar\\\/sitio\\\/wp-content\\\/uploads\\\/2014\\\/12\\\/10877359_10205474455685226_890172603_n.jpg\",\"keywords\":[\"Cristian Miguel\",\"David Pineda\",\"finales\",\"Javier Bollo\",\"Liniers\",\"Mat\u00edas Mart\u00ednez\",\"Santiago Torre\",\"Sebasti\u00e1n Acosta\",\"Villa Mitre\"],\"articleSection\":[\"Primera\",\"Slide\"],\"inLanguage\":\"es\"},{\"@type\":\"WebPage\",\"@id\":\"https:\\\/\\\/gentedebasquet.com.ar\\\/sitio\\\/2014\\\/12\\\/23\\\/nochebuena-albinegra\\\/\",\"url\":\"https:\\\/\\\/gentedebasquet.com.ar\\\/sitio\\\/2014\\\/12\\\/23\\\/nochebuena-albinegra\\\/\",\"name\":\"Nochebuena Albinegra - Gente de B\u00e1squet\",\"isPartOf\":{\"@id\":\"https:\\\/\\\/gentedebasquet.com.ar\\\/sitio\\\/#website\"},\"primaryImageOfPage\":{\"@id\":\"https:\\\/\\\/gentedebasquet.com.ar\\\/sitio\\\/2014\\\/12\\\/23\\\/nochebuena-albinegra\\\/#primaryimage\"},\"image\":{\"@id\":\"https:\\\/\\\/gentedebasquet.com.ar\\\/sitio\\\/2014\\\/12\\\/23\\\/nochebuena-albinegra\\\/#primaryimage\"},\"thumbnailUrl\":\"http:\\\/\\\/gentedebasquet.com.ar\\\/sitio\\\/wp-content\\\/uploads\\\/2014\\\/12\\\/10877359_10205474455685226_890172603_n.jpg\",\"datePublished\":\"2014-12-24T02:47:46+00:00\",\"author\":{\"@id\":\"https:\\\/\\\/gentedebasquet.com.ar\\\/sitio\\\/#\\\/schema\\\/person\\\/ca0b63bbb977369988a7bbbdc519943a\"},\"breadcrumb\":{\"@id\":\"https:\\\/\\\/gentedebasquet.com.ar\\\/sitio\\\/2014\\\/12\\\/23\\\/nochebuena-albinegra\\\/#breadcrumb\"},\"inLanguage\":\"es\",\"potentialAction\":[{\"@type\":\"ReadAction\",\"target\":[\"https:\\\/\\\/gentedebasquet.com.ar\\\/sitio\\\/2014\\\/12\\\/23\\\/nochebuena-albinegra\\\/\"]}]},{\"@type\":\"ImageObject\",\"inLanguage\":\"es\",\"@id\":\"https:\\\/\\\/gentedebasquet.com.ar\\\/sitio\\\/2014\\\/12\\\/23\\\/nochebuena-albinegra\\\/#primaryimage\",\"url\":\"http:\\\/\\\/gentedebasquet.com.ar\\\/sitio\\\/wp-content\\\/uploads\\\/2014\\\/12\\\/10877359_10205474455685226_890172603_n.jpg\",\"contentUrl\":\"http:\\\/\\\/gentedebasquet.com.ar\\\/sitio\\\/wp-content\\\/uploads\\\/2014\\\/12\\\/10877359_10205474455685226_890172603_n.jpg\",\"width\":690,\"height\":319},{\"@type\":\"BreadcrumbList\",\"@id\":\"https:\\\/\\\/gentedebasquet.com.ar\\\/sitio\\\/2014\\\/12\\\/23\\\/nochebuena-albinegra\\\/#breadcrumb\",\"itemListElement\":[{\"@type\":\"ListItem\",\"position\":1,\"name\":\"Portada\",\"item\":\"https:\\\/\\\/gentedebasquet.com.ar\\\/sitio\\\/\"},{\"@type\":\"ListItem\",\"position\":2,\"name\":\"Nochebuena Albinegra\"}]},{\"@type\":\"WebSite\",\"@id\":\"https:\\\/\\\/gentedebasquet.com.ar\\\/sitio\\\/#website\",\"url\":\"https:\\\/\\\/gentedebasquet.com.ar\\\/sitio\\\/\",\"name\":\"Gente de B\u00e1squet\",\"description\":\"La revista del basquet de Bah\u00eda Blanca\",\"potentialAction\":[{\"@type\":\"SearchAction\",\"target\":{\"@type\":\"EntryPoint\",\"urlTemplate\":\"https:\\\/\\\/gentedebasquet.com.ar\\\/sitio\\\/?s={search_term_string}\"},\"query-input\":{\"@type\":\"PropertyValueSpecification\",\"valueRequired\":true,\"valueName\":\"search_term_string\"}}],\"inLanguage\":\"es\"},{\"@type\":\"Person\",\"@id\":\"https:\\\/\\\/gentedebasquet.com.ar\\\/sitio\\\/#\\\/schema\\\/person\\\/ca0b63bbb977369988a7bbbdc519943a\",\"name\":\"Gente de B\u00e1squet\",\"image\":{\"@type\":\"ImageObject\",\"inLanguage\":\"es\",\"@id\":\"https:\\\/\\\/secure.gravatar.com\\\/avatar\\\/7f2c48bdc33b30088f941fb6082e555f2874c98e20cb159d7b92b50eadfce793?s=96&d=mm&r=g\",\"url\":\"https:\\\/\\\/secure.gravatar.com\\\/avatar\\\/7f2c48bdc33b30088f941fb6082e555f2874c98e20cb159d7b92b50eadfce793?s=96&d=mm&r=g\",\"contentUrl\":\"https:\\\/\\\/secure.gravatar.com\\\/avatar\\\/7f2c48bdc33b30088f941fb6082e555f2874c98e20cb159d7b92b50eadfce793?s=96&d=mm&r=g\",\"caption\":\"Gente de B\u00e1squet\"},\"sameAs\":[\"http:\\\/\\\/gentedebasquet.com.ar\\\/sitio\"],\"url\":\"http:\\\/\\\/gentedebasquet.com.ar\\\/sitio\\\/author\\\/ulises\\\/\"}]}<\/script>\n<!-- \/ Yoast SEO plugin. -->","yoast_head_json":{"title":"Nochebuena Albinegra - Gente de B\u00e1squet","robots":{"index":"index","follow":"follow","max-snippet":"max-snippet:-1","max-image-preview":"max-image-preview:large","max-video-preview":"max-video-preview:-1"},"canonical":"https:\/\/gentedebasquet.com.ar\/sitio\/2014\/12\/23\/nochebuena-albinegra\/","og_locale":"es_ES","og_type":"article","og_title":"Nochebuena Albinegra - Gente de B\u00e1squet","og_description":"Liniers derrot\u00f3 a Villa Mitre por 81 a 69 y se qued\u00f3 con el 1er punto de las Finales extra.","og_url":"https:\/\/gentedebasquet.com.ar\/sitio\/2014\/12\/23\/nochebuena-albinegra\/","og_site_name":"Gente de B\u00e1squet","article_published_time":"2014-12-24T02:47:46+00:00","og_image":[{"width":690,"height":319,"url":"https:\/\/gentedebasquet.com.ar\/sitio\/wp-content\/uploads\/2014\/12\/10877359_10205474455685226_890172603_n.jpg","type":"image\/jpeg"}],"author":"Gente de B\u00e1squet","twitter_card":"summary_large_image","twitter_misc":{"Escrito por":"Gente de B\u00e1squet","Tiempo de lectura":"4 minutos"},"schema":{"@context":"https:\/\/schema.org","@graph":[{"@type":"Article","@id":"https:\/\/gentedebasquet.com.ar\/sitio\/2014\/12\/23\/nochebuena-albinegra\/#article","isPartOf":{"@id":"https:\/\/gentedebasquet.com.ar\/sitio\/2014\/12\/23\/nochebuena-albinegra\/"},"author":{"name":"Gente de B\u00e1squet","@id":"https:\/\/gentedebasquet.com.ar\/sitio\/#\/schema\/person\/ca0b63bbb977369988a7bbbdc519943a"},"headline":"Nochebuena Albinegra","datePublished":"2014-12-24T02:47:46+00:00","mainEntityOfPage":{"@id":"https:\/\/gentedebasquet.com.ar\/sitio\/2014\/12\/23\/nochebuena-albinegra\/"},"wordCount":861,"image":{"@id":"https:\/\/gentedebasquet.com.ar\/sitio\/2014\/12\/23\/nochebuena-albinegra\/#primaryimage"},"thumbnailUrl":"http:\/\/gentedebasquet.com.ar\/sitio\/wp-content\/uploads\/2014\/12\/10877359_10205474455685226_890172603_n.jpg","keywords":["Cristian Miguel","David Pineda","finales","Javier Bollo","Liniers","Mat\u00edas Mart\u00ednez","Santiago Torre","Sebasti\u00e1n Acosta","Villa Mitre"],"articleSection":["Primera","Slide"],"inLanguage":"es"},{"@type":"WebPage","@id":"https:\/\/gentedebasquet.com.ar\/sitio\/2014\/12\/23\/nochebuena-albinegra\/","url":"https:\/\/gentedebasquet.com.ar\/sitio\/2014\/12\/23\/nochebuena-albinegra\/","name":"Nochebuena Albinegra - Gente de B\u00e1squet","isPartOf":{"@id":"https:\/\/gentedebasquet.com.ar\/sitio\/#website"},"primaryImageOfPage":{"@id":"https:\/\/gentedebasquet.com.ar\/sitio\/2014\/12\/23\/nochebuena-albinegra\/#primaryimage"},"image":{"@id":"https:\/\/gentedebasquet.com.ar\/sitio\/2014\/12\/23\/nochebuena-albinegra\/#primaryimage"},"thumbnailUrl":"http:\/\/gentedebasquet.com.ar\/sitio\/wp-content\/uploads\/2014\/12\/10877359_10205474455685226_890172603_n.jpg","datePublished":"2014-12-24T02:47:46+00:00","author":{"@id":"https:\/\/gentedebasquet.com.ar\/sitio\/#\/schema\/person\/ca0b63bbb977369988a7bbbdc519943a"},"breadcrumb":{"@id":"https:\/\/gentedebasquet.com.ar\/sitio\/2014\/12\/23\/nochebuena-albinegra\/#breadcrumb"},"inLanguage":"es","potentialAction":[{"@type":"ReadAction","target":["https:\/\/gentedebasquet.com.ar\/sitio\/2014\/12\/23\/nochebuena-albinegra\/"]}]},{"@type":"ImageObject","inLanguage":"es","@id":"https:\/\/gentedebasquet.com.ar\/sitio\/2014\/12\/23\/nochebuena-albinegra\/#primaryimage","url":"http:\/\/gentedebasquet.com.ar\/sitio\/wp-content\/uploads\/2014\/12\/10877359_10205474455685226_890172603_n.jpg","contentUrl":"http:\/\/gentedebasquet.com.ar\/sitio\/wp-content\/uploads\/2014\/12\/10877359_10205474455685226_890172603_n.jpg","width":690,"height":319},{"@type":"BreadcrumbList","@id":"https:\/\/gentedebasquet.com.ar\/sitio\/2014\/12\/23\/nochebuena-albinegra\/#breadcrumb","itemListElement":[{"@type":"ListItem","position":1,"name":"Portada","item":"https:\/\/gentedebasquet.com.ar\/sitio\/"},{"@type":"ListItem","position":2,"name":"Nochebuena Albinegra"}]},{"@type":"WebSite","@id":"https:\/\/gentedebasquet.com.ar\/sitio\/#website","url":"https:\/\/gentedebasquet.com.ar\/sitio\/","name":"Gente de B\u00e1squet","description":"La revista del basquet de Bah\u00eda Blanca","potentialAction":[{"@type":"SearchAction","target":{"@type":"EntryPoint","urlTemplate":"https:\/\/gentedebasquet.com.ar\/sitio\/?s={search_term_string}"},"query-input":{"@type":"PropertyValueSpecification","valueRequired":true,"valueName":"search_term_string"}}],"inLanguage":"es"},{"@type":"Person","@id":"https:\/\/gentedebasquet.com.ar\/sitio\/#\/schema\/person\/ca0b63bbb977369988a7bbbdc519943a","name":"Gente de B\u00e1squet","image":{"@type":"ImageObject","inLanguage":"es","@id":"https:\/\/secure.gravatar.com\/avatar\/7f2c48bdc33b30088f941fb6082e555f2874c98e20cb159d7b92b50eadfce793?s=96&d=mm&r=g","url":"https:\/\/secure.gravatar.com\/avatar\/7f2c48bdc33b30088f941fb6082e555f2874c98e20cb159d7b92b50eadfce793?s=96&d=mm&r=g","contentUrl":"https:\/\/secure.gravatar.com\/avatar\/7f2c48bdc33b30088f941fb6082e555f2874c98e20cb159d7b92b50eadfce793?s=96&d=mm&r=g","caption":"Gente de B\u00e1squet"},"sameAs":["http:\/\/gentedebasquet.com.ar\/sitio"],"url":"http:\/\/gentedebasquet.com.ar\/sitio\/author\/ulises\/"}]}},"_links":{"self":[{"href":"http:\/\/gentedebasquet.com.ar\/sitio\/wp-json\/wp\/v2\/posts\/41789","targetHints":{"allow":["GET"]}}],"collection":[{"href":"http:\/\/gentedebasquet.com.ar\/sitio\/wp-json\/wp\/v2\/posts"}],"about":[{"href":"http:\/\/gentedebasquet.com.ar\/sitio\/wp-json\/wp\/v2\/types\/post"}],"author":[{"embeddable":true,"href":"http:\/\/gentedebasquet.com.ar\/sitio\/wp-json\/wp\/v2\/users\/1"}],"replies":[{"embeddable":true,"href":"http:\/\/gentedebasquet.com.ar\/sitio\/wp-json\/wp\/v2\/comments?post=41789"}],"version-history":[{"count":0,"href":"http:\/\/gentedebasquet.com.ar\/sitio\/wp-json\/wp\/v2\/posts\/41789\/revisions"}],"wp:featuredmedia":[{"embeddable":true,"href":"http:\/\/gentedebasquet.com.ar\/sitio\/wp-json\/wp\/v2\/media\/41790"}],"wp:attachment":[{"href":"http:\/\/gentedebasquet.com.ar\/sitio\/wp-json\/wp\/v2\/media?parent=41789"}],"wp:term":[{"taxonomy":"category","embeddable":true,"href":"http:\/\/gentedebasquet.com.ar\/sitio\/wp-json\/wp\/v2\/categories?post=41789"},{"taxonomy":"post_tag","embeddable":true,"href":"http:\/\/gentedebasquet.com.ar\/sitio\/wp-json\/wp\/v2\/tags?post=41789"}],"curies":[{"name":"wp","href":"https:\/\/api.w.org\/{rel}","templated":true}]}}