{"id":41984,"date":"2015-01-07T00:34:40","date_gmt":"2015-01-07T03:34:40","guid":{"rendered":"http:\/\/www.gentedebasquet.com.ar\/?p=41984"},"modified":"2015-01-07T00:34:40","modified_gmt":"2015-01-07T03:34:40","slug":"liniers-campeon-2","status":"publish","type":"post","link":"http:\/\/gentedebasquet.com.ar\/sitio\/2015\/01\/07\/liniers-campeon-2\/","title":{"rendered":"\u00a1Liniers campe\u00f3n!"},"content":{"rendered":"<p style=\"text-align: left;\" align=\"center\"><b>Despu\u00e9s de siete d\u00edas con idas y vueltas, el Tribunal de Penas de la Asociaci\u00f3n Bahiense de B\u00e1squetbol resolvi\u00f3 darle por ganado el <a href=\"http:\/\/www.gentedebasquet.com.ar\/perdio-el-basquet\/\" target=\"_blank\" rel=\"noopener\">cuarto punto de las finales extras<\/a> a Liniers, adjudic\u00e1ndole la serie por 3 a 1 y por ende, el t\u00edtulo. As\u00ed, el Chivo alcanz\u00f3 su noveno campeonato en la historia, afirm\u00e1ndose en el tercer puesto detr\u00e1s de Olimpo (19) y Estudiantes (16).<\/b><\/p>\n<p style=\"text-align: left;\" align=\"center\">A continuaci\u00f3n, el fallo:<\/p>\n<p style=\"text-align: left;\" align=\"center\">\n<p align=\"center\"><b><span style=\"text-decoration: underline;\">BOLETIN OFICIAL N\u00ba 43\/14<\/span><\/b><\/p>\n<p align=\"center\"><b><span style=\"text-decoration: underline;\">06\/01\/2015<\/span><\/b><\/p>\n<p><b>\u00a0<\/b><\/p>\n<p><b>Expte. N\u00ba 66\/14<\/b><\/p>\n<p><b>Partido: LINIERS \u2013 VILLA MITRE<\/b><\/p>\n<p><b>Categor\u00eda: PRIMERA<\/b><\/p>\n<p><b>Fecha: 30 de Diciembre de 2014<\/b><\/p>\n<p>&nbsp;<\/p>\n<p>Bah\u00eda Blanca, 06 de Enero de 2015<\/p>\n<p>&nbsp;<\/p>\n<p>VISTOS: El informe producido por los sres. Jueces del encuentro, los descargos presentados por los clubes Liniers y Villa Mitre y los videos del encuentro acompa\u00f1ados oportunamente como medio de prueba y CONSIDERANDO que la suspensi\u00f3n del encuentro se debe fundamentalmente a la participaci\u00f3n activa del p\u00fablico del club Villa Mitre quienes no solo invadieron la tribuna asignada al club Liniers y neutrales provocando desordenes y con clara intenci\u00f3n de agresi\u00f3n f\u00edsica a los espectadores sino tambi\u00e9n el campo de juego haciendo imposible la continuidad del partido y poniendo en serio riesgo tanto la integridad f\u00edsica de los espectadores como tambi\u00e9n de jugadores, \u00e1rbitros y todo aquel que cumpl\u00eda alguna funci\u00f3n asignada para el desarrollo del juego y teniendo especial consideraci\u00f3n que desde este Tribunal se pretende proteger en primer lugar la integridad f\u00edsica de todas aquellas personas que forman parte del espect\u00e1culo como tambi\u00e9n tratar de erradicar a los violentos de los estadios donde se practica este hermosos deporte permitiendo a la familia del basquetbol disfrutar con total tranquilidad este tipo de espect\u00e1culos y que nunca m\u00e1s ocurran hechos de tal gravedad como los acontecidos; este Tribunal resuelve: <b>Primero:<\/b> <b>DAR POR FINALIZADO<\/b> el encuentro, disponiendo dar por <b>PERDIDO<\/b> el mismo al club <b>VILLA MITRE<\/b> y en consecuencia como <b>GANADOR<\/b> al club <b>LINIERS<\/b> de conformidad a lo previsto en el art. 71 inc. \u201ca\u201d ap. 6 del C.P.\u00a0 <b>Segundo<\/b>: Sancionar al club <b>VILLA MITRE<\/b> con la pena de <b>MULTA de 12 AJC<\/b> de conformidad a lo previsto en el art. 60 inc. \u201cc\u201d ap. 2 del C.P, <b>Tercero<\/b>: Sancionar al club <b>LINIERS<\/b> con la pena de <b>MULTA de 6\u00a0 AJC<\/b> de conformidad a lo previsto en el art. 60 inc. \u201cc\u201d ap. 2 del C.P.-<\/p>\n<p><strong>Foto:<\/strong> Gentileza Gonzalo Mart\u00ednez.<\/p>\n","protected":false},"excerpt":{"rendered":"<p>El Tribunal de Penas le dio por ganado el partido ante Villa Mitre<\/p>\n","protected":false},"author":1,"featured_media":41985,"comment_status":"closed","ping_status":"open","sticky":false,"template":"","format":"standard","meta":{"jnews-multi-image_gallery":[],"jnews_single_post":[],"jnews_primary_category":[],"footnotes":""},"categories":[23,101],"tags":[14,22],"class_list":["post-41984","post","type-post","status-publish","format-standard","has-post-thumbnail","hentry","category-primera","category-slide","tag-liniers","tag-villa-mitre"],"yoast_head":"<!-- This site is optimized with the Yoast SEO plugin v27.5 - https:\/\/yoast.com\/product\/yoast-seo-wordpress\/ -->\n<title>\u00a1Liniers campe\u00f3n! - Gente de B\u00e1squet<\/title>\n<meta name=\"robots\" content=\"index, follow, max-snippet:-1, max-image-preview:large, max-video-preview:-1\" \/>\n<link rel=\"canonical\" href=\"http:\/\/gentedebasquet.com.ar\/sitio\/2015\/01\/07\/liniers-campeon-2\/\" \/>\n<meta property=\"og:locale\" content=\"es_ES\" \/>\n<meta property=\"og:type\" content=\"article\" \/>\n<meta property=\"og:title\" content=\"\u00a1Liniers campe\u00f3n! - Gente de B\u00e1squet\" \/>\n<meta property=\"og:description\" content=\"El Tribunal de Penas le dio por ganado el partido ante Villa Mitre\" \/>\n<meta property=\"og:url\" content=\"http:\/\/gentedebasquet.com.ar\/sitio\/2015\/01\/07\/liniers-campeon-2\/\" \/>\n<meta property=\"og:site_name\" content=\"Gente de B\u00e1squet\" \/>\n<meta property=\"article:published_time\" content=\"2015-01-07T03:34:40+00:00\" \/>\n<meta property=\"og:image\" content=\"http:\/\/gentedebasquet.com.ar\/sitio\/wp-content\/uploads\/2015\/01\/Liniers-campeon.jpg\" \/>\n\t<meta property=\"og:image:width\" content=\"690\" \/>\n\t<meta property=\"og:image:height\" content=\"319\" \/>\n\t<meta property=\"og:image:type\" content=\"image\/jpeg\" \/>\n<meta name=\"author\" content=\"Gente de B\u00e1squet\" \/>\n<meta name=\"twitter:card\" content=\"summary_large_image\" \/>\n<meta name=\"twitter:label1\" content=\"Escrito por\" \/>\n\t<meta name=\"twitter:data1\" content=\"Gente de B\u00e1squet\" \/>\n\t<meta name=\"twitter:label2\" content=\"Tiempo de lectura\" \/>\n\t<meta name=\"twitter:data2\" content=\"2 minutos\" \/>\n<script type=\"application\/ld+json\" class=\"yoast-schema-graph\">{\"@context\":\"https:\\\/\\\/schema.org\",\"@graph\":[{\"@type\":\"Article\",\"@id\":\"http:\\\/\\\/gentedebasquet.com.ar\\\/sitio\\\/2015\\\/01\\\/07\\\/liniers-campeon-2\\\/#article\",\"isPartOf\":{\"@id\":\"http:\\\/\\\/gentedebasquet.com.ar\\\/sitio\\\/2015\\\/01\\\/07\\\/liniers-campeon-2\\\/\"},\"author\":{\"name\":\"Gente de B\u00e1squet\",\"@id\":\"https:\\\/\\\/gentedebasquet.com.ar\\\/sitio\\\/#\\\/schema\\\/person\\\/ca0b63bbb977369988a7bbbdc519943a\"},\"headline\":\"\u00a1Liniers campe\u00f3n!\",\"datePublished\":\"2015-01-07T03:34:40+00:00\",\"mainEntityOfPage\":{\"@id\":\"http:\\\/\\\/gentedebasquet.com.ar\\\/sitio\\\/2015\\\/01\\\/07\\\/liniers-campeon-2\\\/\"},\"wordCount\":405,\"image\":{\"@id\":\"http:\\\/\\\/gentedebasquet.com.ar\\\/sitio\\\/2015\\\/01\\\/07\\\/liniers-campeon-2\\\/#primaryimage\"},\"thumbnailUrl\":\"http:\\\/\\\/gentedebasquet.com.ar\\\/sitio\\\/wp-content\\\/uploads\\\/2015\\\/01\\\/Liniers-campeon.jpg\",\"keywords\":[\"Liniers\",\"Villa Mitre\"],\"articleSection\":[\"Primera\",\"Slide\"],\"inLanguage\":\"es\"},{\"@type\":\"WebPage\",\"@id\":\"http:\\\/\\\/gentedebasquet.com.ar\\\/sitio\\\/2015\\\/01\\\/07\\\/liniers-campeon-2\\\/\",\"url\":\"http:\\\/\\\/gentedebasquet.com.ar\\\/sitio\\\/2015\\\/01\\\/07\\\/liniers-campeon-2\\\/\",\"name\":\"\u00a1Liniers campe\u00f3n! - Gente de B\u00e1squet\",\"isPartOf\":{\"@id\":\"https:\\\/\\\/gentedebasquet.com.ar\\\/sitio\\\/#website\"},\"primaryImageOfPage\":{\"@id\":\"http:\\\/\\\/gentedebasquet.com.ar\\\/sitio\\\/2015\\\/01\\\/07\\\/liniers-campeon-2\\\/#primaryimage\"},\"image\":{\"@id\":\"http:\\\/\\\/gentedebasquet.com.ar\\\/sitio\\\/2015\\\/01\\\/07\\\/liniers-campeon-2\\\/#primaryimage\"},\"thumbnailUrl\":\"http:\\\/\\\/gentedebasquet.com.ar\\\/sitio\\\/wp-content\\\/uploads\\\/2015\\\/01\\\/Liniers-campeon.jpg\",\"datePublished\":\"2015-01-07T03:34:40+00:00\",\"author\":{\"@id\":\"https:\\\/\\\/gentedebasquet.com.ar\\\/sitio\\\/#\\\/schema\\\/person\\\/ca0b63bbb977369988a7bbbdc519943a\"},\"breadcrumb\":{\"@id\":\"http:\\\/\\\/gentedebasquet.com.ar\\\/sitio\\\/2015\\\/01\\\/07\\\/liniers-campeon-2\\\/#breadcrumb\"},\"inLanguage\":\"es\",\"potentialAction\":[{\"@type\":\"ReadAction\",\"target\":[\"http:\\\/\\\/gentedebasquet.com.ar\\\/sitio\\\/2015\\\/01\\\/07\\\/liniers-campeon-2\\\/\"]}]},{\"@type\":\"ImageObject\",\"inLanguage\":\"es\",\"@id\":\"http:\\\/\\\/gentedebasquet.com.ar\\\/sitio\\\/2015\\\/01\\\/07\\\/liniers-campeon-2\\\/#primaryimage\",\"url\":\"http:\\\/\\\/gentedebasquet.com.ar\\\/sitio\\\/wp-content\\\/uploads\\\/2015\\\/01\\\/Liniers-campeon.jpg\",\"contentUrl\":\"http:\\\/\\\/gentedebasquet.com.ar\\\/sitio\\\/wp-content\\\/uploads\\\/2015\\\/01\\\/Liniers-campeon.jpg\",\"width\":690,\"height\":319},{\"@type\":\"BreadcrumbList\",\"@id\":\"http:\\\/\\\/gentedebasquet.com.ar\\\/sitio\\\/2015\\\/01\\\/07\\\/liniers-campeon-2\\\/#breadcrumb\",\"itemListElement\":[{\"@type\":\"ListItem\",\"position\":1,\"name\":\"Portada\",\"item\":\"https:\\\/\\\/gentedebasquet.com.ar\\\/sitio\\\/\"},{\"@type\":\"ListItem\",\"position\":2,\"name\":\"\u00a1Liniers campe\u00f3n!\"}]},{\"@type\":\"WebSite\",\"@id\":\"https:\\\/\\\/gentedebasquet.com.ar\\\/sitio\\\/#website\",\"url\":\"https:\\\/\\\/gentedebasquet.com.ar\\\/sitio\\\/\",\"name\":\"Gente de B\u00e1squet\",\"description\":\"La revista del basquet de Bah\u00eda Blanca\",\"potentialAction\":[{\"@type\":\"SearchAction\",\"target\":{\"@type\":\"EntryPoint\",\"urlTemplate\":\"https:\\\/\\\/gentedebasquet.com.ar\\\/sitio\\\/?s={search_term_string}\"},\"query-input\":{\"@type\":\"PropertyValueSpecification\",\"valueRequired\":true,\"valueName\":\"search_term_string\"}}],\"inLanguage\":\"es\"},{\"@type\":\"Person\",\"@id\":\"https:\\\/\\\/gentedebasquet.com.ar\\\/sitio\\\/#\\\/schema\\\/person\\\/ca0b63bbb977369988a7bbbdc519943a\",\"name\":\"Gente de B\u00e1squet\",\"image\":{\"@type\":\"ImageObject\",\"inLanguage\":\"es\",\"@id\":\"https:\\\/\\\/secure.gravatar.com\\\/avatar\\\/7f2c48bdc33b30088f941fb6082e555f2874c98e20cb159d7b92b50eadfce793?s=96&d=mm&r=g\",\"url\":\"https:\\\/\\\/secure.gravatar.com\\\/avatar\\\/7f2c48bdc33b30088f941fb6082e555f2874c98e20cb159d7b92b50eadfce793?s=96&d=mm&r=g\",\"contentUrl\":\"https:\\\/\\\/secure.gravatar.com\\\/avatar\\\/7f2c48bdc33b30088f941fb6082e555f2874c98e20cb159d7b92b50eadfce793?s=96&d=mm&r=g\",\"caption\":\"Gente de B\u00e1squet\"},\"sameAs\":[\"http:\\\/\\\/gentedebasquet.com.ar\\\/sitio\"],\"url\":\"http:\\\/\\\/gentedebasquet.com.ar\\\/sitio\\\/author\\\/ulises\\\/\"}]}<\/script>\n<!-- \/ Yoast SEO plugin. -->","yoast_head_json":{"title":"\u00a1Liniers campe\u00f3n! - Gente de B\u00e1squet","robots":{"index":"index","follow":"follow","max-snippet":"max-snippet:-1","max-image-preview":"max-image-preview:large","max-video-preview":"max-video-preview:-1"},"canonical":"http:\/\/gentedebasquet.com.ar\/sitio\/2015\/01\/07\/liniers-campeon-2\/","og_locale":"es_ES","og_type":"article","og_title":"\u00a1Liniers campe\u00f3n! - Gente de B\u00e1squet","og_description":"El Tribunal de Penas le dio por ganado el partido ante Villa Mitre","og_url":"http:\/\/gentedebasquet.com.ar\/sitio\/2015\/01\/07\/liniers-campeon-2\/","og_site_name":"Gente de B\u00e1squet","article_published_time":"2015-01-07T03:34:40+00:00","og_image":[{"width":690,"height":319,"url":"http:\/\/gentedebasquet.com.ar\/sitio\/wp-content\/uploads\/2015\/01\/Liniers-campeon.jpg","type":"image\/jpeg"}],"author":"Gente de B\u00e1squet","twitter_card":"summary_large_image","twitter_misc":{"Escrito por":"Gente de B\u00e1squet","Tiempo de lectura":"2 minutos"},"schema":{"@context":"https:\/\/schema.org","@graph":[{"@type":"Article","@id":"http:\/\/gentedebasquet.com.ar\/sitio\/2015\/01\/07\/liniers-campeon-2\/#article","isPartOf":{"@id":"http:\/\/gentedebasquet.com.ar\/sitio\/2015\/01\/07\/liniers-campeon-2\/"},"author":{"name":"Gente de B\u00e1squet","@id":"https:\/\/gentedebasquet.com.ar\/sitio\/#\/schema\/person\/ca0b63bbb977369988a7bbbdc519943a"},"headline":"\u00a1Liniers campe\u00f3n!","datePublished":"2015-01-07T03:34:40+00:00","mainEntityOfPage":{"@id":"http:\/\/gentedebasquet.com.ar\/sitio\/2015\/01\/07\/liniers-campeon-2\/"},"wordCount":405,"image":{"@id":"http:\/\/gentedebasquet.com.ar\/sitio\/2015\/01\/07\/liniers-campeon-2\/#primaryimage"},"thumbnailUrl":"http:\/\/gentedebasquet.com.ar\/sitio\/wp-content\/uploads\/2015\/01\/Liniers-campeon.jpg","keywords":["Liniers","Villa Mitre"],"articleSection":["Primera","Slide"],"inLanguage":"es"},{"@type":"WebPage","@id":"http:\/\/gentedebasquet.com.ar\/sitio\/2015\/01\/07\/liniers-campeon-2\/","url":"http:\/\/gentedebasquet.com.ar\/sitio\/2015\/01\/07\/liniers-campeon-2\/","name":"\u00a1Liniers campe\u00f3n! - Gente de B\u00e1squet","isPartOf":{"@id":"https:\/\/gentedebasquet.com.ar\/sitio\/#website"},"primaryImageOfPage":{"@id":"http:\/\/gentedebasquet.com.ar\/sitio\/2015\/01\/07\/liniers-campeon-2\/#primaryimage"},"image":{"@id":"http:\/\/gentedebasquet.com.ar\/sitio\/2015\/01\/07\/liniers-campeon-2\/#primaryimage"},"thumbnailUrl":"http:\/\/gentedebasquet.com.ar\/sitio\/wp-content\/uploads\/2015\/01\/Liniers-campeon.jpg","datePublished":"2015-01-07T03:34:40+00:00","author":{"@id":"https:\/\/gentedebasquet.com.ar\/sitio\/#\/schema\/person\/ca0b63bbb977369988a7bbbdc519943a"},"breadcrumb":{"@id":"http:\/\/gentedebasquet.com.ar\/sitio\/2015\/01\/07\/liniers-campeon-2\/#breadcrumb"},"inLanguage":"es","potentialAction":[{"@type":"ReadAction","target":["http:\/\/gentedebasquet.com.ar\/sitio\/2015\/01\/07\/liniers-campeon-2\/"]}]},{"@type":"ImageObject","inLanguage":"es","@id":"http:\/\/gentedebasquet.com.ar\/sitio\/2015\/01\/07\/liniers-campeon-2\/#primaryimage","url":"http:\/\/gentedebasquet.com.ar\/sitio\/wp-content\/uploads\/2015\/01\/Liniers-campeon.jpg","contentUrl":"http:\/\/gentedebasquet.com.ar\/sitio\/wp-content\/uploads\/2015\/01\/Liniers-campeon.jpg","width":690,"height":319},{"@type":"BreadcrumbList","@id":"http:\/\/gentedebasquet.com.ar\/sitio\/2015\/01\/07\/liniers-campeon-2\/#breadcrumb","itemListElement":[{"@type":"ListItem","position":1,"name":"Portada","item":"https:\/\/gentedebasquet.com.ar\/sitio\/"},{"@type":"ListItem","position":2,"name":"\u00a1Liniers campe\u00f3n!"}]},{"@type":"WebSite","@id":"https:\/\/gentedebasquet.com.ar\/sitio\/#website","url":"https:\/\/gentedebasquet.com.ar\/sitio\/","name":"Gente de B\u00e1squet","description":"La revista del basquet de Bah\u00eda Blanca","potentialAction":[{"@type":"SearchAction","target":{"@type":"EntryPoint","urlTemplate":"https:\/\/gentedebasquet.com.ar\/sitio\/?s={search_term_string}"},"query-input":{"@type":"PropertyValueSpecification","valueRequired":true,"valueName":"search_term_string"}}],"inLanguage":"es"},{"@type":"Person","@id":"https:\/\/gentedebasquet.com.ar\/sitio\/#\/schema\/person\/ca0b63bbb977369988a7bbbdc519943a","name":"Gente de B\u00e1squet","image":{"@type":"ImageObject","inLanguage":"es","@id":"https:\/\/secure.gravatar.com\/avatar\/7f2c48bdc33b30088f941fb6082e555f2874c98e20cb159d7b92b50eadfce793?s=96&d=mm&r=g","url":"https:\/\/secure.gravatar.com\/avatar\/7f2c48bdc33b30088f941fb6082e555f2874c98e20cb159d7b92b50eadfce793?s=96&d=mm&r=g","contentUrl":"https:\/\/secure.gravatar.com\/avatar\/7f2c48bdc33b30088f941fb6082e555f2874c98e20cb159d7b92b50eadfce793?s=96&d=mm&r=g","caption":"Gente de B\u00e1squet"},"sameAs":["http:\/\/gentedebasquet.com.ar\/sitio"],"url":"http:\/\/gentedebasquet.com.ar\/sitio\/author\/ulises\/"}]}},"_links":{"self":[{"href":"http:\/\/gentedebasquet.com.ar\/sitio\/wp-json\/wp\/v2\/posts\/41984","targetHints":{"allow":["GET"]}}],"collection":[{"href":"http:\/\/gentedebasquet.com.ar\/sitio\/wp-json\/wp\/v2\/posts"}],"about":[{"href":"http:\/\/gentedebasquet.com.ar\/sitio\/wp-json\/wp\/v2\/types\/post"}],"author":[{"embeddable":true,"href":"http:\/\/gentedebasquet.com.ar\/sitio\/wp-json\/wp\/v2\/users\/1"}],"replies":[{"embeddable":true,"href":"http:\/\/gentedebasquet.com.ar\/sitio\/wp-json\/wp\/v2\/comments?post=41984"}],"version-history":[{"count":0,"href":"http:\/\/gentedebasquet.com.ar\/sitio\/wp-json\/wp\/v2\/posts\/41984\/revisions"}],"wp:featuredmedia":[{"embeddable":true,"href":"http:\/\/gentedebasquet.com.ar\/sitio\/wp-json\/wp\/v2\/media\/41985"}],"wp:attachment":[{"href":"http:\/\/gentedebasquet.com.ar\/sitio\/wp-json\/wp\/v2\/media?parent=41984"}],"wp:term":[{"taxonomy":"category","embeddable":true,"href":"http:\/\/gentedebasquet.com.ar\/sitio\/wp-json\/wp\/v2\/categories?post=41984"},{"taxonomy":"post_tag","embeddable":true,"href":"http:\/\/gentedebasquet.com.ar\/sitio\/wp-json\/wp\/v2\/tags?post=41984"}],"curies":[{"name":"wp","href":"https:\/\/api.w.org\/{rel}","templated":true}]}}