{"id":42010,"date":"2015-01-09T14:07:47","date_gmt":"2015-01-09T17:07:47","guid":{"rendered":"http:\/\/www.gentedebasquet.com.ar\/?p=42010"},"modified":"2015-01-09T14:07:47","modified_gmt":"2015-01-09T17:07:47","slug":"olimpo-vuelve-al-ruedo","status":"publish","type":"post","link":"http:\/\/gentedebasquet.com.ar\/sitio\/2015\/01\/09\/olimpo-vuelve-al-ruedo\/","title":{"rendered":"Olimpo vuelve al ruedo"},"content":{"rendered":"<p><strong>El Torneo Federal volver\u00e1 a latir entre los bahienses, cuando este viernes a las 21 el aurinegro reciba al conjunto de General Roca. En el local, l\u00edder de la Conferencia Andino \u2013 Patagonia, se presentar\u00e1 Cristian Miguel y se ausentar\u00e1 Luciano Fortelli. An\u00e1lisis de su entrenador.<\/strong><\/p>\n<p>La acci\u00f3n del Torneo Federal de B\u00e1squetbol presentar\u00e1 un nuevo episodio en Bah\u00eda Blanca, cuando Olimpo ejerza este viernes, desde las 21, su s\u00e9ptima local\u00eda de la temporada (registro de 4-2). Por su parte, Del Progreso de General Roca ser\u00e1 visitante por s\u00e9ptima vez en la Conferencia Andino \u2013 Patagonia (1-5). Ser\u00e1n jueces del partido, a disputarse en el Norberto Tom\u00e1s, los se\u00f1ores Carlos Herrera (Santa Rosa, La Pampa) y Gustavo Carrasco (Cipolletti, R\u00edo Negro).<\/p>\n<p>Con el alivio del \u00e9xito en el ambiente, pero la responsabilidad de la continuidad de un trabajo, Franco Maceratesi brind\u00f3 su balance de la primera etapa al frente de Olimpo Basket a nivel nacional. \u201cEl balance es sumamente positivo. Cerramos la primera etapa con un buen r\u00e9cord (NdeR: 9-4)\u201d, expres\u00f3 el DT.<\/p>\n<p>Asimismo, el plantel aurinegro est\u00e1 lejos de relajarse. \u201cTenemos que corregir varias cosas que nos har\u00edan jugar mejor, aprovechando el goleo con el que contamos en varios jugadores. Es corregir cuestiones espec\u00edficas que las iremos trabajando para dar un salto de calidad que nos puede permitir mirar hacia arriba y no estar pendientes de ver qu\u00e9 pasa en mitad de tabla\u201d, explic\u00f3 Maceratesi.<\/p>\n<p>Para dicho compromiso, el aurinegro contar\u00e1 con la presentaci\u00f3n de Cristian Miguel. El alero de 1.94 metros, nacido el 22 de marzo de 1995 y formado en El Nacional, llega de ser campe\u00f3n del torneo local con Liniers y cuenta con un breve paso por Monte Hermoso Basket en el TNA. Por su parte, no podr\u00e1 jugar Luciano Fortelli (reposo).<\/p>\n<p><iframe loading=\"lazy\" src=\"\/\/www.youtube.com\/embed\/tc-9hgmgLWo\" height=\"315\" width=\"560\" allowfullscreen=\"\" frameborder=\"0\"><\/iframe><\/p>\n<p>Olimpo presentar\u00e1 entonces a Agust\u00edn S\u00e1nchez, Mauricio Vago, Juan Pablo Mor\u00e1n, Cristian Miguel, Lucas Mar\u00edn, Facundo Arens, Marcelo Piuma, Jervaughn Scales, Lucas Villanueva, Emilio Gim\u00e9nez, Lorenzo Capponi y Marcos Fern\u00e1ndez.<\/p>\n<p>En tanto, la visita, dirigida por Gabriel Cuello, dispondr\u00e1 de Diego Felicevich, Francisco Gayt\u00e1n, Juan Cruz Rodr\u00edguez Garelik, Pablo Almendra, Facundo Zambrano, Mat\u00edas Arias, Juan Quercia, Paolo Casale, Rodrigo Cerezuela, Ian Reyes, Luciano G\u00f3mez y Paulo Messina.<\/p>\n<p>Las entradas podr\u00e1n adquirirse en las boleter\u00edas del estadio, a los siguientes valores: general socio, $30; general no socio y visitante, $40; platea socio, $100, platea no socio, $140; menores de 12 a\u00f1os y jugadores de la instituci\u00f3n, gratis. El ingreso se habilitar\u00e1 una hora antes del comienzo del partido.<\/p>\n<p>\u201cEs una zona muy pareja. Nosotros tuvimos suerte con algunos juegos, que los supimos resolver bien. Pero cualquiera le gana a cualquiera. Al ser tan parejo, toma m\u00e1s valor cada juego ganado\u201d, analiz\u00f3 el entrenador.<\/p>\n<p>Y por esa meta ir\u00e1 Olimpo Basket: agregarle m\u00e1s valor a su campa\u00f1a.<\/p>\n<p><b>Fuente:<\/b> Prensa Olimpo Basket.<\/p>\n","protected":false},"excerpt":{"rendered":"<p>Se presentar\u00e1 a las 21 por el Torneo Federal ante Del Progreso de General Roca<\/p>\n","protected":false},"author":1,"featured_media":42011,"comment_status":"closed","ping_status":"open","sticky":false,"template":"","format":"standard","meta":{"jnews-multi-image_gallery":[],"jnews_single_post":[],"jnews_primary_category":[],"footnotes":""},"categories":[36,39],"tags":[261,355,86,315,16,354],"class_list":["post-42010","post","type-post","status-publish","format-standard","has-post-thumbnail","hentry","category-federal","category-nacional","tag-cristian-miguel","tag-del-progreso","tag-francisco-gaytan","tag-luciano-fortelli","tag-olimpo","tag-tfb"],"yoast_head":"<!-- This site is optimized with the Yoast SEO plugin v27.5 - https:\/\/yoast.com\/product\/yoast-seo-wordpress\/ -->\n<title>Olimpo vuelve al ruedo - Gente de B\u00e1squet<\/title>\n<meta name=\"robots\" content=\"index, follow, max-snippet:-1, max-image-preview:large, max-video-preview:-1\" \/>\n<link rel=\"canonical\" href=\"https:\/\/gentedebasquet.com.ar\/sitio\/2015\/01\/09\/olimpo-vuelve-al-ruedo\/\" \/>\n<meta property=\"og:locale\" content=\"es_ES\" \/>\n<meta property=\"og:type\" content=\"article\" \/>\n<meta property=\"og:title\" content=\"Olimpo vuelve al ruedo - Gente de B\u00e1squet\" \/>\n<meta property=\"og:description\" content=\"Se presentar\u00e1 a las 21 por el Torneo Federal ante Del Progreso de General Roca\" \/>\n<meta property=\"og:url\" content=\"https:\/\/gentedebasquet.com.ar\/sitio\/2015\/01\/09\/olimpo-vuelve-al-ruedo\/\" \/>\n<meta property=\"og:site_name\" content=\"Gente de B\u00e1squet\" \/>\n<meta property=\"article:published_time\" content=\"2015-01-09T17:07:47+00:00\" \/>\n<meta property=\"og:image\" content=\"https:\/\/gentedebasquet.com.ar\/sitio\/wp-content\/uploads\/2015\/01\/Olimpo-TFB.jpg\" \/>\n\t<meta property=\"og:image:width\" content=\"690\" \/>\n\t<meta property=\"og:image:height\" content=\"320\" \/>\n\t<meta property=\"og:image:type\" content=\"image\/jpeg\" \/>\n<meta name=\"author\" content=\"Gente de B\u00e1squet\" \/>\n<meta name=\"twitter:card\" content=\"summary_large_image\" \/>\n<meta name=\"twitter:label1\" content=\"Escrito por\" \/>\n\t<meta name=\"twitter:data1\" content=\"Gente de B\u00e1squet\" \/>\n\t<meta name=\"twitter:label2\" content=\"Tiempo de lectura\" \/>\n\t<meta name=\"twitter:data2\" content=\"2 minutos\" \/>\n<script type=\"application\/ld+json\" class=\"yoast-schema-graph\">{\"@context\":\"https:\\\/\\\/schema.org\",\"@graph\":[{\"@type\":\"Article\",\"@id\":\"https:\\\/\\\/gentedebasquet.com.ar\\\/sitio\\\/2015\\\/01\\\/09\\\/olimpo-vuelve-al-ruedo\\\/#article\",\"isPartOf\":{\"@id\":\"https:\\\/\\\/gentedebasquet.com.ar\\\/sitio\\\/2015\\\/01\\\/09\\\/olimpo-vuelve-al-ruedo\\\/\"},\"author\":{\"name\":\"Gente de B\u00e1squet\",\"@id\":\"https:\\\/\\\/gentedebasquet.com.ar\\\/sitio\\\/#\\\/schema\\\/person\\\/ca0b63bbb977369988a7bbbdc519943a\"},\"headline\":\"Olimpo vuelve al ruedo\",\"datePublished\":\"2015-01-09T17:07:47+00:00\",\"mainEntityOfPage\":{\"@id\":\"https:\\\/\\\/gentedebasquet.com.ar\\\/sitio\\\/2015\\\/01\\\/09\\\/olimpo-vuelve-al-ruedo\\\/\"},\"wordCount\":491,\"image\":{\"@id\":\"https:\\\/\\\/gentedebasquet.com.ar\\\/sitio\\\/2015\\\/01\\\/09\\\/olimpo-vuelve-al-ruedo\\\/#primaryimage\"},\"thumbnailUrl\":\"http:\\\/\\\/gentedebasquet.com.ar\\\/sitio\\\/wp-content\\\/uploads\\\/2015\\\/01\\\/Olimpo-TFB.jpg\",\"keywords\":[\"Cristian Miguel\",\"Del Progreso\",\"Francisco Gayt\u00e1n\",\"Luciano Fortelli\",\"Ol\u00edmpo\",\"TFB\"],\"articleSection\":[\"Federal\",\"Nacional\"],\"inLanguage\":\"es\"},{\"@type\":\"WebPage\",\"@id\":\"https:\\\/\\\/gentedebasquet.com.ar\\\/sitio\\\/2015\\\/01\\\/09\\\/olimpo-vuelve-al-ruedo\\\/\",\"url\":\"https:\\\/\\\/gentedebasquet.com.ar\\\/sitio\\\/2015\\\/01\\\/09\\\/olimpo-vuelve-al-ruedo\\\/\",\"name\":\"Olimpo vuelve al ruedo - Gente de B\u00e1squet\",\"isPartOf\":{\"@id\":\"https:\\\/\\\/gentedebasquet.com.ar\\\/sitio\\\/#website\"},\"primaryImageOfPage\":{\"@id\":\"https:\\\/\\\/gentedebasquet.com.ar\\\/sitio\\\/2015\\\/01\\\/09\\\/olimpo-vuelve-al-ruedo\\\/#primaryimage\"},\"image\":{\"@id\":\"https:\\\/\\\/gentedebasquet.com.ar\\\/sitio\\\/2015\\\/01\\\/09\\\/olimpo-vuelve-al-ruedo\\\/#primaryimage\"},\"thumbnailUrl\":\"http:\\\/\\\/gentedebasquet.com.ar\\\/sitio\\\/wp-content\\\/uploads\\\/2015\\\/01\\\/Olimpo-TFB.jpg\",\"datePublished\":\"2015-01-09T17:07:47+00:00\",\"author\":{\"@id\":\"https:\\\/\\\/gentedebasquet.com.ar\\\/sitio\\\/#\\\/schema\\\/person\\\/ca0b63bbb977369988a7bbbdc519943a\"},\"breadcrumb\":{\"@id\":\"https:\\\/\\\/gentedebasquet.com.ar\\\/sitio\\\/2015\\\/01\\\/09\\\/olimpo-vuelve-al-ruedo\\\/#breadcrumb\"},\"inLanguage\":\"es\",\"potentialAction\":[{\"@type\":\"ReadAction\",\"target\":[\"https:\\\/\\\/gentedebasquet.com.ar\\\/sitio\\\/2015\\\/01\\\/09\\\/olimpo-vuelve-al-ruedo\\\/\"]}]},{\"@type\":\"ImageObject\",\"inLanguage\":\"es\",\"@id\":\"https:\\\/\\\/gentedebasquet.com.ar\\\/sitio\\\/2015\\\/01\\\/09\\\/olimpo-vuelve-al-ruedo\\\/#primaryimage\",\"url\":\"http:\\\/\\\/gentedebasquet.com.ar\\\/sitio\\\/wp-content\\\/uploads\\\/2015\\\/01\\\/Olimpo-TFB.jpg\",\"contentUrl\":\"http:\\\/\\\/gentedebasquet.com.ar\\\/sitio\\\/wp-content\\\/uploads\\\/2015\\\/01\\\/Olimpo-TFB.jpg\",\"width\":690,\"height\":320},{\"@type\":\"BreadcrumbList\",\"@id\":\"https:\\\/\\\/gentedebasquet.com.ar\\\/sitio\\\/2015\\\/01\\\/09\\\/olimpo-vuelve-al-ruedo\\\/#breadcrumb\",\"itemListElement\":[{\"@type\":\"ListItem\",\"position\":1,\"name\":\"Portada\",\"item\":\"https:\\\/\\\/gentedebasquet.com.ar\\\/sitio\\\/\"},{\"@type\":\"ListItem\",\"position\":2,\"name\":\"Olimpo vuelve al ruedo\"}]},{\"@type\":\"WebSite\",\"@id\":\"https:\\\/\\\/gentedebasquet.com.ar\\\/sitio\\\/#website\",\"url\":\"https:\\\/\\\/gentedebasquet.com.ar\\\/sitio\\\/\",\"name\":\"Gente de B\u00e1squet\",\"description\":\"La revista del basquet de Bah\u00eda Blanca\",\"potentialAction\":[{\"@type\":\"SearchAction\",\"target\":{\"@type\":\"EntryPoint\",\"urlTemplate\":\"https:\\\/\\\/gentedebasquet.com.ar\\\/sitio\\\/?s={search_term_string}\"},\"query-input\":{\"@type\":\"PropertyValueSpecification\",\"valueRequired\":true,\"valueName\":\"search_term_string\"}}],\"inLanguage\":\"es\"},{\"@type\":\"Person\",\"@id\":\"https:\\\/\\\/gentedebasquet.com.ar\\\/sitio\\\/#\\\/schema\\\/person\\\/ca0b63bbb977369988a7bbbdc519943a\",\"name\":\"Gente de B\u00e1squet\",\"image\":{\"@type\":\"ImageObject\",\"inLanguage\":\"es\",\"@id\":\"https:\\\/\\\/secure.gravatar.com\\\/avatar\\\/7f2c48bdc33b30088f941fb6082e555f2874c98e20cb159d7b92b50eadfce793?s=96&d=mm&r=g\",\"url\":\"https:\\\/\\\/secure.gravatar.com\\\/avatar\\\/7f2c48bdc33b30088f941fb6082e555f2874c98e20cb159d7b92b50eadfce793?s=96&d=mm&r=g\",\"contentUrl\":\"https:\\\/\\\/secure.gravatar.com\\\/avatar\\\/7f2c48bdc33b30088f941fb6082e555f2874c98e20cb159d7b92b50eadfce793?s=96&d=mm&r=g\",\"caption\":\"Gente de B\u00e1squet\"},\"sameAs\":[\"http:\\\/\\\/gentedebasquet.com.ar\\\/sitio\"],\"url\":\"http:\\\/\\\/gentedebasquet.com.ar\\\/sitio\\\/author\\\/ulises\\\/\"}]}<\/script>\n<!-- \/ Yoast SEO plugin. -->","yoast_head_json":{"title":"Olimpo vuelve al ruedo - Gente de B\u00e1squet","robots":{"index":"index","follow":"follow","max-snippet":"max-snippet:-1","max-image-preview":"max-image-preview:large","max-video-preview":"max-video-preview:-1"},"canonical":"https:\/\/gentedebasquet.com.ar\/sitio\/2015\/01\/09\/olimpo-vuelve-al-ruedo\/","og_locale":"es_ES","og_type":"article","og_title":"Olimpo vuelve al ruedo - Gente de B\u00e1squet","og_description":"Se presentar\u00e1 a las 21 por el Torneo Federal ante Del Progreso de General Roca","og_url":"https:\/\/gentedebasquet.com.ar\/sitio\/2015\/01\/09\/olimpo-vuelve-al-ruedo\/","og_site_name":"Gente de B\u00e1squet","article_published_time":"2015-01-09T17:07:47+00:00","og_image":[{"width":690,"height":320,"url":"https:\/\/gentedebasquet.com.ar\/sitio\/wp-content\/uploads\/2015\/01\/Olimpo-TFB.jpg","type":"image\/jpeg"}],"author":"Gente de B\u00e1squet","twitter_card":"summary_large_image","twitter_misc":{"Escrito por":"Gente de B\u00e1squet","Tiempo de lectura":"2 minutos"},"schema":{"@context":"https:\/\/schema.org","@graph":[{"@type":"Article","@id":"https:\/\/gentedebasquet.com.ar\/sitio\/2015\/01\/09\/olimpo-vuelve-al-ruedo\/#article","isPartOf":{"@id":"https:\/\/gentedebasquet.com.ar\/sitio\/2015\/01\/09\/olimpo-vuelve-al-ruedo\/"},"author":{"name":"Gente de B\u00e1squet","@id":"https:\/\/gentedebasquet.com.ar\/sitio\/#\/schema\/person\/ca0b63bbb977369988a7bbbdc519943a"},"headline":"Olimpo vuelve al ruedo","datePublished":"2015-01-09T17:07:47+00:00","mainEntityOfPage":{"@id":"https:\/\/gentedebasquet.com.ar\/sitio\/2015\/01\/09\/olimpo-vuelve-al-ruedo\/"},"wordCount":491,"image":{"@id":"https:\/\/gentedebasquet.com.ar\/sitio\/2015\/01\/09\/olimpo-vuelve-al-ruedo\/#primaryimage"},"thumbnailUrl":"http:\/\/gentedebasquet.com.ar\/sitio\/wp-content\/uploads\/2015\/01\/Olimpo-TFB.jpg","keywords":["Cristian Miguel","Del Progreso","Francisco Gayt\u00e1n","Luciano Fortelli","Ol\u00edmpo","TFB"],"articleSection":["Federal","Nacional"],"inLanguage":"es"},{"@type":"WebPage","@id":"https:\/\/gentedebasquet.com.ar\/sitio\/2015\/01\/09\/olimpo-vuelve-al-ruedo\/","url":"https:\/\/gentedebasquet.com.ar\/sitio\/2015\/01\/09\/olimpo-vuelve-al-ruedo\/","name":"Olimpo vuelve al ruedo - Gente de B\u00e1squet","isPartOf":{"@id":"https:\/\/gentedebasquet.com.ar\/sitio\/#website"},"primaryImageOfPage":{"@id":"https:\/\/gentedebasquet.com.ar\/sitio\/2015\/01\/09\/olimpo-vuelve-al-ruedo\/#primaryimage"},"image":{"@id":"https:\/\/gentedebasquet.com.ar\/sitio\/2015\/01\/09\/olimpo-vuelve-al-ruedo\/#primaryimage"},"thumbnailUrl":"http:\/\/gentedebasquet.com.ar\/sitio\/wp-content\/uploads\/2015\/01\/Olimpo-TFB.jpg","datePublished":"2015-01-09T17:07:47+00:00","author":{"@id":"https:\/\/gentedebasquet.com.ar\/sitio\/#\/schema\/person\/ca0b63bbb977369988a7bbbdc519943a"},"breadcrumb":{"@id":"https:\/\/gentedebasquet.com.ar\/sitio\/2015\/01\/09\/olimpo-vuelve-al-ruedo\/#breadcrumb"},"inLanguage":"es","potentialAction":[{"@type":"ReadAction","target":["https:\/\/gentedebasquet.com.ar\/sitio\/2015\/01\/09\/olimpo-vuelve-al-ruedo\/"]}]},{"@type":"ImageObject","inLanguage":"es","@id":"https:\/\/gentedebasquet.com.ar\/sitio\/2015\/01\/09\/olimpo-vuelve-al-ruedo\/#primaryimage","url":"http:\/\/gentedebasquet.com.ar\/sitio\/wp-content\/uploads\/2015\/01\/Olimpo-TFB.jpg","contentUrl":"http:\/\/gentedebasquet.com.ar\/sitio\/wp-content\/uploads\/2015\/01\/Olimpo-TFB.jpg","width":690,"height":320},{"@type":"BreadcrumbList","@id":"https:\/\/gentedebasquet.com.ar\/sitio\/2015\/01\/09\/olimpo-vuelve-al-ruedo\/#breadcrumb","itemListElement":[{"@type":"ListItem","position":1,"name":"Portada","item":"https:\/\/gentedebasquet.com.ar\/sitio\/"},{"@type":"ListItem","position":2,"name":"Olimpo vuelve al ruedo"}]},{"@type":"WebSite","@id":"https:\/\/gentedebasquet.com.ar\/sitio\/#website","url":"https:\/\/gentedebasquet.com.ar\/sitio\/","name":"Gente de B\u00e1squet","description":"La revista del basquet de Bah\u00eda Blanca","potentialAction":[{"@type":"SearchAction","target":{"@type":"EntryPoint","urlTemplate":"https:\/\/gentedebasquet.com.ar\/sitio\/?s={search_term_string}"},"query-input":{"@type":"PropertyValueSpecification","valueRequired":true,"valueName":"search_term_string"}}],"inLanguage":"es"},{"@type":"Person","@id":"https:\/\/gentedebasquet.com.ar\/sitio\/#\/schema\/person\/ca0b63bbb977369988a7bbbdc519943a","name":"Gente de B\u00e1squet","image":{"@type":"ImageObject","inLanguage":"es","@id":"https:\/\/secure.gravatar.com\/avatar\/7f2c48bdc33b30088f941fb6082e555f2874c98e20cb159d7b92b50eadfce793?s=96&d=mm&r=g","url":"https:\/\/secure.gravatar.com\/avatar\/7f2c48bdc33b30088f941fb6082e555f2874c98e20cb159d7b92b50eadfce793?s=96&d=mm&r=g","contentUrl":"https:\/\/secure.gravatar.com\/avatar\/7f2c48bdc33b30088f941fb6082e555f2874c98e20cb159d7b92b50eadfce793?s=96&d=mm&r=g","caption":"Gente de B\u00e1squet"},"sameAs":["http:\/\/gentedebasquet.com.ar\/sitio"],"url":"http:\/\/gentedebasquet.com.ar\/sitio\/author\/ulises\/"}]}},"_links":{"self":[{"href":"http:\/\/gentedebasquet.com.ar\/sitio\/wp-json\/wp\/v2\/posts\/42010","targetHints":{"allow":["GET"]}}],"collection":[{"href":"http:\/\/gentedebasquet.com.ar\/sitio\/wp-json\/wp\/v2\/posts"}],"about":[{"href":"http:\/\/gentedebasquet.com.ar\/sitio\/wp-json\/wp\/v2\/types\/post"}],"author":[{"embeddable":true,"href":"http:\/\/gentedebasquet.com.ar\/sitio\/wp-json\/wp\/v2\/users\/1"}],"replies":[{"embeddable":true,"href":"http:\/\/gentedebasquet.com.ar\/sitio\/wp-json\/wp\/v2\/comments?post=42010"}],"version-history":[{"count":0,"href":"http:\/\/gentedebasquet.com.ar\/sitio\/wp-json\/wp\/v2\/posts\/42010\/revisions"}],"wp:featuredmedia":[{"embeddable":true,"href":"http:\/\/gentedebasquet.com.ar\/sitio\/wp-json\/wp\/v2\/media\/42011"}],"wp:attachment":[{"href":"http:\/\/gentedebasquet.com.ar\/sitio\/wp-json\/wp\/v2\/media?parent=42010"}],"wp:term":[{"taxonomy":"category","embeddable":true,"href":"http:\/\/gentedebasquet.com.ar\/sitio\/wp-json\/wp\/v2\/categories?post=42010"},{"taxonomy":"post_tag","embeddable":true,"href":"http:\/\/gentedebasquet.com.ar\/sitio\/wp-json\/wp\/v2\/tags?post=42010"}],"curies":[{"name":"wp","href":"https:\/\/api.w.org\/{rel}","templated":true}]}}