{"id":42239,"date":"2015-01-27T11:37:43","date_gmt":"2015-01-27T14:37:43","guid":{"rendered":"http:\/\/www.gentedebasquet.com.ar\/?p=42239"},"modified":"2015-01-27T11:37:43","modified_gmt":"2015-01-27T14:37:43","slug":"las-u19-f-se-preparan","status":"publish","type":"post","link":"http:\/\/gentedebasquet.com.ar\/sitio\/2015\/01\/27\/las-u19-f-se-preparan\/","title":{"rendered":"Las U19-F se preparan"},"content":{"rendered":"<p><strong>La Selecci\u00f3n Nacional U19 Femenina concentrar\u00e1 a partir del domingo 1 de febrero a las 11 horas en el CeNARD con 22 jugadoras. Dicho seleccionado tendr\u00e1 la cita ecum\u00e9nica en el mes de julio en Rusia, tras conseguir la medalla de Bronce en el FIBA Am\u00e9ricas U18 de Colorado Springs.<\/strong><\/p>\n<p>La Selecci\u00f3n Argentina U19 Femenina comenzar\u00e1 con su preparaci\u00f3n para el Campeonato Mundial FIBA de la categor\u00eda que se desarrollar\u00e1 en Rusia en el pr\u00f3ximo mes de julio.<\/p>\n<p>A partir del domingo 1 de febrero y hasta el s\u00e1bado 7 de dicho mes, el seleccionado concentrar\u00e1 en el Centro Nacional de Alto Rendimiento (CeNARD) con 22 jugadoras.<\/p>\n<p>Con este certamen, esta camada cerrar\u00e1 su proceso de selecciones en formativas. Argentina logr\u00f3 la clasificaci\u00f3n luego de obtener la medalla de Bronce en el FIBA Am\u00e9ricas U18 de Colorado Springs.<\/p>\n<h6>PRESELECCI\u00d3N ARGENTINA FEMENINA U19<\/h6>\n<p>&#8211; ALBUERNE, Julieta<br \/>\n&#8211; ARMESTO, Magal\u00ed<br \/>\n&#8211; ARTURE, Aldana<br \/>\n&#8211; B\u00c1RZOLA, Maribel<br \/>\n&#8211; DELABARBA, Luciana<br \/>\n&#8211; GALFRE, Manuela<br \/>\n&#8211; GARC\u00cdA, Agustina<br \/>\n&#8211; GIORGETTI, Julieta<br \/>\n&#8211; GIUSTINIANI, Emilia<br \/>\n&#8211; GONZ\u00c1LEZ, Grecia<br \/>\n&#8211; GONZ\u00c1LEZ, Micaela<br \/>\n&#8211; LARA, Victoria<br \/>\n&#8211; LAVIERO, Sol<br \/>\n&#8211; LEDESMA, Agostina<br \/>\n&#8211; LEIVA, Agustina<br \/>\n&#8211; LLORENTE, Victoria<br \/>\n&#8211; MUNGO, Julieta<br \/>\n&#8211; PAOLI, Sof\u00eda<br \/>\n&#8211; RODIGHERO, Sabrina<br \/>\n&#8211; RODR\u00cdGUEZ, Martina<br \/>\n&#8211; VALD\u00c9Z, Ayl\u00e9n<br \/>\n&#8211; VISUS, Macarena<\/p>\n<p>CUERPO T\u00c9CNICO<br \/>\nENTRENADOR<br \/>\nHern\u00e1n Amaya<br \/>\nASISTENTES<br \/>\nLeonardo Costa<br \/>\nLaura Cors<br \/>\nPREPARADOR F\u00cdSICO<br \/>\nJuan Cruz Pazzano<\/p>\n<p><strong>Fuente:<\/strong> Federico Radulovich (Prensa CABB).<\/p>\n<p><strong>Foto:<\/strong> FIBA Americas.<\/p>\n","protected":false},"excerpt":{"rendered":"<p>Comienzan los entrenamientos de cara al Mundial de Rusia, en junio<\/p>\n","protected":false},"author":1,"featured_media":42241,"comment_status":"closed","ping_status":"open","sticky":false,"template":"","format":"standard","meta":{"jnews-multi-image_gallery":[],"jnews_single_post":[],"jnews_primary_category":[],"footnotes":""},"categories":[61],"tags":[418,419],"class_list":["post-42239","post","type-post","status-publish","format-standard","has-post-thumbnail","hentry","category-selecciones-nacionales","tag-argentina-u19","tag-rusia-2015"],"yoast_head":"<!-- This site is optimized with the Yoast SEO plugin v27.5 - https:\/\/yoast.com\/product\/yoast-seo-wordpress\/ -->\n<title>Las U19-F se preparan - Gente de B\u00e1squet<\/title>\n<meta name=\"robots\" content=\"index, follow, max-snippet:-1, max-image-preview:large, max-video-preview:-1\" \/>\n<link rel=\"canonical\" href=\"http:\/\/gentedebasquet.com.ar\/sitio\/2015\/01\/27\/las-u19-f-se-preparan\/\" \/>\n<meta property=\"og:locale\" content=\"es_ES\" \/>\n<meta property=\"og:type\" content=\"article\" \/>\n<meta property=\"og:title\" content=\"Las U19-F se preparan - Gente de B\u00e1squet\" \/>\n<meta property=\"og:description\" content=\"Comienzan los entrenamientos de cara al Mundial de Rusia, en junio\" \/>\n<meta property=\"og:url\" content=\"http:\/\/gentedebasquet.com.ar\/sitio\/2015\/01\/27\/las-u19-f-se-preparan\/\" \/>\n<meta property=\"og:site_name\" content=\"Gente de B\u00e1squet\" \/>\n<meta property=\"article:published_time\" content=\"2015-01-27T14:37:43+00:00\" \/>\n<meta property=\"og:image\" content=\"http:\/\/gentedebasquet.com.ar\/sitio\/wp-content\/uploads\/2015\/01\/U19.jpg\" \/>\n\t<meta property=\"og:image:width\" content=\"300\" \/>\n\t<meta property=\"og:image:height\" content=\"226\" \/>\n\t<meta property=\"og:image:type\" content=\"image\/jpeg\" \/>\n<meta name=\"author\" content=\"Gente de B\u00e1squet\" \/>\n<meta name=\"twitter:card\" content=\"summary_large_image\" \/>\n<meta name=\"twitter:label1\" content=\"Escrito por\" \/>\n\t<meta name=\"twitter:data1\" content=\"Gente de B\u00e1squet\" \/>\n\t<meta name=\"twitter:label2\" content=\"Tiempo de lectura\" \/>\n\t<meta name=\"twitter:data2\" content=\"1 minuto\" \/>\n<script type=\"application\/ld+json\" class=\"yoast-schema-graph\">{\"@context\":\"https:\\\/\\\/schema.org\",\"@graph\":[{\"@type\":\"Article\",\"@id\":\"http:\\\/\\\/gentedebasquet.com.ar\\\/sitio\\\/2015\\\/01\\\/27\\\/las-u19-f-se-preparan\\\/#article\",\"isPartOf\":{\"@id\":\"http:\\\/\\\/gentedebasquet.com.ar\\\/sitio\\\/2015\\\/01\\\/27\\\/las-u19-f-se-preparan\\\/\"},\"author\":{\"name\":\"Gente de B\u00e1squet\",\"@id\":\"https:\\\/\\\/gentedebasquet.com.ar\\\/sitio\\\/#\\\/schema\\\/person\\\/ca0b63bbb977369988a7bbbdc519943a\"},\"headline\":\"Las U19-F se preparan\",\"datePublished\":\"2015-01-27T14:37:43+00:00\",\"mainEntityOfPage\":{\"@id\":\"http:\\\/\\\/gentedebasquet.com.ar\\\/sitio\\\/2015\\\/01\\\/27\\\/las-u19-f-se-preparan\\\/\"},\"wordCount\":252,\"image\":{\"@id\":\"http:\\\/\\\/gentedebasquet.com.ar\\\/sitio\\\/2015\\\/01\\\/27\\\/las-u19-f-se-preparan\\\/#primaryimage\"},\"thumbnailUrl\":\"http:\\\/\\\/gentedebasquet.com.ar\\\/sitio\\\/wp-content\\\/uploads\\\/2015\\\/01\\\/U19.jpg\",\"keywords\":[\"Argentina U19\",\"Rusia 2015\"],\"articleSection\":[\"Selecciones Nacionales\"],\"inLanguage\":\"es\"},{\"@type\":\"WebPage\",\"@id\":\"http:\\\/\\\/gentedebasquet.com.ar\\\/sitio\\\/2015\\\/01\\\/27\\\/las-u19-f-se-preparan\\\/\",\"url\":\"http:\\\/\\\/gentedebasquet.com.ar\\\/sitio\\\/2015\\\/01\\\/27\\\/las-u19-f-se-preparan\\\/\",\"name\":\"Las U19-F se preparan - Gente de B\u00e1squet\",\"isPartOf\":{\"@id\":\"https:\\\/\\\/gentedebasquet.com.ar\\\/sitio\\\/#website\"},\"primaryImageOfPage\":{\"@id\":\"http:\\\/\\\/gentedebasquet.com.ar\\\/sitio\\\/2015\\\/01\\\/27\\\/las-u19-f-se-preparan\\\/#primaryimage\"},\"image\":{\"@id\":\"http:\\\/\\\/gentedebasquet.com.ar\\\/sitio\\\/2015\\\/01\\\/27\\\/las-u19-f-se-preparan\\\/#primaryimage\"},\"thumbnailUrl\":\"http:\\\/\\\/gentedebasquet.com.ar\\\/sitio\\\/wp-content\\\/uploads\\\/2015\\\/01\\\/U19.jpg\",\"datePublished\":\"2015-01-27T14:37:43+00:00\",\"author\":{\"@id\":\"https:\\\/\\\/gentedebasquet.com.ar\\\/sitio\\\/#\\\/schema\\\/person\\\/ca0b63bbb977369988a7bbbdc519943a\"},\"breadcrumb\":{\"@id\":\"http:\\\/\\\/gentedebasquet.com.ar\\\/sitio\\\/2015\\\/01\\\/27\\\/las-u19-f-se-preparan\\\/#breadcrumb\"},\"inLanguage\":\"es\",\"potentialAction\":[{\"@type\":\"ReadAction\",\"target\":[\"http:\\\/\\\/gentedebasquet.com.ar\\\/sitio\\\/2015\\\/01\\\/27\\\/las-u19-f-se-preparan\\\/\"]}]},{\"@type\":\"ImageObject\",\"inLanguage\":\"es\",\"@id\":\"http:\\\/\\\/gentedebasquet.com.ar\\\/sitio\\\/2015\\\/01\\\/27\\\/las-u19-f-se-preparan\\\/#primaryimage\",\"url\":\"http:\\\/\\\/gentedebasquet.com.ar\\\/sitio\\\/wp-content\\\/uploads\\\/2015\\\/01\\\/U19.jpg\",\"contentUrl\":\"http:\\\/\\\/gentedebasquet.com.ar\\\/sitio\\\/wp-content\\\/uploads\\\/2015\\\/01\\\/U19.jpg\",\"width\":300,\"height\":226},{\"@type\":\"BreadcrumbList\",\"@id\":\"http:\\\/\\\/gentedebasquet.com.ar\\\/sitio\\\/2015\\\/01\\\/27\\\/las-u19-f-se-preparan\\\/#breadcrumb\",\"itemListElement\":[{\"@type\":\"ListItem\",\"position\":1,\"name\":\"Portada\",\"item\":\"https:\\\/\\\/gentedebasquet.com.ar\\\/sitio\\\/\"},{\"@type\":\"ListItem\",\"position\":2,\"name\":\"Las U19-F se preparan\"}]},{\"@type\":\"WebSite\",\"@id\":\"https:\\\/\\\/gentedebasquet.com.ar\\\/sitio\\\/#website\",\"url\":\"https:\\\/\\\/gentedebasquet.com.ar\\\/sitio\\\/\",\"name\":\"Gente de B\u00e1squet\",\"description\":\"La revista del basquet de Bah\u00eda Blanca\",\"potentialAction\":[{\"@type\":\"SearchAction\",\"target\":{\"@type\":\"EntryPoint\",\"urlTemplate\":\"https:\\\/\\\/gentedebasquet.com.ar\\\/sitio\\\/?s={search_term_string}\"},\"query-input\":{\"@type\":\"PropertyValueSpecification\",\"valueRequired\":true,\"valueName\":\"search_term_string\"}}],\"inLanguage\":\"es\"},{\"@type\":\"Person\",\"@id\":\"https:\\\/\\\/gentedebasquet.com.ar\\\/sitio\\\/#\\\/schema\\\/person\\\/ca0b63bbb977369988a7bbbdc519943a\",\"name\":\"Gente de B\u00e1squet\",\"image\":{\"@type\":\"ImageObject\",\"inLanguage\":\"es\",\"@id\":\"https:\\\/\\\/secure.gravatar.com\\\/avatar\\\/7f2c48bdc33b30088f941fb6082e555f2874c98e20cb159d7b92b50eadfce793?s=96&d=mm&r=g\",\"url\":\"https:\\\/\\\/secure.gravatar.com\\\/avatar\\\/7f2c48bdc33b30088f941fb6082e555f2874c98e20cb159d7b92b50eadfce793?s=96&d=mm&r=g\",\"contentUrl\":\"https:\\\/\\\/secure.gravatar.com\\\/avatar\\\/7f2c48bdc33b30088f941fb6082e555f2874c98e20cb159d7b92b50eadfce793?s=96&d=mm&r=g\",\"caption\":\"Gente de B\u00e1squet\"},\"sameAs\":[\"http:\\\/\\\/gentedebasquet.com.ar\\\/sitio\"],\"url\":\"http:\\\/\\\/gentedebasquet.com.ar\\\/sitio\\\/author\\\/ulises\\\/\"}]}<\/script>\n<!-- \/ Yoast SEO plugin. -->","yoast_head_json":{"title":"Las U19-F se preparan - Gente de B\u00e1squet","robots":{"index":"index","follow":"follow","max-snippet":"max-snippet:-1","max-image-preview":"max-image-preview:large","max-video-preview":"max-video-preview:-1"},"canonical":"http:\/\/gentedebasquet.com.ar\/sitio\/2015\/01\/27\/las-u19-f-se-preparan\/","og_locale":"es_ES","og_type":"article","og_title":"Las U19-F se preparan - Gente de B\u00e1squet","og_description":"Comienzan los entrenamientos de cara al Mundial de Rusia, en junio","og_url":"http:\/\/gentedebasquet.com.ar\/sitio\/2015\/01\/27\/las-u19-f-se-preparan\/","og_site_name":"Gente de B\u00e1squet","article_published_time":"2015-01-27T14:37:43+00:00","og_image":[{"width":300,"height":226,"url":"http:\/\/gentedebasquet.com.ar\/sitio\/wp-content\/uploads\/2015\/01\/U19.jpg","type":"image\/jpeg"}],"author":"Gente de B\u00e1squet","twitter_card":"summary_large_image","twitter_misc":{"Escrito por":"Gente de B\u00e1squet","Tiempo de lectura":"1 minuto"},"schema":{"@context":"https:\/\/schema.org","@graph":[{"@type":"Article","@id":"http:\/\/gentedebasquet.com.ar\/sitio\/2015\/01\/27\/las-u19-f-se-preparan\/#article","isPartOf":{"@id":"http:\/\/gentedebasquet.com.ar\/sitio\/2015\/01\/27\/las-u19-f-se-preparan\/"},"author":{"name":"Gente de B\u00e1squet","@id":"https:\/\/gentedebasquet.com.ar\/sitio\/#\/schema\/person\/ca0b63bbb977369988a7bbbdc519943a"},"headline":"Las U19-F se preparan","datePublished":"2015-01-27T14:37:43+00:00","mainEntityOfPage":{"@id":"http:\/\/gentedebasquet.com.ar\/sitio\/2015\/01\/27\/las-u19-f-se-preparan\/"},"wordCount":252,"image":{"@id":"http:\/\/gentedebasquet.com.ar\/sitio\/2015\/01\/27\/las-u19-f-se-preparan\/#primaryimage"},"thumbnailUrl":"http:\/\/gentedebasquet.com.ar\/sitio\/wp-content\/uploads\/2015\/01\/U19.jpg","keywords":["Argentina U19","Rusia 2015"],"articleSection":["Selecciones Nacionales"],"inLanguage":"es"},{"@type":"WebPage","@id":"http:\/\/gentedebasquet.com.ar\/sitio\/2015\/01\/27\/las-u19-f-se-preparan\/","url":"http:\/\/gentedebasquet.com.ar\/sitio\/2015\/01\/27\/las-u19-f-se-preparan\/","name":"Las U19-F se preparan - Gente de B\u00e1squet","isPartOf":{"@id":"https:\/\/gentedebasquet.com.ar\/sitio\/#website"},"primaryImageOfPage":{"@id":"http:\/\/gentedebasquet.com.ar\/sitio\/2015\/01\/27\/las-u19-f-se-preparan\/#primaryimage"},"image":{"@id":"http:\/\/gentedebasquet.com.ar\/sitio\/2015\/01\/27\/las-u19-f-se-preparan\/#primaryimage"},"thumbnailUrl":"http:\/\/gentedebasquet.com.ar\/sitio\/wp-content\/uploads\/2015\/01\/U19.jpg","datePublished":"2015-01-27T14:37:43+00:00","author":{"@id":"https:\/\/gentedebasquet.com.ar\/sitio\/#\/schema\/person\/ca0b63bbb977369988a7bbbdc519943a"},"breadcrumb":{"@id":"http:\/\/gentedebasquet.com.ar\/sitio\/2015\/01\/27\/las-u19-f-se-preparan\/#breadcrumb"},"inLanguage":"es","potentialAction":[{"@type":"ReadAction","target":["http:\/\/gentedebasquet.com.ar\/sitio\/2015\/01\/27\/las-u19-f-se-preparan\/"]}]},{"@type":"ImageObject","inLanguage":"es","@id":"http:\/\/gentedebasquet.com.ar\/sitio\/2015\/01\/27\/las-u19-f-se-preparan\/#primaryimage","url":"http:\/\/gentedebasquet.com.ar\/sitio\/wp-content\/uploads\/2015\/01\/U19.jpg","contentUrl":"http:\/\/gentedebasquet.com.ar\/sitio\/wp-content\/uploads\/2015\/01\/U19.jpg","width":300,"height":226},{"@type":"BreadcrumbList","@id":"http:\/\/gentedebasquet.com.ar\/sitio\/2015\/01\/27\/las-u19-f-se-preparan\/#breadcrumb","itemListElement":[{"@type":"ListItem","position":1,"name":"Portada","item":"https:\/\/gentedebasquet.com.ar\/sitio\/"},{"@type":"ListItem","position":2,"name":"Las U19-F se preparan"}]},{"@type":"WebSite","@id":"https:\/\/gentedebasquet.com.ar\/sitio\/#website","url":"https:\/\/gentedebasquet.com.ar\/sitio\/","name":"Gente de B\u00e1squet","description":"La revista del basquet de Bah\u00eda Blanca","potentialAction":[{"@type":"SearchAction","target":{"@type":"EntryPoint","urlTemplate":"https:\/\/gentedebasquet.com.ar\/sitio\/?s={search_term_string}"},"query-input":{"@type":"PropertyValueSpecification","valueRequired":true,"valueName":"search_term_string"}}],"inLanguage":"es"},{"@type":"Person","@id":"https:\/\/gentedebasquet.com.ar\/sitio\/#\/schema\/person\/ca0b63bbb977369988a7bbbdc519943a","name":"Gente de B\u00e1squet","image":{"@type":"ImageObject","inLanguage":"es","@id":"https:\/\/secure.gravatar.com\/avatar\/7f2c48bdc33b30088f941fb6082e555f2874c98e20cb159d7b92b50eadfce793?s=96&d=mm&r=g","url":"https:\/\/secure.gravatar.com\/avatar\/7f2c48bdc33b30088f941fb6082e555f2874c98e20cb159d7b92b50eadfce793?s=96&d=mm&r=g","contentUrl":"https:\/\/secure.gravatar.com\/avatar\/7f2c48bdc33b30088f941fb6082e555f2874c98e20cb159d7b92b50eadfce793?s=96&d=mm&r=g","caption":"Gente de B\u00e1squet"},"sameAs":["http:\/\/gentedebasquet.com.ar\/sitio"],"url":"http:\/\/gentedebasquet.com.ar\/sitio\/author\/ulises\/"}]}},"_links":{"self":[{"href":"http:\/\/gentedebasquet.com.ar\/sitio\/wp-json\/wp\/v2\/posts\/42239","targetHints":{"allow":["GET"]}}],"collection":[{"href":"http:\/\/gentedebasquet.com.ar\/sitio\/wp-json\/wp\/v2\/posts"}],"about":[{"href":"http:\/\/gentedebasquet.com.ar\/sitio\/wp-json\/wp\/v2\/types\/post"}],"author":[{"embeddable":true,"href":"http:\/\/gentedebasquet.com.ar\/sitio\/wp-json\/wp\/v2\/users\/1"}],"replies":[{"embeddable":true,"href":"http:\/\/gentedebasquet.com.ar\/sitio\/wp-json\/wp\/v2\/comments?post=42239"}],"version-history":[{"count":0,"href":"http:\/\/gentedebasquet.com.ar\/sitio\/wp-json\/wp\/v2\/posts\/42239\/revisions"}],"wp:featuredmedia":[{"embeddable":true,"href":"http:\/\/gentedebasquet.com.ar\/sitio\/wp-json\/wp\/v2\/media\/42241"}],"wp:attachment":[{"href":"http:\/\/gentedebasquet.com.ar\/sitio\/wp-json\/wp\/v2\/media?parent=42239"}],"wp:term":[{"taxonomy":"category","embeddable":true,"href":"http:\/\/gentedebasquet.com.ar\/sitio\/wp-json\/wp\/v2\/categories?post=42239"},{"taxonomy":"post_tag","embeddable":true,"href":"http:\/\/gentedebasquet.com.ar\/sitio\/wp-json\/wp\/v2\/tags?post=42239"}],"curies":[{"name":"wp","href":"https:\/\/api.w.org\/{rel}","templated":true}]}}