{"id":42394,"date":"2015-02-13T23:42:21","date_gmt":"2015-02-14T02:42:21","guid":{"rendered":"http:\/\/www.gentedebasquet.com.ar\/?p=42394"},"modified":"2015-02-13T23:42:21","modified_gmt":"2015-02-14T02:42:21","slug":"comenzo-el-nba-bwb","status":"publish","type":"post","link":"http:\/\/gentedebasquet.com.ar\/sitio\/2015\/02\/13\/comenzo-el-nba-bwb\/","title":{"rendered":"Comenz\u00f3 el NBA BWB"},"content":{"rendered":"<p><strong>Este viernes, en New York, comenz\u00f3 el prestigioso NBA B\u00e1squetbol Sin Fronteras, organizado por FIBA y la NBA. Este evento re\u00fane a los mejores proyectos U17 del mundo (excepto Estados Unidos). Participan tres argentinos: M\u00e1ximo Fjellerup, Ayan Carvalho (ambos jugadores de Bah\u00eda Basket) y Agust\u00edn Mas Delfino (Atenas).<\/strong><\/p>\n<p>Tres grandes promesas del b\u00e1squetbol argentino comenzaron a vivir un sue\u00f1o hecho realidad este viernes. Se trata de M\u00e1ximo Fjellerup, Ayan Carvalho y Agust\u00edn Mas Delfino, tres integrantes de la Selecci\u00f3n Nacional U17 en el Mundial 2014, quienes ya son parte de un evento global del NBA B\u00e1squetbol Sin Fronteras (BWB por sus siglas en ingles).<\/p>\n<p>El hecho de que sea el evento \u00abGlobal\u00bb es un dato clave para entender la importancia de esta invitaci\u00f3n. Es perfectamente normal que jugadores argentinos sean invitados al NBA B\u00e1squetbol Sin Fronteras \u0093Am\u00e9ricas\u0094, que re\u00fane a los mejores proyectos latinoamericanos, pero en es una completa rareza que sean invitados al evento global, que re\u00fane a los mejores proyectos del mundo (excepto Estados Unidos).<\/p>\n<p>De esta manera, Argentina gana presencia en un campus de elite. La cantidad y calidad de jugadores invitados es impresionante, con nombres de primera l\u00ednea como Dragan Bender (Croacia), Isaac Humphries (Australia), Jamal Murray y Justin Jackson (ambos de Canad\u00e1) y Sthepane Gombauld (Francia), entre otros.<\/p>\n<p>Como sucede habitualmente en los NBA BWB, los campistas ser\u00e1n entrenados y apadrinados por figuras de la NBA como Steven Adams, Giannis Antetokounmpo, Danilo Gallinari y Tiago Splitter. Adem\u00e1s participaran diferentes entrenadores, scouts y dirigentes de distintas franquicias de la mejor liga del mundo.<\/p>\n<p>El campus se realizar\u00e1 entre el 13 y el 15 de febrero, en paralelo con las festividades del fin de semana del Juego de las Estrellas de la NBA (NBA All-Star Weekend).<\/p>\n<p><strong>Fuente:<\/strong> Diego Garc\u00eda (Prensa CABB).<\/p>\n","protected":false},"excerpt":{"rendered":"<p>Participan M\u00e1ximo Fjellerup, Ayan Carvalho (Bah\u00eda Basket) y Agust\u00edn Mas Delfino<\/p>\n","protected":false},"author":1,"featured_media":31939,"comment_status":"closed","ping_status":"open","sticky":false,"template":"","format":"standard","meta":{"jnews-multi-image_gallery":[],"jnews_single_post":[],"jnews_primary_category":[],"footnotes":""},"categories":[24],"tags":[431,432,58,422,180,105],"class_list":["post-42394","post","type-post","status-publish","format-standard","has-post-thumbnail","hentry","category-overtime","tag-agustin-mas-delfino","tag-ayan-carvalho","tag-bahiabasket","tag-basquet-sin-fronteras","tag-maximo-fjellerup","tag-nba"],"yoast_head":"<!-- This site is optimized with the Yoast SEO plugin v27.5 - https:\/\/yoast.com\/product\/yoast-seo-wordpress\/ -->\n<title>Comenz\u00f3 el NBA BWB - Gente de B\u00e1squet<\/title>\n<meta name=\"robots\" content=\"index, follow, max-snippet:-1, max-image-preview:large, max-video-preview:-1\" \/>\n<link rel=\"canonical\" href=\"https:\/\/gentedebasquet.com.ar\/sitio\/2015\/02\/13\/comenzo-el-nba-bwb\/\" \/>\n<meta property=\"og:locale\" content=\"es_ES\" \/>\n<meta property=\"og:type\" content=\"article\" \/>\n<meta property=\"og:title\" content=\"Comenz\u00f3 el NBA BWB - Gente de B\u00e1squet\" \/>\n<meta property=\"og:description\" content=\"Participan M\u00e1ximo Fjellerup, Ayan Carvalho (Bah\u00eda Basket) y Agust\u00edn Mas Delfino\" \/>\n<meta property=\"og:url\" content=\"https:\/\/gentedebasquet.com.ar\/sitio\/2015\/02\/13\/comenzo-el-nba-bwb\/\" \/>\n<meta property=\"og:site_name\" content=\"Gente de B\u00e1squet\" \/>\n<meta property=\"article:published_time\" content=\"2015-02-14T02:42:21+00:00\" \/>\n<meta property=\"og:image\" content=\"https:\/\/gentedebasquet.com.ar\/sitio\/wp-content\/uploads\/2014\/05\/Fjellerup.jpg\" \/>\n\t<meta property=\"og:image:width\" content=\"300\" \/>\n\t<meta property=\"og:image:height\" content=\"211\" \/>\n\t<meta property=\"og:image:type\" content=\"image\/jpeg\" \/>\n<meta name=\"author\" content=\"Gente de B\u00e1squet\" \/>\n<meta name=\"twitter:card\" content=\"summary_large_image\" \/>\n<meta name=\"twitter:label1\" content=\"Escrito por\" \/>\n\t<meta name=\"twitter:data1\" content=\"Gente de B\u00e1squet\" \/>\n\t<meta name=\"twitter:label2\" content=\"Tiempo de lectura\" \/>\n\t<meta name=\"twitter:data2\" content=\"2 minutos\" \/>\n<script type=\"application\/ld+json\" class=\"yoast-schema-graph\">{\"@context\":\"https:\\\/\\\/schema.org\",\"@graph\":[{\"@type\":\"Article\",\"@id\":\"https:\\\/\\\/gentedebasquet.com.ar\\\/sitio\\\/2015\\\/02\\\/13\\\/comenzo-el-nba-bwb\\\/#article\",\"isPartOf\":{\"@id\":\"https:\\\/\\\/gentedebasquet.com.ar\\\/sitio\\\/2015\\\/02\\\/13\\\/comenzo-el-nba-bwb\\\/\"},\"author\":{\"name\":\"Gente de B\u00e1squet\",\"@id\":\"https:\\\/\\\/gentedebasquet.com.ar\\\/sitio\\\/#\\\/schema\\\/person\\\/ca0b63bbb977369988a7bbbdc519943a\"},\"headline\":\"Comenz\u00f3 el NBA BWB\",\"datePublished\":\"2015-02-14T02:42:21+00:00\",\"mainEntityOfPage\":{\"@id\":\"https:\\\/\\\/gentedebasquet.com.ar\\\/sitio\\\/2015\\\/02\\\/13\\\/comenzo-el-nba-bwb\\\/\"},\"wordCount\":315,\"image\":{\"@id\":\"https:\\\/\\\/gentedebasquet.com.ar\\\/sitio\\\/2015\\\/02\\\/13\\\/comenzo-el-nba-bwb\\\/#primaryimage\"},\"thumbnailUrl\":\"http:\\\/\\\/gentedebasquet.com.ar\\\/sitio\\\/wp-content\\\/uploads\\\/2014\\\/05\\\/Fjellerup.jpg\",\"keywords\":[\"Agust\u00edn M\u00e1s Delfino\",\"Ay\u00e1n Carvalho\",\"Bah\u00eda Basket\",\"B\u00e1squet Sin Fronteras\",\"M\u00e1ximo Fjellerup\",\"NBA\"],\"articleSection\":[\"#Overtime\"],\"inLanguage\":\"es\"},{\"@type\":\"WebPage\",\"@id\":\"https:\\\/\\\/gentedebasquet.com.ar\\\/sitio\\\/2015\\\/02\\\/13\\\/comenzo-el-nba-bwb\\\/\",\"url\":\"https:\\\/\\\/gentedebasquet.com.ar\\\/sitio\\\/2015\\\/02\\\/13\\\/comenzo-el-nba-bwb\\\/\",\"name\":\"Comenz\u00f3 el NBA BWB - Gente de B\u00e1squet\",\"isPartOf\":{\"@id\":\"https:\\\/\\\/gentedebasquet.com.ar\\\/sitio\\\/#website\"},\"primaryImageOfPage\":{\"@id\":\"https:\\\/\\\/gentedebasquet.com.ar\\\/sitio\\\/2015\\\/02\\\/13\\\/comenzo-el-nba-bwb\\\/#primaryimage\"},\"image\":{\"@id\":\"https:\\\/\\\/gentedebasquet.com.ar\\\/sitio\\\/2015\\\/02\\\/13\\\/comenzo-el-nba-bwb\\\/#primaryimage\"},\"thumbnailUrl\":\"http:\\\/\\\/gentedebasquet.com.ar\\\/sitio\\\/wp-content\\\/uploads\\\/2014\\\/05\\\/Fjellerup.jpg\",\"datePublished\":\"2015-02-14T02:42:21+00:00\",\"author\":{\"@id\":\"https:\\\/\\\/gentedebasquet.com.ar\\\/sitio\\\/#\\\/schema\\\/person\\\/ca0b63bbb977369988a7bbbdc519943a\"},\"breadcrumb\":{\"@id\":\"https:\\\/\\\/gentedebasquet.com.ar\\\/sitio\\\/2015\\\/02\\\/13\\\/comenzo-el-nba-bwb\\\/#breadcrumb\"},\"inLanguage\":\"es\",\"potentialAction\":[{\"@type\":\"ReadAction\",\"target\":[\"https:\\\/\\\/gentedebasquet.com.ar\\\/sitio\\\/2015\\\/02\\\/13\\\/comenzo-el-nba-bwb\\\/\"]}]},{\"@type\":\"ImageObject\",\"inLanguage\":\"es\",\"@id\":\"https:\\\/\\\/gentedebasquet.com.ar\\\/sitio\\\/2015\\\/02\\\/13\\\/comenzo-el-nba-bwb\\\/#primaryimage\",\"url\":\"http:\\\/\\\/gentedebasquet.com.ar\\\/sitio\\\/wp-content\\\/uploads\\\/2014\\\/05\\\/Fjellerup.jpg\",\"contentUrl\":\"http:\\\/\\\/gentedebasquet.com.ar\\\/sitio\\\/wp-content\\\/uploads\\\/2014\\\/05\\\/Fjellerup.jpg\",\"width\":300,\"height\":211},{\"@type\":\"BreadcrumbList\",\"@id\":\"https:\\\/\\\/gentedebasquet.com.ar\\\/sitio\\\/2015\\\/02\\\/13\\\/comenzo-el-nba-bwb\\\/#breadcrumb\",\"itemListElement\":[{\"@type\":\"ListItem\",\"position\":1,\"name\":\"Portada\",\"item\":\"https:\\\/\\\/gentedebasquet.com.ar\\\/sitio\\\/\"},{\"@type\":\"ListItem\",\"position\":2,\"name\":\"Comenz\u00f3 el NBA BWB\"}]},{\"@type\":\"WebSite\",\"@id\":\"https:\\\/\\\/gentedebasquet.com.ar\\\/sitio\\\/#website\",\"url\":\"https:\\\/\\\/gentedebasquet.com.ar\\\/sitio\\\/\",\"name\":\"Gente de B\u00e1squet\",\"description\":\"La revista del basquet de Bah\u00eda Blanca\",\"potentialAction\":[{\"@type\":\"SearchAction\",\"target\":{\"@type\":\"EntryPoint\",\"urlTemplate\":\"https:\\\/\\\/gentedebasquet.com.ar\\\/sitio\\\/?s={search_term_string}\"},\"query-input\":{\"@type\":\"PropertyValueSpecification\",\"valueRequired\":true,\"valueName\":\"search_term_string\"}}],\"inLanguage\":\"es\"},{\"@type\":\"Person\",\"@id\":\"https:\\\/\\\/gentedebasquet.com.ar\\\/sitio\\\/#\\\/schema\\\/person\\\/ca0b63bbb977369988a7bbbdc519943a\",\"name\":\"Gente de B\u00e1squet\",\"image\":{\"@type\":\"ImageObject\",\"inLanguage\":\"es\",\"@id\":\"https:\\\/\\\/secure.gravatar.com\\\/avatar\\\/7f2c48bdc33b30088f941fb6082e555f2874c98e20cb159d7b92b50eadfce793?s=96&d=mm&r=g\",\"url\":\"https:\\\/\\\/secure.gravatar.com\\\/avatar\\\/7f2c48bdc33b30088f941fb6082e555f2874c98e20cb159d7b92b50eadfce793?s=96&d=mm&r=g\",\"contentUrl\":\"https:\\\/\\\/secure.gravatar.com\\\/avatar\\\/7f2c48bdc33b30088f941fb6082e555f2874c98e20cb159d7b92b50eadfce793?s=96&d=mm&r=g\",\"caption\":\"Gente de B\u00e1squet\"},\"sameAs\":[\"http:\\\/\\\/gentedebasquet.com.ar\\\/sitio\"],\"url\":\"http:\\\/\\\/gentedebasquet.com.ar\\\/sitio\\\/author\\\/ulises\\\/\"}]}<\/script>\n<!-- \/ Yoast SEO plugin. -->","yoast_head_json":{"title":"Comenz\u00f3 el NBA BWB - Gente de B\u00e1squet","robots":{"index":"index","follow":"follow","max-snippet":"max-snippet:-1","max-image-preview":"max-image-preview:large","max-video-preview":"max-video-preview:-1"},"canonical":"https:\/\/gentedebasquet.com.ar\/sitio\/2015\/02\/13\/comenzo-el-nba-bwb\/","og_locale":"es_ES","og_type":"article","og_title":"Comenz\u00f3 el NBA BWB - Gente de B\u00e1squet","og_description":"Participan M\u00e1ximo Fjellerup, Ayan Carvalho (Bah\u00eda Basket) y Agust\u00edn Mas Delfino","og_url":"https:\/\/gentedebasquet.com.ar\/sitio\/2015\/02\/13\/comenzo-el-nba-bwb\/","og_site_name":"Gente de B\u00e1squet","article_published_time":"2015-02-14T02:42:21+00:00","og_image":[{"width":300,"height":211,"url":"https:\/\/gentedebasquet.com.ar\/sitio\/wp-content\/uploads\/2014\/05\/Fjellerup.jpg","type":"image\/jpeg"}],"author":"Gente de B\u00e1squet","twitter_card":"summary_large_image","twitter_misc":{"Escrito por":"Gente de B\u00e1squet","Tiempo de lectura":"2 minutos"},"schema":{"@context":"https:\/\/schema.org","@graph":[{"@type":"Article","@id":"https:\/\/gentedebasquet.com.ar\/sitio\/2015\/02\/13\/comenzo-el-nba-bwb\/#article","isPartOf":{"@id":"https:\/\/gentedebasquet.com.ar\/sitio\/2015\/02\/13\/comenzo-el-nba-bwb\/"},"author":{"name":"Gente de B\u00e1squet","@id":"https:\/\/gentedebasquet.com.ar\/sitio\/#\/schema\/person\/ca0b63bbb977369988a7bbbdc519943a"},"headline":"Comenz\u00f3 el NBA BWB","datePublished":"2015-02-14T02:42:21+00:00","mainEntityOfPage":{"@id":"https:\/\/gentedebasquet.com.ar\/sitio\/2015\/02\/13\/comenzo-el-nba-bwb\/"},"wordCount":315,"image":{"@id":"https:\/\/gentedebasquet.com.ar\/sitio\/2015\/02\/13\/comenzo-el-nba-bwb\/#primaryimage"},"thumbnailUrl":"http:\/\/gentedebasquet.com.ar\/sitio\/wp-content\/uploads\/2014\/05\/Fjellerup.jpg","keywords":["Agust\u00edn M\u00e1s Delfino","Ay\u00e1n Carvalho","Bah\u00eda Basket","B\u00e1squet Sin Fronteras","M\u00e1ximo Fjellerup","NBA"],"articleSection":["#Overtime"],"inLanguage":"es"},{"@type":"WebPage","@id":"https:\/\/gentedebasquet.com.ar\/sitio\/2015\/02\/13\/comenzo-el-nba-bwb\/","url":"https:\/\/gentedebasquet.com.ar\/sitio\/2015\/02\/13\/comenzo-el-nba-bwb\/","name":"Comenz\u00f3 el NBA BWB - Gente de B\u00e1squet","isPartOf":{"@id":"https:\/\/gentedebasquet.com.ar\/sitio\/#website"},"primaryImageOfPage":{"@id":"https:\/\/gentedebasquet.com.ar\/sitio\/2015\/02\/13\/comenzo-el-nba-bwb\/#primaryimage"},"image":{"@id":"https:\/\/gentedebasquet.com.ar\/sitio\/2015\/02\/13\/comenzo-el-nba-bwb\/#primaryimage"},"thumbnailUrl":"http:\/\/gentedebasquet.com.ar\/sitio\/wp-content\/uploads\/2014\/05\/Fjellerup.jpg","datePublished":"2015-02-14T02:42:21+00:00","author":{"@id":"https:\/\/gentedebasquet.com.ar\/sitio\/#\/schema\/person\/ca0b63bbb977369988a7bbbdc519943a"},"breadcrumb":{"@id":"https:\/\/gentedebasquet.com.ar\/sitio\/2015\/02\/13\/comenzo-el-nba-bwb\/#breadcrumb"},"inLanguage":"es","potentialAction":[{"@type":"ReadAction","target":["https:\/\/gentedebasquet.com.ar\/sitio\/2015\/02\/13\/comenzo-el-nba-bwb\/"]}]},{"@type":"ImageObject","inLanguage":"es","@id":"https:\/\/gentedebasquet.com.ar\/sitio\/2015\/02\/13\/comenzo-el-nba-bwb\/#primaryimage","url":"http:\/\/gentedebasquet.com.ar\/sitio\/wp-content\/uploads\/2014\/05\/Fjellerup.jpg","contentUrl":"http:\/\/gentedebasquet.com.ar\/sitio\/wp-content\/uploads\/2014\/05\/Fjellerup.jpg","width":300,"height":211},{"@type":"BreadcrumbList","@id":"https:\/\/gentedebasquet.com.ar\/sitio\/2015\/02\/13\/comenzo-el-nba-bwb\/#breadcrumb","itemListElement":[{"@type":"ListItem","position":1,"name":"Portada","item":"https:\/\/gentedebasquet.com.ar\/sitio\/"},{"@type":"ListItem","position":2,"name":"Comenz\u00f3 el NBA BWB"}]},{"@type":"WebSite","@id":"https:\/\/gentedebasquet.com.ar\/sitio\/#website","url":"https:\/\/gentedebasquet.com.ar\/sitio\/","name":"Gente de B\u00e1squet","description":"La revista del basquet de Bah\u00eda Blanca","potentialAction":[{"@type":"SearchAction","target":{"@type":"EntryPoint","urlTemplate":"https:\/\/gentedebasquet.com.ar\/sitio\/?s={search_term_string}"},"query-input":{"@type":"PropertyValueSpecification","valueRequired":true,"valueName":"search_term_string"}}],"inLanguage":"es"},{"@type":"Person","@id":"https:\/\/gentedebasquet.com.ar\/sitio\/#\/schema\/person\/ca0b63bbb977369988a7bbbdc519943a","name":"Gente de B\u00e1squet","image":{"@type":"ImageObject","inLanguage":"es","@id":"https:\/\/secure.gravatar.com\/avatar\/7f2c48bdc33b30088f941fb6082e555f2874c98e20cb159d7b92b50eadfce793?s=96&d=mm&r=g","url":"https:\/\/secure.gravatar.com\/avatar\/7f2c48bdc33b30088f941fb6082e555f2874c98e20cb159d7b92b50eadfce793?s=96&d=mm&r=g","contentUrl":"https:\/\/secure.gravatar.com\/avatar\/7f2c48bdc33b30088f941fb6082e555f2874c98e20cb159d7b92b50eadfce793?s=96&d=mm&r=g","caption":"Gente de B\u00e1squet"},"sameAs":["http:\/\/gentedebasquet.com.ar\/sitio"],"url":"http:\/\/gentedebasquet.com.ar\/sitio\/author\/ulises\/"}]}},"_links":{"self":[{"href":"http:\/\/gentedebasquet.com.ar\/sitio\/wp-json\/wp\/v2\/posts\/42394","targetHints":{"allow":["GET"]}}],"collection":[{"href":"http:\/\/gentedebasquet.com.ar\/sitio\/wp-json\/wp\/v2\/posts"}],"about":[{"href":"http:\/\/gentedebasquet.com.ar\/sitio\/wp-json\/wp\/v2\/types\/post"}],"author":[{"embeddable":true,"href":"http:\/\/gentedebasquet.com.ar\/sitio\/wp-json\/wp\/v2\/users\/1"}],"replies":[{"embeddable":true,"href":"http:\/\/gentedebasquet.com.ar\/sitio\/wp-json\/wp\/v2\/comments?post=42394"}],"version-history":[{"count":0,"href":"http:\/\/gentedebasquet.com.ar\/sitio\/wp-json\/wp\/v2\/posts\/42394\/revisions"}],"wp:featuredmedia":[{"embeddable":true,"href":"http:\/\/gentedebasquet.com.ar\/sitio\/wp-json\/wp\/v2\/media\/31939"}],"wp:attachment":[{"href":"http:\/\/gentedebasquet.com.ar\/sitio\/wp-json\/wp\/v2\/media?parent=42394"}],"wp:term":[{"taxonomy":"category","embeddable":true,"href":"http:\/\/gentedebasquet.com.ar\/sitio\/wp-json\/wp\/v2\/categories?post=42394"},{"taxonomy":"post_tag","embeddable":true,"href":"http:\/\/gentedebasquet.com.ar\/sitio\/wp-json\/wp\/v2\/tags?post=42394"}],"curies":[{"name":"wp","href":"https:\/\/api.w.org\/{rel}","templated":true}]}}