{"id":42684,"date":"2015-03-12T19:15:11","date_gmt":"2015-03-12T22:15:11","guid":{"rendered":"http:\/\/www.gentedebasquet.com.ar\/?p=42684"},"modified":"2015-03-12T19:15:11","modified_gmt":"2015-03-12T22:15:11","slug":"sortearon-los-mundiales-u19","status":"publish","type":"post","link":"http:\/\/gentedebasquet.com.ar\/sitio\/2015\/03\/12\/sortearon-los-mundiales-u19\/","title":{"rendered":"Sortearon los Mundiales U19"},"content":{"rendered":"<p><strong>Se realiz\u00f3 el sorteo de los mundiales U19 femenino y masculino. La ceremonia se realiz\u00f3 en las oficinas centrales de FIBA, con participaci\u00f3n del argentino Horacio Muratore, Presidente de FIBA. En el femenino, Argentina integrar\u00e1 el Grupo A junto a Holanda, Rusia y un pa\u00eds de Asia;\u00a0en el masculino el Grupo B, con\u00a0Espa\u00f1a, China y Turqu\u00eda.<\/strong><\/p>\n<p>En las oficinas centrales de FIBA, ubicadas en Mies, Suiza, se realiz\u00f3 en la tarde del jueves el sorteo de los grupos de los mundiales U19 femenino y masculino. Luego de un discurso introductorio por parte del argentino Horacio Muratore, Presidente de FIBA, se dio inicio con el sorteo del Mundial U19 masculino Grecia 2015<\/p>\n<p>De acuerdo a la reglamentaci\u00f3n, los equipos de las Am\u00e9ricas no pueden pertenecer al mismo grupo, por lo que Argentina fue ubicada en el Grupo B, junto a Turqu\u00eda, Espa\u00f1a y China. Los grupos para el Mundial U19 masculino quedaron conformados de la siguiente manera:<\/p>\n<p><b>Grupo A:<\/b>\u00a0Croacia, Ir\u00e1n, Estados Unidos y Egipto.<br \/>\n<b>Grupo B: Argentina<\/b>, Espa\u00f1a, China y Turqu\u00eda.<br \/>\n<b>Grupo C:<\/b>\u00a0Canad\u00e1, Italia, T\u00fanez y Australia.<br \/>\n<b>Grupo D:<\/b>\u00a0Rep\u00fablica Dominicana, Corea, Grecia y Serbia.<\/p>\n<p>Posteriormente, se realiz\u00f3 el sorteo de los grupos del Mundial U19 femenino Rusia 2015. En este caso, Argentina qued\u00f3 ubicada en el Grupo A, junto al anfitri\u00f3n, Rusia, Holanda y un equipo de Asia a clasificar. Los grupos para el Mundial U19 femenino quedaron conformados de la siguiente manera.<\/p>\n<p><b>Grupo A:<\/b>\u00a0Holanda, Rusia, tercer equipo de Asia y\u00a0<b>Argentina<\/b>.<br \/>\n<b>Grupo B:<\/b>\u00a0China, Espa\u00f1a, Estados Unidos y Egipto.<br \/>\n<b>Grupo C:<\/b>\u00a0Canad\u00e1, B\u00e9lgica, Francia y Mali.<br \/>\n<b>Grupo D:<\/b>\u00a0Corea, Australia, Serbia y Brasil.<\/p>\n<p>Vale recordar que el Mundial U19 masculino se desarrollar\u00e1 en Grecia, m\u00e1s precisamente en Heraklion, Creta, entre el 27 de junio y el 5 de julio de 2015, mientras que el Mundial U19 femenino se realizar\u00e1 en Chekhov, Rusia, entre el 18 y el 26 de julio de 2015.<\/p>\n<p><strong>Fuente:<\/strong> Diego Garc\u00eda (Prensa CABB)<\/p>\n<p><strong>Foto:<\/strong> FIBA.<\/p>\n","protected":false},"excerpt":{"rendered":"<p>Se conocen los grupos de Argentina para Rusia (femenino) y Grecia (masculino)<\/p>\n","protected":false},"author":1,"featured_media":42686,"comment_status":"closed","ping_status":"open","sticky":false,"template":"","format":"standard","meta":{"jnews-multi-image_gallery":[],"jnews_single_post":[],"jnews_primary_category":[],"footnotes":""},"categories":[61,101],"tags":[172,418,432,457,383,200,180,174,419,183],"class_list":["post-42684","post","type-post","status-publish","format-standard","has-post-thumbnail","hentry","category-selecciones-nacionales","category-slide","tag-andres-barbero","tag-argentina-u19","tag-ayan-carvalho","tag-grecia-2015","tag-juan-pablo-vaulet","tag-martin-fernandez","tag-maximo-fjellerup","tag-rodrigo-gerhardt","tag-rusia-2015","tag-sebastian-ginobili"],"yoast_head":"<!-- This site is optimized with the Yoast SEO plugin v27.5 - https:\/\/yoast.com\/product\/yoast-seo-wordpress\/ -->\n<title>Sortearon los Mundiales U19 - Gente de B\u00e1squet<\/title>\n<meta name=\"robots\" content=\"index, follow, max-snippet:-1, max-image-preview:large, max-video-preview:-1\" \/>\n<link rel=\"canonical\" href=\"http:\/\/gentedebasquet.com.ar\/sitio\/2015\/03\/12\/sortearon-los-mundiales-u19\/\" \/>\n<meta property=\"og:locale\" content=\"es_ES\" \/>\n<meta property=\"og:type\" content=\"article\" \/>\n<meta property=\"og:title\" content=\"Sortearon los Mundiales U19 - Gente de B\u00e1squet\" \/>\n<meta property=\"og:description\" content=\"Se conocen los grupos de Argentina para Rusia (femenino) y Grecia (masculino)\" \/>\n<meta property=\"og:url\" content=\"http:\/\/gentedebasquet.com.ar\/sitio\/2015\/03\/12\/sortearon-los-mundiales-u19\/\" \/>\n<meta property=\"og:site_name\" content=\"Gente de B\u00e1squet\" \/>\n<meta property=\"article:published_time\" content=\"2015-03-12T22:15:11+00:00\" \/>\n<meta property=\"og:image\" content=\"http:\/\/gentedebasquet.com.ar\/sitio\/wp-content\/uploads\/2015\/03\/Mundial-U19.jpg\" \/>\n\t<meta property=\"og:image:width\" content=\"690\" \/>\n\t<meta property=\"og:image:height\" content=\"319\" \/>\n\t<meta property=\"og:image:type\" content=\"image\/jpeg\" \/>\n<meta name=\"author\" content=\"Gente de B\u00e1squet\" \/>\n<meta name=\"twitter:card\" content=\"summary_large_image\" \/>\n<meta name=\"twitter:label1\" content=\"Escrito por\" \/>\n\t<meta name=\"twitter:data1\" content=\"Gente de B\u00e1squet\" \/>\n\t<meta name=\"twitter:label2\" content=\"Tiempo de lectura\" \/>\n\t<meta name=\"twitter:data2\" content=\"2 minutos\" \/>\n<script type=\"application\/ld+json\" class=\"yoast-schema-graph\">{\"@context\":\"https:\\\/\\\/schema.org\",\"@graph\":[{\"@type\":\"Article\",\"@id\":\"http:\\\/\\\/gentedebasquet.com.ar\\\/sitio\\\/2015\\\/03\\\/12\\\/sortearon-los-mundiales-u19\\\/#article\",\"isPartOf\":{\"@id\":\"http:\\\/\\\/gentedebasquet.com.ar\\\/sitio\\\/2015\\\/03\\\/12\\\/sortearon-los-mundiales-u19\\\/\"},\"author\":{\"name\":\"Gente de B\u00e1squet\",\"@id\":\"https:\\\/\\\/gentedebasquet.com.ar\\\/sitio\\\/#\\\/schema\\\/person\\\/ca0b63bbb977369988a7bbbdc519943a\"},\"headline\":\"Sortearon los Mundiales U19\",\"datePublished\":\"2015-03-12T22:15:11+00:00\",\"mainEntityOfPage\":{\"@id\":\"http:\\\/\\\/gentedebasquet.com.ar\\\/sitio\\\/2015\\\/03\\\/12\\\/sortearon-los-mundiales-u19\\\/\"},\"wordCount\":339,\"image\":{\"@id\":\"http:\\\/\\\/gentedebasquet.com.ar\\\/sitio\\\/2015\\\/03\\\/12\\\/sortearon-los-mundiales-u19\\\/#primaryimage\"},\"thumbnailUrl\":\"http:\\\/\\\/gentedebasquet.com.ar\\\/sitio\\\/wp-content\\\/uploads\\\/2015\\\/03\\\/Mundial-U19.jpg\",\"keywords\":[\"Andr\u00e9s Barbero\",\"Argentina U19\",\"Ay\u00e1n Carvalho\",\"Grecia 2015\",\"Juan Pablo Vaulet\",\"Mart\u00edn Fern\u00e1ndez\",\"M\u00e1ximo Fjellerup\",\"Rodrigo Gerhardt\",\"Rusia 2015\",\"Sebasti\u00e1n Gin\u00f3bili\"],\"articleSection\":[\"Selecciones Nacionales\",\"Slide\"],\"inLanguage\":\"es\"},{\"@type\":\"WebPage\",\"@id\":\"http:\\\/\\\/gentedebasquet.com.ar\\\/sitio\\\/2015\\\/03\\\/12\\\/sortearon-los-mundiales-u19\\\/\",\"url\":\"http:\\\/\\\/gentedebasquet.com.ar\\\/sitio\\\/2015\\\/03\\\/12\\\/sortearon-los-mundiales-u19\\\/\",\"name\":\"Sortearon los Mundiales U19 - Gente de B\u00e1squet\",\"isPartOf\":{\"@id\":\"https:\\\/\\\/gentedebasquet.com.ar\\\/sitio\\\/#website\"},\"primaryImageOfPage\":{\"@id\":\"http:\\\/\\\/gentedebasquet.com.ar\\\/sitio\\\/2015\\\/03\\\/12\\\/sortearon-los-mundiales-u19\\\/#primaryimage\"},\"image\":{\"@id\":\"http:\\\/\\\/gentedebasquet.com.ar\\\/sitio\\\/2015\\\/03\\\/12\\\/sortearon-los-mundiales-u19\\\/#primaryimage\"},\"thumbnailUrl\":\"http:\\\/\\\/gentedebasquet.com.ar\\\/sitio\\\/wp-content\\\/uploads\\\/2015\\\/03\\\/Mundial-U19.jpg\",\"datePublished\":\"2015-03-12T22:15:11+00:00\",\"author\":{\"@id\":\"https:\\\/\\\/gentedebasquet.com.ar\\\/sitio\\\/#\\\/schema\\\/person\\\/ca0b63bbb977369988a7bbbdc519943a\"},\"breadcrumb\":{\"@id\":\"http:\\\/\\\/gentedebasquet.com.ar\\\/sitio\\\/2015\\\/03\\\/12\\\/sortearon-los-mundiales-u19\\\/#breadcrumb\"},\"inLanguage\":\"es\",\"potentialAction\":[{\"@type\":\"ReadAction\",\"target\":[\"http:\\\/\\\/gentedebasquet.com.ar\\\/sitio\\\/2015\\\/03\\\/12\\\/sortearon-los-mundiales-u19\\\/\"]}]},{\"@type\":\"ImageObject\",\"inLanguage\":\"es\",\"@id\":\"http:\\\/\\\/gentedebasquet.com.ar\\\/sitio\\\/2015\\\/03\\\/12\\\/sortearon-los-mundiales-u19\\\/#primaryimage\",\"url\":\"http:\\\/\\\/gentedebasquet.com.ar\\\/sitio\\\/wp-content\\\/uploads\\\/2015\\\/03\\\/Mundial-U19.jpg\",\"contentUrl\":\"http:\\\/\\\/gentedebasquet.com.ar\\\/sitio\\\/wp-content\\\/uploads\\\/2015\\\/03\\\/Mundial-U19.jpg\",\"width\":690,\"height\":319},{\"@type\":\"BreadcrumbList\",\"@id\":\"http:\\\/\\\/gentedebasquet.com.ar\\\/sitio\\\/2015\\\/03\\\/12\\\/sortearon-los-mundiales-u19\\\/#breadcrumb\",\"itemListElement\":[{\"@type\":\"ListItem\",\"position\":1,\"name\":\"Portada\",\"item\":\"https:\\\/\\\/gentedebasquet.com.ar\\\/sitio\\\/\"},{\"@type\":\"ListItem\",\"position\":2,\"name\":\"Sortearon los Mundiales U19\"}]},{\"@type\":\"WebSite\",\"@id\":\"https:\\\/\\\/gentedebasquet.com.ar\\\/sitio\\\/#website\",\"url\":\"https:\\\/\\\/gentedebasquet.com.ar\\\/sitio\\\/\",\"name\":\"Gente de B\u00e1squet\",\"description\":\"La revista del basquet de Bah\u00eda Blanca\",\"potentialAction\":[{\"@type\":\"SearchAction\",\"target\":{\"@type\":\"EntryPoint\",\"urlTemplate\":\"https:\\\/\\\/gentedebasquet.com.ar\\\/sitio\\\/?s={search_term_string}\"},\"query-input\":{\"@type\":\"PropertyValueSpecification\",\"valueRequired\":true,\"valueName\":\"search_term_string\"}}],\"inLanguage\":\"es\"},{\"@type\":\"Person\",\"@id\":\"https:\\\/\\\/gentedebasquet.com.ar\\\/sitio\\\/#\\\/schema\\\/person\\\/ca0b63bbb977369988a7bbbdc519943a\",\"name\":\"Gente de B\u00e1squet\",\"image\":{\"@type\":\"ImageObject\",\"inLanguage\":\"es\",\"@id\":\"https:\\\/\\\/secure.gravatar.com\\\/avatar\\\/7f2c48bdc33b30088f941fb6082e555f2874c98e20cb159d7b92b50eadfce793?s=96&d=mm&r=g\",\"url\":\"https:\\\/\\\/secure.gravatar.com\\\/avatar\\\/7f2c48bdc33b30088f941fb6082e555f2874c98e20cb159d7b92b50eadfce793?s=96&d=mm&r=g\",\"contentUrl\":\"https:\\\/\\\/secure.gravatar.com\\\/avatar\\\/7f2c48bdc33b30088f941fb6082e555f2874c98e20cb159d7b92b50eadfce793?s=96&d=mm&r=g\",\"caption\":\"Gente de B\u00e1squet\"},\"sameAs\":[\"http:\\\/\\\/gentedebasquet.com.ar\\\/sitio\"],\"url\":\"http:\\\/\\\/gentedebasquet.com.ar\\\/sitio\\\/author\\\/ulises\\\/\"}]}<\/script>\n<!-- \/ Yoast SEO plugin. -->","yoast_head_json":{"title":"Sortearon los Mundiales U19 - Gente de B\u00e1squet","robots":{"index":"index","follow":"follow","max-snippet":"max-snippet:-1","max-image-preview":"max-image-preview:large","max-video-preview":"max-video-preview:-1"},"canonical":"http:\/\/gentedebasquet.com.ar\/sitio\/2015\/03\/12\/sortearon-los-mundiales-u19\/","og_locale":"es_ES","og_type":"article","og_title":"Sortearon los Mundiales U19 - Gente de B\u00e1squet","og_description":"Se conocen los grupos de Argentina para Rusia (femenino) y Grecia (masculino)","og_url":"http:\/\/gentedebasquet.com.ar\/sitio\/2015\/03\/12\/sortearon-los-mundiales-u19\/","og_site_name":"Gente de B\u00e1squet","article_published_time":"2015-03-12T22:15:11+00:00","og_image":[{"width":690,"height":319,"url":"http:\/\/gentedebasquet.com.ar\/sitio\/wp-content\/uploads\/2015\/03\/Mundial-U19.jpg","type":"image\/jpeg"}],"author":"Gente de B\u00e1squet","twitter_card":"summary_large_image","twitter_misc":{"Escrito por":"Gente de B\u00e1squet","Tiempo de lectura":"2 minutos"},"schema":{"@context":"https:\/\/schema.org","@graph":[{"@type":"Article","@id":"http:\/\/gentedebasquet.com.ar\/sitio\/2015\/03\/12\/sortearon-los-mundiales-u19\/#article","isPartOf":{"@id":"http:\/\/gentedebasquet.com.ar\/sitio\/2015\/03\/12\/sortearon-los-mundiales-u19\/"},"author":{"name":"Gente de B\u00e1squet","@id":"https:\/\/gentedebasquet.com.ar\/sitio\/#\/schema\/person\/ca0b63bbb977369988a7bbbdc519943a"},"headline":"Sortearon los Mundiales U19","datePublished":"2015-03-12T22:15:11+00:00","mainEntityOfPage":{"@id":"http:\/\/gentedebasquet.com.ar\/sitio\/2015\/03\/12\/sortearon-los-mundiales-u19\/"},"wordCount":339,"image":{"@id":"http:\/\/gentedebasquet.com.ar\/sitio\/2015\/03\/12\/sortearon-los-mundiales-u19\/#primaryimage"},"thumbnailUrl":"http:\/\/gentedebasquet.com.ar\/sitio\/wp-content\/uploads\/2015\/03\/Mundial-U19.jpg","keywords":["Andr\u00e9s Barbero","Argentina U19","Ay\u00e1n Carvalho","Grecia 2015","Juan Pablo Vaulet","Mart\u00edn Fern\u00e1ndez","M\u00e1ximo Fjellerup","Rodrigo Gerhardt","Rusia 2015","Sebasti\u00e1n Gin\u00f3bili"],"articleSection":["Selecciones Nacionales","Slide"],"inLanguage":"es"},{"@type":"WebPage","@id":"http:\/\/gentedebasquet.com.ar\/sitio\/2015\/03\/12\/sortearon-los-mundiales-u19\/","url":"http:\/\/gentedebasquet.com.ar\/sitio\/2015\/03\/12\/sortearon-los-mundiales-u19\/","name":"Sortearon los Mundiales U19 - Gente de B\u00e1squet","isPartOf":{"@id":"https:\/\/gentedebasquet.com.ar\/sitio\/#website"},"primaryImageOfPage":{"@id":"http:\/\/gentedebasquet.com.ar\/sitio\/2015\/03\/12\/sortearon-los-mundiales-u19\/#primaryimage"},"image":{"@id":"http:\/\/gentedebasquet.com.ar\/sitio\/2015\/03\/12\/sortearon-los-mundiales-u19\/#primaryimage"},"thumbnailUrl":"http:\/\/gentedebasquet.com.ar\/sitio\/wp-content\/uploads\/2015\/03\/Mundial-U19.jpg","datePublished":"2015-03-12T22:15:11+00:00","author":{"@id":"https:\/\/gentedebasquet.com.ar\/sitio\/#\/schema\/person\/ca0b63bbb977369988a7bbbdc519943a"},"breadcrumb":{"@id":"http:\/\/gentedebasquet.com.ar\/sitio\/2015\/03\/12\/sortearon-los-mundiales-u19\/#breadcrumb"},"inLanguage":"es","potentialAction":[{"@type":"ReadAction","target":["http:\/\/gentedebasquet.com.ar\/sitio\/2015\/03\/12\/sortearon-los-mundiales-u19\/"]}]},{"@type":"ImageObject","inLanguage":"es","@id":"http:\/\/gentedebasquet.com.ar\/sitio\/2015\/03\/12\/sortearon-los-mundiales-u19\/#primaryimage","url":"http:\/\/gentedebasquet.com.ar\/sitio\/wp-content\/uploads\/2015\/03\/Mundial-U19.jpg","contentUrl":"http:\/\/gentedebasquet.com.ar\/sitio\/wp-content\/uploads\/2015\/03\/Mundial-U19.jpg","width":690,"height":319},{"@type":"BreadcrumbList","@id":"http:\/\/gentedebasquet.com.ar\/sitio\/2015\/03\/12\/sortearon-los-mundiales-u19\/#breadcrumb","itemListElement":[{"@type":"ListItem","position":1,"name":"Portada","item":"https:\/\/gentedebasquet.com.ar\/sitio\/"},{"@type":"ListItem","position":2,"name":"Sortearon los Mundiales U19"}]},{"@type":"WebSite","@id":"https:\/\/gentedebasquet.com.ar\/sitio\/#website","url":"https:\/\/gentedebasquet.com.ar\/sitio\/","name":"Gente de B\u00e1squet","description":"La revista del basquet de Bah\u00eda Blanca","potentialAction":[{"@type":"SearchAction","target":{"@type":"EntryPoint","urlTemplate":"https:\/\/gentedebasquet.com.ar\/sitio\/?s={search_term_string}"},"query-input":{"@type":"PropertyValueSpecification","valueRequired":true,"valueName":"search_term_string"}}],"inLanguage":"es"},{"@type":"Person","@id":"https:\/\/gentedebasquet.com.ar\/sitio\/#\/schema\/person\/ca0b63bbb977369988a7bbbdc519943a","name":"Gente de B\u00e1squet","image":{"@type":"ImageObject","inLanguage":"es","@id":"https:\/\/secure.gravatar.com\/avatar\/7f2c48bdc33b30088f941fb6082e555f2874c98e20cb159d7b92b50eadfce793?s=96&d=mm&r=g","url":"https:\/\/secure.gravatar.com\/avatar\/7f2c48bdc33b30088f941fb6082e555f2874c98e20cb159d7b92b50eadfce793?s=96&d=mm&r=g","contentUrl":"https:\/\/secure.gravatar.com\/avatar\/7f2c48bdc33b30088f941fb6082e555f2874c98e20cb159d7b92b50eadfce793?s=96&d=mm&r=g","caption":"Gente de B\u00e1squet"},"sameAs":["http:\/\/gentedebasquet.com.ar\/sitio"],"url":"http:\/\/gentedebasquet.com.ar\/sitio\/author\/ulises\/"}]}},"_links":{"self":[{"href":"http:\/\/gentedebasquet.com.ar\/sitio\/wp-json\/wp\/v2\/posts\/42684","targetHints":{"allow":["GET"]}}],"collection":[{"href":"http:\/\/gentedebasquet.com.ar\/sitio\/wp-json\/wp\/v2\/posts"}],"about":[{"href":"http:\/\/gentedebasquet.com.ar\/sitio\/wp-json\/wp\/v2\/types\/post"}],"author":[{"embeddable":true,"href":"http:\/\/gentedebasquet.com.ar\/sitio\/wp-json\/wp\/v2\/users\/1"}],"replies":[{"embeddable":true,"href":"http:\/\/gentedebasquet.com.ar\/sitio\/wp-json\/wp\/v2\/comments?post=42684"}],"version-history":[{"count":0,"href":"http:\/\/gentedebasquet.com.ar\/sitio\/wp-json\/wp\/v2\/posts\/42684\/revisions"}],"wp:featuredmedia":[{"embeddable":true,"href":"http:\/\/gentedebasquet.com.ar\/sitio\/wp-json\/wp\/v2\/media\/42686"}],"wp:attachment":[{"href":"http:\/\/gentedebasquet.com.ar\/sitio\/wp-json\/wp\/v2\/media?parent=42684"}],"wp:term":[{"taxonomy":"category","embeddable":true,"href":"http:\/\/gentedebasquet.com.ar\/sitio\/wp-json\/wp\/v2\/categories?post=42684"},{"taxonomy":"post_tag","embeddable":true,"href":"http:\/\/gentedebasquet.com.ar\/sitio\/wp-json\/wp\/v2\/tags?post=42684"}],"curies":[{"name":"wp","href":"https:\/\/api.w.org\/{rel}","templated":true}]}}