{"id":42991,"date":"2015-03-26T19:15:58","date_gmt":"2015-03-26T22:15:58","guid":{"rendered":"http:\/\/www.gentedebasquet.com.ar\/?p=42991"},"modified":"2015-03-26T19:15:58","modified_gmt":"2015-03-26T22:15:58","slug":"joaco-pallotti-y-bettiga-al-argentino","status":"publish","type":"post","link":"http:\/\/gentedebasquet.com.ar\/sitio\/2015\/03\/26\/joaco-pallotti-y-bettiga-al-argentino\/","title":{"rendered":"Joaco, Pallotti y Bettiga al Argentino"},"content":{"rendered":"<p><strong>Tres jugadores de nuestro \u00e1mbito fueron convocados por el entrenador Oscar chac\u00f3n para formar parte del seleccionado de Provincia de cara al Argentino U17. Se trata del base de Napost\u00e1 Bruno Pallotti (foto), el escolta de Estudiantes (Joaqu\u00edn S\u00e1nchez) y el alero de Olimpo Valent\u00ed Bettiga, quien no particip\u00f3 del <a href=\"http:\/\/www.gentedebasquet.com.ar\/tan-cerca\/\" target=\"_blank\" rel=\"noopener\">torneo provincial desarrollado en Z\u00e1rate<\/a> por haber concurrido a una concentraci\u00f3n con la <a href=\"http:\/\/www.gentedebasquet.com.ar\/con-marini-concentran-los-u16\/\" target=\"_blank\" rel=\"noopener\">preselecci\u00f3n Argentina U16<\/a>. Tambi\u00e9n integra la n\u00f3mina Ferm\u00edn Thygesen, de Bah\u00eda Basket. El Argentino ir\u00e1 en Pergamino (Jun\u00edn ser\u00e1 sub sede), del 24 al 30 de mayo.<\/strong><\/p>\n<p>&nbsp;<\/p>\n<h6>PROVINCIA U17<\/h6>\n<p>Tom\u00e1s Spano (Chivilcoy)<\/p>\n<p>Valent\u00edn Garc\u00eda (Chivilcoy)<\/p>\n<p><strong>Bruno Pallotti (Bah\u00eda Blanca)<\/strong><\/p>\n<p>Ferm\u00edn Thygesen (Tres Arroyos)<\/p>\n<p><strong>Valent\u00edn Bettiga (Bah\u00eda Blanca)<\/strong><\/p>\n<p>Mateo Pastorino (Jun\u00edn, refuerzo de Chivilcoy)<\/p>\n<p><strong>Joaqu\u00edn S\u00e1nchez (Bah\u00eda Blanca)<\/strong><\/p>\n<p>Santiago Barrales (Chivilcoy)<\/p>\n<p>Nicol\u00e1s Del Bue (Chivilcoy)<\/p>\n<p>Santiago Ibarra (Z\u00e1rate)<\/p>\n<p>Nahuel Amichetti (La Plata)<\/p>\n<p>Tom\u00e1s Reimundo (Mar del Plata, refuerzo de Tres Arroyos)<\/p>\n<p>DT: Oscar Chac\u00f3n (Chivilcoy)<\/p>\n<p>AT: Rodrigo Senra (Chivilcoy)<\/p>\n<p>&nbsp;<\/p>\n<h6>POSICIONES FINALES DEL PROVINCIAL U17<\/h6>\n<p>1- Chivilcoy 10 (5-0) +44<\/p>\n<p>2- <strong>Bah\u00eda Blanca<\/strong> 9 (4-1) +63<\/p>\n<p>3- Z\u00e1rate 8 (3-2) +19<\/p>\n<p>4- Tres Arroyos 7 (2-3) +13<\/p>\n<p>5- La Plata 6 (1-4) -55<\/p>\n<p>6- San Nicol\u00e1s 5 (0-5) -84<\/p>\n<p><span style=\"line-height: 1.5em;\">\u00a0<\/span><\/p>\n<table width=\"100%\" border=\"2\">\n<tbody>\n<tr>\n<td align=\"center\" bgcolor=\"#ffffff\"><span style=\"color: #000000; font-family: tahoma, verdana, arial, helvetica, sans-serif; font-size: small;\"><strong>PROVINCIAL<\/strong><\/span><\/td>\n<td align=\"center\" bgcolor=\"#ffffff\"><span style=\"color: #000000; font-family: tahoma, verdana, arial, helvetica, sans-serif; font-size: small;\"><strong>\u00a0 \u00a0 CADETES \u00a0\u00a0<\/strong><\/span><\/td>\n<\/tr>\n<\/tbody>\n<\/table>\n<p>&nbsp;<\/p>\n<table width=\"100%\" border=\"2\">\n<tbody>\n<tr>\n<td align=\"center\" bgcolor=\"#095abf\"><span style=\"color: #ffffff; font-family: tahoma, verdana, arial, helvetica, sans-serif; font-size: small;\"><strong>FECHA 1 &#8211; Jueves 19\/03\/2015<\/strong><\/span><\/td>\n<\/tr>\n<\/tbody>\n<\/table>\n<table width=\"100%\" border=\"2\">\n<tbody>\n<tr>\n<td align=\"center\" bgcolor=\"#e87006\"><span style=\"color: #000000; font-family: tahoma, verdana, arial, helvetica, sans-serif; font-size: small;\"><strong>HORA \/ SEDE<\/strong><\/span><\/td>\n<td align=\"center\" bgcolor=\"#e87006\"><span style=\"color: #000000; font-family: tahoma, verdana, arial, helvetica, sans-serif; font-size: small;\"><strong>LOCAL<\/strong><\/span><\/td>\n<td align=\"center\" bgcolor=\"#000000\"><span style=\"color: #ffffff; font-family: tahoma, verdana, arial, helvetica, sans-serif; font-size: small;\"><strong>RES<\/strong><\/span><\/td>\n<td align=\"center\" bgcolor=\"#e87006\"><span style=\"color: #000000; font-family: tahoma, verdana, arial, helvetica, sans-serif; font-size: small;\"><strong>VISITANTE<\/strong><\/span><\/td>\n<\/tr>\n<tr>\n<td align=\"center\" bgcolor=\"#dcdcdc\"><span style=\"font-family: tahoma, verdana, arial, helvetica, sans-serif; font-size: small;\">18.30 (N\u00e1utico)<\/span><\/td>\n<td align=\"center\" bgcolor=\"#dcdcdc\"><span style=\"font-family: tahoma, verdana, arial, helvetica, sans-serif; font-size: small;\">\u00a0Bah\u00eda Blanca<\/span><\/td>\n<td align=\"center\" bgcolor=\"#dcdcdc\"><a href=\"http:\/\/www.gentedebasquet.com.ar\/bahia-debera-volver-a-empezar\/\" target=\"_blank\" rel=\"noopener\"><span style=\"font-family: tahoma, verdana, arial, helvetica, sans-serif; font-size: small;\">92-88<\/span><\/a><\/td>\n<td align=\"center\" bgcolor=\"#dcdcdc\"><span style=\"font-family: tahoma, verdana, arial, helvetica, sans-serif; font-size: small;\">Chivilcoy<\/span><\/td>\n<\/tr>\n<tr>\n<td align=\"center\" bgcolor=\"#eeeeee\"><span style=\"font-family: tahoma, verdana, arial, helvetica, sans-serif; font-size: small;\">18.30 (Indep&#8217;te)<\/span><\/td>\n<td align=\"center\" bgcolor=\"#eeeeee\"><span style=\"font-family: tahoma, verdana, arial, helvetica, sans-serif; font-size: small;\">\u00a0La Plata<\/span><\/td>\n<td align=\"center\" bgcolor=\"#eeeeee\"><span style=\"font-family: tahoma, verdana, arial, helvetica, sans-serif; font-size: small;\">63-71<\/span><\/td>\n<td align=\"center\" bgcolor=\"#eeeeee\"><span style=\"font-family: tahoma, verdana, arial, helvetica, sans-serif; font-size: small;\">Tres Arroyos<\/span><\/td>\n<\/tr>\n<tr>\n<td align=\"center\" bgcolor=\"#dcdcdc\"><span style=\"font-family: tahoma, verdana, arial, helvetica, sans-serif; font-size: small;\">20.30 (Indep&#8217;te)<\/span><\/td>\n<td align=\"center\" bgcolor=\"#dcdcdc\"><span style=\"font-family: tahoma, verdana, arial, helvetica, sans-serif; font-size: small;\">Z\u00e1rate &#8211; Campana<\/span><\/td>\n<td align=\"center\" bgcolor=\"#dcdcdc\"><span style=\"font-family: tahoma, verdana, arial, helvetica, sans-serif; font-size: small;\">68-44<\/span><\/td>\n<td align=\"center\" bgcolor=\"#dcdcdc\"><span style=\"font-family: tahoma, verdana, arial, helvetica, sans-serif; font-size: small;\">San Nicol\u00e1s<\/span><\/td>\n<\/tr>\n<tr>\n<td align=\"center\" bgcolor=\"#095abf\"><span style=\"font-family: tahoma, verdana, arial, helvetica, sans-serif; font-size: small;\">****************<\/span><\/td>\n<td align=\"center\" bgcolor=\"#095abf\"><span style=\"font-family: tahoma, verdana, arial, helvetica, sans-serif; font-size: small;\">********************<\/span><\/td>\n<td align=\"center\" bgcolor=\"#095abf\"><span style=\"font-family: tahoma, verdana, arial, helvetica, sans-serif; font-size: small;\">******<\/span><\/td>\n<td align=\"center\" bgcolor=\"#095abf\"><span style=\"font-family: tahoma, verdana, arial, helvetica, sans-serif; font-size: small;\">********************<\/span><\/td>\n<\/tr>\n<\/tbody>\n<\/table>\n<p>&nbsp;<\/p>\n<table width=\"100%\" border=\"2\">\n<tbody>\n<tr>\n<td align=\"center\" bgcolor=\"#095abf\"><span style=\"color: #ffffff; font-family: tahoma, verdana, arial, helvetica, sans-serif; font-size: small;\"><strong>FECHA 2 &#8211; Viernes 20\/03\/2015<\/strong><\/span><\/td>\n<\/tr>\n<\/tbody>\n<\/table>\n<table width=\"100%\" border=\"2\">\n<tbody>\n<tr>\n<td align=\"center\" bgcolor=\"#e87006\"><span style=\"color: #000000; font-family: tahoma, verdana, arial, helvetica, sans-serif; font-size: small;\"><strong>HORA \/ SEDE<\/strong><\/span><\/td>\n<td align=\"center\" bgcolor=\"#e87006\"><span style=\"color: #000000; font-family: tahoma, verdana, arial, helvetica, sans-serif; font-size: small;\"><strong>LOCAL<\/strong><\/span><\/td>\n<td align=\"center\" bgcolor=\"#000000\"><span style=\"color: #ffffff; font-family: tahoma, verdana, arial, helvetica, sans-serif; font-size: small;\"><strong>RES<\/strong><\/span><\/td>\n<td align=\"center\" bgcolor=\"#e87006\"><span style=\"color: #000000; font-family: tahoma, verdana, arial, helvetica, sans-serif; font-size: small;\"><strong>VISITANTE<\/strong><\/span><\/td>\n<\/tr>\n<tr>\n<td align=\"center\" bgcolor=\"#dcdcdc\"><span style=\"font-family: tahoma, verdana, arial, helvetica, sans-serif; font-size: small;\">10.30 (N\u00e1utico)<\/span><\/td>\n<td align=\"center\" bgcolor=\"#dcdcdc\"><span style=\"font-family: tahoma, verdana, arial, helvetica, sans-serif; font-size: small;\">\u00a0Bah\u00eda Blanca<\/span><\/td>\n<td align=\"center\" bgcolor=\"#dcdcdc\"><a href=\"http:\/\/www.gentedebasquet.com.ar\/se-saco-de-encima-a-tres-arroyos\/\" target=\"_blank\" rel=\"noopener\"><span style=\"font-family: tahoma, verdana, arial, helvetica, sans-serif; font-size: small;\">74-68<\/span><\/a><\/td>\n<td align=\"center\" bgcolor=\"#dcdcdc\"><span style=\"font-family: tahoma, verdana, arial, helvetica, sans-serif; font-size: small;\">Tres Arroyos<\/span><\/td>\n<\/tr>\n<tr>\n<td align=\"center\" bgcolor=\"#eeeeee\"><span style=\"font-family: tahoma, verdana, arial, helvetica, sans-serif; font-size: small;\">10.30 (Campana)<\/span><\/td>\n<td align=\"center\" bgcolor=\"#eeeeee\"><span style=\"font-family: tahoma, verdana, arial, helvetica, sans-serif; font-size: small;\">Chivilcoy<\/span><\/td>\n<td align=\"center\" bgcolor=\"#eeeeee\"><span style=\"font-family: tahoma, verdana, arial, helvetica, sans-serif; font-size: small;\">76-67<\/span><\/td>\n<td align=\"center\" bgcolor=\"#eeeeee\"><span style=\"font-family: tahoma, verdana, arial, helvetica, sans-serif; font-size: small;\">San Nicol\u00e1s<\/span><\/td>\n<\/tr>\n<tr>\n<td align=\"center\" bgcolor=\"#dcdcdc\"><span style=\"font-family: tahoma, verdana, arial, helvetica, sans-serif; font-size: small;\">10.30 (Indep&#8217;te)<\/span><\/td>\n<td align=\"center\" bgcolor=\"#dcdcdc\"><span style=\"font-family: tahoma, verdana, arial, helvetica, sans-serif; font-size: small;\">\u00a0Z\u00e1rate &#8211; Campana<\/span><\/td>\n<td align=\"center\" bgcolor=\"#dcdcdc\"><span style=\"font-family: tahoma, verdana, arial, helvetica, sans-serif; font-size: small;\">64-38<\/span><\/td>\n<td align=\"center\" bgcolor=\"#dcdcdc\"><span style=\"font-family: tahoma, verdana, arial, helvetica, sans-serif; font-size: small;\">La Plata<\/span><\/td>\n<\/tr>\n<tr>\n<td align=\"center\" bgcolor=\"#095abf\"><span style=\"font-family: tahoma, verdana, arial, helvetica, sans-serif; font-size: small;\">****************<\/span><\/td>\n<td align=\"center\" bgcolor=\"#095abf\"><span style=\"font-family: tahoma, verdana, arial, helvetica, sans-serif; font-size: small;\">********************<\/span><\/td>\n<td align=\"center\" bgcolor=\"#095abf\"><span style=\"font-family: tahoma, verdana, arial, helvetica, sans-serif; font-size: small;\">******<\/span><\/td>\n<td align=\"center\" bgcolor=\"#095abf\"><span style=\"font-family: tahoma, verdana, arial, helvetica, sans-serif; font-size: small;\">********************<\/span><\/td>\n<\/tr>\n<\/tbody>\n<\/table>\n<p>&nbsp;<\/p>\n<table width=\"100%\" border=\"2\">\n<tbody>\n<tr>\n<td align=\"center\" bgcolor=\"#095abf\"><span style=\"color: #ffffff; font-family: tahoma, verdana, arial, helvetica, sans-serif; font-size: small;\"><strong>FECHA 3 &#8211; Viernes 20\/03\/2015<\/strong><\/span><\/td>\n<\/tr>\n<\/tbody>\n<\/table>\n<table width=\"100%\" border=\"2\">\n<tbody>\n<tr>\n<td align=\"center\" bgcolor=\"#e87006\"><span style=\"color: #000000; font-family: tahoma, verdana, arial, helvetica, sans-serif; font-size: small;\"><strong>HORA \/ SEDE<\/strong><\/span><\/td>\n<td align=\"center\" bgcolor=\"#e87006\"><span style=\"color: #000000; font-family: tahoma, verdana, arial, helvetica, sans-serif; font-size: small;\"><strong>LOCAL<\/strong><\/span><\/td>\n<td align=\"center\" bgcolor=\"#000000\"><span style=\"color: #ffffff; font-family: tahoma, verdana, arial, helvetica, sans-serif; font-size: small;\"><strong>RES<\/strong><\/span><\/td>\n<td align=\"center\" bgcolor=\"#e87006\"><span style=\"color: #000000; font-family: tahoma, verdana, arial, helvetica, sans-serif; font-size: small;\"><strong>VISITANTE<\/strong><\/span><\/td>\n<\/tr>\n<tr>\n<td align=\"center\" bgcolor=\"#dcdcdc\"><span style=\"font-family: tahoma, verdana, arial, helvetica, sans-serif; font-size: small;\">20.00 (Def. Unidos)<\/span><\/td>\n<td align=\"center\" bgcolor=\"#dcdcdc\"><span style=\"font-family: tahoma, verdana, arial, helvetica, sans-serif; font-size: small;\">La Plata\u00a0<\/span><\/td>\n<td align=\"center\" bgcolor=\"#dcdcdc\"><span style=\"font-family: tahoma, verdana, arial, helvetica, sans-serif; font-size: small;\">66-77<\/span><\/td>\n<td align=\"center\" bgcolor=\"#dcdcdc\"><span style=\"font-family: tahoma, verdana, arial, helvetica, sans-serif; font-size: small;\">Chivilcoy<\/span><\/td>\n<\/tr>\n<tr>\n<td align=\"center\" bgcolor=\"#eeeeee\"><span style=\"font-family: tahoma, verdana, arial, helvetica, sans-serif; font-size: small;\">20.00 (N\u00e1utico)<\/span><\/td>\n<td align=\"center\" bgcolor=\"#eeeeee\"><span style=\"font-family: tahoma, verdana, arial, helvetica, sans-serif; font-size: small;\">\u00a0San Nicol\u00e1s<\/span><\/td>\n<td align=\"center\" bgcolor=\"#eeeeee\"><a href=\"http:\/\/www.gentedebasquet.com.ar\/abrio-la-puerta-para-ir-a-jugar\/\" target=\"_blank\" rel=\"noopener\"><span style=\"font-family: tahoma, verdana, arial, helvetica, sans-serif; font-size: small;\">48-78<\/span><\/a><\/td>\n<td align=\"center\" bgcolor=\"#eeeeee\"><span style=\"font-family: tahoma, verdana, arial, helvetica, sans-serif; font-size: small;\">Bah\u00eda Blanca<\/span><\/td>\n<\/tr>\n<tr>\n<td align=\"center\" bgcolor=\"#dcdcdc\"><span style=\"font-family: tahoma, verdana, arial, helvetica, sans-serif; font-size: small;\">21.30 (Baradero)<\/span><\/td>\n<td align=\"center\" bgcolor=\"#dcdcdc\"><span style=\"font-family: tahoma, verdana, arial, helvetica, sans-serif; font-size: small;\">Z\u00e1rate &#8211; Campana\u00a0<\/span><\/td>\n<td align=\"center\" bgcolor=\"#dcdcdc\"><span style=\"font-family: tahoma, verdana, arial, helvetica, sans-serif; font-size: small;\">71-67<\/span><\/td>\n<td align=\"center\" bgcolor=\"#dcdcdc\"><span style=\"font-family: tahoma, verdana, arial, helvetica, sans-serif; font-size: small;\">Tres Arroyos<\/span><\/td>\n<\/tr>\n<tr>\n<td align=\"center\" bgcolor=\"#095abf\"><span style=\"font-family: tahoma, verdana, arial, helvetica, sans-serif; font-size: small;\">****************<\/span><\/td>\n<td align=\"center\" bgcolor=\"#095abf\"><span style=\"font-family: tahoma, verdana, arial, helvetica, sans-serif; font-size: small;\">********************<\/span><\/td>\n<td align=\"center\" bgcolor=\"#095abf\"><span style=\"font-family: tahoma, verdana, arial, helvetica, sans-serif; font-size: small;\">******<\/span><\/td>\n<td align=\"center\" bgcolor=\"#095abf\"><span style=\"font-family: tahoma, verdana, arial, helvetica, sans-serif; font-size: small;\">********************<\/span><\/td>\n<\/tr>\n<\/tbody>\n<\/table>\n<p>&nbsp;<\/p>\n<table width=\"100%\" border=\"2\">\n<tbody>\n<tr>\n<td align=\"center\" bgcolor=\"#095abf\"><span style=\"color: #ffffff; font-family: tahoma, verdana, arial, helvetica, sans-serif; font-size: small;\"><strong>FECHA 4 &#8211; S\u00e1bado 21\/03\/2015<\/strong><\/span><\/td>\n<\/tr>\n<\/tbody>\n<\/table>\n<table width=\"100%\" border=\"2\">\n<tbody>\n<tr>\n<td align=\"center\" bgcolor=\"#e87006\"><span style=\"color: #000000; font-family: tahoma, verdana, arial, helvetica, sans-serif; font-size: small;\"><strong>HORA \/ SEDE<\/strong><\/span><\/td>\n<td align=\"center\" bgcolor=\"#e87006\"><span style=\"color: #000000; font-family: tahoma, verdana, arial, helvetica, sans-serif; font-size: small;\"><strong>LOCAL<\/strong><\/span><\/td>\n<td align=\"center\" bgcolor=\"#000000\"><span style=\"color: #ffffff; font-family: tahoma, verdana, arial, helvetica, sans-serif; font-size: small;\"><strong>RES<\/strong><\/span><\/td>\n<td align=\"center\" bgcolor=\"#e87006\"><span style=\"color: #000000; font-family: tahoma, verdana, arial, helvetica, sans-serif; font-size: small;\"><strong>VISITANTE<\/strong><\/span><\/td>\n<\/tr>\n<tr>\n<td align=\"center\" bgcolor=\"#dcdcdc\"><span style=\"font-family: tahoma, verdana, arial, helvetica, sans-serif; font-size: small;\">17.30 (Def. Unidos)<\/span><\/td>\n<td align=\"center\" bgcolor=\"#dcdcdc\"><span style=\"font-family: tahoma, verdana, arial, helvetica, sans-serif; font-size: small;\">La Plata\u00a0<\/span><\/td>\n<td align=\"center\" bgcolor=\"#dcdcdc\"><span style=\"font-family: tahoma, verdana, arial, helvetica, sans-serif; font-size: small;\">63-62<\/span><\/td>\n<td align=\"center\" bgcolor=\"#dcdcdc\"><span style=\"font-family: tahoma, verdana, arial, helvetica, sans-serif; font-size: small;\">San Nicol\u00e1s<\/span><\/td>\n<\/tr>\n<tr>\n<td align=\"center\" bgcolor=\"#eeeeee\"><span style=\"font-family: tahoma, verdana, arial, helvetica, sans-serif; font-size: small;\">17.30 (Indep&#8217;te)<\/span><\/td>\n<td align=\"center\" bgcolor=\"#eeeeee\"><span style=\"font-family: tahoma, verdana, arial, helvetica, sans-serif; font-size: small;\">\u00a0Chivilcoy<\/span><\/td>\n<td align=\"center\" bgcolor=\"#eeeeee\"><span style=\"font-family: tahoma, verdana, arial, helvetica, sans-serif; font-size: small;\">64-60<\/span><\/td>\n<td align=\"center\" bgcolor=\"#eeeeee\"><span style=\"font-family: tahoma, verdana, arial, helvetica, sans-serif; font-size: small;\">Tres Arroyos<\/span><\/td>\n<\/tr>\n<tr>\n<td align=\"center\" bgcolor=\"#dcdcdc\"><span style=\"font-family: tahoma, verdana, arial, helvetica, sans-serif; font-size: small;\">19.30 (Indep&#8217;te)<\/span><\/td>\n<td align=\"center\" bgcolor=\"#dcdcdc\"><span style=\"font-family: tahoma, verdana, arial, helvetica, sans-serif; font-size: small;\">Z\u00e1rate &#8211; Campana\u00a0<\/span><\/td>\n<td align=\"center\" bgcolor=\"#dcdcdc\"><a href=\"http:\/\/www.gentedebasquet.com.ar\/zarate-abrazo-largo\/\" target=\"_blank\" rel=\"noopener\"><span style=\"font-family: tahoma, verdana, arial, helvetica, sans-serif; font-size: small;\">70-89<\/span><\/a><\/td>\n<td align=\"center\" bgcolor=\"#dcdcdc\"><span style=\"font-family: tahoma, verdana, arial, helvetica, sans-serif; font-size: small;\">Bah\u00eda Blanca<\/span><\/td>\n<\/tr>\n<tr>\n<td align=\"center\" bgcolor=\"#095abf\"><span style=\"font-family: tahoma, verdana, arial, helvetica, sans-serif; font-size: small;\">****************<\/span><\/td>\n<td align=\"center\" bgcolor=\"#095abf\"><span style=\"font-family: tahoma, verdana, arial, helvetica, sans-serif; font-size: small;\">********************<\/span><\/td>\n<td align=\"center\" bgcolor=\"#095abf\"><span style=\"font-family: tahoma, verdana, arial, helvetica, sans-serif; font-size: small;\">******<\/span><\/td>\n<td align=\"center\" bgcolor=\"#095abf\"><span style=\"font-family: tahoma, verdana, arial, helvetica, sans-serif; font-size: small;\">********************<\/span><\/td>\n<\/tr>\n<\/tbody>\n<\/table>\n<p>&nbsp;<\/p>\n<table width=\"100%\" border=\"2\">\n<tbody>\n<tr>\n<td align=\"center\" bgcolor=\"#095abf\"><span style=\"color: #ffffff; font-family: tahoma, verdana, arial, helvetica, sans-serif; font-size: small;\"><strong>FECHA 5 &#8211; Domingo 22\/03\/2015<\/strong><\/span><\/td>\n<\/tr>\n<\/tbody>\n<\/table>\n<table width=\"100%\" border=\"2\">\n<tbody>\n<tr>\n<td align=\"center\" bgcolor=\"#e87006\"><span style=\"color: #000000; font-family: tahoma, verdana, arial, helvetica, sans-serif; font-size: small;\"><strong>HORA \/ SEDE<\/strong><\/span><\/td>\n<td align=\"center\" bgcolor=\"#e87006\"><span style=\"color: #000000; font-family: tahoma, verdana, arial, helvetica, sans-serif; font-size: small;\"><strong>LOCAL<\/strong><\/span><\/td>\n<td align=\"center\" bgcolor=\"#000000\"><span style=\"color: #ffffff; font-family: tahoma, verdana, arial, helvetica, sans-serif; font-size: small;\"><strong>RES<\/strong><\/span><\/td>\n<td align=\"center\" bgcolor=\"#e87006\"><span style=\"color: #000000; font-family: tahoma, verdana, arial, helvetica, sans-serif; font-size: small;\"><strong>VISITANTE<\/strong><\/span><\/td>\n<\/tr>\n<tr>\n<td align=\"center\" bgcolor=\"#dcdcdc\"><span style=\"font-family: tahoma, verdana, arial, helvetica, sans-serif; font-size: small;\">10.00 (N\u00e1utico)<\/span><\/td>\n<td align=\"center\" bgcolor=\"#dcdcdc\"><span style=\"font-family: tahoma, verdana, arial, helvetica, sans-serif; font-size: small;\">Bah\u00eda Blanca\u00a0<\/span><\/td>\n<td align=\"center\" bgcolor=\"#dcdcdc\"><a href=\"http:\/\/www.gentedebasquet.com.ar\/tan-cerca\/\" target=\"_blank\" rel=\"noopener\"><span style=\"font-family: tahoma, verdana, arial, helvetica, sans-serif; font-size: small;\">76-64<\/span><\/a><\/td>\n<td align=\"center\" bgcolor=\"#dcdcdc\"><span style=\"font-family: tahoma, verdana, arial, helvetica, sans-serif; font-size: small;\">La Plata<\/span><\/td>\n<\/tr>\n<tr>\n<td align=\"center\" bgcolor=\"#eeeeee\"><span style=\"font-family: tahoma, verdana, arial, helvetica, sans-serif; font-size: small;\">10.00 (Campana)<\/span><\/td>\n<td align=\"center\" bgcolor=\"#eeeeee\"><span style=\"font-family: tahoma, verdana, arial, helvetica, sans-serif; font-size: small;\">\u00a0San Nicol\u00e1s<\/span><\/td>\n<td align=\"center\" bgcolor=\"#eeeeee\"><span style=\"font-family: tahoma, verdana, arial, helvetica, sans-serif; font-size: small;\">67-86<\/span><\/td>\n<td align=\"center\" bgcolor=\"#eeeeee\"><span style=\"font-family: tahoma, verdana, arial, helvetica, sans-serif; font-size: small;\">Tres Arroyos<\/span><\/td>\n<\/tr>\n<tr>\n<td align=\"center\" bgcolor=\"#dcdcdc\"><span style=\"font-family: tahoma, verdana, arial, helvetica, sans-serif; font-size: small;\">11.30 (Indep&#8217;te)<\/span><\/td>\n<td align=\"center\" bgcolor=\"#dcdcdc\"><span style=\"font-family: tahoma, verdana, arial, helvetica, sans-serif; font-size: small;\">Z\u00e1rate &#8211; Campana<\/span><\/td>\n<td align=\"center\" bgcolor=\"#dcdcdc\"><span style=\"font-family: tahoma, verdana, arial, helvetica, sans-serif; font-size: small;\">54-70<\/span><\/td>\n<td align=\"center\" bgcolor=\"#dcdcdc\"><span style=\"font-family: tahoma, verdana, arial, helvetica, sans-serif; font-size: small;\">Chivilcoy<\/span><\/td>\n<\/tr>\n<tr>\n<td align=\"center\" bgcolor=\"#095abf\"><span style=\"font-family: tahoma, verdana, arial, helvetica, sans-serif; font-size: small;\">****************<\/span><\/td>\n<td align=\"center\" bgcolor=\"#095abf\"><span style=\"font-family: tahoma, verdana, arial, helvetica, sans-serif; font-size: small;\">********************<\/span><\/td>\n<td align=\"center\" bgcolor=\"#095abf\"><span style=\"font-family: tahoma, verdana, arial, helvetica, sans-serif; font-size: small;\">******<\/span><\/td>\n<td align=\"center\" bgcolor=\"#095abf\"><span style=\"font-family: tahoma, verdana, arial, helvetica, sans-serif; font-size: small;\">********************<\/span><\/td>\n<\/tr>\n<\/tbody>\n<\/table>\n","protected":false},"excerpt":{"rendered":"<p>Los tres jugadores fueron convocados por Provincia para el Argentino U17<\/p>\n","protected":false},"author":1,"featured_media":42992,"comment_status":"closed","ping_status":"open","sticky":false,"template":"","format":"standard","meta":{"jnews-multi-image_gallery":[],"jnews_single_post":[],"jnews_primary_category":[],"footnotes":""},"categories":[24,101],"tags":[391,58,459,11,511,305,15,16,110,375,429],"class_list":["post-42991","post","type-post","status-publish","format-standard","has-post-thumbnail","hentry","category-overtime","category-slide","tag-argentino-u17","tag-bahiabasket","tag-bruno-pallotti","tag-estudiantes","tag-fermin-thygesen","tag-joaquin-sanchez","tag-naposta","tag-olimpo","tag-provincial-u17","tag-valentin-bettiga","tag-zarate"],"yoast_head":"<!-- This site is optimized with the Yoast SEO plugin v27.5 - https:\/\/yoast.com\/product\/yoast-seo-wordpress\/ -->\n<title>Joaco, Pallotti y Bettiga al Argentino - Gente de B\u00e1squet<\/title>\n<meta name=\"robots\" content=\"index, follow, max-snippet:-1, max-image-preview:large, max-video-preview:-1\" \/>\n<link rel=\"canonical\" href=\"http:\/\/gentedebasquet.com.ar\/sitio\/2015\/03\/26\/joaco-pallotti-y-bettiga-al-argentino\/\" \/>\n<meta property=\"og:locale\" content=\"es_ES\" \/>\n<meta property=\"og:type\" content=\"article\" \/>\n<meta property=\"og:title\" content=\"Joaco, Pallotti y Bettiga al Argentino - Gente de B\u00e1squet\" \/>\n<meta property=\"og:description\" content=\"Los tres jugadores fueron convocados por Provincia para el Argentino U17\" \/>\n<meta property=\"og:url\" content=\"http:\/\/gentedebasquet.com.ar\/sitio\/2015\/03\/26\/joaco-pallotti-y-bettiga-al-argentino\/\" \/>\n<meta property=\"og:site_name\" content=\"Gente de B\u00e1squet\" \/>\n<meta property=\"article:published_time\" content=\"2015-03-26T22:15:58+00:00\" \/>\n<meta property=\"og:image\" content=\"http:\/\/gentedebasquet.com.ar\/sitio\/wp-content\/uploads\/2015\/03\/Pallotti.jpg\" \/>\n\t<meta property=\"og:image:width\" content=\"690\" \/>\n\t<meta property=\"og:image:height\" content=\"319\" \/>\n\t<meta property=\"og:image:type\" content=\"image\/jpeg\" \/>\n<meta name=\"author\" content=\"Gente de B\u00e1squet\" \/>\n<meta name=\"twitter:card\" content=\"summary_large_image\" \/>\n<meta name=\"twitter:label1\" content=\"Escrito por\" \/>\n\t<meta name=\"twitter:data1\" content=\"Gente de B\u00e1squet\" \/>\n\t<meta name=\"twitter:label2\" content=\"Tiempo de lectura\" \/>\n\t<meta name=\"twitter:data2\" content=\"2 minutos\" \/>\n<script type=\"application\/ld+json\" class=\"yoast-schema-graph\">{\"@context\":\"https:\\\/\\\/schema.org\",\"@graph\":[{\"@type\":\"Article\",\"@id\":\"http:\\\/\\\/gentedebasquet.com.ar\\\/sitio\\\/2015\\\/03\\\/26\\\/joaco-pallotti-y-bettiga-al-argentino\\\/#article\",\"isPartOf\":{\"@id\":\"http:\\\/\\\/gentedebasquet.com.ar\\\/sitio\\\/2015\\\/03\\\/26\\\/joaco-pallotti-y-bettiga-al-argentino\\\/\"},\"author\":{\"name\":\"Gente de B\u00e1squet\",\"@id\":\"https:\\\/\\\/gentedebasquet.com.ar\\\/sitio\\\/#\\\/schema\\\/person\\\/ca0b63bbb977369988a7bbbdc519943a\"},\"headline\":\"Joaco, Pallotti y Bettiga al Argentino\",\"datePublished\":\"2015-03-26T22:15:58+00:00\",\"mainEntityOfPage\":{\"@id\":\"http:\\\/\\\/gentedebasquet.com.ar\\\/sitio\\\/2015\\\/03\\\/26\\\/joaco-pallotti-y-bettiga-al-argentino\\\/\"},\"wordCount\":380,\"image\":{\"@id\":\"http:\\\/\\\/gentedebasquet.com.ar\\\/sitio\\\/2015\\\/03\\\/26\\\/joaco-pallotti-y-bettiga-al-argentino\\\/#primaryimage\"},\"thumbnailUrl\":\"http:\\\/\\\/gentedebasquet.com.ar\\\/sitio\\\/wp-content\\\/uploads\\\/2015\\\/03\\\/Pallotti.jpg\",\"keywords\":[\"Argentino U17\",\"Bah\u00eda Basket\",\"Bruno Pallotti\",\"Estudiantes\",\"Ferm\u00edn Thygesen\",\"Joaqu\u00edn S\u00e1nchez\",\"Naposta\",\"Ol\u00edmpo\",\"Provincial U17\",\"Valent\u00edn Bettiga\",\"Z\u00e1rate\"],\"articleSection\":[\"#Overtime\",\"Slide\"],\"inLanguage\":\"es\"},{\"@type\":\"WebPage\",\"@id\":\"http:\\\/\\\/gentedebasquet.com.ar\\\/sitio\\\/2015\\\/03\\\/26\\\/joaco-pallotti-y-bettiga-al-argentino\\\/\",\"url\":\"http:\\\/\\\/gentedebasquet.com.ar\\\/sitio\\\/2015\\\/03\\\/26\\\/joaco-pallotti-y-bettiga-al-argentino\\\/\",\"name\":\"Joaco, Pallotti y Bettiga al Argentino - Gente de B\u00e1squet\",\"isPartOf\":{\"@id\":\"https:\\\/\\\/gentedebasquet.com.ar\\\/sitio\\\/#website\"},\"primaryImageOfPage\":{\"@id\":\"http:\\\/\\\/gentedebasquet.com.ar\\\/sitio\\\/2015\\\/03\\\/26\\\/joaco-pallotti-y-bettiga-al-argentino\\\/#primaryimage\"},\"image\":{\"@id\":\"http:\\\/\\\/gentedebasquet.com.ar\\\/sitio\\\/2015\\\/03\\\/26\\\/joaco-pallotti-y-bettiga-al-argentino\\\/#primaryimage\"},\"thumbnailUrl\":\"http:\\\/\\\/gentedebasquet.com.ar\\\/sitio\\\/wp-content\\\/uploads\\\/2015\\\/03\\\/Pallotti.jpg\",\"datePublished\":\"2015-03-26T22:15:58+00:00\",\"author\":{\"@id\":\"https:\\\/\\\/gentedebasquet.com.ar\\\/sitio\\\/#\\\/schema\\\/person\\\/ca0b63bbb977369988a7bbbdc519943a\"},\"breadcrumb\":{\"@id\":\"http:\\\/\\\/gentedebasquet.com.ar\\\/sitio\\\/2015\\\/03\\\/26\\\/joaco-pallotti-y-bettiga-al-argentino\\\/#breadcrumb\"},\"inLanguage\":\"es\",\"potentialAction\":[{\"@type\":\"ReadAction\",\"target\":[\"http:\\\/\\\/gentedebasquet.com.ar\\\/sitio\\\/2015\\\/03\\\/26\\\/joaco-pallotti-y-bettiga-al-argentino\\\/\"]}]},{\"@type\":\"ImageObject\",\"inLanguage\":\"es\",\"@id\":\"http:\\\/\\\/gentedebasquet.com.ar\\\/sitio\\\/2015\\\/03\\\/26\\\/joaco-pallotti-y-bettiga-al-argentino\\\/#primaryimage\",\"url\":\"http:\\\/\\\/gentedebasquet.com.ar\\\/sitio\\\/wp-content\\\/uploads\\\/2015\\\/03\\\/Pallotti.jpg\",\"contentUrl\":\"http:\\\/\\\/gentedebasquet.com.ar\\\/sitio\\\/wp-content\\\/uploads\\\/2015\\\/03\\\/Pallotti.jpg\",\"width\":690,\"height\":319},{\"@type\":\"BreadcrumbList\",\"@id\":\"http:\\\/\\\/gentedebasquet.com.ar\\\/sitio\\\/2015\\\/03\\\/26\\\/joaco-pallotti-y-bettiga-al-argentino\\\/#breadcrumb\",\"itemListElement\":[{\"@type\":\"ListItem\",\"position\":1,\"name\":\"Portada\",\"item\":\"https:\\\/\\\/gentedebasquet.com.ar\\\/sitio\\\/\"},{\"@type\":\"ListItem\",\"position\":2,\"name\":\"Joaco, Pallotti y Bettiga al Argentino\"}]},{\"@type\":\"WebSite\",\"@id\":\"https:\\\/\\\/gentedebasquet.com.ar\\\/sitio\\\/#website\",\"url\":\"https:\\\/\\\/gentedebasquet.com.ar\\\/sitio\\\/\",\"name\":\"Gente de B\u00e1squet\",\"description\":\"La revista del basquet de Bah\u00eda Blanca\",\"potentialAction\":[{\"@type\":\"SearchAction\",\"target\":{\"@type\":\"EntryPoint\",\"urlTemplate\":\"https:\\\/\\\/gentedebasquet.com.ar\\\/sitio\\\/?s={search_term_string}\"},\"query-input\":{\"@type\":\"PropertyValueSpecification\",\"valueRequired\":true,\"valueName\":\"search_term_string\"}}],\"inLanguage\":\"es\"},{\"@type\":\"Person\",\"@id\":\"https:\\\/\\\/gentedebasquet.com.ar\\\/sitio\\\/#\\\/schema\\\/person\\\/ca0b63bbb977369988a7bbbdc519943a\",\"name\":\"Gente de B\u00e1squet\",\"image\":{\"@type\":\"ImageObject\",\"inLanguage\":\"es\",\"@id\":\"https:\\\/\\\/secure.gravatar.com\\\/avatar\\\/7f2c48bdc33b30088f941fb6082e555f2874c98e20cb159d7b92b50eadfce793?s=96&d=mm&r=g\",\"url\":\"https:\\\/\\\/secure.gravatar.com\\\/avatar\\\/7f2c48bdc33b30088f941fb6082e555f2874c98e20cb159d7b92b50eadfce793?s=96&d=mm&r=g\",\"contentUrl\":\"https:\\\/\\\/secure.gravatar.com\\\/avatar\\\/7f2c48bdc33b30088f941fb6082e555f2874c98e20cb159d7b92b50eadfce793?s=96&d=mm&r=g\",\"caption\":\"Gente de B\u00e1squet\"},\"sameAs\":[\"http:\\\/\\\/gentedebasquet.com.ar\\\/sitio\"],\"url\":\"http:\\\/\\\/gentedebasquet.com.ar\\\/sitio\\\/author\\\/ulises\\\/\"}]}<\/script>\n<!-- \/ Yoast SEO plugin. -->","yoast_head_json":{"title":"Joaco, Pallotti y Bettiga al Argentino - Gente de B\u00e1squet","robots":{"index":"index","follow":"follow","max-snippet":"max-snippet:-1","max-image-preview":"max-image-preview:large","max-video-preview":"max-video-preview:-1"},"canonical":"http:\/\/gentedebasquet.com.ar\/sitio\/2015\/03\/26\/joaco-pallotti-y-bettiga-al-argentino\/","og_locale":"es_ES","og_type":"article","og_title":"Joaco, Pallotti y Bettiga al Argentino - Gente de B\u00e1squet","og_description":"Los tres jugadores fueron convocados por Provincia para el Argentino U17","og_url":"http:\/\/gentedebasquet.com.ar\/sitio\/2015\/03\/26\/joaco-pallotti-y-bettiga-al-argentino\/","og_site_name":"Gente de B\u00e1squet","article_published_time":"2015-03-26T22:15:58+00:00","og_image":[{"width":690,"height":319,"url":"http:\/\/gentedebasquet.com.ar\/sitio\/wp-content\/uploads\/2015\/03\/Pallotti.jpg","type":"image\/jpeg"}],"author":"Gente de B\u00e1squet","twitter_card":"summary_large_image","twitter_misc":{"Escrito por":"Gente de B\u00e1squet","Tiempo de lectura":"2 minutos"},"schema":{"@context":"https:\/\/schema.org","@graph":[{"@type":"Article","@id":"http:\/\/gentedebasquet.com.ar\/sitio\/2015\/03\/26\/joaco-pallotti-y-bettiga-al-argentino\/#article","isPartOf":{"@id":"http:\/\/gentedebasquet.com.ar\/sitio\/2015\/03\/26\/joaco-pallotti-y-bettiga-al-argentino\/"},"author":{"name":"Gente de B\u00e1squet","@id":"https:\/\/gentedebasquet.com.ar\/sitio\/#\/schema\/person\/ca0b63bbb977369988a7bbbdc519943a"},"headline":"Joaco, Pallotti y Bettiga al Argentino","datePublished":"2015-03-26T22:15:58+00:00","mainEntityOfPage":{"@id":"http:\/\/gentedebasquet.com.ar\/sitio\/2015\/03\/26\/joaco-pallotti-y-bettiga-al-argentino\/"},"wordCount":380,"image":{"@id":"http:\/\/gentedebasquet.com.ar\/sitio\/2015\/03\/26\/joaco-pallotti-y-bettiga-al-argentino\/#primaryimage"},"thumbnailUrl":"http:\/\/gentedebasquet.com.ar\/sitio\/wp-content\/uploads\/2015\/03\/Pallotti.jpg","keywords":["Argentino U17","Bah\u00eda Basket","Bruno Pallotti","Estudiantes","Ferm\u00edn Thygesen","Joaqu\u00edn S\u00e1nchez","Naposta","Ol\u00edmpo","Provincial U17","Valent\u00edn Bettiga","Z\u00e1rate"],"articleSection":["#Overtime","Slide"],"inLanguage":"es"},{"@type":"WebPage","@id":"http:\/\/gentedebasquet.com.ar\/sitio\/2015\/03\/26\/joaco-pallotti-y-bettiga-al-argentino\/","url":"http:\/\/gentedebasquet.com.ar\/sitio\/2015\/03\/26\/joaco-pallotti-y-bettiga-al-argentino\/","name":"Joaco, Pallotti y Bettiga al Argentino - Gente de B\u00e1squet","isPartOf":{"@id":"https:\/\/gentedebasquet.com.ar\/sitio\/#website"},"primaryImageOfPage":{"@id":"http:\/\/gentedebasquet.com.ar\/sitio\/2015\/03\/26\/joaco-pallotti-y-bettiga-al-argentino\/#primaryimage"},"image":{"@id":"http:\/\/gentedebasquet.com.ar\/sitio\/2015\/03\/26\/joaco-pallotti-y-bettiga-al-argentino\/#primaryimage"},"thumbnailUrl":"http:\/\/gentedebasquet.com.ar\/sitio\/wp-content\/uploads\/2015\/03\/Pallotti.jpg","datePublished":"2015-03-26T22:15:58+00:00","author":{"@id":"https:\/\/gentedebasquet.com.ar\/sitio\/#\/schema\/person\/ca0b63bbb977369988a7bbbdc519943a"},"breadcrumb":{"@id":"http:\/\/gentedebasquet.com.ar\/sitio\/2015\/03\/26\/joaco-pallotti-y-bettiga-al-argentino\/#breadcrumb"},"inLanguage":"es","potentialAction":[{"@type":"ReadAction","target":["http:\/\/gentedebasquet.com.ar\/sitio\/2015\/03\/26\/joaco-pallotti-y-bettiga-al-argentino\/"]}]},{"@type":"ImageObject","inLanguage":"es","@id":"http:\/\/gentedebasquet.com.ar\/sitio\/2015\/03\/26\/joaco-pallotti-y-bettiga-al-argentino\/#primaryimage","url":"http:\/\/gentedebasquet.com.ar\/sitio\/wp-content\/uploads\/2015\/03\/Pallotti.jpg","contentUrl":"http:\/\/gentedebasquet.com.ar\/sitio\/wp-content\/uploads\/2015\/03\/Pallotti.jpg","width":690,"height":319},{"@type":"BreadcrumbList","@id":"http:\/\/gentedebasquet.com.ar\/sitio\/2015\/03\/26\/joaco-pallotti-y-bettiga-al-argentino\/#breadcrumb","itemListElement":[{"@type":"ListItem","position":1,"name":"Portada","item":"https:\/\/gentedebasquet.com.ar\/sitio\/"},{"@type":"ListItem","position":2,"name":"Joaco, Pallotti y Bettiga al Argentino"}]},{"@type":"WebSite","@id":"https:\/\/gentedebasquet.com.ar\/sitio\/#website","url":"https:\/\/gentedebasquet.com.ar\/sitio\/","name":"Gente de B\u00e1squet","description":"La revista del basquet de Bah\u00eda Blanca","potentialAction":[{"@type":"SearchAction","target":{"@type":"EntryPoint","urlTemplate":"https:\/\/gentedebasquet.com.ar\/sitio\/?s={search_term_string}"},"query-input":{"@type":"PropertyValueSpecification","valueRequired":true,"valueName":"search_term_string"}}],"inLanguage":"es"},{"@type":"Person","@id":"https:\/\/gentedebasquet.com.ar\/sitio\/#\/schema\/person\/ca0b63bbb977369988a7bbbdc519943a","name":"Gente de B\u00e1squet","image":{"@type":"ImageObject","inLanguage":"es","@id":"https:\/\/secure.gravatar.com\/avatar\/7f2c48bdc33b30088f941fb6082e555f2874c98e20cb159d7b92b50eadfce793?s=96&d=mm&r=g","url":"https:\/\/secure.gravatar.com\/avatar\/7f2c48bdc33b30088f941fb6082e555f2874c98e20cb159d7b92b50eadfce793?s=96&d=mm&r=g","contentUrl":"https:\/\/secure.gravatar.com\/avatar\/7f2c48bdc33b30088f941fb6082e555f2874c98e20cb159d7b92b50eadfce793?s=96&d=mm&r=g","caption":"Gente de B\u00e1squet"},"sameAs":["http:\/\/gentedebasquet.com.ar\/sitio"],"url":"http:\/\/gentedebasquet.com.ar\/sitio\/author\/ulises\/"}]}},"_links":{"self":[{"href":"http:\/\/gentedebasquet.com.ar\/sitio\/wp-json\/wp\/v2\/posts\/42991","targetHints":{"allow":["GET"]}}],"collection":[{"href":"http:\/\/gentedebasquet.com.ar\/sitio\/wp-json\/wp\/v2\/posts"}],"about":[{"href":"http:\/\/gentedebasquet.com.ar\/sitio\/wp-json\/wp\/v2\/types\/post"}],"author":[{"embeddable":true,"href":"http:\/\/gentedebasquet.com.ar\/sitio\/wp-json\/wp\/v2\/users\/1"}],"replies":[{"embeddable":true,"href":"http:\/\/gentedebasquet.com.ar\/sitio\/wp-json\/wp\/v2\/comments?post=42991"}],"version-history":[{"count":0,"href":"http:\/\/gentedebasquet.com.ar\/sitio\/wp-json\/wp\/v2\/posts\/42991\/revisions"}],"wp:featuredmedia":[{"embeddable":true,"href":"http:\/\/gentedebasquet.com.ar\/sitio\/wp-json\/wp\/v2\/media\/42992"}],"wp:attachment":[{"href":"http:\/\/gentedebasquet.com.ar\/sitio\/wp-json\/wp\/v2\/media?parent=42991"}],"wp:term":[{"taxonomy":"category","embeddable":true,"href":"http:\/\/gentedebasquet.com.ar\/sitio\/wp-json\/wp\/v2\/categories?post=42991"},{"taxonomy":"post_tag","embeddable":true,"href":"http:\/\/gentedebasquet.com.ar\/sitio\/wp-json\/wp\/v2\/tags?post=42991"}],"curies":[{"name":"wp","href":"https:\/\/api.w.org\/{rel}","templated":true}]}}