{"id":44239,"date":"2015-04-21T23:55:39","date_gmt":"2015-04-22T02:55:39","guid":{"rendered":"http:\/\/www.gentedebasquet.com.ar\/?p=44239"},"modified":"2015-04-21T23:55:39","modified_gmt":"2015-04-22T02:55:39","slug":"tiburones-del-pacifico","status":"publish","type":"post","link":"http:\/\/gentedebasquet.com.ar\/sitio\/2015\/04\/21\/tiburones-del-pacifico\/","title":{"rendered":"Tiburones del Pac\u00edfico"},"content":{"rendered":"<p><b>Tras un ab\u00falico primer tiempo, el Verde sali\u00f3 con hambre de victoria al complemento y termin\u00f3 derrotando al duro Estrella por 84 a 80. La visita lleg\u00f3 a ganar por 12 (18-30 y 37-49), con gol de Carci (17), Camara (13) y Quiroga (12); hasta que Pac\u00edfico reaccion\u00f3. Primero lo hizo con triples de Mauro Richotti (19, con 3\/4), y luego con la mano caliente de Bonino (18) y el oportunismo de Larrandart (16). <span style=\"color: #ff6600;\">MIR\u00c1 EL VIDEO<\/span><\/b><\/p>\n<p>Corriendo la cancha y sobrecargando el rebote ofensivo, Estrella comenz\u00f3 dominando el partido en el William Harding Green. Pac\u00edfico no hac\u00eda pie, abusaba de lanzamientos r\u00e1pidos y sufr\u00eda en su costado defensivo ante buenos movimientos de los aleros visitantes. Una bomba de Santiago Quiroga, de interesante aporte, puso al frente al auriazul (9-11). A partir de ese momento, Estrella no iba a soltar el mando hasta la mitad del 4C, cuando de atropellada, el Verde retom\u00f3 el liderazgo.<\/p>\n<p>El propio Quiroga sigui\u00f3 efectivo, Carci control\u00f3 el juego y Andr\u00e9s Almir\u00f3n dio batalla en la pintura para que el conjunto de Queti logre 12 de luz (18-30) a 7m30 del descanso largo. All\u00ed apareci\u00f3 la primera reacci\u00f3n del due\u00f1o de casa, v\u00eda Mauro Richotti. Con 2\/3 en triples, m\u00e1s la intensidad para presionar sobre la bola (Estrella estuvo 3m22 sin anotar), Pac\u00edfico se coloc\u00f3 a tres unidades (31-34) con 51s por delante. Alan Pan, que debi\u00f3 conducir por las faltas acumuladas de Carci y Agust\u00edn Almir\u00f3n, cerr\u00f3 el 2C con una bomba de su estilo.<\/p>\n<p>De regreso, Pac\u00edfico consolid\u00f3 sus ideas en ataque, siendo m\u00e1s criterioso el juego de Meneses y con Bonino y Larradart forzando para adentro. Adem\u00e1s, la empez\u00f3 a meter de afuera (anotaron Meneses, Richotti, Mauricio Gonz\u00e1lez y Sacrist\u00e1n), transformando el partido de ida y vuelta y con altos porcentajes (el local gan\u00f3 el parcial 30 a 28). Estrella encontr\u00f3 gol en las manos de Carci (2\/2 3p) y con Camara profundo (4\/5 2p). Pero si algo le faltaba al partido para encenderse definitivamente, era el triple de mitad de cancha que anot\u00f3 Meneses en la \u00faltima bola del cuarto (61-65).<\/p>\n<p>Con ese envi\u00f3n an\u00edmico, Pac\u00edfico sell\u00f3 un parcial de 9-4 para quedar arriba en el tanteador (70-69). Carci y Quiroga, desde 6.75 metros, sacaron la cara por la visita, aunque Mauricio Gonz\u00e1lez respondi\u00f3 (2\/4 3p en el 2T) y Larrandart fue el due\u00f1o de la bola en los instantes finales. El ala-pivot mantuvo al local arriba, hasta que Queti pidi\u00f3 minuto para organizar la ofensiva. Restaban 13s y Pac\u00edfico ganaba 81-80. Pero la reposici\u00f3n deriv\u00f3 en Trellini, el Chino la perdi\u00f3 y, pr\u00e1cticamente, sell\u00f3 la victoria local.<\/p>\n<p>&nbsp;<\/p>\n<p>[vimeo]http:\/\/vimeo.com\/125650758[\/vimeo]<\/p>\n<p>&nbsp;<\/p>\n<p><b>S\u00edntesis <\/b>| Segunda Divisi\u00f3n \u2013 Fecha #3<\/p>\n<p><b style=\"line-height: 1.5em;\">Pac\u00edfico 84: <\/b><span style=\"line-height: 1.5em;\">Ezequiel Meneses 13, Manuel Sacrist\u00e1n 5, Fernando Bonino 18, Joaqu\u00edn Larrandart 16, Mauricio Gonz\u00e1lez 11 (Fi); Mauro Richotti 19, Lucas Ru\u00edz 2, Facundo Wattson 0 y Manuel Maina 0.\u00a0 DT: Pablo Kooistra.<\/span><\/p>\n<p><b>Estrella 80:\u00a0<\/b>Dami\u00e1n Carci 17, Santiago Quiroga 12, Nahuel Camara 13 (x), Andr\u00e9s Almir\u00f3n 9, Maximiliano Sterz 10 (x) (Fi); Agust\u00edn Almir\u00f3n 7, Mat\u00edas Specogna 0, Mariano Trellini 5, Franco Cardone 4 y Alan Pan 3. DT: Claudio Queti.<\/p>\n<p><b>Parciales: <\/b>18-25, 31-37 (13-12), 61-65 (30-28) y 84-80 (23-15).<\/p>\n<p><b>\u00c1rbitros:<\/b>\u00a0Miguel Firpo &#8211; Luis Blanco.<\/p>\n<p><b>Estadio: <\/b>William Harding Green\u00a0(Pac\u00edfico).<\/p>\n<p><a class=\"modalf iframe\" title=\"Planilla\" href=\"https:\/\/docs.google.com\/spreadsheets\/d\/1sOE7uJiNtxpX1yfBoKfdCab2gpiTPldgUotCnIm5zlw\/pubhtml\" target=\"_blank\" rel=\"noopener\">Ver Planilla<\/a><strong><span style=\"color: #ff0000;\"><br \/>\n<\/span><\/strong><\/p>\n<p>&nbsp;<\/p>\n<p>[vimeo]http:\/\/vimeo.com\/125652378[\/vimeo]<\/p>\n","protected":false},"excerpt":{"rendered":"<p>El verde sinti\u00f3 olor a sangre, reaccion\u00f3 y venci\u00f3 a Estrella por 84 a 80<\/p>\n","protected":false},"author":1,"featured_media":44244,"comment_status":"closed","ping_status":"open","sticky":false,"template":"","format":"standard","meta":{"jnews-multi-image_gallery":[],"jnews_single_post":[],"jnews_primary_category":[],"footnotes":""},"categories":[25,101],"tags":[527,10,607,577,211,580,322,270,17],"class_list":["post-44239","post","type-post","status-publish","format-standard","has-post-thumbnail","hentry","category-segunda","category-slide","tag-damian-carci","tag-estrella","tag-ezequiel-meneses","tag-fernando-bonino","tag-joaquin-larrandart","tag-mauricio-gonzalez","tag-maximiliano-sterz","tag-nahuel-camara","tag-pacifico"],"yoast_head":"<!-- This site is optimized with the Yoast SEO plugin v27.5 - https:\/\/yoast.com\/product\/yoast-seo-wordpress\/ -->\n<title>Tiburones del Pac\u00edfico - Gente de B\u00e1squet<\/title>\n<meta name=\"robots\" content=\"index, follow, max-snippet:-1, max-image-preview:large, max-video-preview:-1\" \/>\n<link rel=\"canonical\" href=\"http:\/\/gentedebasquet.com.ar\/sitio\/2015\/04\/21\/tiburones-del-pacifico\/\" \/>\n<meta property=\"og:locale\" content=\"es_ES\" \/>\n<meta property=\"og:type\" content=\"article\" \/>\n<meta property=\"og:title\" content=\"Tiburones del Pac\u00edfico - Gente de B\u00e1squet\" \/>\n<meta property=\"og:description\" content=\"El verde sinti\u00f3 olor a sangre, reaccion\u00f3 y venci\u00f3 a Estrella por 84 a 80\" \/>\n<meta property=\"og:url\" content=\"http:\/\/gentedebasquet.com.ar\/sitio\/2015\/04\/21\/tiburones-del-pacifico\/\" \/>\n<meta property=\"og:site_name\" content=\"Gente de B\u00e1squet\" \/>\n<meta property=\"article:published_time\" content=\"2015-04-22T02:55:39+00:00\" \/>\n<meta property=\"og:image\" content=\"http:\/\/gentedebasquet.com.ar\/sitio\/wp-content\/uploads\/2015\/04\/Pacifico-Estrella-Meneses.jpg\" \/>\n\t<meta property=\"og:image:width\" content=\"690\" \/>\n\t<meta property=\"og:image:height\" content=\"319\" \/>\n\t<meta property=\"og:image:type\" content=\"image\/jpeg\" \/>\n<meta name=\"author\" content=\"Gente de B\u00e1squet\" \/>\n<meta name=\"twitter:card\" content=\"summary_large_image\" \/>\n<meta name=\"twitter:label1\" content=\"Escrito por\" \/>\n\t<meta name=\"twitter:data1\" content=\"Gente de B\u00e1squet\" \/>\n\t<meta name=\"twitter:label2\" content=\"Tiempo de lectura\" \/>\n\t<meta name=\"twitter:data2\" content=\"3 minutos\" \/>\n<script type=\"application\/ld+json\" class=\"yoast-schema-graph\">{\"@context\":\"https:\\\/\\\/schema.org\",\"@graph\":[{\"@type\":\"Article\",\"@id\":\"http:\\\/\\\/gentedebasquet.com.ar\\\/sitio\\\/2015\\\/04\\\/21\\\/tiburones-del-pacifico\\\/#article\",\"isPartOf\":{\"@id\":\"http:\\\/\\\/gentedebasquet.com.ar\\\/sitio\\\/2015\\\/04\\\/21\\\/tiburones-del-pacifico\\\/\"},\"author\":{\"name\":\"Gente de B\u00e1squet\",\"@id\":\"https:\\\/\\\/gentedebasquet.com.ar\\\/sitio\\\/#\\\/schema\\\/person\\\/ca0b63bbb977369988a7bbbdc519943a\"},\"headline\":\"Tiburones del Pac\u00edfico\",\"datePublished\":\"2015-04-22T02:55:39+00:00\",\"mainEntityOfPage\":{\"@id\":\"http:\\\/\\\/gentedebasquet.com.ar\\\/sitio\\\/2015\\\/04\\\/21\\\/tiburones-del-pacifico\\\/\"},\"wordCount\":556,\"image\":{\"@id\":\"http:\\\/\\\/gentedebasquet.com.ar\\\/sitio\\\/2015\\\/04\\\/21\\\/tiburones-del-pacifico\\\/#primaryimage\"},\"thumbnailUrl\":\"http:\\\/\\\/gentedebasquet.com.ar\\\/sitio\\\/wp-content\\\/uploads\\\/2015\\\/04\\\/Pacifico-Estrella-Meneses.jpg\",\"keywords\":[\"Dami\u00e1n Carci\",\"Estrella\",\"Ezequiel Meneses\",\"Fernando Bonino\",\"Joaqu\u00edn Larrandart\",\"Mauricio Gonz\u00e1lez\",\"Maximiliano Sterz\",\"Nahuel C\u00e1mara\",\"Pacifico\"],\"articleSection\":[\"Segunda\",\"Slide\"],\"inLanguage\":\"es\"},{\"@type\":\"WebPage\",\"@id\":\"http:\\\/\\\/gentedebasquet.com.ar\\\/sitio\\\/2015\\\/04\\\/21\\\/tiburones-del-pacifico\\\/\",\"url\":\"http:\\\/\\\/gentedebasquet.com.ar\\\/sitio\\\/2015\\\/04\\\/21\\\/tiburones-del-pacifico\\\/\",\"name\":\"Tiburones del Pac\u00edfico - Gente de B\u00e1squet\",\"isPartOf\":{\"@id\":\"https:\\\/\\\/gentedebasquet.com.ar\\\/sitio\\\/#website\"},\"primaryImageOfPage\":{\"@id\":\"http:\\\/\\\/gentedebasquet.com.ar\\\/sitio\\\/2015\\\/04\\\/21\\\/tiburones-del-pacifico\\\/#primaryimage\"},\"image\":{\"@id\":\"http:\\\/\\\/gentedebasquet.com.ar\\\/sitio\\\/2015\\\/04\\\/21\\\/tiburones-del-pacifico\\\/#primaryimage\"},\"thumbnailUrl\":\"http:\\\/\\\/gentedebasquet.com.ar\\\/sitio\\\/wp-content\\\/uploads\\\/2015\\\/04\\\/Pacifico-Estrella-Meneses.jpg\",\"datePublished\":\"2015-04-22T02:55:39+00:00\",\"author\":{\"@id\":\"https:\\\/\\\/gentedebasquet.com.ar\\\/sitio\\\/#\\\/schema\\\/person\\\/ca0b63bbb977369988a7bbbdc519943a\"},\"breadcrumb\":{\"@id\":\"http:\\\/\\\/gentedebasquet.com.ar\\\/sitio\\\/2015\\\/04\\\/21\\\/tiburones-del-pacifico\\\/#breadcrumb\"},\"inLanguage\":\"es\",\"potentialAction\":[{\"@type\":\"ReadAction\",\"target\":[\"http:\\\/\\\/gentedebasquet.com.ar\\\/sitio\\\/2015\\\/04\\\/21\\\/tiburones-del-pacifico\\\/\"]}]},{\"@type\":\"ImageObject\",\"inLanguage\":\"es\",\"@id\":\"http:\\\/\\\/gentedebasquet.com.ar\\\/sitio\\\/2015\\\/04\\\/21\\\/tiburones-del-pacifico\\\/#primaryimage\",\"url\":\"http:\\\/\\\/gentedebasquet.com.ar\\\/sitio\\\/wp-content\\\/uploads\\\/2015\\\/04\\\/Pacifico-Estrella-Meneses.jpg\",\"contentUrl\":\"http:\\\/\\\/gentedebasquet.com.ar\\\/sitio\\\/wp-content\\\/uploads\\\/2015\\\/04\\\/Pacifico-Estrella-Meneses.jpg\",\"width\":690,\"height\":319},{\"@type\":\"BreadcrumbList\",\"@id\":\"http:\\\/\\\/gentedebasquet.com.ar\\\/sitio\\\/2015\\\/04\\\/21\\\/tiburones-del-pacifico\\\/#breadcrumb\",\"itemListElement\":[{\"@type\":\"ListItem\",\"position\":1,\"name\":\"Portada\",\"item\":\"https:\\\/\\\/gentedebasquet.com.ar\\\/sitio\\\/\"},{\"@type\":\"ListItem\",\"position\":2,\"name\":\"Tiburones del Pac\u00edfico\"}]},{\"@type\":\"WebSite\",\"@id\":\"https:\\\/\\\/gentedebasquet.com.ar\\\/sitio\\\/#website\",\"url\":\"https:\\\/\\\/gentedebasquet.com.ar\\\/sitio\\\/\",\"name\":\"Gente de B\u00e1squet\",\"description\":\"La revista del basquet de Bah\u00eda Blanca\",\"potentialAction\":[{\"@type\":\"SearchAction\",\"target\":{\"@type\":\"EntryPoint\",\"urlTemplate\":\"https:\\\/\\\/gentedebasquet.com.ar\\\/sitio\\\/?s={search_term_string}\"},\"query-input\":{\"@type\":\"PropertyValueSpecification\",\"valueRequired\":true,\"valueName\":\"search_term_string\"}}],\"inLanguage\":\"es\"},{\"@type\":\"Person\",\"@id\":\"https:\\\/\\\/gentedebasquet.com.ar\\\/sitio\\\/#\\\/schema\\\/person\\\/ca0b63bbb977369988a7bbbdc519943a\",\"name\":\"Gente de B\u00e1squet\",\"image\":{\"@type\":\"ImageObject\",\"inLanguage\":\"es\",\"@id\":\"https:\\\/\\\/secure.gravatar.com\\\/avatar\\\/7f2c48bdc33b30088f941fb6082e555f2874c98e20cb159d7b92b50eadfce793?s=96&d=mm&r=g\",\"url\":\"https:\\\/\\\/secure.gravatar.com\\\/avatar\\\/7f2c48bdc33b30088f941fb6082e555f2874c98e20cb159d7b92b50eadfce793?s=96&d=mm&r=g\",\"contentUrl\":\"https:\\\/\\\/secure.gravatar.com\\\/avatar\\\/7f2c48bdc33b30088f941fb6082e555f2874c98e20cb159d7b92b50eadfce793?s=96&d=mm&r=g\",\"caption\":\"Gente de B\u00e1squet\"},\"sameAs\":[\"http:\\\/\\\/gentedebasquet.com.ar\\\/sitio\"],\"url\":\"http:\\\/\\\/gentedebasquet.com.ar\\\/sitio\\\/author\\\/ulises\\\/\"}]}<\/script>\n<!-- \/ Yoast SEO plugin. -->","yoast_head_json":{"title":"Tiburones del Pac\u00edfico - Gente de B\u00e1squet","robots":{"index":"index","follow":"follow","max-snippet":"max-snippet:-1","max-image-preview":"max-image-preview:large","max-video-preview":"max-video-preview:-1"},"canonical":"http:\/\/gentedebasquet.com.ar\/sitio\/2015\/04\/21\/tiburones-del-pacifico\/","og_locale":"es_ES","og_type":"article","og_title":"Tiburones del Pac\u00edfico - Gente de B\u00e1squet","og_description":"El verde sinti\u00f3 olor a sangre, reaccion\u00f3 y venci\u00f3 a Estrella por 84 a 80","og_url":"http:\/\/gentedebasquet.com.ar\/sitio\/2015\/04\/21\/tiburones-del-pacifico\/","og_site_name":"Gente de B\u00e1squet","article_published_time":"2015-04-22T02:55:39+00:00","og_image":[{"width":690,"height":319,"url":"http:\/\/gentedebasquet.com.ar\/sitio\/wp-content\/uploads\/2015\/04\/Pacifico-Estrella-Meneses.jpg","type":"image\/jpeg"}],"author":"Gente de B\u00e1squet","twitter_card":"summary_large_image","twitter_misc":{"Escrito por":"Gente de B\u00e1squet","Tiempo de lectura":"3 minutos"},"schema":{"@context":"https:\/\/schema.org","@graph":[{"@type":"Article","@id":"http:\/\/gentedebasquet.com.ar\/sitio\/2015\/04\/21\/tiburones-del-pacifico\/#article","isPartOf":{"@id":"http:\/\/gentedebasquet.com.ar\/sitio\/2015\/04\/21\/tiburones-del-pacifico\/"},"author":{"name":"Gente de B\u00e1squet","@id":"https:\/\/gentedebasquet.com.ar\/sitio\/#\/schema\/person\/ca0b63bbb977369988a7bbbdc519943a"},"headline":"Tiburones del Pac\u00edfico","datePublished":"2015-04-22T02:55:39+00:00","mainEntityOfPage":{"@id":"http:\/\/gentedebasquet.com.ar\/sitio\/2015\/04\/21\/tiburones-del-pacifico\/"},"wordCount":556,"image":{"@id":"http:\/\/gentedebasquet.com.ar\/sitio\/2015\/04\/21\/tiburones-del-pacifico\/#primaryimage"},"thumbnailUrl":"http:\/\/gentedebasquet.com.ar\/sitio\/wp-content\/uploads\/2015\/04\/Pacifico-Estrella-Meneses.jpg","keywords":["Dami\u00e1n Carci","Estrella","Ezequiel Meneses","Fernando Bonino","Joaqu\u00edn Larrandart","Mauricio Gonz\u00e1lez","Maximiliano Sterz","Nahuel C\u00e1mara","Pacifico"],"articleSection":["Segunda","Slide"],"inLanguage":"es"},{"@type":"WebPage","@id":"http:\/\/gentedebasquet.com.ar\/sitio\/2015\/04\/21\/tiburones-del-pacifico\/","url":"http:\/\/gentedebasquet.com.ar\/sitio\/2015\/04\/21\/tiburones-del-pacifico\/","name":"Tiburones del Pac\u00edfico - Gente de B\u00e1squet","isPartOf":{"@id":"https:\/\/gentedebasquet.com.ar\/sitio\/#website"},"primaryImageOfPage":{"@id":"http:\/\/gentedebasquet.com.ar\/sitio\/2015\/04\/21\/tiburones-del-pacifico\/#primaryimage"},"image":{"@id":"http:\/\/gentedebasquet.com.ar\/sitio\/2015\/04\/21\/tiburones-del-pacifico\/#primaryimage"},"thumbnailUrl":"http:\/\/gentedebasquet.com.ar\/sitio\/wp-content\/uploads\/2015\/04\/Pacifico-Estrella-Meneses.jpg","datePublished":"2015-04-22T02:55:39+00:00","author":{"@id":"https:\/\/gentedebasquet.com.ar\/sitio\/#\/schema\/person\/ca0b63bbb977369988a7bbbdc519943a"},"breadcrumb":{"@id":"http:\/\/gentedebasquet.com.ar\/sitio\/2015\/04\/21\/tiburones-del-pacifico\/#breadcrumb"},"inLanguage":"es","potentialAction":[{"@type":"ReadAction","target":["http:\/\/gentedebasquet.com.ar\/sitio\/2015\/04\/21\/tiburones-del-pacifico\/"]}]},{"@type":"ImageObject","inLanguage":"es","@id":"http:\/\/gentedebasquet.com.ar\/sitio\/2015\/04\/21\/tiburones-del-pacifico\/#primaryimage","url":"http:\/\/gentedebasquet.com.ar\/sitio\/wp-content\/uploads\/2015\/04\/Pacifico-Estrella-Meneses.jpg","contentUrl":"http:\/\/gentedebasquet.com.ar\/sitio\/wp-content\/uploads\/2015\/04\/Pacifico-Estrella-Meneses.jpg","width":690,"height":319},{"@type":"BreadcrumbList","@id":"http:\/\/gentedebasquet.com.ar\/sitio\/2015\/04\/21\/tiburones-del-pacifico\/#breadcrumb","itemListElement":[{"@type":"ListItem","position":1,"name":"Portada","item":"https:\/\/gentedebasquet.com.ar\/sitio\/"},{"@type":"ListItem","position":2,"name":"Tiburones del Pac\u00edfico"}]},{"@type":"WebSite","@id":"https:\/\/gentedebasquet.com.ar\/sitio\/#website","url":"https:\/\/gentedebasquet.com.ar\/sitio\/","name":"Gente de B\u00e1squet","description":"La revista del basquet de Bah\u00eda Blanca","potentialAction":[{"@type":"SearchAction","target":{"@type":"EntryPoint","urlTemplate":"https:\/\/gentedebasquet.com.ar\/sitio\/?s={search_term_string}"},"query-input":{"@type":"PropertyValueSpecification","valueRequired":true,"valueName":"search_term_string"}}],"inLanguage":"es"},{"@type":"Person","@id":"https:\/\/gentedebasquet.com.ar\/sitio\/#\/schema\/person\/ca0b63bbb977369988a7bbbdc519943a","name":"Gente de B\u00e1squet","image":{"@type":"ImageObject","inLanguage":"es","@id":"https:\/\/secure.gravatar.com\/avatar\/7f2c48bdc33b30088f941fb6082e555f2874c98e20cb159d7b92b50eadfce793?s=96&d=mm&r=g","url":"https:\/\/secure.gravatar.com\/avatar\/7f2c48bdc33b30088f941fb6082e555f2874c98e20cb159d7b92b50eadfce793?s=96&d=mm&r=g","contentUrl":"https:\/\/secure.gravatar.com\/avatar\/7f2c48bdc33b30088f941fb6082e555f2874c98e20cb159d7b92b50eadfce793?s=96&d=mm&r=g","caption":"Gente de B\u00e1squet"},"sameAs":["http:\/\/gentedebasquet.com.ar\/sitio"],"url":"http:\/\/gentedebasquet.com.ar\/sitio\/author\/ulises\/"}]}},"_links":{"self":[{"href":"http:\/\/gentedebasquet.com.ar\/sitio\/wp-json\/wp\/v2\/posts\/44239","targetHints":{"allow":["GET"]}}],"collection":[{"href":"http:\/\/gentedebasquet.com.ar\/sitio\/wp-json\/wp\/v2\/posts"}],"about":[{"href":"http:\/\/gentedebasquet.com.ar\/sitio\/wp-json\/wp\/v2\/types\/post"}],"author":[{"embeddable":true,"href":"http:\/\/gentedebasquet.com.ar\/sitio\/wp-json\/wp\/v2\/users\/1"}],"replies":[{"embeddable":true,"href":"http:\/\/gentedebasquet.com.ar\/sitio\/wp-json\/wp\/v2\/comments?post=44239"}],"version-history":[{"count":0,"href":"http:\/\/gentedebasquet.com.ar\/sitio\/wp-json\/wp\/v2\/posts\/44239\/revisions"}],"wp:featuredmedia":[{"embeddable":true,"href":"http:\/\/gentedebasquet.com.ar\/sitio\/wp-json\/wp\/v2\/media\/44244"}],"wp:attachment":[{"href":"http:\/\/gentedebasquet.com.ar\/sitio\/wp-json\/wp\/v2\/media?parent=44239"}],"wp:term":[{"taxonomy":"category","embeddable":true,"href":"http:\/\/gentedebasquet.com.ar\/sitio\/wp-json\/wp\/v2\/categories?post=44239"},{"taxonomy":"post_tag","embeddable":true,"href":"http:\/\/gentedebasquet.com.ar\/sitio\/wp-json\/wp\/v2\/tags?post=44239"}],"curies":[{"name":"wp","href":"https:\/\/api.w.org\/{rel}","templated":true}]}}