{"id":45986,"date":"2015-05-24T14:41:00","date_gmt":"2015-05-24T17:41:00","guid":{"rendered":"http:\/\/www.gentedebasquet.com.ar\/?p=45986"},"modified":"2015-05-24T14:41:00","modified_gmt":"2015-05-24T17:41:00","slug":"arranca-el-argentino-u17","status":"publish","type":"post","link":"http:\/\/gentedebasquet.com.ar\/sitio\/2015\/05\/24\/arranca-el-argentino-u17\/","title":{"rendered":"Arranca el Argentino U17"},"content":{"rendered":"<p><strong>Hasta el 31 de mayo, en Pergamino y Jun\u00edn, se disputar\u00e1 el 23\u00b0 Campeonato Argentino Masculino de Selecciones U17. Participan 16 selecciones divididas en cuatro zonas y P<a href=\"http:\/\/www.gentedebasquet.com.ar\/tan-cerca\/\" target=\"_blank\" rel=\"noopener\">rovincia de Buenos Aires ir\u00e1 con la base de Chivilcoy<\/a>. Como refuerzos bahienses viajaron Joaqu\u00edn S\u00e1nchez (Estudiantes) y Bruno Pallotti (Napost\u00e1). Adem\u00e1s, integra el plantel Valent\u00edn Bettiga, alero de Olimpo nacido en Coronel Pringles e integrante de la Selecci\u00f3n U16 que disputar\u00e1 el <a href=\"http:\/\/www.gentedebasquet.com.ar\/con-bettiga-confirmaron-los-u16\/\" target=\"_blank\" rel=\"noopener\">FIBA Americas en Bah\u00eda Blanca<\/a> del 10 al 14 de junio.<\/strong><\/p>\n<p>Luego del estupendo <a href=\"http:\/\/www.gentedebasquet.com.ar\/si-campeones-invictos\/\" target=\"_blank\" rel=\"noopener\">Argentino U15 que se disput\u00f3 en C\u00f3rdoba<\/a> entre el 12 y el 18 de mayo, la ilusi\u00f3n y el buen b\u00e1squet se mudan a Buenos Aires para el 23\u00b0 Argentino de Selecciones U17, que se disputar\u00e1 en Pergamino y Jun\u00edn entre el 26 y el 31 de mayo.<\/p>\n<p>Se trata de un torneo que promete, y mucho. Nos permitir\u00e1 mirar de cerca a la excelente camada 1998, y tambi\u00e9n se podr\u00e1 observar a algunos de los mejores chicos de la 99 e incluso 2000. Participar\u00e1n 16 federaciones distribuidas en cuatro zonas de cuatro equipos:<\/p>\n<p><strong>ZONA A \u2013 Sede Jun\u00edn:<\/strong>\u00a0Entre R\u00edos, Chubut, San Juan y Buenos Aires.<\/p>\n<p><strong>ZONA B \u2013 Sede Jun\u00edn:<\/strong>\u00a0C\u00f3rdoba, Misiones, Formosa y Corrientes.<\/p>\n<p><strong>ZONA C \u2013 Pergamino:<\/strong>\u00a0FeBAMBA, R\u00edo Negro, Santiago del Estero y Chaco.<\/p>\n<p><strong>ZONA D \u2013 Pergamino:<\/strong>\u00a0Santa Fe, Mendoza, Tucum\u00e1n y La Pampa.<\/p>\n<p>&nbsp;<\/p>\n<h6>PROVINCIA DE BUENOS AIRES U17<\/h6>\n<p><span style=\"line-height: 1.5em;\">4- Barrales, Santiago (Racing de Chivilcoy)<\/span><\/p>\n<p><span style=\"line-height: 1.5em;\">5- Thygessen, Ferm\u00edn (Bah\u00eda Basket)<\/span><\/p>\n<p><span style=\"line-height: 1.5em;\">6- Spano, Tom\u00e1n (Racing de Chivilcoy)<\/span><\/p>\n<p><span style=\"line-height: 1.5em;\">7- Pallotti, Bruno (Napost\u00e1)<\/span><\/p>\n<p><span style=\"line-height: 1.5em;\">8- Garc\u00eda, Valent\u00edn (Sarmiento de Jun\u00edn)<\/span><\/p>\n<p><span style=\"line-height: 1.5em;\">9- S\u00e1nchez, Joaqu\u00edn (Estudiantes)<\/span><\/p>\n<p><span style=\"line-height: 1.5em;\">10- Ibarra, Santiago (Obras Sanitarias)<\/span><\/p>\n<p><span style=\"line-height: 1.5em;\">11. Bettiga, Valent\u00edn (Olimpo)<\/span><\/p>\n<p>12- Del Bue, Nicol\u00e1s (San Lorenzo de Chivilcoy)<\/p>\n<p><span style=\"line-height: 1.5em;\">13- Reimundo, Tom\u00e1s (Quilmes de Mar del Plata)<\/span><\/p>\n<p><span style=\"line-height: 1.5em;\">14- Pastorino, Mateo (Argentino de Jun\u00edn)<\/span><\/p>\n<p><span style=\"line-height: 1.5em;\">15- Amichetti, Nahuel (Estudiantes de La Plata)<\/span><\/p>\n<p><span style=\"line-height: 1.5em;\">DT: Oscar Chac\u00f3n<\/span><\/p>\n<p><span style=\"line-height: 1.5em;\">AT: Rodrigo Senra<\/span><\/p>\n<p>&nbsp;<\/p>\n<h6><strong>FORMATO DE DISPUTA<\/strong><\/h6>\n<p><strong style=\"line-height: 1.5em;\">PRIMERA FASE<\/strong><\/p>\n<p>Se conformar\u00e1n cuatro zonas de cuatro equipos cada una. Jugar\u00e1n todos contra todos en cada grupo para posicionarse del 1\u00b0 al 4\u00b0 puesto. Los dos primeros de cada zona clasifican a la Fase Campeonato, mientras que, los dos segundos clasifican a la Fase Est\u00edmulo.<\/p>\n<p><strong style=\"line-height: 1.5em;\">SEGUNDA FASE<\/strong><\/p>\n<p><span style=\"line-height: 1.5em;\">Fase Campeonato<\/span><\/p>\n<p>1\u00ba de la zona A vs. 2\u00ba de la zona B\u00a0\u00a0 \u00a0\u00a0\u00a0\u00a0\u00a0\u00a0 (Partido 1)<\/p>\n<p>1\u00ba de la zona B vs. 2\u00ba de la zona A\u00a0 \u00a0\u00a0\u00a0\u00a0\u00a0\u00a0\u00a0 (Partido 2)<\/p>\n<p>1\u00ba de la zona C vs. 2\u00ba de la zona D\u00a0\u00a0 \u00a0\u00a0\u00a0\u00a0\u00a0 (Partido 3)<\/p>\n<p>1\u00ba de la zona D vs. 2\u00ba de la zona C\u00a0\u00a0 \u00a0\u00a0\u00a0\u00a0\u00a0 (Partido 4)<\/p>\n<p>Fase Est\u00edmulo<\/p>\n<p>3\u00ba de la zona A vs. 4\u00ba de la zona B\u00a0\u00a0 \u00a0\u00a0\u00a0\u00a0\u00a0\u00a0 (Partido 5)<\/p>\n<p>3\u00ba de la zona B vs. 4\u00ba de la zona A\u00a0\u00a0 \u00a0\u00a0\u00a0\u00a0\u00a0\u00a0 (Partido 6)<\/p>\n<p>3\u00ba de la zona C vs. 4\u00ba de la zona D\u00a0\u00a0 \u00a0\u00a0\u00a0\u00a0\u00a0 (Partido 7)<\/p>\n<p>3\u00ba de la zona D vs. 4\u00ba de la zona C\u00a0\u00a0 \u00a0\u00a0\u00a0\u00a0\u00a0 (Partido 8)<\/p>\n<p><strong style=\"line-height: 1.5em;\">TERCERA FASE<\/strong><\/p>\n<p><span style=\"line-height: 1.5em;\">Fase Campeonato<\/span><\/p>\n<p>Ganador Partido 1 vs. Ganador Partido 3\u00a0 (Partido 9)<\/p>\n<p>Ganador Partido 2 vs. Ganador Partido 4 (Partido 10)<\/p>\n<p>Perdedor Partido 1 vs. Perdedor Partido 3 (Partido 11)<\/p>\n<p>Perdedor Partido 2 vs\u00a0 Perdedor Partido 4 (Partido 12)<\/p>\n<p>Fase Est\u00edmulo<\/p>\n<p>Ganador Partido 5 vs. Ganador Partido 7 (Partido 13)<\/p>\n<p>Ganador Partido 6 vs. Ganador Partido 8 (Partido 14)<\/p>\n<p>Perdedor Partido 5 vs. Perdedor Partido 7 (Partido 15)<\/p>\n<p>Perdedor Partido 6 vs. Perdedor Partido 8 (Partido 16)<\/p>\n<p><strong style=\"line-height: 1.5em;\">CUARTA FASE<\/strong><\/p>\n<p>Por el 1\u00ba Puesto: Ganador Partido 9 vs. Ganador Partido 10<\/p>\n<p>Por el 3\u00ba Puesto: Perdedor Partido\u00a0 9 vs. Perdedor Partido 10<\/p>\n<p>Por el 5\u00ba Puesto: Ganador Partido 11 vs. Ganador Partido 12<\/p>\n<p>Por el 7\u00ba Puesto: Perdedor Partido 11 vs. Perdedor Partido 12<\/p>\n<p>Por el 9\u00ba Puesto: Ganador Partido 13 vs. Ganador Partido 14<\/p>\n<p>Por el 11\u00ba Puesto: Perdedor Partido 13 vs. Perdedor Partido 14<\/p>\n<p>Por el 13\u00ba Puesto: Ganador Partido 15 vs. Ganador Partido 16<\/p>\n<p>Por el 15\u00ba Puesto: Perdedor Partido 15 vs. Perdedor Partido 16<\/p>\n<p>&nbsp;<\/p>\n<h6><strong>FIXTURE ARGENTINO U17<\/strong><\/h6>\n<p><strong>MARTES 26 DE MAYO \u2013 Jun\u00edn<\/strong><\/p>\n<p>Cancha: Argentino de Jun\u00edn<\/p>\n<p>16.00 hs \u2013 Zona \u201cB\u201d vs Formosa vs Corrientes<\/p>\n<p>18.30 hs \u2013 Zona \u201cB\u201d vs C\u00f3rdoba vs Misiones<\/p>\n<p>21.00 hs \u2013 Zona \u201cA\u201d vs San Juan vs Entre R\u00edos<\/p>\n<p>Cancha: Col\u00f3n de Chivilcoy<\/p>\n<p>19.30 hs \u2013 Zona \u201cA\u201d vs Buenos Aires vs Chubut<\/p>\n<p><strong style=\"line-height: 1.5em;\">MARTES 26 DE MAYO \u2013 Pergamino<\/strong><\/p>\n<p>Zona \u201cC\u201d \u2013 Cancha: Argentino de Pergamino<\/p>\n<p>15.00 hs \u2013 Chaco vs Santiago del Estero<\/p>\n<p>17.30 hs \u2013 R\u00edo Negro vs FeBAMBA<\/p>\n<p>Zona \u201cD\u201d \u2013 Cancha: Comunicaciones<\/p>\n<p>17.30 hs \u2013 Tucum\u00e1n vs Santa Fe<\/p>\n<p>20.00 hs \u2013 Mendoza vs La Pampa<\/p>\n<p><strong style=\"line-height: 1.5em;\">MI\u00c9RCOLES 27 DE MAYO \u2013 Jun\u00edn<\/strong><\/p>\n<p>Cancha: Argentino de Jun\u00edn<\/p>\n<p>16.00 hs \u2013 Zona \u201cB\u201d \u2013 Misiones vs Corrientes<\/p>\n<p>18.30 hs \u2013 Zona \u201cB\u201d \u2013 C\u00f3rdoba vs Formosa<\/p>\n<p>21.00 hs \u2013 Zona \u201cA\u201d \u2013 Entre R\u00edos vs Chubut<\/p>\n<p>Cancha: Col\u00f3n de Chivilcoy<\/p>\n<p>19.30 hs \u2013 Zona \u201cA\u201d \u2013 San Juan vs Buenos Aires<\/p>\n<p><strong style=\"line-height: 1.5em;\">MI\u00c9RCOLES 27 DE MAYO \u2013 Pergamino<\/strong><\/p>\n<p>Zona \u201cD\u201d \u2013 Cancha: Comunicaciones<\/p>\n<p>15.00 hs \u2013 Santa Fe vs La Pampa<\/p>\n<p>17.30 hs \u2013 Tucum\u00e1n vs Mendoza<\/p>\n<p>Zona \u201cC\u201d \u2013 Cancha: Argentino de Pergamino<\/p>\n<p>17.30 hs \u2013 R\u00edo Negro vs Chaco<\/p>\n<p>20.00 hs \u2013 Santiago del Estero vs FeBAMBA<\/p>\n<p><strong style=\"line-height: 1.5em;\">JUEVES 28 DE MAYO \u2013 Sede Jun\u00edn<\/strong><\/p>\n<p>Cancha: Argentino de Jun\u00edn<\/p>\n<p>16.30 hs \u2013 Zona \u201cA\u201d \u2013 Chubut vs San Juan<\/p>\n<p>19.00 hs \u2013 Zona \u201cA\u201d \u2013 Buenos Aires vs Entre R\u00edos<\/p>\n<p>Cancha: Los Indios de Jun\u00edn<\/p>\n<p>16.30 hs \u2013 Zona \u201cB\u201d \u2013 Corrientes vs C\u00f3rdoba<\/p>\n<p>19.00 hs \u2013 Zona \u201cB\u201d \u2013 Formosa vs Misiones<\/p>\n<p><strong style=\"line-height: 1.5em;\">JUEVES 28 DE MAYO \u2013 Sede Pergamino<\/strong><\/p>\n<p>Zona \u201cC\u201d \u2013 Cancha: Argentino de Pergamino<\/p>\n<p>15.00 hs \u2013 Santiago del Estero vs R\u00edo Negro<\/p>\n<p>17.30 hs \u2013 Chaco vs FeBAMBA<\/p>\n<p>Zona \u201cD\u201d \u2013 Cancha: Comunicaciones<\/p>\n<p>17.30 hs \u2013 La Pampa vs Tucum\u00e1n<\/p>\n<p>20.00 hs \u2013 Mendoza vs Santa Fe<\/p>\n<p><strong style=\"line-height: 1.5em;\">VIERNES 29 DE MAYO \u2013 Sede Jun\u00edn<\/strong><\/p>\n<p>Cancha: Argentino de Jun\u00edn<\/p>\n<p>17.30 hs \u2013 3\u00b0 Zona \u201cA\u201d vs 4\u00b0 Zona \u201cB\u201d\u00a0\u00a0\u00a0\u00a0 (Partido 5)<\/p>\n<p>20.00 hs \u2013 1\u00b0 Zona \u201cA\u201d vs 2\u00b0 Zona \u201cB\u201d\u00a0\u00a0\u00a0\u00a0 (Partido 1)<\/p>\n<p>Cancha: Los Indios de Jun\u00edn<\/p>\n<p>16.00 hs \u2013 3\u00b0 Zona \u201cB\u201d vs 4\u00b0 Zona \u201cA\u201d\u00a0\u00a0\u00a0\u00a0 (Partido 6)<\/p>\n<p>18.30 hs \u2013 1\u00b0 Zona \u201cB\u201d vs 2\u00b0 Zona \u201cA\u201d\u00a0\u00a0\u00a0\u00a0 (Partido 2)<\/p>\n<p><strong style=\"line-height: 1.5em;\">VIERNES 29 DE MAYO \u2013 Sede Pergamino<\/strong><\/p>\n<p>Cancha: Comunicaciones<\/p>\n<p>15.00 hs \u2013 1\u00b0 Zona \u201cD\u201d vs 2\u00b0 Zona \u201cC\u201d\u00a0\u00a0\u00a0\u00a0 (Partido 4)<\/p>\n<p>17.30 hs \u2013 3\u00b0 Zona \u201cD\u201d vs 4\u00b0 Zona \u201cC\u201d\u00a0\u00a0\u00a0\u00a0 (Partido 8)<\/p>\n<p>Cancha: Argentino de Pergamino<\/p>\n<p>17.30 hs \u2013 1\u00b0 Zona \u201cC\u201d vs 2\u00b0 Zona \u201cD\u201d\u00a0\u00a0\u00a0\u00a0 (Partido 3)<\/p>\n<p>20.00 hs \u2013 3\u00b0 Zona \u201cC\u201d vs 4\u00b0 Zona \u201cD\u201d\u00a0\u00a0\u00a0\u00a0 (Partido 7)<\/p>\n<p>&nbsp;<\/p>\n<p>La Fase EST\u00cdMULO (puestos del 9\u00b0 al 16\u00b0) continuar\u00e1 disput\u00e1ndose en Jun\u00edn los d\u00edas s\u00e1bado 30 y domingo 31 de mayo.<\/p>\n<p>La Fase CAMPEONATO (puestos del 1\u00b0 al 8\u00b0) continuar\u00e1 disput\u00e1ndose en Pergamino los d\u00edas s\u00e1bado 30 y domingo 31 de mayo.<\/p>\n<p>En el Congreso de Delegados se informar\u00e1n los horarios y canchas correspondientes para los dos \u00faltimos d\u00edas de competencia.<\/p>\n<p><strong>Fuente:<\/strong> Diego Garc\u00eda (Prensa CABB) y\u00a0Pablo Tribuzzio (La Raz\u00f3n de Chivilcoy).<\/p>\n<p><strong>Foto:<\/strong> La Raz\u00f3n de Chivilcoy.<\/p>\n","protected":false},"excerpt":{"rendered":"<p>Provincia contar\u00e1 con Bruno Pallotti, Joaqu\u00edn S\u00e1nchez y Valnent\u00edn Bettiga<\/p>\n","protected":false},"author":1,"featured_media":45995,"comment_status":"closed","ping_status":"open","sticky":false,"template":"","format":"standard","meta":{"jnews-multi-image_gallery":[],"jnews_single_post":[],"jnews_primary_category":[],"footnotes":""},"categories":[75,101],"tags":[391,459,533,488,11,305,15,16,375],"class_list":["post-45986","post","type-post","status-publish","format-standard","has-post-thumbnail","hentry","category-provincia","category-slide","tag-argentino-u17","tag-bruno-pallotti","tag-buenos-aires-u17","tag-chivilcoy","tag-estudiantes","tag-joaquin-sanchez","tag-naposta","tag-olimpo","tag-valentin-bettiga"],"yoast_head":"<!-- This site is optimized with the Yoast SEO plugin v27.5 - https:\/\/yoast.com\/product\/yoast-seo-wordpress\/ -->\n<title>Arranca el Argentino U17 - Gente de B\u00e1squet<\/title>\n<meta name=\"robots\" content=\"index, follow, max-snippet:-1, max-image-preview:large, max-video-preview:-1\" \/>\n<link rel=\"canonical\" href=\"http:\/\/gentedebasquet.com.ar\/sitio\/2015\/05\/24\/arranca-el-argentino-u17\/\" \/>\n<meta property=\"og:locale\" content=\"es_ES\" \/>\n<meta property=\"og:type\" content=\"article\" \/>\n<meta property=\"og:title\" content=\"Arranca el Argentino U17 - Gente de B\u00e1squet\" \/>\n<meta property=\"og:description\" content=\"Provincia contar\u00e1 con Bruno Pallotti, Joaqu\u00edn S\u00e1nchez y Valnent\u00edn Bettiga\" \/>\n<meta property=\"og:url\" content=\"http:\/\/gentedebasquet.com.ar\/sitio\/2015\/05\/24\/arranca-el-argentino-u17\/\" \/>\n<meta property=\"og:site_name\" content=\"Gente de B\u00e1squet\" \/>\n<meta property=\"article:published_time\" content=\"2015-05-24T17:41:00+00:00\" \/>\n<meta property=\"og:image\" content=\"http:\/\/gentedebasquet.com.ar\/sitio\/wp-content\/uploads\/2015\/05\/Provincia-U17.jpg\" \/>\n\t<meta property=\"og:image:width\" content=\"690\" \/>\n\t<meta property=\"og:image:height\" content=\"319\" \/>\n\t<meta property=\"og:image:type\" content=\"image\/jpeg\" \/>\n<meta name=\"author\" content=\"Gente de B\u00e1squet\" \/>\n<meta name=\"twitter:card\" content=\"summary_large_image\" \/>\n<meta name=\"twitter:label1\" content=\"Escrito por\" \/>\n\t<meta name=\"twitter:data1\" content=\"Gente de B\u00e1squet\" \/>\n\t<meta name=\"twitter:label2\" content=\"Tiempo de lectura\" \/>\n\t<meta name=\"twitter:data2\" content=\"5 minutos\" \/>\n<script type=\"application\/ld+json\" class=\"yoast-schema-graph\">{\"@context\":\"https:\\\/\\\/schema.org\",\"@graph\":[{\"@type\":\"Article\",\"@id\":\"http:\\\/\\\/gentedebasquet.com.ar\\\/sitio\\\/2015\\\/05\\\/24\\\/arranca-el-argentino-u17\\\/#article\",\"isPartOf\":{\"@id\":\"http:\\\/\\\/gentedebasquet.com.ar\\\/sitio\\\/2015\\\/05\\\/24\\\/arranca-el-argentino-u17\\\/\"},\"author\":{\"name\":\"Gente de B\u00e1squet\",\"@id\":\"https:\\\/\\\/gentedebasquet.com.ar\\\/sitio\\\/#\\\/schema\\\/person\\\/ca0b63bbb977369988a7bbbdc519943a\"},\"headline\":\"Arranca el Argentino U17\",\"datePublished\":\"2015-05-24T17:41:00+00:00\",\"mainEntityOfPage\":{\"@id\":\"http:\\\/\\\/gentedebasquet.com.ar\\\/sitio\\\/2015\\\/05\\\/24\\\/arranca-el-argentino-u17\\\/\"},\"wordCount\":1005,\"image\":{\"@id\":\"http:\\\/\\\/gentedebasquet.com.ar\\\/sitio\\\/2015\\\/05\\\/24\\\/arranca-el-argentino-u17\\\/#primaryimage\"},\"thumbnailUrl\":\"http:\\\/\\\/gentedebasquet.com.ar\\\/sitio\\\/wp-content\\\/uploads\\\/2015\\\/05\\\/Provincia-U17.jpg\",\"keywords\":[\"Argentino U17\",\"Bruno Pallotti\",\"Buenos Aires U17\",\"Chivilcoy\",\"Estudiantes\",\"Joaqu\u00edn S\u00e1nchez\",\"Naposta\",\"Ol\u00edmpo\",\"Valent\u00edn Bettiga\"],\"articleSection\":[\"Provincia\",\"Slide\"],\"inLanguage\":\"es\"},{\"@type\":\"WebPage\",\"@id\":\"http:\\\/\\\/gentedebasquet.com.ar\\\/sitio\\\/2015\\\/05\\\/24\\\/arranca-el-argentino-u17\\\/\",\"url\":\"http:\\\/\\\/gentedebasquet.com.ar\\\/sitio\\\/2015\\\/05\\\/24\\\/arranca-el-argentino-u17\\\/\",\"name\":\"Arranca el Argentino U17 - Gente de B\u00e1squet\",\"isPartOf\":{\"@id\":\"https:\\\/\\\/gentedebasquet.com.ar\\\/sitio\\\/#website\"},\"primaryImageOfPage\":{\"@id\":\"http:\\\/\\\/gentedebasquet.com.ar\\\/sitio\\\/2015\\\/05\\\/24\\\/arranca-el-argentino-u17\\\/#primaryimage\"},\"image\":{\"@id\":\"http:\\\/\\\/gentedebasquet.com.ar\\\/sitio\\\/2015\\\/05\\\/24\\\/arranca-el-argentino-u17\\\/#primaryimage\"},\"thumbnailUrl\":\"http:\\\/\\\/gentedebasquet.com.ar\\\/sitio\\\/wp-content\\\/uploads\\\/2015\\\/05\\\/Provincia-U17.jpg\",\"datePublished\":\"2015-05-24T17:41:00+00:00\",\"author\":{\"@id\":\"https:\\\/\\\/gentedebasquet.com.ar\\\/sitio\\\/#\\\/schema\\\/person\\\/ca0b63bbb977369988a7bbbdc519943a\"},\"breadcrumb\":{\"@id\":\"http:\\\/\\\/gentedebasquet.com.ar\\\/sitio\\\/2015\\\/05\\\/24\\\/arranca-el-argentino-u17\\\/#breadcrumb\"},\"inLanguage\":\"es\",\"potentialAction\":[{\"@type\":\"ReadAction\",\"target\":[\"http:\\\/\\\/gentedebasquet.com.ar\\\/sitio\\\/2015\\\/05\\\/24\\\/arranca-el-argentino-u17\\\/\"]}]},{\"@type\":\"ImageObject\",\"inLanguage\":\"es\",\"@id\":\"http:\\\/\\\/gentedebasquet.com.ar\\\/sitio\\\/2015\\\/05\\\/24\\\/arranca-el-argentino-u17\\\/#primaryimage\",\"url\":\"http:\\\/\\\/gentedebasquet.com.ar\\\/sitio\\\/wp-content\\\/uploads\\\/2015\\\/05\\\/Provincia-U17.jpg\",\"contentUrl\":\"http:\\\/\\\/gentedebasquet.com.ar\\\/sitio\\\/wp-content\\\/uploads\\\/2015\\\/05\\\/Provincia-U17.jpg\",\"width\":690,\"height\":319},{\"@type\":\"BreadcrumbList\",\"@id\":\"http:\\\/\\\/gentedebasquet.com.ar\\\/sitio\\\/2015\\\/05\\\/24\\\/arranca-el-argentino-u17\\\/#breadcrumb\",\"itemListElement\":[{\"@type\":\"ListItem\",\"position\":1,\"name\":\"Portada\",\"item\":\"https:\\\/\\\/gentedebasquet.com.ar\\\/sitio\\\/\"},{\"@type\":\"ListItem\",\"position\":2,\"name\":\"Arranca el Argentino U17\"}]},{\"@type\":\"WebSite\",\"@id\":\"https:\\\/\\\/gentedebasquet.com.ar\\\/sitio\\\/#website\",\"url\":\"https:\\\/\\\/gentedebasquet.com.ar\\\/sitio\\\/\",\"name\":\"Gente de B\u00e1squet\",\"description\":\"La revista del basquet de Bah\u00eda Blanca\",\"potentialAction\":[{\"@type\":\"SearchAction\",\"target\":{\"@type\":\"EntryPoint\",\"urlTemplate\":\"https:\\\/\\\/gentedebasquet.com.ar\\\/sitio\\\/?s={search_term_string}\"},\"query-input\":{\"@type\":\"PropertyValueSpecification\",\"valueRequired\":true,\"valueName\":\"search_term_string\"}}],\"inLanguage\":\"es\"},{\"@type\":\"Person\",\"@id\":\"https:\\\/\\\/gentedebasquet.com.ar\\\/sitio\\\/#\\\/schema\\\/person\\\/ca0b63bbb977369988a7bbbdc519943a\",\"name\":\"Gente de B\u00e1squet\",\"image\":{\"@type\":\"ImageObject\",\"inLanguage\":\"es\",\"@id\":\"https:\\\/\\\/secure.gravatar.com\\\/avatar\\\/7f2c48bdc33b30088f941fb6082e555f2874c98e20cb159d7b92b50eadfce793?s=96&d=mm&r=g\",\"url\":\"https:\\\/\\\/secure.gravatar.com\\\/avatar\\\/7f2c48bdc33b30088f941fb6082e555f2874c98e20cb159d7b92b50eadfce793?s=96&d=mm&r=g\",\"contentUrl\":\"https:\\\/\\\/secure.gravatar.com\\\/avatar\\\/7f2c48bdc33b30088f941fb6082e555f2874c98e20cb159d7b92b50eadfce793?s=96&d=mm&r=g\",\"caption\":\"Gente de B\u00e1squet\"},\"sameAs\":[\"http:\\\/\\\/gentedebasquet.com.ar\\\/sitio\"],\"url\":\"http:\\\/\\\/gentedebasquet.com.ar\\\/sitio\\\/author\\\/ulises\\\/\"}]}<\/script>\n<!-- \/ Yoast SEO plugin. -->","yoast_head_json":{"title":"Arranca el Argentino U17 - Gente de B\u00e1squet","robots":{"index":"index","follow":"follow","max-snippet":"max-snippet:-1","max-image-preview":"max-image-preview:large","max-video-preview":"max-video-preview:-1"},"canonical":"http:\/\/gentedebasquet.com.ar\/sitio\/2015\/05\/24\/arranca-el-argentino-u17\/","og_locale":"es_ES","og_type":"article","og_title":"Arranca el Argentino U17 - Gente de B\u00e1squet","og_description":"Provincia contar\u00e1 con Bruno Pallotti, Joaqu\u00edn S\u00e1nchez y Valnent\u00edn Bettiga","og_url":"http:\/\/gentedebasquet.com.ar\/sitio\/2015\/05\/24\/arranca-el-argentino-u17\/","og_site_name":"Gente de B\u00e1squet","article_published_time":"2015-05-24T17:41:00+00:00","og_image":[{"width":690,"height":319,"url":"http:\/\/gentedebasquet.com.ar\/sitio\/wp-content\/uploads\/2015\/05\/Provincia-U17.jpg","type":"image\/jpeg"}],"author":"Gente de B\u00e1squet","twitter_card":"summary_large_image","twitter_misc":{"Escrito por":"Gente de B\u00e1squet","Tiempo de lectura":"5 minutos"},"schema":{"@context":"https:\/\/schema.org","@graph":[{"@type":"Article","@id":"http:\/\/gentedebasquet.com.ar\/sitio\/2015\/05\/24\/arranca-el-argentino-u17\/#article","isPartOf":{"@id":"http:\/\/gentedebasquet.com.ar\/sitio\/2015\/05\/24\/arranca-el-argentino-u17\/"},"author":{"name":"Gente de B\u00e1squet","@id":"https:\/\/gentedebasquet.com.ar\/sitio\/#\/schema\/person\/ca0b63bbb977369988a7bbbdc519943a"},"headline":"Arranca el Argentino U17","datePublished":"2015-05-24T17:41:00+00:00","mainEntityOfPage":{"@id":"http:\/\/gentedebasquet.com.ar\/sitio\/2015\/05\/24\/arranca-el-argentino-u17\/"},"wordCount":1005,"image":{"@id":"http:\/\/gentedebasquet.com.ar\/sitio\/2015\/05\/24\/arranca-el-argentino-u17\/#primaryimage"},"thumbnailUrl":"http:\/\/gentedebasquet.com.ar\/sitio\/wp-content\/uploads\/2015\/05\/Provincia-U17.jpg","keywords":["Argentino U17","Bruno Pallotti","Buenos Aires U17","Chivilcoy","Estudiantes","Joaqu\u00edn S\u00e1nchez","Naposta","Ol\u00edmpo","Valent\u00edn Bettiga"],"articleSection":["Provincia","Slide"],"inLanguage":"es"},{"@type":"WebPage","@id":"http:\/\/gentedebasquet.com.ar\/sitio\/2015\/05\/24\/arranca-el-argentino-u17\/","url":"http:\/\/gentedebasquet.com.ar\/sitio\/2015\/05\/24\/arranca-el-argentino-u17\/","name":"Arranca el Argentino U17 - Gente de B\u00e1squet","isPartOf":{"@id":"https:\/\/gentedebasquet.com.ar\/sitio\/#website"},"primaryImageOfPage":{"@id":"http:\/\/gentedebasquet.com.ar\/sitio\/2015\/05\/24\/arranca-el-argentino-u17\/#primaryimage"},"image":{"@id":"http:\/\/gentedebasquet.com.ar\/sitio\/2015\/05\/24\/arranca-el-argentino-u17\/#primaryimage"},"thumbnailUrl":"http:\/\/gentedebasquet.com.ar\/sitio\/wp-content\/uploads\/2015\/05\/Provincia-U17.jpg","datePublished":"2015-05-24T17:41:00+00:00","author":{"@id":"https:\/\/gentedebasquet.com.ar\/sitio\/#\/schema\/person\/ca0b63bbb977369988a7bbbdc519943a"},"breadcrumb":{"@id":"http:\/\/gentedebasquet.com.ar\/sitio\/2015\/05\/24\/arranca-el-argentino-u17\/#breadcrumb"},"inLanguage":"es","potentialAction":[{"@type":"ReadAction","target":["http:\/\/gentedebasquet.com.ar\/sitio\/2015\/05\/24\/arranca-el-argentino-u17\/"]}]},{"@type":"ImageObject","inLanguage":"es","@id":"http:\/\/gentedebasquet.com.ar\/sitio\/2015\/05\/24\/arranca-el-argentino-u17\/#primaryimage","url":"http:\/\/gentedebasquet.com.ar\/sitio\/wp-content\/uploads\/2015\/05\/Provincia-U17.jpg","contentUrl":"http:\/\/gentedebasquet.com.ar\/sitio\/wp-content\/uploads\/2015\/05\/Provincia-U17.jpg","width":690,"height":319},{"@type":"BreadcrumbList","@id":"http:\/\/gentedebasquet.com.ar\/sitio\/2015\/05\/24\/arranca-el-argentino-u17\/#breadcrumb","itemListElement":[{"@type":"ListItem","position":1,"name":"Portada","item":"https:\/\/gentedebasquet.com.ar\/sitio\/"},{"@type":"ListItem","position":2,"name":"Arranca el Argentino U17"}]},{"@type":"WebSite","@id":"https:\/\/gentedebasquet.com.ar\/sitio\/#website","url":"https:\/\/gentedebasquet.com.ar\/sitio\/","name":"Gente de B\u00e1squet","description":"La revista del basquet de Bah\u00eda Blanca","potentialAction":[{"@type":"SearchAction","target":{"@type":"EntryPoint","urlTemplate":"https:\/\/gentedebasquet.com.ar\/sitio\/?s={search_term_string}"},"query-input":{"@type":"PropertyValueSpecification","valueRequired":true,"valueName":"search_term_string"}}],"inLanguage":"es"},{"@type":"Person","@id":"https:\/\/gentedebasquet.com.ar\/sitio\/#\/schema\/person\/ca0b63bbb977369988a7bbbdc519943a","name":"Gente de B\u00e1squet","image":{"@type":"ImageObject","inLanguage":"es","@id":"https:\/\/secure.gravatar.com\/avatar\/7f2c48bdc33b30088f941fb6082e555f2874c98e20cb159d7b92b50eadfce793?s=96&d=mm&r=g","url":"https:\/\/secure.gravatar.com\/avatar\/7f2c48bdc33b30088f941fb6082e555f2874c98e20cb159d7b92b50eadfce793?s=96&d=mm&r=g","contentUrl":"https:\/\/secure.gravatar.com\/avatar\/7f2c48bdc33b30088f941fb6082e555f2874c98e20cb159d7b92b50eadfce793?s=96&d=mm&r=g","caption":"Gente de B\u00e1squet"},"sameAs":["http:\/\/gentedebasquet.com.ar\/sitio"],"url":"http:\/\/gentedebasquet.com.ar\/sitio\/author\/ulises\/"}]}},"_links":{"self":[{"href":"http:\/\/gentedebasquet.com.ar\/sitio\/wp-json\/wp\/v2\/posts\/45986","targetHints":{"allow":["GET"]}}],"collection":[{"href":"http:\/\/gentedebasquet.com.ar\/sitio\/wp-json\/wp\/v2\/posts"}],"about":[{"href":"http:\/\/gentedebasquet.com.ar\/sitio\/wp-json\/wp\/v2\/types\/post"}],"author":[{"embeddable":true,"href":"http:\/\/gentedebasquet.com.ar\/sitio\/wp-json\/wp\/v2\/users\/1"}],"replies":[{"embeddable":true,"href":"http:\/\/gentedebasquet.com.ar\/sitio\/wp-json\/wp\/v2\/comments?post=45986"}],"version-history":[{"count":0,"href":"http:\/\/gentedebasquet.com.ar\/sitio\/wp-json\/wp\/v2\/posts\/45986\/revisions"}],"wp:featuredmedia":[{"embeddable":true,"href":"http:\/\/gentedebasquet.com.ar\/sitio\/wp-json\/wp\/v2\/media\/45995"}],"wp:attachment":[{"href":"http:\/\/gentedebasquet.com.ar\/sitio\/wp-json\/wp\/v2\/media?parent=45986"}],"wp:term":[{"taxonomy":"category","embeddable":true,"href":"http:\/\/gentedebasquet.com.ar\/sitio\/wp-json\/wp\/v2\/categories?post=45986"},{"taxonomy":"post_tag","embeddable":true,"href":"http:\/\/gentedebasquet.com.ar\/sitio\/wp-json\/wp\/v2\/tags?post=45986"}],"curies":[{"name":"wp","href":"https:\/\/api.w.org\/{rel}","templated":true}]}}