{"id":46014,"date":"2015-05-26T22:21:17","date_gmt":"2015-05-27T01:21:17","guid":{"rendered":"http:\/\/www.gentedebasquet.com.ar\/?p=46014"},"modified":"2015-05-26T22:21:17","modified_gmt":"2015-05-27T01:21:17","slug":"primer-paso-de-provincia-u17","status":"publish","type":"post","link":"http:\/\/gentedebasquet.com.ar\/sitio\/2015\/05\/26\/primer-paso-de-provincia-u17\/","title":{"rendered":"Primer paso de Provincia U17"},"content":{"rendered":"<p><strong>Provincia de Buenos Aires comenz\u00f3 con una s\u00f3lida victoria el 23\u00b0 Campeonato Argentino Masculino de Selecciones U17, al derrotar por 96 a 44 a Chubut. Joaqu\u00edn S\u00e1nchez anot\u00f3 16 puntos; mientras que Bruno Pallotti y Valent\u00edn Bettiga colaboraron con 2 cada uno. El certamen, del cual participan 16 selecciones divididas en cuatro zonas, se desarrolla ha<strong>sta el 31 de mayo, en Pergamino, Chivilcoy y Jun\u00edn.<\/strong>\u00a0Provincia fue con la <a href=\"http:\/\/www.gentedebasquet.com.ar\/tan-cerca\/\" target=\"_blank\" rel=\"noopener\">base de Chivilcoy<\/a>.\u00a0<\/strong><\/p>\n<p>&nbsp;<\/p>\n<p><strong>ZONA A<\/strong><\/p>\n<p>Buenos Aires y Entre R\u00edos picaron en punta en la primera jornada de la Zona A del Argentino U17. En Chivilcoy, el conjunto bonaerense logr\u00f3 la victoria m\u00e1s amplia del d\u00eda al vencer 96-44 a Chubut en un partido sin equivalencias. A \u00faltimo turno, en el encuentro que cerr\u00f3 el primer d\u00eda de competici\u00f3n, Entre R\u00edos y San Juan brindaron un partido parejo en Jun\u00edn, que finaliz\u00f3 con victoria para los entrerrianos por 73-65.<\/p>\n<p><strong>POSICIONES<\/strong><\/p>\n<p>1\u00b0 Buenos Aires 2 puntos (1-0)<\/p>\n<p>2\u00b0 Entre R\u00edos 2 puntos (1-0)<\/p>\n<p>3\u00b0 San Juan 1 punto (0-1)<\/p>\n<p>4\u00b0 Chubut 1 punto (0-1)<\/p>\n<p>&nbsp;<\/p>\n<p><strong>ZONA B<\/strong><\/p>\n<p>En un partidazo, parejo y de muy alto goleo, Corrientes dio vuelta un juego complicado en el segundo tiempo y debut\u00f3 con un triunfo 86-78 sobre Formosa en la apertura de la Zona B del Argentino U17. Posteriormente, cerrando la primera jornada de esta zona, C\u00f3rdoba logr\u00f3 un apretado triunfo 71-68 ante un aguerrido equipo de Misiones que jug\u00f3 un gran primer tiempo y complic\u00f3 a los cordobeses hasta el final.<\/p>\n<p><strong>POSICIONES<\/strong><\/p>\n<p>1\u00b0 Corrientes 2 puntos (1-0)<\/p>\n<p>2\u00b0 C\u00f3rdoba 2 puntos (1-0)<\/p>\n<p>3\u00b0 Misiones 1 punto (0-1)<\/p>\n<p>4\u00b0 Formosa 1 punto (0-1)<\/p>\n<p>&nbsp;<\/p>\n<p><strong>ZONA C<\/strong><\/p>\n<p>La primera jornada de la Zona C del 23\u00b0 Campeonato Argentino U17 sobresali\u00f3 por su paridad. Los candidatos en este grupo, Chaco y FeBAMBA, salieron airosos pero debieron trabajar, y mucho, para superar a Santiago del Estero y R\u00edo Negro, respectivamente. A primer turno, Lautaro L\u00f3pez y Luca Valussi formaron un d\u00fao\u00a0 sensacional para guiar a Chaco al triunfo 65-54 sobre el conjunto santiague\u00f1o. Posteriormente, FeBAMBA le gan\u00f3 64-57 a un R\u00edo Negro que se vino en el \u00faltimo cuarto y le puso suspenso al encuentro.<\/p>\n<p><strong>POSICIONES<\/strong><\/p>\n<p>1\u00b0 Chaco 2 puntos (1-0)<\/p>\n<p>2\u00b0 FeBAMBA 2 puntos (1-0)<\/p>\n<p>3\u00b0 R\u00edo Negro 1 punto (0-1)<\/p>\n<p>4\u00b0 Santiago del Estero (0-1)<\/p>\n<p>&nbsp;<\/p>\n<p><strong>ZONA D<\/strong><\/p>\n<p>La primera jornada de la Zona D, en Pergamino, present\u00f3 dos partidos muy diferentes. En primera instancia, Santa Fe no pas\u00f3 sobresaltos para derrotar 85-55 a Tucum\u00e1n, con buen aporte de Lucas Gorosterrazu (20 puntos), mientras que cerrando el d\u00eda en este grupo, La Pampa y Mendoza protagonizaron un partidazo que se defini\u00f3 en suplementario, tras empatar en 58 al finalizar el tiempo reglamentario. Finalmente, los pampeanos se impusieron 70-67 con una importante contribuci\u00f3n de Gonzalo Nolt, quien sum\u00f3 17 tantos.<\/p>\n<p><strong>POSICIONES<\/strong><\/p>\n<p>1\u00b0 Santa Fe 2 puntos (1-0)<\/p>\n<p>2\u00b0 La Pampa 2 puntos (1-0)<\/p>\n<p>3\u00b0 Mendoza 1 punto (0-1)<\/p>\n<p>4\u00b0 Tucum\u00e1n 1 punto (0-1)<\/p>\n<p>&nbsp;<\/p>\n<p><strong>FIXTURE SEGUNDA JORNADA \u2013 Mi\u00e9rcoles 27 de mayo<\/strong><\/p>\n<p>Sede Jun\u00edn<\/p>\n<p>Cancha: Argentino de Jun\u00edn<\/p>\n<p>16.00 hs \u0096 Zona \u0093B\u0094 \u0096 Misiones vs Corrientes<\/p>\n<p>18.30 hs \u0096 Zona \u0093B\u0094 \u0096 C\u00f3rdoba vs Formosa<\/p>\n<p>21.00 hs \u0096 Zona \u0093A\u0094 \u0096 Entre R\u00edos vs Chubut<\/p>\n<p>Cancha: Col\u00f3n de Chivilcoy<\/p>\n<p>19.30 hs \u0096 Zona \u0093A\u0094 \u0096 San Juan vs Buenos Aires<\/p>\n<p>Sede Pergamino<\/p>\n<p>Cancha: Comunicaciones<\/p>\n<p>15.00 hs Zona D Santa Fe vs La Pampa<\/p>\n<p>17.30 hs\u00a0 Zona D\u00a0 Tucum\u00e1n vs Mendoza<\/p>\n<p>Cancha: Argentino de Pergamino<\/p>\n<p>17.30 hs Zona C\u0096 R\u00edo Negro vs Chaco<\/p>\n<p>20.00 hs Zona C\u0096 Santiago del Estero vs FeBAMBA<\/p>\n<p><strong>Fuente:<\/strong> Diego Garc\u00eda (Prensa CABB).<\/p>\n<p><strong>Foto:<\/strong> La Raz\u00f3n de Chivilcoy.<\/p>\n","protected":false},"excerpt":{"rendered":"<p>Venci\u00f3 a Chubut por 96 a 44 en el arranque del Argentino<\/p>\n","protected":false},"author":1,"featured_media":46015,"comment_status":"closed","ping_status":"open","sticky":false,"template":"","format":"standard","meta":{"jnews-multi-image_gallery":[],"jnews_single_post":[],"jnews_primary_category":[],"footnotes":""},"categories":[75,101],"tags":[391,459,533,696,305,375],"class_list":["post-46014","post","type-post","status-publish","format-standard","has-post-thumbnail","hentry","category-provincia","category-slide","tag-argentino-u17","tag-bruno-pallotti","tag-buenos-aires-u17","tag-chubut","tag-joaquin-sanchez","tag-valentin-bettiga"],"yoast_head":"<!-- This site is optimized with the Yoast SEO plugin v27.5 - https:\/\/yoast.com\/product\/yoast-seo-wordpress\/ -->\n<title>Primer paso de Provincia U17 - Gente de B\u00e1squet<\/title>\n<meta name=\"robots\" content=\"index, follow, max-snippet:-1, max-image-preview:large, max-video-preview:-1\" \/>\n<link rel=\"canonical\" href=\"http:\/\/gentedebasquet.com.ar\/sitio\/2015\/05\/26\/primer-paso-de-provincia-u17\/\" \/>\n<meta property=\"og:locale\" content=\"es_ES\" \/>\n<meta property=\"og:type\" content=\"article\" \/>\n<meta property=\"og:title\" content=\"Primer paso de Provincia U17 - Gente de B\u00e1squet\" \/>\n<meta property=\"og:description\" content=\"Venci\u00f3 a Chubut por 96 a 44 en el arranque del Argentino\" \/>\n<meta property=\"og:url\" content=\"http:\/\/gentedebasquet.com.ar\/sitio\/2015\/05\/26\/primer-paso-de-provincia-u17\/\" \/>\n<meta property=\"og:site_name\" content=\"Gente de B\u00e1squet\" \/>\n<meta property=\"article:published_time\" content=\"2015-05-27T01:21:17+00:00\" \/>\n<meta property=\"og:image\" content=\"http:\/\/gentedebasquet.com.ar\/sitio\/wp-content\/uploads\/2015\/05\/Chubut-Argentino-U17.jpg\" \/>\n\t<meta property=\"og:image:width\" content=\"690\" \/>\n\t<meta property=\"og:image:height\" content=\"318\" \/>\n\t<meta property=\"og:image:type\" content=\"image\/jpeg\" \/>\n<meta name=\"author\" content=\"Gente de B\u00e1squet\" \/>\n<meta name=\"twitter:card\" content=\"summary_large_image\" \/>\n<meta name=\"twitter:label1\" content=\"Escrito por\" \/>\n\t<meta name=\"twitter:data1\" content=\"Gente de B\u00e1squet\" \/>\n\t<meta name=\"twitter:label2\" content=\"Tiempo de lectura\" \/>\n\t<meta name=\"twitter:data2\" content=\"3 minutos\" \/>\n<script type=\"application\/ld+json\" class=\"yoast-schema-graph\">{\"@context\":\"https:\\\/\\\/schema.org\",\"@graph\":[{\"@type\":\"Article\",\"@id\":\"http:\\\/\\\/gentedebasquet.com.ar\\\/sitio\\\/2015\\\/05\\\/26\\\/primer-paso-de-provincia-u17\\\/#article\",\"isPartOf\":{\"@id\":\"http:\\\/\\\/gentedebasquet.com.ar\\\/sitio\\\/2015\\\/05\\\/26\\\/primer-paso-de-provincia-u17\\\/\"},\"author\":{\"name\":\"Gente de B\u00e1squet\",\"@id\":\"https:\\\/\\\/gentedebasquet.com.ar\\\/sitio\\\/#\\\/schema\\\/person\\\/ca0b63bbb977369988a7bbbdc519943a\"},\"headline\":\"Primer paso de Provincia U17\",\"datePublished\":\"2015-05-27T01:21:17+00:00\",\"mainEntityOfPage\":{\"@id\":\"http:\\\/\\\/gentedebasquet.com.ar\\\/sitio\\\/2015\\\/05\\\/26\\\/primer-paso-de-provincia-u17\\\/\"},\"wordCount\":575,\"image\":{\"@id\":\"http:\\\/\\\/gentedebasquet.com.ar\\\/sitio\\\/2015\\\/05\\\/26\\\/primer-paso-de-provincia-u17\\\/#primaryimage\"},\"thumbnailUrl\":\"http:\\\/\\\/gentedebasquet.com.ar\\\/sitio\\\/wp-content\\\/uploads\\\/2015\\\/05\\\/Chubut-Argentino-U17.jpg\",\"keywords\":[\"Argentino U17\",\"Bruno Pallotti\",\"Buenos Aires U17\",\"Chubut\",\"Joaqu\u00edn S\u00e1nchez\",\"Valent\u00edn Bettiga\"],\"articleSection\":[\"Provincia\",\"Slide\"],\"inLanguage\":\"es\"},{\"@type\":\"WebPage\",\"@id\":\"http:\\\/\\\/gentedebasquet.com.ar\\\/sitio\\\/2015\\\/05\\\/26\\\/primer-paso-de-provincia-u17\\\/\",\"url\":\"http:\\\/\\\/gentedebasquet.com.ar\\\/sitio\\\/2015\\\/05\\\/26\\\/primer-paso-de-provincia-u17\\\/\",\"name\":\"Primer paso de Provincia U17 - Gente de B\u00e1squet\",\"isPartOf\":{\"@id\":\"https:\\\/\\\/gentedebasquet.com.ar\\\/sitio\\\/#website\"},\"primaryImageOfPage\":{\"@id\":\"http:\\\/\\\/gentedebasquet.com.ar\\\/sitio\\\/2015\\\/05\\\/26\\\/primer-paso-de-provincia-u17\\\/#primaryimage\"},\"image\":{\"@id\":\"http:\\\/\\\/gentedebasquet.com.ar\\\/sitio\\\/2015\\\/05\\\/26\\\/primer-paso-de-provincia-u17\\\/#primaryimage\"},\"thumbnailUrl\":\"http:\\\/\\\/gentedebasquet.com.ar\\\/sitio\\\/wp-content\\\/uploads\\\/2015\\\/05\\\/Chubut-Argentino-U17.jpg\",\"datePublished\":\"2015-05-27T01:21:17+00:00\",\"author\":{\"@id\":\"https:\\\/\\\/gentedebasquet.com.ar\\\/sitio\\\/#\\\/schema\\\/person\\\/ca0b63bbb977369988a7bbbdc519943a\"},\"breadcrumb\":{\"@id\":\"http:\\\/\\\/gentedebasquet.com.ar\\\/sitio\\\/2015\\\/05\\\/26\\\/primer-paso-de-provincia-u17\\\/#breadcrumb\"},\"inLanguage\":\"es\",\"potentialAction\":[{\"@type\":\"ReadAction\",\"target\":[\"http:\\\/\\\/gentedebasquet.com.ar\\\/sitio\\\/2015\\\/05\\\/26\\\/primer-paso-de-provincia-u17\\\/\"]}]},{\"@type\":\"ImageObject\",\"inLanguage\":\"es\",\"@id\":\"http:\\\/\\\/gentedebasquet.com.ar\\\/sitio\\\/2015\\\/05\\\/26\\\/primer-paso-de-provincia-u17\\\/#primaryimage\",\"url\":\"http:\\\/\\\/gentedebasquet.com.ar\\\/sitio\\\/wp-content\\\/uploads\\\/2015\\\/05\\\/Chubut-Argentino-U17.jpg\",\"contentUrl\":\"http:\\\/\\\/gentedebasquet.com.ar\\\/sitio\\\/wp-content\\\/uploads\\\/2015\\\/05\\\/Chubut-Argentino-U17.jpg\",\"width\":690,\"height\":318},{\"@type\":\"BreadcrumbList\",\"@id\":\"http:\\\/\\\/gentedebasquet.com.ar\\\/sitio\\\/2015\\\/05\\\/26\\\/primer-paso-de-provincia-u17\\\/#breadcrumb\",\"itemListElement\":[{\"@type\":\"ListItem\",\"position\":1,\"name\":\"Portada\",\"item\":\"https:\\\/\\\/gentedebasquet.com.ar\\\/sitio\\\/\"},{\"@type\":\"ListItem\",\"position\":2,\"name\":\"Primer paso de Provincia U17\"}]},{\"@type\":\"WebSite\",\"@id\":\"https:\\\/\\\/gentedebasquet.com.ar\\\/sitio\\\/#website\",\"url\":\"https:\\\/\\\/gentedebasquet.com.ar\\\/sitio\\\/\",\"name\":\"Gente de B\u00e1squet\",\"description\":\"La revista del basquet de Bah\u00eda Blanca\",\"potentialAction\":[{\"@type\":\"SearchAction\",\"target\":{\"@type\":\"EntryPoint\",\"urlTemplate\":\"https:\\\/\\\/gentedebasquet.com.ar\\\/sitio\\\/?s={search_term_string}\"},\"query-input\":{\"@type\":\"PropertyValueSpecification\",\"valueRequired\":true,\"valueName\":\"search_term_string\"}}],\"inLanguage\":\"es\"},{\"@type\":\"Person\",\"@id\":\"https:\\\/\\\/gentedebasquet.com.ar\\\/sitio\\\/#\\\/schema\\\/person\\\/ca0b63bbb977369988a7bbbdc519943a\",\"name\":\"Gente de B\u00e1squet\",\"image\":{\"@type\":\"ImageObject\",\"inLanguage\":\"es\",\"@id\":\"https:\\\/\\\/secure.gravatar.com\\\/avatar\\\/7f2c48bdc33b30088f941fb6082e555f2874c98e20cb159d7b92b50eadfce793?s=96&d=mm&r=g\",\"url\":\"https:\\\/\\\/secure.gravatar.com\\\/avatar\\\/7f2c48bdc33b30088f941fb6082e555f2874c98e20cb159d7b92b50eadfce793?s=96&d=mm&r=g\",\"contentUrl\":\"https:\\\/\\\/secure.gravatar.com\\\/avatar\\\/7f2c48bdc33b30088f941fb6082e555f2874c98e20cb159d7b92b50eadfce793?s=96&d=mm&r=g\",\"caption\":\"Gente de B\u00e1squet\"},\"sameAs\":[\"http:\\\/\\\/gentedebasquet.com.ar\\\/sitio\"],\"url\":\"http:\\\/\\\/gentedebasquet.com.ar\\\/sitio\\\/author\\\/ulises\\\/\"}]}<\/script>\n<!-- \/ Yoast SEO plugin. -->","yoast_head_json":{"title":"Primer paso de Provincia U17 - Gente de B\u00e1squet","robots":{"index":"index","follow":"follow","max-snippet":"max-snippet:-1","max-image-preview":"max-image-preview:large","max-video-preview":"max-video-preview:-1"},"canonical":"http:\/\/gentedebasquet.com.ar\/sitio\/2015\/05\/26\/primer-paso-de-provincia-u17\/","og_locale":"es_ES","og_type":"article","og_title":"Primer paso de Provincia U17 - Gente de B\u00e1squet","og_description":"Venci\u00f3 a Chubut por 96 a 44 en el arranque del Argentino","og_url":"http:\/\/gentedebasquet.com.ar\/sitio\/2015\/05\/26\/primer-paso-de-provincia-u17\/","og_site_name":"Gente de B\u00e1squet","article_published_time":"2015-05-27T01:21:17+00:00","og_image":[{"width":690,"height":318,"url":"http:\/\/gentedebasquet.com.ar\/sitio\/wp-content\/uploads\/2015\/05\/Chubut-Argentino-U17.jpg","type":"image\/jpeg"}],"author":"Gente de B\u00e1squet","twitter_card":"summary_large_image","twitter_misc":{"Escrito por":"Gente de B\u00e1squet","Tiempo de lectura":"3 minutos"},"schema":{"@context":"https:\/\/schema.org","@graph":[{"@type":"Article","@id":"http:\/\/gentedebasquet.com.ar\/sitio\/2015\/05\/26\/primer-paso-de-provincia-u17\/#article","isPartOf":{"@id":"http:\/\/gentedebasquet.com.ar\/sitio\/2015\/05\/26\/primer-paso-de-provincia-u17\/"},"author":{"name":"Gente de B\u00e1squet","@id":"https:\/\/gentedebasquet.com.ar\/sitio\/#\/schema\/person\/ca0b63bbb977369988a7bbbdc519943a"},"headline":"Primer paso de Provincia U17","datePublished":"2015-05-27T01:21:17+00:00","mainEntityOfPage":{"@id":"http:\/\/gentedebasquet.com.ar\/sitio\/2015\/05\/26\/primer-paso-de-provincia-u17\/"},"wordCount":575,"image":{"@id":"http:\/\/gentedebasquet.com.ar\/sitio\/2015\/05\/26\/primer-paso-de-provincia-u17\/#primaryimage"},"thumbnailUrl":"http:\/\/gentedebasquet.com.ar\/sitio\/wp-content\/uploads\/2015\/05\/Chubut-Argentino-U17.jpg","keywords":["Argentino U17","Bruno Pallotti","Buenos Aires U17","Chubut","Joaqu\u00edn S\u00e1nchez","Valent\u00edn Bettiga"],"articleSection":["Provincia","Slide"],"inLanguage":"es"},{"@type":"WebPage","@id":"http:\/\/gentedebasquet.com.ar\/sitio\/2015\/05\/26\/primer-paso-de-provincia-u17\/","url":"http:\/\/gentedebasquet.com.ar\/sitio\/2015\/05\/26\/primer-paso-de-provincia-u17\/","name":"Primer paso de Provincia U17 - Gente de B\u00e1squet","isPartOf":{"@id":"https:\/\/gentedebasquet.com.ar\/sitio\/#website"},"primaryImageOfPage":{"@id":"http:\/\/gentedebasquet.com.ar\/sitio\/2015\/05\/26\/primer-paso-de-provincia-u17\/#primaryimage"},"image":{"@id":"http:\/\/gentedebasquet.com.ar\/sitio\/2015\/05\/26\/primer-paso-de-provincia-u17\/#primaryimage"},"thumbnailUrl":"http:\/\/gentedebasquet.com.ar\/sitio\/wp-content\/uploads\/2015\/05\/Chubut-Argentino-U17.jpg","datePublished":"2015-05-27T01:21:17+00:00","author":{"@id":"https:\/\/gentedebasquet.com.ar\/sitio\/#\/schema\/person\/ca0b63bbb977369988a7bbbdc519943a"},"breadcrumb":{"@id":"http:\/\/gentedebasquet.com.ar\/sitio\/2015\/05\/26\/primer-paso-de-provincia-u17\/#breadcrumb"},"inLanguage":"es","potentialAction":[{"@type":"ReadAction","target":["http:\/\/gentedebasquet.com.ar\/sitio\/2015\/05\/26\/primer-paso-de-provincia-u17\/"]}]},{"@type":"ImageObject","inLanguage":"es","@id":"http:\/\/gentedebasquet.com.ar\/sitio\/2015\/05\/26\/primer-paso-de-provincia-u17\/#primaryimage","url":"http:\/\/gentedebasquet.com.ar\/sitio\/wp-content\/uploads\/2015\/05\/Chubut-Argentino-U17.jpg","contentUrl":"http:\/\/gentedebasquet.com.ar\/sitio\/wp-content\/uploads\/2015\/05\/Chubut-Argentino-U17.jpg","width":690,"height":318},{"@type":"BreadcrumbList","@id":"http:\/\/gentedebasquet.com.ar\/sitio\/2015\/05\/26\/primer-paso-de-provincia-u17\/#breadcrumb","itemListElement":[{"@type":"ListItem","position":1,"name":"Portada","item":"https:\/\/gentedebasquet.com.ar\/sitio\/"},{"@type":"ListItem","position":2,"name":"Primer paso de Provincia U17"}]},{"@type":"WebSite","@id":"https:\/\/gentedebasquet.com.ar\/sitio\/#website","url":"https:\/\/gentedebasquet.com.ar\/sitio\/","name":"Gente de B\u00e1squet","description":"La revista del basquet de Bah\u00eda Blanca","potentialAction":[{"@type":"SearchAction","target":{"@type":"EntryPoint","urlTemplate":"https:\/\/gentedebasquet.com.ar\/sitio\/?s={search_term_string}"},"query-input":{"@type":"PropertyValueSpecification","valueRequired":true,"valueName":"search_term_string"}}],"inLanguage":"es"},{"@type":"Person","@id":"https:\/\/gentedebasquet.com.ar\/sitio\/#\/schema\/person\/ca0b63bbb977369988a7bbbdc519943a","name":"Gente de B\u00e1squet","image":{"@type":"ImageObject","inLanguage":"es","@id":"https:\/\/secure.gravatar.com\/avatar\/7f2c48bdc33b30088f941fb6082e555f2874c98e20cb159d7b92b50eadfce793?s=96&d=mm&r=g","url":"https:\/\/secure.gravatar.com\/avatar\/7f2c48bdc33b30088f941fb6082e555f2874c98e20cb159d7b92b50eadfce793?s=96&d=mm&r=g","contentUrl":"https:\/\/secure.gravatar.com\/avatar\/7f2c48bdc33b30088f941fb6082e555f2874c98e20cb159d7b92b50eadfce793?s=96&d=mm&r=g","caption":"Gente de B\u00e1squet"},"sameAs":["http:\/\/gentedebasquet.com.ar\/sitio"],"url":"http:\/\/gentedebasquet.com.ar\/sitio\/author\/ulises\/"}]}},"_links":{"self":[{"href":"http:\/\/gentedebasquet.com.ar\/sitio\/wp-json\/wp\/v2\/posts\/46014","targetHints":{"allow":["GET"]}}],"collection":[{"href":"http:\/\/gentedebasquet.com.ar\/sitio\/wp-json\/wp\/v2\/posts"}],"about":[{"href":"http:\/\/gentedebasquet.com.ar\/sitio\/wp-json\/wp\/v2\/types\/post"}],"author":[{"embeddable":true,"href":"http:\/\/gentedebasquet.com.ar\/sitio\/wp-json\/wp\/v2\/users\/1"}],"replies":[{"embeddable":true,"href":"http:\/\/gentedebasquet.com.ar\/sitio\/wp-json\/wp\/v2\/comments?post=46014"}],"version-history":[{"count":0,"href":"http:\/\/gentedebasquet.com.ar\/sitio\/wp-json\/wp\/v2\/posts\/46014\/revisions"}],"wp:featuredmedia":[{"embeddable":true,"href":"http:\/\/gentedebasquet.com.ar\/sitio\/wp-json\/wp\/v2\/media\/46015"}],"wp:attachment":[{"href":"http:\/\/gentedebasquet.com.ar\/sitio\/wp-json\/wp\/v2\/media?parent=46014"}],"wp:term":[{"taxonomy":"category","embeddable":true,"href":"http:\/\/gentedebasquet.com.ar\/sitio\/wp-json\/wp\/v2\/categories?post=46014"},{"taxonomy":"post_tag","embeddable":true,"href":"http:\/\/gentedebasquet.com.ar\/sitio\/wp-json\/wp\/v2\/tags?post=46014"}],"curies":[{"name":"wp","href":"https:\/\/api.w.org\/{rel}","templated":true}]}}