{"id":46067,"date":"2015-05-29T23:45:41","date_gmt":"2015-05-30T02:45:41","guid":{"rendered":"http:\/\/www.gentedebasquet.com.ar\/?p=46067"},"modified":"2015-05-29T23:45:41","modified_gmt":"2015-05-30T02:45:41","slug":"batacazo","status":"publish","type":"post","link":"http:\/\/gentedebasquet.com.ar\/sitio\/2015\/05\/29\/batacazo\/","title":{"rendered":"Batacazo"},"content":{"rendered":"<p><strong>En un partido de pobres porcentajes y lleno de pelotas perdidas, La Falda sac\u00f3 pecho en el cierre y venci\u00f3 a Sportivo Bahiense por 53 a 52. Un libre de Federico Vilouta a 6s le dio la ventaja definitiva a la visita, ya que Lucas Santarelli fall\u00f3 el tiro del final. Andr\u00e9s Mond\u00f3n (15 y 11 rebotes), el propio Vilouta (12) y Gabriel Saieg (8), se destacaron en el conjunto ganador. Por su parte, el tricolor, que ganaba 48-40 y cerr\u00f3 con 4\/25 en triples, encontr\u00f3 en Gustavo Gentili (15 con 9\/9 TL), al mejor exponente. \u00a0<\/strong><\/p>\n<p>Fue uno de los partidos menos vistosos del a\u00f1o, pero no por eso dej\u00f3 de festejarse en el costado visitante, ya que La Falda obtuvo su segunda victoria del a\u00f1o y lo hizo ante uno de los candidatos a pelear arriba, Sportivo. El arranque fue parejo, hasta que una t\u00e9cnica al banco faldense le permiti\u00f3 al tricolor sellar un parcial de 5-0 para dominar 12-6 a 2m43 del cierre del 1C. La gran preocupaci\u00f3n, sin embargo, radicaba en las dos faltas personales de Gentili, \u00fanico base natural ante la ausencia de Joaqu\u00edn Tuero por una contusi\u00f3n en su pierna izquierda.<\/p>\n<p>Una bomba de Federico Gonz\u00e1lez y el buen pasaje que tuvo Mond\u00f3n en la apertura del 2C le permiti\u00f3 a La Falda pasar al frente por primera vez en el anoche (15-17). No obstante, el cuarto fue de bajo vuelo y un acierto desde 6.75 metros de Villoldo le devolvi\u00f3 confianza a Sportivo de cara al complemento. Ese triple fue el segundo anotado sobre diez intentos, siendo Gendana (0\/3), extra\u00f1amente, el de peor punter\u00eda. Enfrente, solo Mond\u00f3n anot\u00f3 en todo el segmento: tres dobles, uno con falta incluida, mostrando a las claras la t\u00f3nica del partido.<\/p>\n<p>Es que La Falda tambi\u00e9n atraviesa un per\u00edodo de ausencias, sin Themtham (tobillo), Alfonso (rodilla) y Manuel Gim\u00e9nez (tendinitis), y cada punto vale oro. Encima, se vio ocho tantos abajo en el amanecer del 3C, cuando Villoldo clav\u00f3 desde la esquina su segundo triple de la noche (30-22). La reacci\u00f3n lleg\u00f3 r\u00e1pido en la visita, con Saieg raspando, Vilouta forzando en penetraci\u00f3n y una bomba de Gabriel Fern\u00e1ndez (1\/6). As\u00ed, llegaron emparejados al \u00faltimo cuarto&#8230;<\/p>\n<p>Nuevamente, Sportivo logr\u00f3 8 de luz (48-40 a 3m04), merced a un doble y foul de Nico Mart\u00ednez, un triple de Gentili y su efectividad en la l\u00ednea (6\/6 en 4C). Becchina solicit\u00f3 un tiempo muerto y su equipo ech\u00f3 el resto: Roque acert\u00f3 a distancia sobre la chichara (48-43), Vilouta anot\u00f3 en contra ataque y, en la l\u00ednea, igual\u00f3 el score (48-48) a 1m32. Ya sin Mond\u00f3n -por faltas- se las ingeni\u00f3 para ser duro atr\u00e1s y ponerse al frente a 30s con doble de Saieg (50-52). Gentili empat\u00f3 con 2\/2 y Vilouta fue para adentro en la pen\u00faltima posesi\u00f3n: hizo 1\/2 (52-53 a 6s) y le dej\u00f3 el cierre a Santarelli, quien fall\u00f3 el lanzamiento en la pintura.<\/p>\n<p>&nbsp;<\/p>\n<p>[vimeo]http:\/\/vimeo.com\/129283561[\/vimeo]<\/p>\n<p>&nbsp;<\/p>\n<p><strong>S\u00edntesis<\/strong> | Segunda Divisi\u00f3n &#8211; Fecha #11<\/p>\n<p><strong>Sportivo Bahiense\u00a052:\u00a0<\/strong>Gustavo Gentili 15,\u00a0Fabi\u00e1n Gendana 0,\u00a0Lucas Santarelli 12,\u00a0Juan Ignacio Blasco 0,\u00a0Mart\u00edn Villoldo 10 (Fi);\u00a0Yoel Asnaghi 1,\u00a0Nicol\u00e1s Mart\u00ednez 10,\u00a0Juan Manuel Ponce 0,\u00a0Gabriel De La Torre 0 y\u00a0Juli\u00e1n Gutt 4.\u00a0DT: Fernando \u00c1lvarez.<\/p>\n<p><strong><span style=\"line-height: 1.5em;\">La Falda\u00a0<\/span>53:\u00a0<\/strong>Facundo Roque 5,\u00a0Federico Vilouta 12,\u00a0Federico Gonz\u00e1lez 7,\u00a0Andr\u00e9s Mond\u00f3n 15 (x),\u00a0Gabriel Saieg 8 (Fi);\u00a0Gabriel Fern\u00e1ndez 6,\u00a0Gustavo Lan 0 y Guido\u00a0Delucchi 0.\u00a0DT: Nicol\u00e1s Becchina.<\/p>\n<p><strong><span style=\"line-height: 1.5em;\">Parciales:\u00a0<\/span><\/strong>14-13, 25-20 (11-7), 34-35 (9-15) y 52-53 (18-18).<\/p>\n<p><strong><span style=\"line-height: 1.5em;\">\u00c1rbitros:\u00a0<\/span><\/strong>Jorge Scheffer &#8211; Mariano Enrique.<\/p>\n<p><strong><span style=\"line-height: 1.5em;\">Estadio:\u00a0<\/span><\/strong>Eladio Santos.<\/p>\n<p><a class=\"modalf iframe\" title=\"Planilla\" href=\"https:\/\/docs.google.com\/spreadsheets\/d\/1Ftkb24iWLae689z15f1wnBvONP1jY1WuP1jW669k9AA\/pubhtml\" target=\"_blank\" rel=\"noopener\">Ver Planilla<\/a><\/p>\n<p>&nbsp;<\/p>\n<p>[vimeo]http:\/\/vimeo.com\/129284467[\/vimeo]<\/p>\n","protected":false},"excerpt":{"rendered":"<p>La Falda logr\u00f3 la segunda victoria del a\u00f1o: 53 a 52 en cancha de Sportivo<\/p>\n","protected":false},"author":1,"featured_media":46081,"comment_status":"closed","ping_status":"open","sticky":false,"template":"","format":"standard","meta":{"jnews-multi-image_gallery":[],"jnews_single_post":[],"jnews_primary_category":[],"footnotes":""},"categories":[25,101],"tags":[581,303,680,13,20],"class_list":["post-46067","post","type-post","status-publish","format-standard","has-post-thumbnail","hentry","category-segunda","category-slide","tag-andres-mondon","tag-federico-vilouta","tag-gabriel-saieg","tag-la-falda","tag-sportivo-bahiense"],"yoast_head":"<!-- This site is optimized with the Yoast SEO plugin v27.5 - https:\/\/yoast.com\/product\/yoast-seo-wordpress\/ -->\n<title>Batacazo - Gente de B\u00e1squet<\/title>\n<meta name=\"robots\" content=\"index, follow, max-snippet:-1, max-image-preview:large, max-video-preview:-1\" \/>\n<link rel=\"canonical\" href=\"http:\/\/gentedebasquet.com.ar\/sitio\/2015\/05\/29\/batacazo\/\" \/>\n<meta property=\"og:locale\" content=\"es_ES\" \/>\n<meta property=\"og:type\" content=\"article\" \/>\n<meta property=\"og:title\" content=\"Batacazo - Gente de B\u00e1squet\" \/>\n<meta property=\"og:description\" content=\"La Falda logr\u00f3 la segunda victoria del a\u00f1o: 53 a 52 en cancha de Sportivo\" \/>\n<meta property=\"og:url\" content=\"http:\/\/gentedebasquet.com.ar\/sitio\/2015\/05\/29\/batacazo\/\" \/>\n<meta property=\"og:site_name\" content=\"Gente de B\u00e1squet\" \/>\n<meta property=\"article:published_time\" content=\"2015-05-30T02:45:41+00:00\" \/>\n<meta property=\"og:image\" content=\"http:\/\/gentedebasquet.com.ar\/sitio\/wp-content\/uploads\/2015\/05\/Sportivo-La-Falda.jpg\" \/>\n\t<meta property=\"og:image:width\" content=\"690\" \/>\n\t<meta property=\"og:image:height\" content=\"319\" \/>\n\t<meta property=\"og:image:type\" content=\"image\/jpeg\" \/>\n<meta name=\"author\" content=\"Gente de B\u00e1squet\" \/>\n<meta name=\"twitter:card\" content=\"summary_large_image\" \/>\n<meta name=\"twitter:label1\" content=\"Escrito por\" \/>\n\t<meta name=\"twitter:data1\" content=\"Gente de B\u00e1squet\" \/>\n\t<meta name=\"twitter:label2\" content=\"Tiempo de lectura\" \/>\n\t<meta name=\"twitter:data2\" content=\"3 minutos\" \/>\n<script type=\"application\/ld+json\" class=\"yoast-schema-graph\">{\"@context\":\"https:\\\/\\\/schema.org\",\"@graph\":[{\"@type\":\"Article\",\"@id\":\"http:\\\/\\\/gentedebasquet.com.ar\\\/sitio\\\/2015\\\/05\\\/29\\\/batacazo\\\/#article\",\"isPartOf\":{\"@id\":\"http:\\\/\\\/gentedebasquet.com.ar\\\/sitio\\\/2015\\\/05\\\/29\\\/batacazo\\\/\"},\"author\":{\"name\":\"Gente de B\u00e1squet\",\"@id\":\"https:\\\/\\\/gentedebasquet.com.ar\\\/sitio\\\/#\\\/schema\\\/person\\\/ca0b63bbb977369988a7bbbdc519943a\"},\"headline\":\"Batacazo\",\"datePublished\":\"2015-05-30T02:45:41+00:00\",\"mainEntityOfPage\":{\"@id\":\"http:\\\/\\\/gentedebasquet.com.ar\\\/sitio\\\/2015\\\/05\\\/29\\\/batacazo\\\/\"},\"wordCount\":605,\"image\":{\"@id\":\"http:\\\/\\\/gentedebasquet.com.ar\\\/sitio\\\/2015\\\/05\\\/29\\\/batacazo\\\/#primaryimage\"},\"thumbnailUrl\":\"http:\\\/\\\/gentedebasquet.com.ar\\\/sitio\\\/wp-content\\\/uploads\\\/2015\\\/05\\\/Sportivo-La-Falda.jpg\",\"keywords\":[\"Andr\u00e9s Mond\u00f3n\",\"Federico Vilouta\",\"Gabriel Saieg\",\"La Falda\",\"Sportivo Bahiense\"],\"articleSection\":[\"Segunda\",\"Slide\"],\"inLanguage\":\"es\"},{\"@type\":\"WebPage\",\"@id\":\"http:\\\/\\\/gentedebasquet.com.ar\\\/sitio\\\/2015\\\/05\\\/29\\\/batacazo\\\/\",\"url\":\"http:\\\/\\\/gentedebasquet.com.ar\\\/sitio\\\/2015\\\/05\\\/29\\\/batacazo\\\/\",\"name\":\"Batacazo - Gente de B\u00e1squet\",\"isPartOf\":{\"@id\":\"https:\\\/\\\/gentedebasquet.com.ar\\\/sitio\\\/#website\"},\"primaryImageOfPage\":{\"@id\":\"http:\\\/\\\/gentedebasquet.com.ar\\\/sitio\\\/2015\\\/05\\\/29\\\/batacazo\\\/#primaryimage\"},\"image\":{\"@id\":\"http:\\\/\\\/gentedebasquet.com.ar\\\/sitio\\\/2015\\\/05\\\/29\\\/batacazo\\\/#primaryimage\"},\"thumbnailUrl\":\"http:\\\/\\\/gentedebasquet.com.ar\\\/sitio\\\/wp-content\\\/uploads\\\/2015\\\/05\\\/Sportivo-La-Falda.jpg\",\"datePublished\":\"2015-05-30T02:45:41+00:00\",\"author\":{\"@id\":\"https:\\\/\\\/gentedebasquet.com.ar\\\/sitio\\\/#\\\/schema\\\/person\\\/ca0b63bbb977369988a7bbbdc519943a\"},\"breadcrumb\":{\"@id\":\"http:\\\/\\\/gentedebasquet.com.ar\\\/sitio\\\/2015\\\/05\\\/29\\\/batacazo\\\/#breadcrumb\"},\"inLanguage\":\"es\",\"potentialAction\":[{\"@type\":\"ReadAction\",\"target\":[\"http:\\\/\\\/gentedebasquet.com.ar\\\/sitio\\\/2015\\\/05\\\/29\\\/batacazo\\\/\"]}]},{\"@type\":\"ImageObject\",\"inLanguage\":\"es\",\"@id\":\"http:\\\/\\\/gentedebasquet.com.ar\\\/sitio\\\/2015\\\/05\\\/29\\\/batacazo\\\/#primaryimage\",\"url\":\"http:\\\/\\\/gentedebasquet.com.ar\\\/sitio\\\/wp-content\\\/uploads\\\/2015\\\/05\\\/Sportivo-La-Falda.jpg\",\"contentUrl\":\"http:\\\/\\\/gentedebasquet.com.ar\\\/sitio\\\/wp-content\\\/uploads\\\/2015\\\/05\\\/Sportivo-La-Falda.jpg\",\"width\":690,\"height\":319},{\"@type\":\"BreadcrumbList\",\"@id\":\"http:\\\/\\\/gentedebasquet.com.ar\\\/sitio\\\/2015\\\/05\\\/29\\\/batacazo\\\/#breadcrumb\",\"itemListElement\":[{\"@type\":\"ListItem\",\"position\":1,\"name\":\"Portada\",\"item\":\"https:\\\/\\\/gentedebasquet.com.ar\\\/sitio\\\/\"},{\"@type\":\"ListItem\",\"position\":2,\"name\":\"Batacazo\"}]},{\"@type\":\"WebSite\",\"@id\":\"https:\\\/\\\/gentedebasquet.com.ar\\\/sitio\\\/#website\",\"url\":\"https:\\\/\\\/gentedebasquet.com.ar\\\/sitio\\\/\",\"name\":\"Gente de B\u00e1squet\",\"description\":\"La revista del basquet de Bah\u00eda Blanca\",\"potentialAction\":[{\"@type\":\"SearchAction\",\"target\":{\"@type\":\"EntryPoint\",\"urlTemplate\":\"https:\\\/\\\/gentedebasquet.com.ar\\\/sitio\\\/?s={search_term_string}\"},\"query-input\":{\"@type\":\"PropertyValueSpecification\",\"valueRequired\":true,\"valueName\":\"search_term_string\"}}],\"inLanguage\":\"es\"},{\"@type\":\"Person\",\"@id\":\"https:\\\/\\\/gentedebasquet.com.ar\\\/sitio\\\/#\\\/schema\\\/person\\\/ca0b63bbb977369988a7bbbdc519943a\",\"name\":\"Gente de B\u00e1squet\",\"image\":{\"@type\":\"ImageObject\",\"inLanguage\":\"es\",\"@id\":\"https:\\\/\\\/secure.gravatar.com\\\/avatar\\\/7f2c48bdc33b30088f941fb6082e555f2874c98e20cb159d7b92b50eadfce793?s=96&d=mm&r=g\",\"url\":\"https:\\\/\\\/secure.gravatar.com\\\/avatar\\\/7f2c48bdc33b30088f941fb6082e555f2874c98e20cb159d7b92b50eadfce793?s=96&d=mm&r=g\",\"contentUrl\":\"https:\\\/\\\/secure.gravatar.com\\\/avatar\\\/7f2c48bdc33b30088f941fb6082e555f2874c98e20cb159d7b92b50eadfce793?s=96&d=mm&r=g\",\"caption\":\"Gente de B\u00e1squet\"},\"sameAs\":[\"http:\\\/\\\/gentedebasquet.com.ar\\\/sitio\"],\"url\":\"http:\\\/\\\/gentedebasquet.com.ar\\\/sitio\\\/author\\\/ulises\\\/\"}]}<\/script>\n<!-- \/ Yoast SEO plugin. -->","yoast_head_json":{"title":"Batacazo - Gente de B\u00e1squet","robots":{"index":"index","follow":"follow","max-snippet":"max-snippet:-1","max-image-preview":"max-image-preview:large","max-video-preview":"max-video-preview:-1"},"canonical":"http:\/\/gentedebasquet.com.ar\/sitio\/2015\/05\/29\/batacazo\/","og_locale":"es_ES","og_type":"article","og_title":"Batacazo - Gente de B\u00e1squet","og_description":"La Falda logr\u00f3 la segunda victoria del a\u00f1o: 53 a 52 en cancha de Sportivo","og_url":"http:\/\/gentedebasquet.com.ar\/sitio\/2015\/05\/29\/batacazo\/","og_site_name":"Gente de B\u00e1squet","article_published_time":"2015-05-30T02:45:41+00:00","og_image":[{"width":690,"height":319,"url":"http:\/\/gentedebasquet.com.ar\/sitio\/wp-content\/uploads\/2015\/05\/Sportivo-La-Falda.jpg","type":"image\/jpeg"}],"author":"Gente de B\u00e1squet","twitter_card":"summary_large_image","twitter_misc":{"Escrito por":"Gente de B\u00e1squet","Tiempo de lectura":"3 minutos"},"schema":{"@context":"https:\/\/schema.org","@graph":[{"@type":"Article","@id":"http:\/\/gentedebasquet.com.ar\/sitio\/2015\/05\/29\/batacazo\/#article","isPartOf":{"@id":"http:\/\/gentedebasquet.com.ar\/sitio\/2015\/05\/29\/batacazo\/"},"author":{"name":"Gente de B\u00e1squet","@id":"https:\/\/gentedebasquet.com.ar\/sitio\/#\/schema\/person\/ca0b63bbb977369988a7bbbdc519943a"},"headline":"Batacazo","datePublished":"2015-05-30T02:45:41+00:00","mainEntityOfPage":{"@id":"http:\/\/gentedebasquet.com.ar\/sitio\/2015\/05\/29\/batacazo\/"},"wordCount":605,"image":{"@id":"http:\/\/gentedebasquet.com.ar\/sitio\/2015\/05\/29\/batacazo\/#primaryimage"},"thumbnailUrl":"http:\/\/gentedebasquet.com.ar\/sitio\/wp-content\/uploads\/2015\/05\/Sportivo-La-Falda.jpg","keywords":["Andr\u00e9s Mond\u00f3n","Federico Vilouta","Gabriel Saieg","La Falda","Sportivo Bahiense"],"articleSection":["Segunda","Slide"],"inLanguage":"es"},{"@type":"WebPage","@id":"http:\/\/gentedebasquet.com.ar\/sitio\/2015\/05\/29\/batacazo\/","url":"http:\/\/gentedebasquet.com.ar\/sitio\/2015\/05\/29\/batacazo\/","name":"Batacazo - Gente de B\u00e1squet","isPartOf":{"@id":"https:\/\/gentedebasquet.com.ar\/sitio\/#website"},"primaryImageOfPage":{"@id":"http:\/\/gentedebasquet.com.ar\/sitio\/2015\/05\/29\/batacazo\/#primaryimage"},"image":{"@id":"http:\/\/gentedebasquet.com.ar\/sitio\/2015\/05\/29\/batacazo\/#primaryimage"},"thumbnailUrl":"http:\/\/gentedebasquet.com.ar\/sitio\/wp-content\/uploads\/2015\/05\/Sportivo-La-Falda.jpg","datePublished":"2015-05-30T02:45:41+00:00","author":{"@id":"https:\/\/gentedebasquet.com.ar\/sitio\/#\/schema\/person\/ca0b63bbb977369988a7bbbdc519943a"},"breadcrumb":{"@id":"http:\/\/gentedebasquet.com.ar\/sitio\/2015\/05\/29\/batacazo\/#breadcrumb"},"inLanguage":"es","potentialAction":[{"@type":"ReadAction","target":["http:\/\/gentedebasquet.com.ar\/sitio\/2015\/05\/29\/batacazo\/"]}]},{"@type":"ImageObject","inLanguage":"es","@id":"http:\/\/gentedebasquet.com.ar\/sitio\/2015\/05\/29\/batacazo\/#primaryimage","url":"http:\/\/gentedebasquet.com.ar\/sitio\/wp-content\/uploads\/2015\/05\/Sportivo-La-Falda.jpg","contentUrl":"http:\/\/gentedebasquet.com.ar\/sitio\/wp-content\/uploads\/2015\/05\/Sportivo-La-Falda.jpg","width":690,"height":319},{"@type":"BreadcrumbList","@id":"http:\/\/gentedebasquet.com.ar\/sitio\/2015\/05\/29\/batacazo\/#breadcrumb","itemListElement":[{"@type":"ListItem","position":1,"name":"Portada","item":"https:\/\/gentedebasquet.com.ar\/sitio\/"},{"@type":"ListItem","position":2,"name":"Batacazo"}]},{"@type":"WebSite","@id":"https:\/\/gentedebasquet.com.ar\/sitio\/#website","url":"https:\/\/gentedebasquet.com.ar\/sitio\/","name":"Gente de B\u00e1squet","description":"La revista del basquet de Bah\u00eda Blanca","potentialAction":[{"@type":"SearchAction","target":{"@type":"EntryPoint","urlTemplate":"https:\/\/gentedebasquet.com.ar\/sitio\/?s={search_term_string}"},"query-input":{"@type":"PropertyValueSpecification","valueRequired":true,"valueName":"search_term_string"}}],"inLanguage":"es"},{"@type":"Person","@id":"https:\/\/gentedebasquet.com.ar\/sitio\/#\/schema\/person\/ca0b63bbb977369988a7bbbdc519943a","name":"Gente de B\u00e1squet","image":{"@type":"ImageObject","inLanguage":"es","@id":"https:\/\/secure.gravatar.com\/avatar\/7f2c48bdc33b30088f941fb6082e555f2874c98e20cb159d7b92b50eadfce793?s=96&d=mm&r=g","url":"https:\/\/secure.gravatar.com\/avatar\/7f2c48bdc33b30088f941fb6082e555f2874c98e20cb159d7b92b50eadfce793?s=96&d=mm&r=g","contentUrl":"https:\/\/secure.gravatar.com\/avatar\/7f2c48bdc33b30088f941fb6082e555f2874c98e20cb159d7b92b50eadfce793?s=96&d=mm&r=g","caption":"Gente de B\u00e1squet"},"sameAs":["http:\/\/gentedebasquet.com.ar\/sitio"],"url":"http:\/\/gentedebasquet.com.ar\/sitio\/author\/ulises\/"}]}},"_links":{"self":[{"href":"http:\/\/gentedebasquet.com.ar\/sitio\/wp-json\/wp\/v2\/posts\/46067","targetHints":{"allow":["GET"]}}],"collection":[{"href":"http:\/\/gentedebasquet.com.ar\/sitio\/wp-json\/wp\/v2\/posts"}],"about":[{"href":"http:\/\/gentedebasquet.com.ar\/sitio\/wp-json\/wp\/v2\/types\/post"}],"author":[{"embeddable":true,"href":"http:\/\/gentedebasquet.com.ar\/sitio\/wp-json\/wp\/v2\/users\/1"}],"replies":[{"embeddable":true,"href":"http:\/\/gentedebasquet.com.ar\/sitio\/wp-json\/wp\/v2\/comments?post=46067"}],"version-history":[{"count":0,"href":"http:\/\/gentedebasquet.com.ar\/sitio\/wp-json\/wp\/v2\/posts\/46067\/revisions"}],"wp:featuredmedia":[{"embeddable":true,"href":"http:\/\/gentedebasquet.com.ar\/sitio\/wp-json\/wp\/v2\/media\/46081"}],"wp:attachment":[{"href":"http:\/\/gentedebasquet.com.ar\/sitio\/wp-json\/wp\/v2\/media?parent=46067"}],"wp:term":[{"taxonomy":"category","embeddable":true,"href":"http:\/\/gentedebasquet.com.ar\/sitio\/wp-json\/wp\/v2\/categories?post=46067"},{"taxonomy":"post_tag","embeddable":true,"href":"http:\/\/gentedebasquet.com.ar\/sitio\/wp-json\/wp\/v2\/tags?post=46067"}],"curies":[{"name":"wp","href":"https:\/\/api.w.org\/{rel}","templated":true}]}}