{"id":46456,"date":"2015-06-09T22:56:21","date_gmt":"2015-06-10T01:56:21","guid":{"rendered":"http:\/\/www.gentedebasquet.com.ar\/?p=46456"},"modified":"2015-06-09T22:56:21","modified_gmt":"2015-06-10T01:56:21","slug":"puerto-argentino","status":"publish","type":"post","link":"http:\/\/gentedebasquet.com.ar\/sitio\/2015\/06\/09\/puerto-argentino\/","title":{"rendered":"Puerto Argentino"},"content":{"rendered":"<p><strong>Argentino venci\u00f3 a Comercial 82-65 en el Osvaldo Giorgetti por la fecha trece del B\u00e1squet de Segunda. El conjunto de Errazu supo remontar un flojo primer cuarto y ponerse en ventaja en el segundo per\u00edodo, sacando una diferencia de diez unidades. De ah\u00ed en m\u00e1s, el equipo visitante, con un buen juego asociado y defensa intensa, aument\u00f3 la ventaja y cosech\u00f3 una nueva victoria. Guillermo Mallemaci y Juan Di Meglio fueron los goleadores con 22 y 21 puntos respectivamente. Gast\u00f3n Chaves fue el destacado del portuario, con 16.<\/strong><\/p>\n<p>El primer cuarto comenz\u00f3 mejor para Comercial, que de la mano de Pablo Pollio y Gast\u00f3n Chaves (7 y 5 puntos) se manten\u00eda arriba en el marcador. La visita sufr\u00eda un p\u00e9simo comienzo al no ser para nada efectivo: lanz\u00f3 26 veces y solo cristaliz\u00f3 8 tiros, quedando abajo en el contador.<\/p>\n<p><span style=\"line-height: 1.5em;\">En el segundo per\u00edodo, Argentino remont\u00f3 notablemente su juego y tras un triple de Lucchetti se puso por primera vez arriba en el marcador. Asimismo un parcial de 10-0, con puntos en Mallemaci y Lucas Lucchetti, dej\u00f3 a la visita una buena diferencia de cara al entretiempo del partido (33-43).<\/span><\/p>\n<p>Ya en el tercer cuarto, Juan Di Meglio (2\/2 T3 y 1\/1 T2) continu\u00f3 aportando goleo al equipo de Errazu. Asimismo, C\u00e9sar Massa a\u00f1ad\u00eda 5 unidades m\u00e1s a la cuenta. Por su parte, Dalmiro Lella sumaba 7 puntos para un Comercial que se quedaba muy atr\u00e1s en la cuenta general.<\/p>\n<p>Los \u00faltimos diez minutos solo aumentaron la diferencia que Argentino supo conseguir en los cuartos anteriores, llegando a obtener una ventaja m\u00e1xima de 17 puntos. De esta manera, Argentino sum\u00f3 un nuevo triunfo y espera por la visita de Independiente.<\/p>\n<p>&nbsp;<\/p>\n<p>[vimeo]http:\/\/vimeo.com\/130283872[\/vimeo]<\/p>\n<p>&nbsp;<\/p>\n<p><strong>S\u00edntesis |<\/strong> Segunda Divisi\u00f3n &#8211; Fecha #13<\/p>\n<p><strong>Comercial 65:<\/strong> Am\u00edlcar Andreanelli 13, Dalmiro Lella 13, Ignacio \u00c9rcoli 0, Gast\u00f3n Chaves 16, Pablo Pollio 13 (Fi); Mart\u00edn Godoy 6, Nicol\u00e1s Vallejos 3, Ignacio Luppino 0 y Ramiro Riviere 1. DT: Sebasti\u00e1n Dodero.<\/p>\n<p><strong>Argentino 82:<\/strong> Tom\u00e1s Bruni 2, Alan Serra 7, Nicol\u00e1s Antinelli 0, Guillermo Mallemaci 22,\u00a0Luciano Mussini 5 (Fi); C\u00e9sar Massa 9, Juan Franco Di Meglio 21, Sebasti\u00e1n Susbielles 4, Lucas Lucchetti 10, Ramiro Garayzar 2 y Fausto Vasconcelos 0. DT: Mario Errazu.<\/p>\n<p><strong>Parciales:<\/strong> 18-14, 33-43 (15-29), 54-64 (21-21) y 65-82 (11-18).<\/p>\n<p><strong>\u00c1rbitros:<\/strong> Alejandro Ramallo &#8211; Horacio Sed\u00e1n.<\/p>\n<p><strong>Estadio:<\/strong> Osvaldo Giorgetti (Comercial).<\/p>\n<p><a class=\"modalf iframe\" title=\"Planilla\" href=\"https:\/\/docs.google.com\/spreadsheets\/d\/1-Vc3TCVFJZweY7B8rNYYlwTkI1Gjn2WA-XhgwKKM0zE\/pubhtml\" target=\"_blank\" rel=\"noopener\">Ver Planilla<\/a><\/p>\n<p>&nbsp;<\/p>\n<h6><b>\u00abNo estamos entrenando\u00bb<\/b><\/h6>\n<p><b><a href=\"http:\/\/www.gentedebasquet.com.ar\/wp-content\/uploads\/2015\/06\/Dodero.jpg\"><img decoding=\"async\" class=\"aligncenter size-full wp-image-46467\" alt=\"Dodero\" src=\"http:\/\/www.gentedebasquet.com.ar\/wp-content\/uploads\/2015\/06\/Dodero.jpg\" width=\"640\" height=\"480\" srcset=\"http:\/\/gentedebasquet.com.ar\/sitio\/wp-content\/uploads\/2015\/06\/Dodero.jpg 640w, http:\/\/gentedebasquet.com.ar\/sitio\/wp-content\/uploads\/2015\/06\/Dodero-300x225.jpg 300w\" sizes=\"(max-width: 640px) 100vw, 640px\" \/><\/a><\/b><\/p>\n<p>Sebasti\u00e1n Dodero le coment\u00f3 a Gente de B\u00e1squet que desde marzo, ni \u00e9l ni sus jugadores, han cobrado. Por este motivo, no est\u00e1n entrenando en la semana y solo se presentan a jugar los partidos. El entrenador afirm\u00f3 que desde la sexta fecha no tienen preparador f\u00edsico. Igualmente, asever\u00f3 que se quedar\u00e1 hasta que termine el torneo por los jugadores. Luego, si no hay respuestas del club, se ir\u00e1.<\/p>\n<p>&nbsp;<\/p>\n<p>[vimeo]http:\/\/vimeo.com\/130279906[\/vimeo]<\/p>\n","protected":false},"excerpt":{"rendered":"<p>Argentino venci\u00f3 a Comercial 82-65 en el Osvaldo Giorgetti por la fecha trece del B\u00e1squet de Segunda. El conjunto de Errazu supo remontar un flojo primer cuarto y ponerse en ventaja en el segundo per\u00edodo, sacando una diferencia de diez unidades. De ah\u00ed en m\u00e1s, el equipo visitante, con un buen juego asociado y defensa [&hellip;]<\/p>\n","protected":false},"author":1,"featured_media":46458,"comment_status":"closed","ping_status":"open","sticky":false,"template":"","format":"standard","meta":{"jnews-multi-image_gallery":[],"jnews_single_post":[],"jnews_primary_category":[],"footnotes":""},"categories":[25,101],"tags":[4,7,360,693,713],"class_list":["post-46456","post","type-post","status-publish","format-standard","has-post-thumbnail","hentry","category-segunda","category-slide","tag-argentino","tag-comercial","tag-guillermo-mallemaci","tag-juan-franco-di-meglio","tag-sebastian-dodero"],"yoast_head":"<!-- This site is optimized with the Yoast SEO plugin v27.5 - https:\/\/yoast.com\/product\/yoast-seo-wordpress\/ -->\n<title>Puerto Argentino - Gente de B\u00e1squet<\/title>\n<meta name=\"robots\" content=\"index, follow, max-snippet:-1, max-image-preview:large, max-video-preview:-1\" \/>\n<link rel=\"canonical\" href=\"http:\/\/gentedebasquet.com.ar\/sitio\/2015\/06\/09\/puerto-argentino\/\" \/>\n<meta property=\"og:locale\" content=\"es_ES\" \/>\n<meta property=\"og:type\" content=\"article\" \/>\n<meta property=\"og:title\" content=\"Puerto Argentino - Gente de B\u00e1squet\" \/>\n<meta property=\"og:description\" content=\"Argentino venci\u00f3 a Comercial 82-65 en el Osvaldo Giorgetti por la fecha trece del B\u00e1squet de Segunda. El conjunto de Errazu supo remontar un flojo primer cuarto y ponerse en ventaja en el segundo per\u00edodo, sacando una diferencia de diez unidades. De ah\u00ed en m\u00e1s, el equipo visitante, con un buen juego asociado y defensa [&hellip;]\" \/>\n<meta property=\"og:url\" content=\"http:\/\/gentedebasquet.com.ar\/sitio\/2015\/06\/09\/puerto-argentino\/\" \/>\n<meta property=\"og:site_name\" content=\"Gente de B\u00e1squet\" \/>\n<meta property=\"article:published_time\" content=\"2015-06-10T01:56:21+00:00\" \/>\n<meta property=\"og:image\" content=\"http:\/\/gentedebasquet.com.ar\/sitio\/wp-content\/uploads\/2015\/06\/Comercial-Argentino.jpg\" \/>\n\t<meta property=\"og:image:width\" content=\"690\" \/>\n\t<meta property=\"og:image:height\" content=\"319\" \/>\n\t<meta property=\"og:image:type\" content=\"image\/jpeg\" \/>\n<meta name=\"author\" content=\"Gente de B\u00e1squet\" \/>\n<meta name=\"twitter:card\" content=\"summary_large_image\" \/>\n<meta name=\"twitter:label1\" content=\"Escrito por\" \/>\n\t<meta name=\"twitter:data1\" content=\"Gente de B\u00e1squet\" \/>\n\t<meta name=\"twitter:label2\" content=\"Tiempo de lectura\" \/>\n\t<meta name=\"twitter:data2\" content=\"2 minutos\" \/>\n<script type=\"application\/ld+json\" class=\"yoast-schema-graph\">{\"@context\":\"https:\\\/\\\/schema.org\",\"@graph\":[{\"@type\":\"Article\",\"@id\":\"http:\\\/\\\/gentedebasquet.com.ar\\\/sitio\\\/2015\\\/06\\\/09\\\/puerto-argentino\\\/#article\",\"isPartOf\":{\"@id\":\"http:\\\/\\\/gentedebasquet.com.ar\\\/sitio\\\/2015\\\/06\\\/09\\\/puerto-argentino\\\/\"},\"author\":{\"name\":\"Gente de B\u00e1squet\",\"@id\":\"https:\\\/\\\/gentedebasquet.com.ar\\\/sitio\\\/#\\\/schema\\\/person\\\/ca0b63bbb977369988a7bbbdc519943a\"},\"headline\":\"Puerto Argentino\",\"datePublished\":\"2015-06-10T01:56:21+00:00\",\"mainEntityOfPage\":{\"@id\":\"http:\\\/\\\/gentedebasquet.com.ar\\\/sitio\\\/2015\\\/06\\\/09\\\/puerto-argentino\\\/\"},\"wordCount\":467,\"image\":{\"@id\":\"http:\\\/\\\/gentedebasquet.com.ar\\\/sitio\\\/2015\\\/06\\\/09\\\/puerto-argentino\\\/#primaryimage\"},\"thumbnailUrl\":\"http:\\\/\\\/gentedebasquet.com.ar\\\/sitio\\\/wp-content\\\/uploads\\\/2015\\\/06\\\/Comercial-Argentino.jpg\",\"keywords\":[\"Argentino\",\"Comercial\",\"Guillermo Mallemaci\",\"Juan Franco Di Meglio\",\"Sebasti\u00e1n Dodero\"],\"articleSection\":[\"Segunda\",\"Slide\"],\"inLanguage\":\"es\"},{\"@type\":\"WebPage\",\"@id\":\"http:\\\/\\\/gentedebasquet.com.ar\\\/sitio\\\/2015\\\/06\\\/09\\\/puerto-argentino\\\/\",\"url\":\"http:\\\/\\\/gentedebasquet.com.ar\\\/sitio\\\/2015\\\/06\\\/09\\\/puerto-argentino\\\/\",\"name\":\"Puerto Argentino - Gente de B\u00e1squet\",\"isPartOf\":{\"@id\":\"https:\\\/\\\/gentedebasquet.com.ar\\\/sitio\\\/#website\"},\"primaryImageOfPage\":{\"@id\":\"http:\\\/\\\/gentedebasquet.com.ar\\\/sitio\\\/2015\\\/06\\\/09\\\/puerto-argentino\\\/#primaryimage\"},\"image\":{\"@id\":\"http:\\\/\\\/gentedebasquet.com.ar\\\/sitio\\\/2015\\\/06\\\/09\\\/puerto-argentino\\\/#primaryimage\"},\"thumbnailUrl\":\"http:\\\/\\\/gentedebasquet.com.ar\\\/sitio\\\/wp-content\\\/uploads\\\/2015\\\/06\\\/Comercial-Argentino.jpg\",\"datePublished\":\"2015-06-10T01:56:21+00:00\",\"author\":{\"@id\":\"https:\\\/\\\/gentedebasquet.com.ar\\\/sitio\\\/#\\\/schema\\\/person\\\/ca0b63bbb977369988a7bbbdc519943a\"},\"breadcrumb\":{\"@id\":\"http:\\\/\\\/gentedebasquet.com.ar\\\/sitio\\\/2015\\\/06\\\/09\\\/puerto-argentino\\\/#breadcrumb\"},\"inLanguage\":\"es\",\"potentialAction\":[{\"@type\":\"ReadAction\",\"target\":[\"http:\\\/\\\/gentedebasquet.com.ar\\\/sitio\\\/2015\\\/06\\\/09\\\/puerto-argentino\\\/\"]}]},{\"@type\":\"ImageObject\",\"inLanguage\":\"es\",\"@id\":\"http:\\\/\\\/gentedebasquet.com.ar\\\/sitio\\\/2015\\\/06\\\/09\\\/puerto-argentino\\\/#primaryimage\",\"url\":\"http:\\\/\\\/gentedebasquet.com.ar\\\/sitio\\\/wp-content\\\/uploads\\\/2015\\\/06\\\/Comercial-Argentino.jpg\",\"contentUrl\":\"http:\\\/\\\/gentedebasquet.com.ar\\\/sitio\\\/wp-content\\\/uploads\\\/2015\\\/06\\\/Comercial-Argentino.jpg\",\"width\":690,\"height\":319},{\"@type\":\"BreadcrumbList\",\"@id\":\"http:\\\/\\\/gentedebasquet.com.ar\\\/sitio\\\/2015\\\/06\\\/09\\\/puerto-argentino\\\/#breadcrumb\",\"itemListElement\":[{\"@type\":\"ListItem\",\"position\":1,\"name\":\"Portada\",\"item\":\"https:\\\/\\\/gentedebasquet.com.ar\\\/sitio\\\/\"},{\"@type\":\"ListItem\",\"position\":2,\"name\":\"Puerto Argentino\"}]},{\"@type\":\"WebSite\",\"@id\":\"https:\\\/\\\/gentedebasquet.com.ar\\\/sitio\\\/#website\",\"url\":\"https:\\\/\\\/gentedebasquet.com.ar\\\/sitio\\\/\",\"name\":\"Gente de B\u00e1squet\",\"description\":\"La revista del basquet de Bah\u00eda Blanca\",\"potentialAction\":[{\"@type\":\"SearchAction\",\"target\":{\"@type\":\"EntryPoint\",\"urlTemplate\":\"https:\\\/\\\/gentedebasquet.com.ar\\\/sitio\\\/?s={search_term_string}\"},\"query-input\":{\"@type\":\"PropertyValueSpecification\",\"valueRequired\":true,\"valueName\":\"search_term_string\"}}],\"inLanguage\":\"es\"},{\"@type\":\"Person\",\"@id\":\"https:\\\/\\\/gentedebasquet.com.ar\\\/sitio\\\/#\\\/schema\\\/person\\\/ca0b63bbb977369988a7bbbdc519943a\",\"name\":\"Gente de B\u00e1squet\",\"image\":{\"@type\":\"ImageObject\",\"inLanguage\":\"es\",\"@id\":\"https:\\\/\\\/secure.gravatar.com\\\/avatar\\\/7f2c48bdc33b30088f941fb6082e555f2874c98e20cb159d7b92b50eadfce793?s=96&d=mm&r=g\",\"url\":\"https:\\\/\\\/secure.gravatar.com\\\/avatar\\\/7f2c48bdc33b30088f941fb6082e555f2874c98e20cb159d7b92b50eadfce793?s=96&d=mm&r=g\",\"contentUrl\":\"https:\\\/\\\/secure.gravatar.com\\\/avatar\\\/7f2c48bdc33b30088f941fb6082e555f2874c98e20cb159d7b92b50eadfce793?s=96&d=mm&r=g\",\"caption\":\"Gente de B\u00e1squet\"},\"sameAs\":[\"http:\\\/\\\/gentedebasquet.com.ar\\\/sitio\"],\"url\":\"http:\\\/\\\/gentedebasquet.com.ar\\\/sitio\\\/author\\\/ulises\\\/\"}]}<\/script>\n<!-- \/ Yoast SEO plugin. -->","yoast_head_json":{"title":"Puerto Argentino - Gente de B\u00e1squet","robots":{"index":"index","follow":"follow","max-snippet":"max-snippet:-1","max-image-preview":"max-image-preview:large","max-video-preview":"max-video-preview:-1"},"canonical":"http:\/\/gentedebasquet.com.ar\/sitio\/2015\/06\/09\/puerto-argentino\/","og_locale":"es_ES","og_type":"article","og_title":"Puerto Argentino - Gente de B\u00e1squet","og_description":"Argentino venci\u00f3 a Comercial 82-65 en el Osvaldo Giorgetti por la fecha trece del B\u00e1squet de Segunda. El conjunto de Errazu supo remontar un flojo primer cuarto y ponerse en ventaja en el segundo per\u00edodo, sacando una diferencia de diez unidades. De ah\u00ed en m\u00e1s, el equipo visitante, con un buen juego asociado y defensa [&hellip;]","og_url":"http:\/\/gentedebasquet.com.ar\/sitio\/2015\/06\/09\/puerto-argentino\/","og_site_name":"Gente de B\u00e1squet","article_published_time":"2015-06-10T01:56:21+00:00","og_image":[{"width":690,"height":319,"url":"http:\/\/gentedebasquet.com.ar\/sitio\/wp-content\/uploads\/2015\/06\/Comercial-Argentino.jpg","type":"image\/jpeg"}],"author":"Gente de B\u00e1squet","twitter_card":"summary_large_image","twitter_misc":{"Escrito por":"Gente de B\u00e1squet","Tiempo de lectura":"2 minutos"},"schema":{"@context":"https:\/\/schema.org","@graph":[{"@type":"Article","@id":"http:\/\/gentedebasquet.com.ar\/sitio\/2015\/06\/09\/puerto-argentino\/#article","isPartOf":{"@id":"http:\/\/gentedebasquet.com.ar\/sitio\/2015\/06\/09\/puerto-argentino\/"},"author":{"name":"Gente de B\u00e1squet","@id":"https:\/\/gentedebasquet.com.ar\/sitio\/#\/schema\/person\/ca0b63bbb977369988a7bbbdc519943a"},"headline":"Puerto Argentino","datePublished":"2015-06-10T01:56:21+00:00","mainEntityOfPage":{"@id":"http:\/\/gentedebasquet.com.ar\/sitio\/2015\/06\/09\/puerto-argentino\/"},"wordCount":467,"image":{"@id":"http:\/\/gentedebasquet.com.ar\/sitio\/2015\/06\/09\/puerto-argentino\/#primaryimage"},"thumbnailUrl":"http:\/\/gentedebasquet.com.ar\/sitio\/wp-content\/uploads\/2015\/06\/Comercial-Argentino.jpg","keywords":["Argentino","Comercial","Guillermo Mallemaci","Juan Franco Di Meglio","Sebasti\u00e1n Dodero"],"articleSection":["Segunda","Slide"],"inLanguage":"es"},{"@type":"WebPage","@id":"http:\/\/gentedebasquet.com.ar\/sitio\/2015\/06\/09\/puerto-argentino\/","url":"http:\/\/gentedebasquet.com.ar\/sitio\/2015\/06\/09\/puerto-argentino\/","name":"Puerto Argentino - Gente de B\u00e1squet","isPartOf":{"@id":"https:\/\/gentedebasquet.com.ar\/sitio\/#website"},"primaryImageOfPage":{"@id":"http:\/\/gentedebasquet.com.ar\/sitio\/2015\/06\/09\/puerto-argentino\/#primaryimage"},"image":{"@id":"http:\/\/gentedebasquet.com.ar\/sitio\/2015\/06\/09\/puerto-argentino\/#primaryimage"},"thumbnailUrl":"http:\/\/gentedebasquet.com.ar\/sitio\/wp-content\/uploads\/2015\/06\/Comercial-Argentino.jpg","datePublished":"2015-06-10T01:56:21+00:00","author":{"@id":"https:\/\/gentedebasquet.com.ar\/sitio\/#\/schema\/person\/ca0b63bbb977369988a7bbbdc519943a"},"breadcrumb":{"@id":"http:\/\/gentedebasquet.com.ar\/sitio\/2015\/06\/09\/puerto-argentino\/#breadcrumb"},"inLanguage":"es","potentialAction":[{"@type":"ReadAction","target":["http:\/\/gentedebasquet.com.ar\/sitio\/2015\/06\/09\/puerto-argentino\/"]}]},{"@type":"ImageObject","inLanguage":"es","@id":"http:\/\/gentedebasquet.com.ar\/sitio\/2015\/06\/09\/puerto-argentino\/#primaryimage","url":"http:\/\/gentedebasquet.com.ar\/sitio\/wp-content\/uploads\/2015\/06\/Comercial-Argentino.jpg","contentUrl":"http:\/\/gentedebasquet.com.ar\/sitio\/wp-content\/uploads\/2015\/06\/Comercial-Argentino.jpg","width":690,"height":319},{"@type":"BreadcrumbList","@id":"http:\/\/gentedebasquet.com.ar\/sitio\/2015\/06\/09\/puerto-argentino\/#breadcrumb","itemListElement":[{"@type":"ListItem","position":1,"name":"Portada","item":"https:\/\/gentedebasquet.com.ar\/sitio\/"},{"@type":"ListItem","position":2,"name":"Puerto Argentino"}]},{"@type":"WebSite","@id":"https:\/\/gentedebasquet.com.ar\/sitio\/#website","url":"https:\/\/gentedebasquet.com.ar\/sitio\/","name":"Gente de B\u00e1squet","description":"La revista del basquet de Bah\u00eda Blanca","potentialAction":[{"@type":"SearchAction","target":{"@type":"EntryPoint","urlTemplate":"https:\/\/gentedebasquet.com.ar\/sitio\/?s={search_term_string}"},"query-input":{"@type":"PropertyValueSpecification","valueRequired":true,"valueName":"search_term_string"}}],"inLanguage":"es"},{"@type":"Person","@id":"https:\/\/gentedebasquet.com.ar\/sitio\/#\/schema\/person\/ca0b63bbb977369988a7bbbdc519943a","name":"Gente de B\u00e1squet","image":{"@type":"ImageObject","inLanguage":"es","@id":"https:\/\/secure.gravatar.com\/avatar\/7f2c48bdc33b30088f941fb6082e555f2874c98e20cb159d7b92b50eadfce793?s=96&d=mm&r=g","url":"https:\/\/secure.gravatar.com\/avatar\/7f2c48bdc33b30088f941fb6082e555f2874c98e20cb159d7b92b50eadfce793?s=96&d=mm&r=g","contentUrl":"https:\/\/secure.gravatar.com\/avatar\/7f2c48bdc33b30088f941fb6082e555f2874c98e20cb159d7b92b50eadfce793?s=96&d=mm&r=g","caption":"Gente de B\u00e1squet"},"sameAs":["http:\/\/gentedebasquet.com.ar\/sitio"],"url":"http:\/\/gentedebasquet.com.ar\/sitio\/author\/ulises\/"}]}},"_links":{"self":[{"href":"http:\/\/gentedebasquet.com.ar\/sitio\/wp-json\/wp\/v2\/posts\/46456","targetHints":{"allow":["GET"]}}],"collection":[{"href":"http:\/\/gentedebasquet.com.ar\/sitio\/wp-json\/wp\/v2\/posts"}],"about":[{"href":"http:\/\/gentedebasquet.com.ar\/sitio\/wp-json\/wp\/v2\/types\/post"}],"author":[{"embeddable":true,"href":"http:\/\/gentedebasquet.com.ar\/sitio\/wp-json\/wp\/v2\/users\/1"}],"replies":[{"embeddable":true,"href":"http:\/\/gentedebasquet.com.ar\/sitio\/wp-json\/wp\/v2\/comments?post=46456"}],"version-history":[{"count":0,"href":"http:\/\/gentedebasquet.com.ar\/sitio\/wp-json\/wp\/v2\/posts\/46456\/revisions"}],"wp:featuredmedia":[{"embeddable":true,"href":"http:\/\/gentedebasquet.com.ar\/sitio\/wp-json\/wp\/v2\/media\/46458"}],"wp:attachment":[{"href":"http:\/\/gentedebasquet.com.ar\/sitio\/wp-json\/wp\/v2\/media?parent=46456"}],"wp:term":[{"taxonomy":"category","embeddable":true,"href":"http:\/\/gentedebasquet.com.ar\/sitio\/wp-json\/wp\/v2\/categories?post=46456"},{"taxonomy":"post_tag","embeddable":true,"href":"http:\/\/gentedebasquet.com.ar\/sitio\/wp-json\/wp\/v2\/tags?post=46456"}],"curies":[{"name":"wp","href":"https:\/\/api.w.org\/{rel}","templated":true}]}}