{"id":46462,"date":"2015-06-09T23:18:05","date_gmt":"2015-06-10T02:18:05","guid":{"rendered":"http:\/\/www.gentedebasquet.com.ar\/?p=46462"},"modified":"2015-06-09T23:18:05","modified_gmt":"2015-06-10T02:18:05","slug":"apago-la-caldera","status":"publish","type":"post","link":"http:\/\/gentedebasquet.com.ar\/sitio\/2015\/06\/09\/apago-la-caldera\/","title":{"rendered":"Apag\u00f3 La Caldera"},"content":{"rendered":"<p><b>Los Andes cedi\u00f3 la local\u00eda pero no el partido al derrotar a La Falda por 59 a 47. En un partido deslucido, el equipo de Punta Alta logr\u00f3 sacar una buena diferencia en el tercer cuarto que le permiti\u00f3 aguantar el intento de reacci\u00f3n del due\u00f1o de casa. Polchi (14, 5\/9 TC), Zangla (12) y Agalupe (11) fueron los m\u00e1s destacados en el ganador. Por \u201cLafa\u201d no alcanz\u00f3 con las tareas de Vilouta (18 + 10 rebotes) y Mond\u00f3n (10).<\/b><\/p>\n<p>El inicio fue favorable al due\u00f1o de casa que entr\u00f3 efectivo (3\/3 TC) para sacar ventajas de arranque (6-0 en 3 minutos) aprovechando el frio inicio de su rival (0\/5 TC). Pero La Falda comenz\u00f3 a mostrarse impreciso con la bola (5 p\u00e9rdidas) y lo pag\u00f3 caro, porque Amigo (5) fue determinante en ofensiva y Sella corri\u00f3 la cancha para Los Andes lo de vuelta (9-8) a falta de 4.09. El partido baj\u00f3 su nivel, el visitante no encontraba fluidez en ataque y carec\u00eda de efectividad con el tiro de larga distancia (1\/7 T3) y el due\u00f1o de casa, m\u00e1s all\u00e1 de las imprecisiones, lo cerr\u00f3 mejor de la mano de Vilouta (6, 3\/4 T2) para llevarse el primer cuarto 14 a 12.<\/p>\n<p>El ingreso desde el banco de Agalupe (6, 2\/2 T3) le dio soluciones al equipo de Carbonell que mostraba otro aire en ofensiva, pero Violuta (6) segu\u00eda encendido buscando el aro con mucha decisi\u00f3n para que el local se mantenga al frente (23-20) a mediados del per\u00edodo. Tras una mini racha de Zangla que dej\u00f3 a su equipo al frente, apareci\u00f3 una bomba de Fern\u00e1ndez que ser\u00eda el \u00faltimo gol de campo de un La Falda que se sec\u00f3 (sin puntos en m\u00e1s de dos minutos), equivocando los caminos en ataque y desconcentr\u00e1ndose en defensa algo, que Los Andes lograr\u00eda maximizar, con una r\u00e1faga de Polchi (5) m\u00e1s un par de tiros libres de Agalupe (cerr\u00f3 con 8) que le permitieron establecer un parcial de 7 a 0 que le dio la ventaja a Los Andes al cabo del primer tiempo: 31-26.<\/p>\n<p>Tras el descanso en vestuarios el partido mantuvo un chato nivel, La falda encontraba algunas respuestas en la pintura con Mond\u00f3n (4) pero carec\u00eda de punter\u00eda y fluidez en ataque, mientras que Los Andes estir\u00f3 diferencias a pura bomba, porque Polchi (7) encontraba facilidades y Agalupe tambi\u00e9n castigaba de lejos para que la distancia se estire a 9 (41-32 a 3.52). Yendo para adentro con Vilouta y Saieg, el due\u00f1o de casa intent\u00f3 una reacci\u00f3n pero fue \u201cLosa\u201d el que volvi\u00f3 a cerrar mejor, cargando la pintura con el t\u00e1ndem Canella-Amigo para mantener una buena luz tras el tercer cuarto: 47-36.<\/p>\n<p>Ya en el \u00faltimo parcial, el equipo de Carbonell comenz\u00f3 a sufrir en ataque, sin tener buena efectividad (2\/7 TC) y sufriendo tras el traslado (sin Sella tras el 1C por una molestia) anotando solo 5 puntos en m\u00e1s de 6 minutos, y La Falda a puro coraz\u00f3n achic\u00f3, con las bombas del ingresado Lan (6) y la determinaci\u00f3n de Vilouta se puso a 5 (52-47 a 3.36) dejando un final abierto. Pero hasta ah\u00ed lleg\u00f3 la reacci\u00f3n del local, porque no anot\u00f3 m\u00e1s (0\/6 TC) dej\u00e1ndole el juego servido a un Los Andes que mostr\u00f3 experiencia para cerrarlo con un parcial de 7-0 que le permiti\u00f3 llevarse el triunfo.<\/p>\n<p>[vimeo]http:\/\/vimeo.com\/130284547[\/vimeo]<\/p>\n<p><b>S\u00edntesis<\/b> | Segunda Divisi\u00f3n \u2013 Fecha #13<\/p>\n<p><b>La Falda 47:<\/b> Facundo Altuna 0, Facundo Roque 5, Federico Vilouta 18, Andr\u00e9s Mond\u00f3n 10, Gabriel Saieg 4 (FI); Gabriel Fern\u00e1ndez 3, Gustavo Lan 6, Guido Delucchi 0, Thom\u00e1s Minnucci 1. DT: Nicol\u00e1s Becchina.<\/p>\n<p><b>Los Andes 59:<\/b> Jerem\u00edas Gonc\u00e1lvez 5, Ignacio Sella 2, Fabio Zangla 12, Guido Canella 6, Mat\u00edas Amigo 9 (FI); Daniel Agalupe 11, Marcos Polchi 14. DT: Leandro Carbonell.<\/p>\n<p><b>Parciales:<\/b> 14-12, 26-31 (12-19), 36-47 (10-16), 47-59 (11-12).<\/p>\n<p><b>\u00c1rbitros:<\/b> Jorge Scheffer \u2013 Diego Kessler.<\/p>\n<p><b>Estadio:<\/b> La Caldera (La Falda).<b><\/b><\/p>\n<p><a class=\"modalf iframe\" title=\"Planilla\" href=\"https:\/\/docs.google.com\/spreadsheets\/d\/1F5cmJqG4Mdz62eVkHvExL6R3KLnCBh3pKB3lveZ34G0\/pubhtml?gid=1030947822&amp;single=true\">Ver Planilla<\/a><\/p>\n<p>&nbsp;<\/p>\n<p>[vimeo]http:\/\/vimeo.com\/130284548[\/vimeo]<\/p>\n<p>&nbsp;<\/p>\n<h6>Dijo presente<\/h6>\n<p><a href=\"http:\/\/www.gentedebasquet.com.ar\/wp-content\/uploads\/2015\/06\/11351391_10202626843471485_1184519105_n.jpg\"><img decoding=\"async\" class=\"aligncenter size-full wp-image-46465\" alt=\"11351391_10202626843471485_1184519105_n\" src=\"http:\/\/www.gentedebasquet.com.ar\/wp-content\/uploads\/2015\/06\/11351391_10202626843471485_1184519105_n.jpg\" width=\"640\" height=\"480\" srcset=\"http:\/\/gentedebasquet.com.ar\/sitio\/wp-content\/uploads\/2015\/06\/11351391_10202626843471485_1184519105_n.jpg 640w, http:\/\/gentedebasquet.com.ar\/sitio\/wp-content\/uploads\/2015\/06\/11351391_10202626843471485_1184519105_n-300x225.jpg 300w\" sizes=\"(max-width: 640px) 100vw, 640px\" \/><\/a><\/p>\n<p>De regreso en nuestra ciudad tras una nueva temporada en el Inter de Italia, Rodrigo Palacio se acerc\u00f3 a ver a su querido La Falda. El delantero surgido en Bella Vista pos\u00f3 con el plantel y hasta tom\u00f3 un par de lanzamientos triples en el entretiempo.<\/p>\n","protected":false},"excerpt":{"rendered":"<p>Los Andes venci\u00f3 como visitante a La Falda por 59 a 47<\/p>\n","protected":false},"author":1,"featured_media":46463,"comment_status":"closed","ping_status":"open","sticky":false,"template":"","format":"standard","meta":{"jnews-multi-image_gallery":[],"jnews_single_post":[],"jnews_primary_category":[],"footnotes":""},"categories":[25,101],"tags":[528,584,303,13,152,578],"class_list":["post-46462","post","type-post","status-publish","format-standard","has-post-thumbnail","hentry","category-segunda","category-slide","tag-daniel-agalupe","tag-fabio-zangla","tag-federico-vilouta","tag-la-falda","tag-los-andes","tag-marcos-polchi"],"yoast_head":"<!-- This site is optimized with the Yoast SEO plugin v27.5 - https:\/\/yoast.com\/product\/yoast-seo-wordpress\/ -->\n<title>Apag\u00f3 La Caldera - Gente de B\u00e1squet<\/title>\n<meta name=\"robots\" content=\"index, follow, max-snippet:-1, max-image-preview:large, max-video-preview:-1\" \/>\n<link rel=\"canonical\" href=\"https:\/\/gentedebasquet.com.ar\/sitio\/2015\/06\/09\/apago-la-caldera\/\" \/>\n<meta property=\"og:locale\" content=\"es_ES\" \/>\n<meta property=\"og:type\" content=\"article\" \/>\n<meta property=\"og:title\" content=\"Apag\u00f3 La Caldera - Gente de B\u00e1squet\" \/>\n<meta property=\"og:description\" content=\"Los Andes venci\u00f3 como visitante a La Falda por 59 a 47\" \/>\n<meta property=\"og:url\" content=\"https:\/\/gentedebasquet.com.ar\/sitio\/2015\/06\/09\/apago-la-caldera\/\" \/>\n<meta property=\"og:site_name\" content=\"Gente de B\u00e1squet\" \/>\n<meta property=\"article:published_time\" content=\"2015-06-10T02:18:05+00:00\" \/>\n<meta property=\"og:image\" content=\"https:\/\/gentedebasquet.com.ar\/sitio\/wp-content\/uploads\/2015\/06\/11418288_10202626843431484_1672655782_n.jpg\" \/>\n\t<meta property=\"og:image:width\" content=\"690\" \/>\n\t<meta property=\"og:image:height\" content=\"319\" \/>\n\t<meta property=\"og:image:type\" content=\"image\/jpeg\" \/>\n<meta name=\"author\" content=\"Gente de B\u00e1squet\" \/>\n<meta name=\"twitter:card\" content=\"summary_large_image\" \/>\n<meta name=\"twitter:label1\" content=\"Escrito por\" \/>\n\t<meta name=\"twitter:data1\" content=\"Gente de B\u00e1squet\" \/>\n\t<meta name=\"twitter:label2\" content=\"Tiempo de lectura\" \/>\n\t<meta name=\"twitter:data2\" content=\"3 minutos\" \/>\n<script type=\"application\/ld+json\" class=\"yoast-schema-graph\">{\"@context\":\"https:\\\/\\\/schema.org\",\"@graph\":[{\"@type\":\"Article\",\"@id\":\"https:\\\/\\\/gentedebasquet.com.ar\\\/sitio\\\/2015\\\/06\\\/09\\\/apago-la-caldera\\\/#article\",\"isPartOf\":{\"@id\":\"https:\\\/\\\/gentedebasquet.com.ar\\\/sitio\\\/2015\\\/06\\\/09\\\/apago-la-caldera\\\/\"},\"author\":{\"name\":\"Gente de B\u00e1squet\",\"@id\":\"https:\\\/\\\/gentedebasquet.com.ar\\\/sitio\\\/#\\\/schema\\\/person\\\/ca0b63bbb977369988a7bbbdc519943a\"},\"headline\":\"Apag\u00f3 La Caldera\",\"datePublished\":\"2015-06-10T02:18:05+00:00\",\"mainEntityOfPage\":{\"@id\":\"https:\\\/\\\/gentedebasquet.com.ar\\\/sitio\\\/2015\\\/06\\\/09\\\/apago-la-caldera\\\/\"},\"wordCount\":691,\"image\":{\"@id\":\"https:\\\/\\\/gentedebasquet.com.ar\\\/sitio\\\/2015\\\/06\\\/09\\\/apago-la-caldera\\\/#primaryimage\"},\"thumbnailUrl\":\"http:\\\/\\\/gentedebasquet.com.ar\\\/sitio\\\/wp-content\\\/uploads\\\/2015\\\/06\\\/11418288_10202626843431484_1672655782_n.jpg\",\"keywords\":[\"Daniel Agalupe\",\"Fabio Zangla\",\"Federico Vilouta\",\"La Falda\",\"Los Andes\",\"Marcos Polchi\"],\"articleSection\":[\"Segunda\",\"Slide\"],\"inLanguage\":\"es\"},{\"@type\":\"WebPage\",\"@id\":\"https:\\\/\\\/gentedebasquet.com.ar\\\/sitio\\\/2015\\\/06\\\/09\\\/apago-la-caldera\\\/\",\"url\":\"https:\\\/\\\/gentedebasquet.com.ar\\\/sitio\\\/2015\\\/06\\\/09\\\/apago-la-caldera\\\/\",\"name\":\"Apag\u00f3 La Caldera - Gente de B\u00e1squet\",\"isPartOf\":{\"@id\":\"https:\\\/\\\/gentedebasquet.com.ar\\\/sitio\\\/#website\"},\"primaryImageOfPage\":{\"@id\":\"https:\\\/\\\/gentedebasquet.com.ar\\\/sitio\\\/2015\\\/06\\\/09\\\/apago-la-caldera\\\/#primaryimage\"},\"image\":{\"@id\":\"https:\\\/\\\/gentedebasquet.com.ar\\\/sitio\\\/2015\\\/06\\\/09\\\/apago-la-caldera\\\/#primaryimage\"},\"thumbnailUrl\":\"http:\\\/\\\/gentedebasquet.com.ar\\\/sitio\\\/wp-content\\\/uploads\\\/2015\\\/06\\\/11418288_10202626843431484_1672655782_n.jpg\",\"datePublished\":\"2015-06-10T02:18:05+00:00\",\"author\":{\"@id\":\"https:\\\/\\\/gentedebasquet.com.ar\\\/sitio\\\/#\\\/schema\\\/person\\\/ca0b63bbb977369988a7bbbdc519943a\"},\"breadcrumb\":{\"@id\":\"https:\\\/\\\/gentedebasquet.com.ar\\\/sitio\\\/2015\\\/06\\\/09\\\/apago-la-caldera\\\/#breadcrumb\"},\"inLanguage\":\"es\",\"potentialAction\":[{\"@type\":\"ReadAction\",\"target\":[\"https:\\\/\\\/gentedebasquet.com.ar\\\/sitio\\\/2015\\\/06\\\/09\\\/apago-la-caldera\\\/\"]}]},{\"@type\":\"ImageObject\",\"inLanguage\":\"es\",\"@id\":\"https:\\\/\\\/gentedebasquet.com.ar\\\/sitio\\\/2015\\\/06\\\/09\\\/apago-la-caldera\\\/#primaryimage\",\"url\":\"http:\\\/\\\/gentedebasquet.com.ar\\\/sitio\\\/wp-content\\\/uploads\\\/2015\\\/06\\\/11418288_10202626843431484_1672655782_n.jpg\",\"contentUrl\":\"http:\\\/\\\/gentedebasquet.com.ar\\\/sitio\\\/wp-content\\\/uploads\\\/2015\\\/06\\\/11418288_10202626843431484_1672655782_n.jpg\",\"width\":690,\"height\":319},{\"@type\":\"BreadcrumbList\",\"@id\":\"https:\\\/\\\/gentedebasquet.com.ar\\\/sitio\\\/2015\\\/06\\\/09\\\/apago-la-caldera\\\/#breadcrumb\",\"itemListElement\":[{\"@type\":\"ListItem\",\"position\":1,\"name\":\"Portada\",\"item\":\"https:\\\/\\\/gentedebasquet.com.ar\\\/sitio\\\/\"},{\"@type\":\"ListItem\",\"position\":2,\"name\":\"Apag\u00f3 La Caldera\"}]},{\"@type\":\"WebSite\",\"@id\":\"https:\\\/\\\/gentedebasquet.com.ar\\\/sitio\\\/#website\",\"url\":\"https:\\\/\\\/gentedebasquet.com.ar\\\/sitio\\\/\",\"name\":\"Gente de B\u00e1squet\",\"description\":\"La revista del basquet de Bah\u00eda Blanca\",\"potentialAction\":[{\"@type\":\"SearchAction\",\"target\":{\"@type\":\"EntryPoint\",\"urlTemplate\":\"https:\\\/\\\/gentedebasquet.com.ar\\\/sitio\\\/?s={search_term_string}\"},\"query-input\":{\"@type\":\"PropertyValueSpecification\",\"valueRequired\":true,\"valueName\":\"search_term_string\"}}],\"inLanguage\":\"es\"},{\"@type\":\"Person\",\"@id\":\"https:\\\/\\\/gentedebasquet.com.ar\\\/sitio\\\/#\\\/schema\\\/person\\\/ca0b63bbb977369988a7bbbdc519943a\",\"name\":\"Gente de B\u00e1squet\",\"image\":{\"@type\":\"ImageObject\",\"inLanguage\":\"es\",\"@id\":\"https:\\\/\\\/secure.gravatar.com\\\/avatar\\\/7f2c48bdc33b30088f941fb6082e555f2874c98e20cb159d7b92b50eadfce793?s=96&d=mm&r=g\",\"url\":\"https:\\\/\\\/secure.gravatar.com\\\/avatar\\\/7f2c48bdc33b30088f941fb6082e555f2874c98e20cb159d7b92b50eadfce793?s=96&d=mm&r=g\",\"contentUrl\":\"https:\\\/\\\/secure.gravatar.com\\\/avatar\\\/7f2c48bdc33b30088f941fb6082e555f2874c98e20cb159d7b92b50eadfce793?s=96&d=mm&r=g\",\"caption\":\"Gente de B\u00e1squet\"},\"sameAs\":[\"http:\\\/\\\/gentedebasquet.com.ar\\\/sitio\"],\"url\":\"http:\\\/\\\/gentedebasquet.com.ar\\\/sitio\\\/author\\\/ulises\\\/\"}]}<\/script>\n<!-- \/ Yoast SEO plugin. -->","yoast_head_json":{"title":"Apag\u00f3 La Caldera - Gente de B\u00e1squet","robots":{"index":"index","follow":"follow","max-snippet":"max-snippet:-1","max-image-preview":"max-image-preview:large","max-video-preview":"max-video-preview:-1"},"canonical":"https:\/\/gentedebasquet.com.ar\/sitio\/2015\/06\/09\/apago-la-caldera\/","og_locale":"es_ES","og_type":"article","og_title":"Apag\u00f3 La Caldera - Gente de B\u00e1squet","og_description":"Los Andes venci\u00f3 como visitante a La Falda por 59 a 47","og_url":"https:\/\/gentedebasquet.com.ar\/sitio\/2015\/06\/09\/apago-la-caldera\/","og_site_name":"Gente de B\u00e1squet","article_published_time":"2015-06-10T02:18:05+00:00","og_image":[{"width":690,"height":319,"url":"https:\/\/gentedebasquet.com.ar\/sitio\/wp-content\/uploads\/2015\/06\/11418288_10202626843431484_1672655782_n.jpg","type":"image\/jpeg"}],"author":"Gente de B\u00e1squet","twitter_card":"summary_large_image","twitter_misc":{"Escrito por":"Gente de B\u00e1squet","Tiempo de lectura":"3 minutos"},"schema":{"@context":"https:\/\/schema.org","@graph":[{"@type":"Article","@id":"https:\/\/gentedebasquet.com.ar\/sitio\/2015\/06\/09\/apago-la-caldera\/#article","isPartOf":{"@id":"https:\/\/gentedebasquet.com.ar\/sitio\/2015\/06\/09\/apago-la-caldera\/"},"author":{"name":"Gente de B\u00e1squet","@id":"https:\/\/gentedebasquet.com.ar\/sitio\/#\/schema\/person\/ca0b63bbb977369988a7bbbdc519943a"},"headline":"Apag\u00f3 La Caldera","datePublished":"2015-06-10T02:18:05+00:00","mainEntityOfPage":{"@id":"https:\/\/gentedebasquet.com.ar\/sitio\/2015\/06\/09\/apago-la-caldera\/"},"wordCount":691,"image":{"@id":"https:\/\/gentedebasquet.com.ar\/sitio\/2015\/06\/09\/apago-la-caldera\/#primaryimage"},"thumbnailUrl":"http:\/\/gentedebasquet.com.ar\/sitio\/wp-content\/uploads\/2015\/06\/11418288_10202626843431484_1672655782_n.jpg","keywords":["Daniel Agalupe","Fabio Zangla","Federico Vilouta","La Falda","Los Andes","Marcos Polchi"],"articleSection":["Segunda","Slide"],"inLanguage":"es"},{"@type":"WebPage","@id":"https:\/\/gentedebasquet.com.ar\/sitio\/2015\/06\/09\/apago-la-caldera\/","url":"https:\/\/gentedebasquet.com.ar\/sitio\/2015\/06\/09\/apago-la-caldera\/","name":"Apag\u00f3 La Caldera - Gente de B\u00e1squet","isPartOf":{"@id":"https:\/\/gentedebasquet.com.ar\/sitio\/#website"},"primaryImageOfPage":{"@id":"https:\/\/gentedebasquet.com.ar\/sitio\/2015\/06\/09\/apago-la-caldera\/#primaryimage"},"image":{"@id":"https:\/\/gentedebasquet.com.ar\/sitio\/2015\/06\/09\/apago-la-caldera\/#primaryimage"},"thumbnailUrl":"http:\/\/gentedebasquet.com.ar\/sitio\/wp-content\/uploads\/2015\/06\/11418288_10202626843431484_1672655782_n.jpg","datePublished":"2015-06-10T02:18:05+00:00","author":{"@id":"https:\/\/gentedebasquet.com.ar\/sitio\/#\/schema\/person\/ca0b63bbb977369988a7bbbdc519943a"},"breadcrumb":{"@id":"https:\/\/gentedebasquet.com.ar\/sitio\/2015\/06\/09\/apago-la-caldera\/#breadcrumb"},"inLanguage":"es","potentialAction":[{"@type":"ReadAction","target":["https:\/\/gentedebasquet.com.ar\/sitio\/2015\/06\/09\/apago-la-caldera\/"]}]},{"@type":"ImageObject","inLanguage":"es","@id":"https:\/\/gentedebasquet.com.ar\/sitio\/2015\/06\/09\/apago-la-caldera\/#primaryimage","url":"http:\/\/gentedebasquet.com.ar\/sitio\/wp-content\/uploads\/2015\/06\/11418288_10202626843431484_1672655782_n.jpg","contentUrl":"http:\/\/gentedebasquet.com.ar\/sitio\/wp-content\/uploads\/2015\/06\/11418288_10202626843431484_1672655782_n.jpg","width":690,"height":319},{"@type":"BreadcrumbList","@id":"https:\/\/gentedebasquet.com.ar\/sitio\/2015\/06\/09\/apago-la-caldera\/#breadcrumb","itemListElement":[{"@type":"ListItem","position":1,"name":"Portada","item":"https:\/\/gentedebasquet.com.ar\/sitio\/"},{"@type":"ListItem","position":2,"name":"Apag\u00f3 La Caldera"}]},{"@type":"WebSite","@id":"https:\/\/gentedebasquet.com.ar\/sitio\/#website","url":"https:\/\/gentedebasquet.com.ar\/sitio\/","name":"Gente de B\u00e1squet","description":"La revista del basquet de Bah\u00eda Blanca","potentialAction":[{"@type":"SearchAction","target":{"@type":"EntryPoint","urlTemplate":"https:\/\/gentedebasquet.com.ar\/sitio\/?s={search_term_string}"},"query-input":{"@type":"PropertyValueSpecification","valueRequired":true,"valueName":"search_term_string"}}],"inLanguage":"es"},{"@type":"Person","@id":"https:\/\/gentedebasquet.com.ar\/sitio\/#\/schema\/person\/ca0b63bbb977369988a7bbbdc519943a","name":"Gente de B\u00e1squet","image":{"@type":"ImageObject","inLanguage":"es","@id":"https:\/\/secure.gravatar.com\/avatar\/7f2c48bdc33b30088f941fb6082e555f2874c98e20cb159d7b92b50eadfce793?s=96&d=mm&r=g","url":"https:\/\/secure.gravatar.com\/avatar\/7f2c48bdc33b30088f941fb6082e555f2874c98e20cb159d7b92b50eadfce793?s=96&d=mm&r=g","contentUrl":"https:\/\/secure.gravatar.com\/avatar\/7f2c48bdc33b30088f941fb6082e555f2874c98e20cb159d7b92b50eadfce793?s=96&d=mm&r=g","caption":"Gente de B\u00e1squet"},"sameAs":["http:\/\/gentedebasquet.com.ar\/sitio"],"url":"http:\/\/gentedebasquet.com.ar\/sitio\/author\/ulises\/"}]}},"_links":{"self":[{"href":"http:\/\/gentedebasquet.com.ar\/sitio\/wp-json\/wp\/v2\/posts\/46462","targetHints":{"allow":["GET"]}}],"collection":[{"href":"http:\/\/gentedebasquet.com.ar\/sitio\/wp-json\/wp\/v2\/posts"}],"about":[{"href":"http:\/\/gentedebasquet.com.ar\/sitio\/wp-json\/wp\/v2\/types\/post"}],"author":[{"embeddable":true,"href":"http:\/\/gentedebasquet.com.ar\/sitio\/wp-json\/wp\/v2\/users\/1"}],"replies":[{"embeddable":true,"href":"http:\/\/gentedebasquet.com.ar\/sitio\/wp-json\/wp\/v2\/comments?post=46462"}],"version-history":[{"count":0,"href":"http:\/\/gentedebasquet.com.ar\/sitio\/wp-json\/wp\/v2\/posts\/46462\/revisions"}],"wp:featuredmedia":[{"embeddable":true,"href":"http:\/\/gentedebasquet.com.ar\/sitio\/wp-json\/wp\/v2\/media\/46463"}],"wp:attachment":[{"href":"http:\/\/gentedebasquet.com.ar\/sitio\/wp-json\/wp\/v2\/media?parent=46462"}],"wp:term":[{"taxonomy":"category","embeddable":true,"href":"http:\/\/gentedebasquet.com.ar\/sitio\/wp-json\/wp\/v2\/categories?post=46462"},{"taxonomy":"post_tag","embeddable":true,"href":"http:\/\/gentedebasquet.com.ar\/sitio\/wp-json\/wp\/v2\/tags?post=46462"}],"curies":[{"name":"wp","href":"https:\/\/api.w.org\/{rel}","templated":true}]}}