{"id":46866,"date":"2015-06-18T23:55:15","date_gmt":"2015-06-19T02:55:15","guid":{"rendered":"http:\/\/www.gentedebasquet.com.ar\/?p=46866"},"modified":"2015-06-18T23:55:15","modified_gmt":"2015-06-19T02:55:15","slug":"como-jasen-por-su-casa","status":"publish","type":"post","link":"http:\/\/gentedebasquet.com.ar\/sitio\/2015\/06\/18\/como-jasen-por-su-casa\/","title":{"rendered":"Como Jasen por su casa"},"content":{"rendered":"<p><b>En el regreso al club de sus amores, luego de 20 a\u00f1os, Hern\u00e1n Jasen tuvo la recibida perfecta porque Alem vapule\u00f3 a Pueyrred\u00f3n por 98 a 58. \u00a0Pancho jug\u00f3 8m54 y aport\u00f3 12 puntos (2-2 en t3 y 3-5 en t2), 3 rebotes, un robo y una asistencia, mientras que en el resto de su equipo otros cinco jugadores superaron el doble d\u00edgito de anotaci\u00f3n (Rotta, Wygladacz, Gigena, Miguel y Foulkes).\u00a0 En la visita no fueron suficientes las tareas de Eddie Roberson (12), Gast\u00f3n Rivera (11) y Francisco Filippa (10 y 10 tableros). \u00a0<span style=\"color: #ff6600;\">MIR\u00c1 EL VIDEO Y LA NOTA CON PANCHO.<\/span><\/b><\/p>\n<p>Dicen que el hogar es donde se encuentra el coraz\u00f3n.\u00a0 Y apenas al ingresar al gimnasio Daniel Lacunza, una gigantograf\u00eda muestra (aparte del \u00eddolo hom\u00f3nimo del estadio y \u201cCoco\u201d Ferrandi) la figura de Hern\u00e1n Jasen. \u00a0Esta vez, en una noche helada de b\u00e1squet local, el pueblo verdirrojo le dio a Pancho una c\u00e1lida bienvenida en la cortada de Azara.<\/p>\n<p>El \u00fanico aspecto negativo de la emotiva jornada fue que el partido dur\u00f3 poco.\u00a0 Apenas Pueyrred\u00f3n salt\u00f3 a la cancha Alem le propin\u00f3 un parcial de 11-0 en solo 3m de juego, basando su ataque en la pintura, apartado en donde St\u00e9fano Barba (9 en ese tramo) se mostr\u00f3 muy c\u00f3modo.\u00a0 La visita tambi\u00e9n intent\u00f3 colocar el bal\u00f3n en la pintura, pero la f\u00e9rrea tarea defensiva del local (provoc\u00f3 un 3-20 en tiros de campo en el 1C) mantuvo una amplia diferencia (23-11).<\/p>\n<p>En el 2C se dio el momento esperado de la noche: el ingreso de Pancho, que no quiso perderse el festival ofensivo de Alem, y decidi\u00f3 ser el factor clave en ataque para los dirigidos por Loffredo en el per\u00edodo, que encontraron un excepcional pasaje desde el per\u00edmetro (6-8).\u00a0 Siendo su posteo la primera opci\u00f3n en el ataque local, y conectando en dos oportunidades desde el per\u00edmetro, Hern\u00e1n anot\u00f3 todos sus 12 puntos en el segmento, que le bastaron al local para sacar ventaja de 31 de unidades de cara al entretiempo.<\/p>\n<p>Al regreso de los vestuarios, Iannamico y sus dirigidos buscaron variantes en defensa para poder, al menos, arrimarse en el marcador.\u00a0 Pueyrred\u00f3n altern\u00f3 entre una zona 2-3 y presi\u00f3n hombre a hombre en media cancha con doblaje al bal\u00f3n. \u00a0Pero no hubo caso. Alem continu\u00f3 dominando el cotejo a su antojo, mediante las bombas de larga distancia de Miguel y Gigena, y el trabajo en la pintura de Wygladacz (6 puntos y 5 rebotes en el 3C).<\/p>\n<p>Sin utilizar a Hern\u00e1n Jasen por el resto de la noche, y tras un 4C que fue puramente anecd\u00f3tico, fue que Alem le dio la mejor bienvenida a uno de sus \u00eddolos hist\u00f3ricos, y hasta le permiti\u00f3 darle el lujo de lucirse en algunos minutos de juego. Por si fuera poco, el triunfo le entreg\u00f3 al conjunto del Colo Loffredo subir a la <a href=\"http:\/\/www.gentedebasquet.com.ar\/primera-ciudad-posiciones\/\" target=\"_blank\" rel=\"noopener\">tercera posici\u00f3n del certamen<\/a>, detr\u00e1s de Villa Mitre y Liniers. Bienvenido a casa Pancho, el b\u00e1squet bahiense te necesitaba.<\/p>\n<p>&nbsp;<\/p>\n<p>[youtube]https:\/\/youtu.be\/X_MYj3J-unU[\/youtube]<\/p>\n<p>&nbsp;<\/p>\n<p><b>S\u00edntesis<\/b> | Primera Divisi\u00f3n \u2013 Fecha #9<\/p>\n<p><b>Alem 98: <\/b>Gonzalo Etchepare 3, Walter Gigena 14, Stefano Barba 9, Dam\u00edan Foulkes 10, Emanuel Wygladacz 10 (FI); Augusto Priore 6, Nicol\u00e1s Leguizam\u00f3 5, Mart\u00edn \u00c1lvarez 4, Mart\u00edn Miguel 13, Lautaro Berg\u00e9s 0, <b>Hern\u00e1n Jasen 12 y\u00a0<\/b>Juan Pablo Rotta 12.\u00a0 D.T: Miguel Loffredo.<\/p>\n<p><b>Pueyrred\u00f3n 58: <\/b>Gast\u00f3n Rivera 11, Germ\u00e1n Andr\u00e9s 8, Gast\u00f3n Ressia 2, Pablo Racciatti 0, Francisco Filippa 10 (FI); Juan Manuel Richat 0, Agust\u00edn Fern\u00e1ndez 0, Juli\u00e1n Carminatti 2, Facundo Sevillano 9, Eddie Roberson 12 y Santiago Marco 4.\u00a0 D.T: Andr\u00e9s Iannamico.<\/p>\n<p><b>Parciales: <\/b>23-11, 55-24 (31-13), 75-37 (20-13) y 98-58 (23-21).<\/p>\n<p><b>\u00c1rbitros: <\/b>Miguel Firpo \u2013 Marjorie Stuardo.<\/p>\n<p><b>Estadio: <\/b>Daniel Lacunza (Club Alem).<\/p>\n<p><strong>Foto:\u00a0<\/strong>Mart\u00edn G\u00e1lvez.<\/p>\n<p><a class=\"modalf iframe\" title=\"Planilla\" href=\"https:\/\/docs.google.com\/spreadsheets\/d\/1C_hBghazRBhsJhyxYC8haoFeXK7ZMFEXoj8QYZBcd9o\/pubhtml\" target=\"_blank\" rel=\"noopener\">Ver Planilla<\/a><\/p>\n<p>&nbsp;<\/p>\n<p>[youtube]https:\/\/www.youtube.com\/watch?v=N5tqy4SpHgc[\/youtube]<\/p>\n","protected":false},"excerpt":{"rendered":"<p>Pancho (12 puntos) regres\u00f3 a Alem con triunfo: 98 a 58 sobre Pueyrred\u00f3n<\/p>\n","protected":false},"author":1,"featured_media":46869,"comment_status":"closed","ping_status":"open","sticky":false,"template":"","format":"standard","meta":{"jnews-multi-image_gallery":[],"jnews_single_post":[],"jnews_primary_category":[],"footnotes":""},"categories":[23,101],"tags":[3,689,730,307,288,492,48,733,18,302],"class_list":["post-46866","post","type-post","status-publish","format-standard","has-post-thumbnail","hentry","category-primera","category-slide","tag-alem","tag-eddie-roberson","tag-emanuel-wygladacz","tag-francisco-filippa","tag-gaston-rivera","tag-hernan-jasen","tag-juan-pablo-rotta","tag-martin-migue","tag-pueyrredon","tag-walter-gigena"],"yoast_head":"<!-- This site is optimized with the Yoast SEO plugin v27.5 - https:\/\/yoast.com\/product\/yoast-seo-wordpress\/ -->\n<title>Como Jasen por su casa - Gente de B\u00e1squet<\/title>\n<meta name=\"robots\" content=\"index, follow, max-snippet:-1, max-image-preview:large, max-video-preview:-1\" \/>\n<link rel=\"canonical\" href=\"http:\/\/gentedebasquet.com.ar\/sitio\/2015\/06\/18\/como-jasen-por-su-casa\/\" \/>\n<meta property=\"og:locale\" content=\"es_ES\" \/>\n<meta property=\"og:type\" content=\"article\" \/>\n<meta property=\"og:title\" content=\"Como Jasen por su casa - Gente de B\u00e1squet\" \/>\n<meta property=\"og:description\" content=\"Pancho (12 puntos) regres\u00f3 a Alem con triunfo: 98 a 58 sobre Pueyrred\u00f3n\" \/>\n<meta property=\"og:url\" content=\"http:\/\/gentedebasquet.com.ar\/sitio\/2015\/06\/18\/como-jasen-por-su-casa\/\" \/>\n<meta property=\"og:site_name\" content=\"Gente de B\u00e1squet\" \/>\n<meta property=\"article:published_time\" content=\"2015-06-19T02:55:15+00:00\" \/>\n<meta property=\"og:image\" content=\"http:\/\/gentedebasquet.com.ar\/sitio\/wp-content\/uploads\/2015\/06\/11422722_10202670223835967_807042103_n1.jpg\" \/>\n\t<meta property=\"og:image:width\" content=\"690\" \/>\n\t<meta property=\"og:image:height\" content=\"319\" \/>\n\t<meta property=\"og:image:type\" content=\"image\/jpeg\" \/>\n<meta name=\"author\" content=\"Gente de B\u00e1squet\" \/>\n<meta name=\"twitter:card\" content=\"summary_large_image\" \/>\n<meta name=\"twitter:label1\" content=\"Escrito por\" \/>\n\t<meta name=\"twitter:data1\" content=\"Gente de B\u00e1squet\" \/>\n\t<meta name=\"twitter:label2\" content=\"Tiempo de lectura\" \/>\n\t<meta name=\"twitter:data2\" content=\"3 minutos\" \/>\n<script type=\"application\/ld+json\" class=\"yoast-schema-graph\">{\"@context\":\"https:\\\/\\\/schema.org\",\"@graph\":[{\"@type\":\"Article\",\"@id\":\"http:\\\/\\\/gentedebasquet.com.ar\\\/sitio\\\/2015\\\/06\\\/18\\\/como-jasen-por-su-casa\\\/#article\",\"isPartOf\":{\"@id\":\"http:\\\/\\\/gentedebasquet.com.ar\\\/sitio\\\/2015\\\/06\\\/18\\\/como-jasen-por-su-casa\\\/\"},\"author\":{\"name\":\"Gente de B\u00e1squet\",\"@id\":\"https:\\\/\\\/gentedebasquet.com.ar\\\/sitio\\\/#\\\/schema\\\/person\\\/ca0b63bbb977369988a7bbbdc519943a\"},\"headline\":\"Como Jasen por su casa\",\"datePublished\":\"2015-06-19T02:55:15+00:00\",\"mainEntityOfPage\":{\"@id\":\"http:\\\/\\\/gentedebasquet.com.ar\\\/sitio\\\/2015\\\/06\\\/18\\\/como-jasen-por-su-casa\\\/\"},\"wordCount\":648,\"image\":{\"@id\":\"http:\\\/\\\/gentedebasquet.com.ar\\\/sitio\\\/2015\\\/06\\\/18\\\/como-jasen-por-su-casa\\\/#primaryimage\"},\"thumbnailUrl\":\"http:\\\/\\\/gentedebasquet.com.ar\\\/sitio\\\/wp-content\\\/uploads\\\/2015\\\/06\\\/11422722_10202670223835967_807042103_n1.jpg\",\"keywords\":[\"Alem\",\"Eddie Roberson\",\"Emanuel Wygladacz\",\"Francisco Filippa\",\"Gast\u00f3n Rivera\",\"Hern\u00e1n Jasen\",\"Juan Pablo Rotta\",\"Mart\u00edn Migue\",\"Pueyrredon\",\"Walter Gigena\"],\"articleSection\":[\"Primera\",\"Slide\"],\"inLanguage\":\"es\"},{\"@type\":\"WebPage\",\"@id\":\"http:\\\/\\\/gentedebasquet.com.ar\\\/sitio\\\/2015\\\/06\\\/18\\\/como-jasen-por-su-casa\\\/\",\"url\":\"http:\\\/\\\/gentedebasquet.com.ar\\\/sitio\\\/2015\\\/06\\\/18\\\/como-jasen-por-su-casa\\\/\",\"name\":\"Como Jasen por su casa - Gente de B\u00e1squet\",\"isPartOf\":{\"@id\":\"https:\\\/\\\/gentedebasquet.com.ar\\\/sitio\\\/#website\"},\"primaryImageOfPage\":{\"@id\":\"http:\\\/\\\/gentedebasquet.com.ar\\\/sitio\\\/2015\\\/06\\\/18\\\/como-jasen-por-su-casa\\\/#primaryimage\"},\"image\":{\"@id\":\"http:\\\/\\\/gentedebasquet.com.ar\\\/sitio\\\/2015\\\/06\\\/18\\\/como-jasen-por-su-casa\\\/#primaryimage\"},\"thumbnailUrl\":\"http:\\\/\\\/gentedebasquet.com.ar\\\/sitio\\\/wp-content\\\/uploads\\\/2015\\\/06\\\/11422722_10202670223835967_807042103_n1.jpg\",\"datePublished\":\"2015-06-19T02:55:15+00:00\",\"author\":{\"@id\":\"https:\\\/\\\/gentedebasquet.com.ar\\\/sitio\\\/#\\\/schema\\\/person\\\/ca0b63bbb977369988a7bbbdc519943a\"},\"breadcrumb\":{\"@id\":\"http:\\\/\\\/gentedebasquet.com.ar\\\/sitio\\\/2015\\\/06\\\/18\\\/como-jasen-por-su-casa\\\/#breadcrumb\"},\"inLanguage\":\"es\",\"potentialAction\":[{\"@type\":\"ReadAction\",\"target\":[\"http:\\\/\\\/gentedebasquet.com.ar\\\/sitio\\\/2015\\\/06\\\/18\\\/como-jasen-por-su-casa\\\/\"]}]},{\"@type\":\"ImageObject\",\"inLanguage\":\"es\",\"@id\":\"http:\\\/\\\/gentedebasquet.com.ar\\\/sitio\\\/2015\\\/06\\\/18\\\/como-jasen-por-su-casa\\\/#primaryimage\",\"url\":\"http:\\\/\\\/gentedebasquet.com.ar\\\/sitio\\\/wp-content\\\/uploads\\\/2015\\\/06\\\/11422722_10202670223835967_807042103_n1.jpg\",\"contentUrl\":\"http:\\\/\\\/gentedebasquet.com.ar\\\/sitio\\\/wp-content\\\/uploads\\\/2015\\\/06\\\/11422722_10202670223835967_807042103_n1.jpg\",\"width\":690,\"height\":319},{\"@type\":\"BreadcrumbList\",\"@id\":\"http:\\\/\\\/gentedebasquet.com.ar\\\/sitio\\\/2015\\\/06\\\/18\\\/como-jasen-por-su-casa\\\/#breadcrumb\",\"itemListElement\":[{\"@type\":\"ListItem\",\"position\":1,\"name\":\"Portada\",\"item\":\"https:\\\/\\\/gentedebasquet.com.ar\\\/sitio\\\/\"},{\"@type\":\"ListItem\",\"position\":2,\"name\":\"Como Jasen por su casa\"}]},{\"@type\":\"WebSite\",\"@id\":\"https:\\\/\\\/gentedebasquet.com.ar\\\/sitio\\\/#website\",\"url\":\"https:\\\/\\\/gentedebasquet.com.ar\\\/sitio\\\/\",\"name\":\"Gente de B\u00e1squet\",\"description\":\"La revista del basquet de Bah\u00eda Blanca\",\"potentialAction\":[{\"@type\":\"SearchAction\",\"target\":{\"@type\":\"EntryPoint\",\"urlTemplate\":\"https:\\\/\\\/gentedebasquet.com.ar\\\/sitio\\\/?s={search_term_string}\"},\"query-input\":{\"@type\":\"PropertyValueSpecification\",\"valueRequired\":true,\"valueName\":\"search_term_string\"}}],\"inLanguage\":\"es\"},{\"@type\":\"Person\",\"@id\":\"https:\\\/\\\/gentedebasquet.com.ar\\\/sitio\\\/#\\\/schema\\\/person\\\/ca0b63bbb977369988a7bbbdc519943a\",\"name\":\"Gente de B\u00e1squet\",\"image\":{\"@type\":\"ImageObject\",\"inLanguage\":\"es\",\"@id\":\"https:\\\/\\\/secure.gravatar.com\\\/avatar\\\/7f2c48bdc33b30088f941fb6082e555f2874c98e20cb159d7b92b50eadfce793?s=96&d=mm&r=g\",\"url\":\"https:\\\/\\\/secure.gravatar.com\\\/avatar\\\/7f2c48bdc33b30088f941fb6082e555f2874c98e20cb159d7b92b50eadfce793?s=96&d=mm&r=g\",\"contentUrl\":\"https:\\\/\\\/secure.gravatar.com\\\/avatar\\\/7f2c48bdc33b30088f941fb6082e555f2874c98e20cb159d7b92b50eadfce793?s=96&d=mm&r=g\",\"caption\":\"Gente de B\u00e1squet\"},\"sameAs\":[\"http:\\\/\\\/gentedebasquet.com.ar\\\/sitio\"],\"url\":\"http:\\\/\\\/gentedebasquet.com.ar\\\/sitio\\\/author\\\/ulises\\\/\"}]}<\/script>\n<!-- \/ Yoast SEO plugin. -->","yoast_head_json":{"title":"Como Jasen por su casa - Gente de B\u00e1squet","robots":{"index":"index","follow":"follow","max-snippet":"max-snippet:-1","max-image-preview":"max-image-preview:large","max-video-preview":"max-video-preview:-1"},"canonical":"http:\/\/gentedebasquet.com.ar\/sitio\/2015\/06\/18\/como-jasen-por-su-casa\/","og_locale":"es_ES","og_type":"article","og_title":"Como Jasen por su casa - Gente de B\u00e1squet","og_description":"Pancho (12 puntos) regres\u00f3 a Alem con triunfo: 98 a 58 sobre Pueyrred\u00f3n","og_url":"http:\/\/gentedebasquet.com.ar\/sitio\/2015\/06\/18\/como-jasen-por-su-casa\/","og_site_name":"Gente de B\u00e1squet","article_published_time":"2015-06-19T02:55:15+00:00","og_image":[{"width":690,"height":319,"url":"http:\/\/gentedebasquet.com.ar\/sitio\/wp-content\/uploads\/2015\/06\/11422722_10202670223835967_807042103_n1.jpg","type":"image\/jpeg"}],"author":"Gente de B\u00e1squet","twitter_card":"summary_large_image","twitter_misc":{"Escrito por":"Gente de B\u00e1squet","Tiempo de lectura":"3 minutos"},"schema":{"@context":"https:\/\/schema.org","@graph":[{"@type":"Article","@id":"http:\/\/gentedebasquet.com.ar\/sitio\/2015\/06\/18\/como-jasen-por-su-casa\/#article","isPartOf":{"@id":"http:\/\/gentedebasquet.com.ar\/sitio\/2015\/06\/18\/como-jasen-por-su-casa\/"},"author":{"name":"Gente de B\u00e1squet","@id":"https:\/\/gentedebasquet.com.ar\/sitio\/#\/schema\/person\/ca0b63bbb977369988a7bbbdc519943a"},"headline":"Como Jasen por su casa","datePublished":"2015-06-19T02:55:15+00:00","mainEntityOfPage":{"@id":"http:\/\/gentedebasquet.com.ar\/sitio\/2015\/06\/18\/como-jasen-por-su-casa\/"},"wordCount":648,"image":{"@id":"http:\/\/gentedebasquet.com.ar\/sitio\/2015\/06\/18\/como-jasen-por-su-casa\/#primaryimage"},"thumbnailUrl":"http:\/\/gentedebasquet.com.ar\/sitio\/wp-content\/uploads\/2015\/06\/11422722_10202670223835967_807042103_n1.jpg","keywords":["Alem","Eddie Roberson","Emanuel Wygladacz","Francisco Filippa","Gast\u00f3n Rivera","Hern\u00e1n Jasen","Juan Pablo Rotta","Mart\u00edn Migue","Pueyrredon","Walter Gigena"],"articleSection":["Primera","Slide"],"inLanguage":"es"},{"@type":"WebPage","@id":"http:\/\/gentedebasquet.com.ar\/sitio\/2015\/06\/18\/como-jasen-por-su-casa\/","url":"http:\/\/gentedebasquet.com.ar\/sitio\/2015\/06\/18\/como-jasen-por-su-casa\/","name":"Como Jasen por su casa - Gente de B\u00e1squet","isPartOf":{"@id":"https:\/\/gentedebasquet.com.ar\/sitio\/#website"},"primaryImageOfPage":{"@id":"http:\/\/gentedebasquet.com.ar\/sitio\/2015\/06\/18\/como-jasen-por-su-casa\/#primaryimage"},"image":{"@id":"http:\/\/gentedebasquet.com.ar\/sitio\/2015\/06\/18\/como-jasen-por-su-casa\/#primaryimage"},"thumbnailUrl":"http:\/\/gentedebasquet.com.ar\/sitio\/wp-content\/uploads\/2015\/06\/11422722_10202670223835967_807042103_n1.jpg","datePublished":"2015-06-19T02:55:15+00:00","author":{"@id":"https:\/\/gentedebasquet.com.ar\/sitio\/#\/schema\/person\/ca0b63bbb977369988a7bbbdc519943a"},"breadcrumb":{"@id":"http:\/\/gentedebasquet.com.ar\/sitio\/2015\/06\/18\/como-jasen-por-su-casa\/#breadcrumb"},"inLanguage":"es","potentialAction":[{"@type":"ReadAction","target":["http:\/\/gentedebasquet.com.ar\/sitio\/2015\/06\/18\/como-jasen-por-su-casa\/"]}]},{"@type":"ImageObject","inLanguage":"es","@id":"http:\/\/gentedebasquet.com.ar\/sitio\/2015\/06\/18\/como-jasen-por-su-casa\/#primaryimage","url":"http:\/\/gentedebasquet.com.ar\/sitio\/wp-content\/uploads\/2015\/06\/11422722_10202670223835967_807042103_n1.jpg","contentUrl":"http:\/\/gentedebasquet.com.ar\/sitio\/wp-content\/uploads\/2015\/06\/11422722_10202670223835967_807042103_n1.jpg","width":690,"height":319},{"@type":"BreadcrumbList","@id":"http:\/\/gentedebasquet.com.ar\/sitio\/2015\/06\/18\/como-jasen-por-su-casa\/#breadcrumb","itemListElement":[{"@type":"ListItem","position":1,"name":"Portada","item":"https:\/\/gentedebasquet.com.ar\/sitio\/"},{"@type":"ListItem","position":2,"name":"Como Jasen por su casa"}]},{"@type":"WebSite","@id":"https:\/\/gentedebasquet.com.ar\/sitio\/#website","url":"https:\/\/gentedebasquet.com.ar\/sitio\/","name":"Gente de B\u00e1squet","description":"La revista del basquet de Bah\u00eda Blanca","potentialAction":[{"@type":"SearchAction","target":{"@type":"EntryPoint","urlTemplate":"https:\/\/gentedebasquet.com.ar\/sitio\/?s={search_term_string}"},"query-input":{"@type":"PropertyValueSpecification","valueRequired":true,"valueName":"search_term_string"}}],"inLanguage":"es"},{"@type":"Person","@id":"https:\/\/gentedebasquet.com.ar\/sitio\/#\/schema\/person\/ca0b63bbb977369988a7bbbdc519943a","name":"Gente de B\u00e1squet","image":{"@type":"ImageObject","inLanguage":"es","@id":"https:\/\/secure.gravatar.com\/avatar\/7f2c48bdc33b30088f941fb6082e555f2874c98e20cb159d7b92b50eadfce793?s=96&d=mm&r=g","url":"https:\/\/secure.gravatar.com\/avatar\/7f2c48bdc33b30088f941fb6082e555f2874c98e20cb159d7b92b50eadfce793?s=96&d=mm&r=g","contentUrl":"https:\/\/secure.gravatar.com\/avatar\/7f2c48bdc33b30088f941fb6082e555f2874c98e20cb159d7b92b50eadfce793?s=96&d=mm&r=g","caption":"Gente de B\u00e1squet"},"sameAs":["http:\/\/gentedebasquet.com.ar\/sitio"],"url":"http:\/\/gentedebasquet.com.ar\/sitio\/author\/ulises\/"}]}},"_links":{"self":[{"href":"http:\/\/gentedebasquet.com.ar\/sitio\/wp-json\/wp\/v2\/posts\/46866","targetHints":{"allow":["GET"]}}],"collection":[{"href":"http:\/\/gentedebasquet.com.ar\/sitio\/wp-json\/wp\/v2\/posts"}],"about":[{"href":"http:\/\/gentedebasquet.com.ar\/sitio\/wp-json\/wp\/v2\/types\/post"}],"author":[{"embeddable":true,"href":"http:\/\/gentedebasquet.com.ar\/sitio\/wp-json\/wp\/v2\/users\/1"}],"replies":[{"embeddable":true,"href":"http:\/\/gentedebasquet.com.ar\/sitio\/wp-json\/wp\/v2\/comments?post=46866"}],"version-history":[{"count":0,"href":"http:\/\/gentedebasquet.com.ar\/sitio\/wp-json\/wp\/v2\/posts\/46866\/revisions"}],"wp:featuredmedia":[{"embeddable":true,"href":"http:\/\/gentedebasquet.com.ar\/sitio\/wp-json\/wp\/v2\/media\/46869"}],"wp:attachment":[{"href":"http:\/\/gentedebasquet.com.ar\/sitio\/wp-json\/wp\/v2\/media?parent=46866"}],"wp:term":[{"taxonomy":"category","embeddable":true,"href":"http:\/\/gentedebasquet.com.ar\/sitio\/wp-json\/wp\/v2\/categories?post=46866"},{"taxonomy":"post_tag","embeddable":true,"href":"http:\/\/gentedebasquet.com.ar\/sitio\/wp-json\/wp\/v2\/tags?post=46866"}],"curies":[{"name":"wp","href":"https:\/\/api.w.org\/{rel}","templated":true}]}}