{"id":47050,"date":"2015-06-21T19:28:15","date_gmt":"2015-06-21T22:28:15","guid":{"rendered":"http:\/\/www.gentedebasquet.com.ar\/?p=47050"},"modified":"2015-06-21T19:28:15","modified_gmt":"2015-06-21T22:28:15","slug":"derrota-ante-espana-de-la-u19","status":"publish","type":"post","link":"http:\/\/gentedebasquet.com.ar\/sitio\/2015\/06\/21\/derrota-ante-espana-de-la-u19\/","title":{"rendered":"Derrota ante Espa\u00f1a de la U19"},"content":{"rendered":"<p><strong>Argentina fue m\u00e1s en el primer tiempo, pero no pudo mantener el ritmo en la segunda mitad y cay\u00f3 69-59 ante Espa\u00f1a, en la final del Torneo Internacional Getxo. Iv\u00e1n Gramajo se destac\u00f3 nuevamente con 15 puntos y 5 rebotes. Este lunes, Argentina viaja hacia Grecia,\u00a0donde se disputar\u00e1 el Mundial U19 entre el 27 de junio y el 5 de julio. Previo al debut (s\u00e1bado 27 a las 7:15 horas ante Turqu\u00eda), Argentina tiene un amistoso m\u00e1s programado. Ser\u00e1 este mi\u00e9rcoles 24 ante Estados Unidos.<\/strong><\/p>\n<p>Luego de jugar partidos de preparaci\u00f3n en Italia y Serbia, la Selecci\u00f3n Nacional U19 cerr\u00f3 su gira preparatoria con un segundo puesto en el Torneo Internacional de Getxo en Espa\u00f1a. Tras vencer en la primera jornada por 84-69 al combinado de Euskadi, Argentina no pudo con Espa\u00f1a en la final y perdi\u00f3 69-59.<\/p>\n<p>Iv\u00e1n Gramajo volvi\u00f3 a sobresalir en el equipo argentino con 15 puntos y 5 rebotes. Tambi\u00e9n anotaron en doble d\u00edgito Rodrigo Gerhardt (12 puntos y 5 rebotes) y Jos\u00e9 Vildoza (10 puntos), mientras que M\u00e1ximo Fjellerup hizo un completo aporte de 9 puntos, 5 rebotes y 5 asistencias. En el vencedor, el m\u00e1s destacado fue Xavier L\u00f3pez Arostegui con 14 unidades.<\/p>\n<p>El primer tiempo fue muy parejo, con Argentina llevando la iniciativa y el control del marcador a lo largo de los 20 minutos iniciales. El tanteador fue bajo y ambos equipos estuvieron muy ineficaces en lanzamientos desde la l\u00ednea de triples. Los dirigidos por Sebasti\u00e1n Gin\u00f3bili fueron intensos en su defensa y mantuvieron a raya al equipo espa\u00f1ol, que qued\u00f3 limitado a apenas un 25% de efectividad en tiros de campo en el primer tiempo.<\/p>\n<p>Pese a que los espa\u00f1oles estuvieron fuertes en la lucha por los rebotes (11 ofensivos en la primera mitad), Argentina movi\u00f3 mejor el bal\u00f3n y encontr\u00f3 oportunidades para anotar con mayor efectividad. El equipo local no aprovech\u00f3 sus chances y apenas consigui\u00f3 9 de los 16 tiros libres que le otorg\u00f3 la agresiva defensa albiceleste. De todas maneras, al llegar al descanso largo, la ventaja de los argentinos era de tan solo un simple (27-26).<\/p>\n<p>El quiebre del partido se produjo en el cierre del tercer periodo. Espa\u00f1a asest\u00f3 un parcial de 9-0 y tom\u00f3 una ventaja de seis puntos (46-40). Argentina luch\u00f3 y se mantuvo a tiro (52-51 Espa\u00f1a a cinco minutos del final), pero ya no pudo torcer la historia a su favor, los espa\u00f1oles fueron m\u00e1s en el cierre y pudieron estirar la ventaja hasta el 69-59.<\/p>\n<p><a href=\"http:\/\/www.gentedebasquet.com.ar\/wp-content\/uploads\/2015\/06\/10660282_544801775668497_2728204532793832933_n.jpg\"><img decoding=\"async\" class=\"aligncenter size-full wp-image-47052\" alt=\"Argentina - Espa\u00f1a U19\" src=\"http:\/\/www.gentedebasquet.com.ar\/wp-content\/uploads\/2015\/06\/10660282_544801775668497_2728204532793832933_n.jpg\" width=\"540\" height=\"720\" srcset=\"http:\/\/gentedebasquet.com.ar\/sitio\/wp-content\/uploads\/2015\/06\/10660282_544801775668497_2728204532793832933_n.jpg 540w, http:\/\/gentedebasquet.com.ar\/sitio\/wp-content\/uploads\/2015\/06\/10660282_544801775668497_2728204532793832933_n-225x300.jpg 225w\" sizes=\"(max-width: 540px) 100vw, 540px\" \/><\/a><\/p>\n<p>Ahora, el equipo de Gin\u00f3bili viajar\u00e1 este lunes 22 de junio hacia Heraklion (Creta), Grecia, donde se disputar\u00e1 el Mundial U19 entre el 27 de junio y el 5 de julio. Previo al debut (s\u00e1bado 27 a las 7:15 horas ante Turqu\u00eda), Argentina tiene un amistoso m\u00e1s programado. Ser\u00e1 este mi\u00e9rcoles 24 ante Estados Unidos.<\/p>\n<p><strong>Fuente:<\/strong> Diego Garc\u00eda (Prensa CABB).<\/p>\n","protected":false},"excerpt":{"rendered":"<p>Argentina cerr\u00f3 el Torneo Internacional de Getxo cayendo ante Espa\u00f1a por 69 a 59<\/p>\n","protected":false},"author":1,"featured_media":47054,"comment_status":"closed","ping_status":"open","sticky":false,"template":"","format":"standard","meta":{"jnews-multi-image_gallery":[],"jnews_single_post":[],"jnews_primary_category":[],"footnotes":""},"categories":[61],"tags":[172,418,365,737,457,383,200,180,738,174,183],"class_list":["post-47050","post","type-post","status-publish","format-standard","has-post-thumbnail","hentry","category-selecciones-nacionales","tag-andres-barbero","tag-argentina-u19","tag-espana","tag-getxo","tag-grecia-2015","tag-juan-pablo-vaulet","tag-martin-fernandez","tag-maximo-fjellerup","tag-mundial-u19","tag-rodrigo-gerhardt","tag-sebastian-ginobili"],"yoast_head":"<!-- This site is optimized with the Yoast SEO plugin v27.5 - https:\/\/yoast.com\/product\/yoast-seo-wordpress\/ -->\n<title>Derrota ante Espa\u00f1a de la U19 - Gente de B\u00e1squet<\/title>\n<meta name=\"robots\" content=\"index, follow, max-snippet:-1, max-image-preview:large, max-video-preview:-1\" \/>\n<link rel=\"canonical\" href=\"http:\/\/gentedebasquet.com.ar\/sitio\/2015\/06\/21\/derrota-ante-espana-de-la-u19\/\" \/>\n<meta property=\"og:locale\" content=\"es_ES\" \/>\n<meta property=\"og:type\" content=\"article\" \/>\n<meta property=\"og:title\" content=\"Derrota ante Espa\u00f1a de la U19 - Gente de B\u00e1squet\" \/>\n<meta property=\"og:description\" content=\"Argentina cerr\u00f3 el Torneo Internacional de Getxo cayendo ante Espa\u00f1a por 69 a 59\" \/>\n<meta property=\"og:url\" content=\"http:\/\/gentedebasquet.com.ar\/sitio\/2015\/06\/21\/derrota-ante-espana-de-la-u19\/\" \/>\n<meta property=\"og:site_name\" content=\"Gente de B\u00e1squet\" \/>\n<meta property=\"article:published_time\" content=\"2015-06-21T22:28:15+00:00\" \/>\n<meta property=\"og:image\" content=\"http:\/\/gentedebasquet.com.ar\/sitio\/wp-content\/uploads\/2015\/06\/Espana-Argentina-U19.jpg\" \/>\n\t<meta property=\"og:image:width\" content=\"300\" \/>\n\t<meta property=\"og:image:height\" content=\"211\" \/>\n\t<meta property=\"og:image:type\" content=\"image\/jpeg\" \/>\n<meta name=\"author\" content=\"Gente de B\u00e1squet\" \/>\n<meta name=\"twitter:card\" content=\"summary_large_image\" \/>\n<meta name=\"twitter:label1\" content=\"Escrito por\" \/>\n\t<meta name=\"twitter:data1\" content=\"Gente de B\u00e1squet\" \/>\n\t<meta name=\"twitter:label2\" content=\"Tiempo de lectura\" \/>\n\t<meta name=\"twitter:data2\" content=\"2 minutos\" \/>\n<script type=\"application\/ld+json\" class=\"yoast-schema-graph\">{\"@context\":\"https:\\\/\\\/schema.org\",\"@graph\":[{\"@type\":\"Article\",\"@id\":\"http:\\\/\\\/gentedebasquet.com.ar\\\/sitio\\\/2015\\\/06\\\/21\\\/derrota-ante-espana-de-la-u19\\\/#article\",\"isPartOf\":{\"@id\":\"http:\\\/\\\/gentedebasquet.com.ar\\\/sitio\\\/2015\\\/06\\\/21\\\/derrota-ante-espana-de-la-u19\\\/\"},\"author\":{\"name\":\"Gente de B\u00e1squet\",\"@id\":\"https:\\\/\\\/gentedebasquet.com.ar\\\/sitio\\\/#\\\/schema\\\/person\\\/ca0b63bbb977369988a7bbbdc519943a\"},\"headline\":\"Derrota ante Espa\u00f1a de la U19\",\"datePublished\":\"2015-06-21T22:28:15+00:00\",\"mainEntityOfPage\":{\"@id\":\"http:\\\/\\\/gentedebasquet.com.ar\\\/sitio\\\/2015\\\/06\\\/21\\\/derrota-ante-espana-de-la-u19\\\/\"},\"wordCount\":488,\"image\":{\"@id\":\"http:\\\/\\\/gentedebasquet.com.ar\\\/sitio\\\/2015\\\/06\\\/21\\\/derrota-ante-espana-de-la-u19\\\/#primaryimage\"},\"thumbnailUrl\":\"http:\\\/\\\/gentedebasquet.com.ar\\\/sitio\\\/wp-content\\\/uploads\\\/2015\\\/06\\\/Espana-Argentina-U19.jpg\",\"keywords\":[\"Andr\u00e9s Barbero\",\"Argentina U19\",\"Espa\u00f1a\",\"Getxo\",\"Grecia 2015\",\"Juan Pablo Vaulet\",\"Mart\u00edn Fern\u00e1ndez\",\"M\u00e1ximo Fjellerup\",\"Mundial U19\",\"Rodrigo Gerhardt\",\"Sebasti\u00e1n Gin\u00f3bili\"],\"articleSection\":[\"Selecciones Nacionales\"],\"inLanguage\":\"es\"},{\"@type\":\"WebPage\",\"@id\":\"http:\\\/\\\/gentedebasquet.com.ar\\\/sitio\\\/2015\\\/06\\\/21\\\/derrota-ante-espana-de-la-u19\\\/\",\"url\":\"http:\\\/\\\/gentedebasquet.com.ar\\\/sitio\\\/2015\\\/06\\\/21\\\/derrota-ante-espana-de-la-u19\\\/\",\"name\":\"Derrota ante Espa\u00f1a de la U19 - Gente de B\u00e1squet\",\"isPartOf\":{\"@id\":\"https:\\\/\\\/gentedebasquet.com.ar\\\/sitio\\\/#website\"},\"primaryImageOfPage\":{\"@id\":\"http:\\\/\\\/gentedebasquet.com.ar\\\/sitio\\\/2015\\\/06\\\/21\\\/derrota-ante-espana-de-la-u19\\\/#primaryimage\"},\"image\":{\"@id\":\"http:\\\/\\\/gentedebasquet.com.ar\\\/sitio\\\/2015\\\/06\\\/21\\\/derrota-ante-espana-de-la-u19\\\/#primaryimage\"},\"thumbnailUrl\":\"http:\\\/\\\/gentedebasquet.com.ar\\\/sitio\\\/wp-content\\\/uploads\\\/2015\\\/06\\\/Espana-Argentina-U19.jpg\",\"datePublished\":\"2015-06-21T22:28:15+00:00\",\"author\":{\"@id\":\"https:\\\/\\\/gentedebasquet.com.ar\\\/sitio\\\/#\\\/schema\\\/person\\\/ca0b63bbb977369988a7bbbdc519943a\"},\"breadcrumb\":{\"@id\":\"http:\\\/\\\/gentedebasquet.com.ar\\\/sitio\\\/2015\\\/06\\\/21\\\/derrota-ante-espana-de-la-u19\\\/#breadcrumb\"},\"inLanguage\":\"es\",\"potentialAction\":[{\"@type\":\"ReadAction\",\"target\":[\"http:\\\/\\\/gentedebasquet.com.ar\\\/sitio\\\/2015\\\/06\\\/21\\\/derrota-ante-espana-de-la-u19\\\/\"]}]},{\"@type\":\"ImageObject\",\"inLanguage\":\"es\",\"@id\":\"http:\\\/\\\/gentedebasquet.com.ar\\\/sitio\\\/2015\\\/06\\\/21\\\/derrota-ante-espana-de-la-u19\\\/#primaryimage\",\"url\":\"http:\\\/\\\/gentedebasquet.com.ar\\\/sitio\\\/wp-content\\\/uploads\\\/2015\\\/06\\\/Espana-Argentina-U19.jpg\",\"contentUrl\":\"http:\\\/\\\/gentedebasquet.com.ar\\\/sitio\\\/wp-content\\\/uploads\\\/2015\\\/06\\\/Espana-Argentina-U19.jpg\",\"width\":300,\"height\":211},{\"@type\":\"BreadcrumbList\",\"@id\":\"http:\\\/\\\/gentedebasquet.com.ar\\\/sitio\\\/2015\\\/06\\\/21\\\/derrota-ante-espana-de-la-u19\\\/#breadcrumb\",\"itemListElement\":[{\"@type\":\"ListItem\",\"position\":1,\"name\":\"Portada\",\"item\":\"https:\\\/\\\/gentedebasquet.com.ar\\\/sitio\\\/\"},{\"@type\":\"ListItem\",\"position\":2,\"name\":\"Derrota ante Espa\u00f1a de la U19\"}]},{\"@type\":\"WebSite\",\"@id\":\"https:\\\/\\\/gentedebasquet.com.ar\\\/sitio\\\/#website\",\"url\":\"https:\\\/\\\/gentedebasquet.com.ar\\\/sitio\\\/\",\"name\":\"Gente de B\u00e1squet\",\"description\":\"La revista del basquet de Bah\u00eda Blanca\",\"potentialAction\":[{\"@type\":\"SearchAction\",\"target\":{\"@type\":\"EntryPoint\",\"urlTemplate\":\"https:\\\/\\\/gentedebasquet.com.ar\\\/sitio\\\/?s={search_term_string}\"},\"query-input\":{\"@type\":\"PropertyValueSpecification\",\"valueRequired\":true,\"valueName\":\"search_term_string\"}}],\"inLanguage\":\"es\"},{\"@type\":\"Person\",\"@id\":\"https:\\\/\\\/gentedebasquet.com.ar\\\/sitio\\\/#\\\/schema\\\/person\\\/ca0b63bbb977369988a7bbbdc519943a\",\"name\":\"Gente de B\u00e1squet\",\"image\":{\"@type\":\"ImageObject\",\"inLanguage\":\"es\",\"@id\":\"https:\\\/\\\/secure.gravatar.com\\\/avatar\\\/7f2c48bdc33b30088f941fb6082e555f2874c98e20cb159d7b92b50eadfce793?s=96&d=mm&r=g\",\"url\":\"https:\\\/\\\/secure.gravatar.com\\\/avatar\\\/7f2c48bdc33b30088f941fb6082e555f2874c98e20cb159d7b92b50eadfce793?s=96&d=mm&r=g\",\"contentUrl\":\"https:\\\/\\\/secure.gravatar.com\\\/avatar\\\/7f2c48bdc33b30088f941fb6082e555f2874c98e20cb159d7b92b50eadfce793?s=96&d=mm&r=g\",\"caption\":\"Gente de B\u00e1squet\"},\"sameAs\":[\"http:\\\/\\\/gentedebasquet.com.ar\\\/sitio\"],\"url\":\"http:\\\/\\\/gentedebasquet.com.ar\\\/sitio\\\/author\\\/ulises\\\/\"}]}<\/script>\n<!-- \/ Yoast SEO plugin. -->","yoast_head_json":{"title":"Derrota ante Espa\u00f1a de la U19 - Gente de B\u00e1squet","robots":{"index":"index","follow":"follow","max-snippet":"max-snippet:-1","max-image-preview":"max-image-preview:large","max-video-preview":"max-video-preview:-1"},"canonical":"http:\/\/gentedebasquet.com.ar\/sitio\/2015\/06\/21\/derrota-ante-espana-de-la-u19\/","og_locale":"es_ES","og_type":"article","og_title":"Derrota ante Espa\u00f1a de la U19 - Gente de B\u00e1squet","og_description":"Argentina cerr\u00f3 el Torneo Internacional de Getxo cayendo ante Espa\u00f1a por 69 a 59","og_url":"http:\/\/gentedebasquet.com.ar\/sitio\/2015\/06\/21\/derrota-ante-espana-de-la-u19\/","og_site_name":"Gente de B\u00e1squet","article_published_time":"2015-06-21T22:28:15+00:00","og_image":[{"width":300,"height":211,"url":"http:\/\/gentedebasquet.com.ar\/sitio\/wp-content\/uploads\/2015\/06\/Espana-Argentina-U19.jpg","type":"image\/jpeg"}],"author":"Gente de B\u00e1squet","twitter_card":"summary_large_image","twitter_misc":{"Escrito por":"Gente de B\u00e1squet","Tiempo de lectura":"2 minutos"},"schema":{"@context":"https:\/\/schema.org","@graph":[{"@type":"Article","@id":"http:\/\/gentedebasquet.com.ar\/sitio\/2015\/06\/21\/derrota-ante-espana-de-la-u19\/#article","isPartOf":{"@id":"http:\/\/gentedebasquet.com.ar\/sitio\/2015\/06\/21\/derrota-ante-espana-de-la-u19\/"},"author":{"name":"Gente de B\u00e1squet","@id":"https:\/\/gentedebasquet.com.ar\/sitio\/#\/schema\/person\/ca0b63bbb977369988a7bbbdc519943a"},"headline":"Derrota ante Espa\u00f1a de la U19","datePublished":"2015-06-21T22:28:15+00:00","mainEntityOfPage":{"@id":"http:\/\/gentedebasquet.com.ar\/sitio\/2015\/06\/21\/derrota-ante-espana-de-la-u19\/"},"wordCount":488,"image":{"@id":"http:\/\/gentedebasquet.com.ar\/sitio\/2015\/06\/21\/derrota-ante-espana-de-la-u19\/#primaryimage"},"thumbnailUrl":"http:\/\/gentedebasquet.com.ar\/sitio\/wp-content\/uploads\/2015\/06\/Espana-Argentina-U19.jpg","keywords":["Andr\u00e9s Barbero","Argentina U19","Espa\u00f1a","Getxo","Grecia 2015","Juan Pablo Vaulet","Mart\u00edn Fern\u00e1ndez","M\u00e1ximo Fjellerup","Mundial U19","Rodrigo Gerhardt","Sebasti\u00e1n Gin\u00f3bili"],"articleSection":["Selecciones Nacionales"],"inLanguage":"es"},{"@type":"WebPage","@id":"http:\/\/gentedebasquet.com.ar\/sitio\/2015\/06\/21\/derrota-ante-espana-de-la-u19\/","url":"http:\/\/gentedebasquet.com.ar\/sitio\/2015\/06\/21\/derrota-ante-espana-de-la-u19\/","name":"Derrota ante Espa\u00f1a de la U19 - Gente de B\u00e1squet","isPartOf":{"@id":"https:\/\/gentedebasquet.com.ar\/sitio\/#website"},"primaryImageOfPage":{"@id":"http:\/\/gentedebasquet.com.ar\/sitio\/2015\/06\/21\/derrota-ante-espana-de-la-u19\/#primaryimage"},"image":{"@id":"http:\/\/gentedebasquet.com.ar\/sitio\/2015\/06\/21\/derrota-ante-espana-de-la-u19\/#primaryimage"},"thumbnailUrl":"http:\/\/gentedebasquet.com.ar\/sitio\/wp-content\/uploads\/2015\/06\/Espana-Argentina-U19.jpg","datePublished":"2015-06-21T22:28:15+00:00","author":{"@id":"https:\/\/gentedebasquet.com.ar\/sitio\/#\/schema\/person\/ca0b63bbb977369988a7bbbdc519943a"},"breadcrumb":{"@id":"http:\/\/gentedebasquet.com.ar\/sitio\/2015\/06\/21\/derrota-ante-espana-de-la-u19\/#breadcrumb"},"inLanguage":"es","potentialAction":[{"@type":"ReadAction","target":["http:\/\/gentedebasquet.com.ar\/sitio\/2015\/06\/21\/derrota-ante-espana-de-la-u19\/"]}]},{"@type":"ImageObject","inLanguage":"es","@id":"http:\/\/gentedebasquet.com.ar\/sitio\/2015\/06\/21\/derrota-ante-espana-de-la-u19\/#primaryimage","url":"http:\/\/gentedebasquet.com.ar\/sitio\/wp-content\/uploads\/2015\/06\/Espana-Argentina-U19.jpg","contentUrl":"http:\/\/gentedebasquet.com.ar\/sitio\/wp-content\/uploads\/2015\/06\/Espana-Argentina-U19.jpg","width":300,"height":211},{"@type":"BreadcrumbList","@id":"http:\/\/gentedebasquet.com.ar\/sitio\/2015\/06\/21\/derrota-ante-espana-de-la-u19\/#breadcrumb","itemListElement":[{"@type":"ListItem","position":1,"name":"Portada","item":"https:\/\/gentedebasquet.com.ar\/sitio\/"},{"@type":"ListItem","position":2,"name":"Derrota ante Espa\u00f1a de la U19"}]},{"@type":"WebSite","@id":"https:\/\/gentedebasquet.com.ar\/sitio\/#website","url":"https:\/\/gentedebasquet.com.ar\/sitio\/","name":"Gente de B\u00e1squet","description":"La revista del basquet de Bah\u00eda Blanca","potentialAction":[{"@type":"SearchAction","target":{"@type":"EntryPoint","urlTemplate":"https:\/\/gentedebasquet.com.ar\/sitio\/?s={search_term_string}"},"query-input":{"@type":"PropertyValueSpecification","valueRequired":true,"valueName":"search_term_string"}}],"inLanguage":"es"},{"@type":"Person","@id":"https:\/\/gentedebasquet.com.ar\/sitio\/#\/schema\/person\/ca0b63bbb977369988a7bbbdc519943a","name":"Gente de B\u00e1squet","image":{"@type":"ImageObject","inLanguage":"es","@id":"https:\/\/secure.gravatar.com\/avatar\/7f2c48bdc33b30088f941fb6082e555f2874c98e20cb159d7b92b50eadfce793?s=96&d=mm&r=g","url":"https:\/\/secure.gravatar.com\/avatar\/7f2c48bdc33b30088f941fb6082e555f2874c98e20cb159d7b92b50eadfce793?s=96&d=mm&r=g","contentUrl":"https:\/\/secure.gravatar.com\/avatar\/7f2c48bdc33b30088f941fb6082e555f2874c98e20cb159d7b92b50eadfce793?s=96&d=mm&r=g","caption":"Gente de B\u00e1squet"},"sameAs":["http:\/\/gentedebasquet.com.ar\/sitio"],"url":"http:\/\/gentedebasquet.com.ar\/sitio\/author\/ulises\/"}]}},"_links":{"self":[{"href":"http:\/\/gentedebasquet.com.ar\/sitio\/wp-json\/wp\/v2\/posts\/47050","targetHints":{"allow":["GET"]}}],"collection":[{"href":"http:\/\/gentedebasquet.com.ar\/sitio\/wp-json\/wp\/v2\/posts"}],"about":[{"href":"http:\/\/gentedebasquet.com.ar\/sitio\/wp-json\/wp\/v2\/types\/post"}],"author":[{"embeddable":true,"href":"http:\/\/gentedebasquet.com.ar\/sitio\/wp-json\/wp\/v2\/users\/1"}],"replies":[{"embeddable":true,"href":"http:\/\/gentedebasquet.com.ar\/sitio\/wp-json\/wp\/v2\/comments?post=47050"}],"version-history":[{"count":0,"href":"http:\/\/gentedebasquet.com.ar\/sitio\/wp-json\/wp\/v2\/posts\/47050\/revisions"}],"wp:featuredmedia":[{"embeddable":true,"href":"http:\/\/gentedebasquet.com.ar\/sitio\/wp-json\/wp\/v2\/media\/47054"}],"wp:attachment":[{"href":"http:\/\/gentedebasquet.com.ar\/sitio\/wp-json\/wp\/v2\/media?parent=47050"}],"wp:term":[{"taxonomy":"category","embeddable":true,"href":"http:\/\/gentedebasquet.com.ar\/sitio\/wp-json\/wp\/v2\/categories?post=47050"},{"taxonomy":"post_tag","embeddable":true,"href":"http:\/\/gentedebasquet.com.ar\/sitio\/wp-json\/wp\/v2\/tags?post=47050"}],"curies":[{"name":"wp","href":"https:\/\/api.w.org\/{rel}","templated":true}]}}