{"id":47328,"date":"2015-06-26T01:39:48","date_gmt":"2015-06-26T04:39:48","guid":{"rendered":"http:\/\/www.gentedebasquet.com.ar\/?p=47328"},"modified":"2015-06-26T01:39:48","modified_gmt":"2015-06-26T04:39:48","slug":"sonaba-con-ser-elegido","status":"publish","type":"post","link":"http:\/\/gentedebasquet.com.ar\/sitio\/2015\/06\/26\/sonaba-con-ser-elegido\/","title":{"rendered":"\u201cSo\u00f1aba con ser elegido\u201d"},"content":{"rendered":"<p><strong>Una explosi\u00f3n de alegr\u00eda se escuch\u00f3 en la c\u00e1lida noche griega, cuando Charlotte Hornets eligi\u00f3 en el puesto 39 del Draft NBA a Juan Pablo Vaulet.\u00a0El cordob\u00e9s, de 19 a\u00f1os, se convirti\u00f3 en el argentino m\u00e1s joven en ser drafteado por un equipo de NBA. Aun as\u00ed, Brooklyn Nets ofreci\u00f3 otra oferta que Charlotte no rechaz\u00f3. Cedi\u00f3 dos elecciones de segunda ronda en el Draft, a cambio del alero de Bah\u00eda Basket, que ya tiene un lugar en la Liga de mayor nivel mundial.<\/strong><\/p>\n<p>\u201cSo\u00f1aba con ser elegido, pero no me lo esperaba. La realidad es que me tom\u00f3 de sorpresa. Estoy muy feliz, me toc\u00f3 pasar por etapas muy dif\u00edciles en mi carrera, esto es una alegr\u00eda indescriptible,\u201d cuenta Juan Pablo Vaulet con sus ojos brillosos.<\/p>\n<p><b>\u00bfC\u00f3mo viviste el draft?<\/b><\/p>\n<p>-Hace varios d\u00edas que estaba esperando este momento. Pas\u00e9 horas de mucho nerviosismo y sin poder dormir. Estoy lejos de mi familia y me hubiese gustado pasar este momento con ellos.<br \/>\nAhora ya estoy mucho m\u00e1s tranquilo, disfrutando este momento. Tengo que seguir trabajando, quedan pocos d\u00edas para que comience el Mundial y tengo que enfocarme en eso.<br \/>\n<b><\/b><\/p>\n<p><b>\u00bfCu\u00e1l fue tu reacci\u00f3n en el momento de ser elegido?<br \/>\n<\/b><\/p>\n<p>-Lo estuve siguiendo en vivo con Jos\u00e9, mi compa\u00f1ero de habitaci\u00f3n. Cuando me eligieron saltamos de la cama y nos dimos un fuerte abrazo. Luego llegaron los dem\u00e1s chicos y festejamos. No lo pod\u00edamos creer.<br \/>\nEscuchar que mi nombre era elegido fue algo emotivo.<br \/>\nFue una sensaci\u00f3n inexplicable, pasaron muchas im\u00e1genes por mi cabeza en un segundo. Creo que el trabajo y el sacrificio que hice valieron la pena.<br \/>\n<b><\/b><\/p>\n<p><b>Imagino que esto ser\u00e1 una motivaci\u00f3n muy grande para el Mundial.<br \/>\n<\/b><\/p>\n<p>-S\u00ed, seguramente va a ser una motivaci\u00f3n. El mundial es algo para lo que me vengo preparando desde hace tiempo y sumarle esta noticia es una motivaci\u00f3n incomparable.<br \/>\n<b><\/b><\/p>\n<p><b>\u00bfQu\u00e9 aspectos de juego ten\u00e9s que mejorar?<br \/>\n<\/b><\/p>\n<p>-Los aspectos m\u00e1s importantes que necesito mejorar son mi f\u00edsico y el tiro. Voy a trabajar mucho en eso dos aspectos porque son fundamentales.<br \/>\nTengo que tener paciencia. S\u00e9 que entrenando muy duro con el tiempo los resultados llegar\u00e1n.<br \/>\n<b><\/b><\/p>\n<p><b>\u00bfC\u00f3mo imaginas la NBA?<br \/>\n<\/b><\/p>\n<p>-Es algo inimaginable todav\u00eda. Es otro mundo, otro estilo de juego, otros estadios. Es la mejor liga del\u00a0 mundo, espero estar a la altura de las circunstancias.<\/p>\n<p><strong>Fuente:<\/strong> Prensa Bah\u00eda Basket.<\/p>\n<p><strong>Foto:<\/strong> Prensa Bah\u00eda Basket.<\/p>\n","protected":false},"excerpt":{"rendered":"<p>Vaulet fue drafteado por Charlotte y luego intercambiado a los Nets de la NBA<\/p>\n","protected":false},"author":1,"featured_media":47356,"comment_status":"closed","ping_status":"open","sticky":false,"template":"","format":"standard","meta":{"jnews-multi-image_gallery":[],"jnews_single_post":[],"jnews_primary_category":[],"footnotes":""},"categories":[24,57,101],"tags":[58,744,745,701,383,78,412],"class_list":["post-47328","post","type-post","status-publish","format-standard","has-post-thumbnail","hentry","category-overtime","category-bahia-basket","category-slide","tag-bahiabasket","tag-brooklyn-nets","tag-charlotte-hornets","tag-hindu-club","tag-juan-pablo-vaulet","tag-lnb","tag-pepe-sanchez"],"yoast_head":"<!-- This site is optimized with the Yoast SEO plugin v27.5 - https:\/\/yoast.com\/product\/yoast-seo-wordpress\/ -->\n<title>\u201cSo\u00f1aba con ser elegido\u201d - Gente de B\u00e1squet<\/title>\n<meta name=\"robots\" content=\"index, follow, max-snippet:-1, max-image-preview:large, max-video-preview:-1\" \/>\n<link rel=\"canonical\" href=\"http:\/\/gentedebasquet.com.ar\/sitio\/2015\/06\/26\/sonaba-con-ser-elegido\/\" \/>\n<meta property=\"og:locale\" content=\"es_ES\" \/>\n<meta property=\"og:type\" content=\"article\" \/>\n<meta property=\"og:title\" content=\"\u201cSo\u00f1aba con ser elegido\u201d - Gente de B\u00e1squet\" \/>\n<meta property=\"og:description\" content=\"Vaulet fue drafteado por Charlotte y luego intercambiado a los Nets de la NBA\" \/>\n<meta property=\"og:url\" content=\"http:\/\/gentedebasquet.com.ar\/sitio\/2015\/06\/26\/sonaba-con-ser-elegido\/\" \/>\n<meta property=\"og:site_name\" content=\"Gente de B\u00e1squet\" \/>\n<meta property=\"article:published_time\" content=\"2015-06-26T04:39:48+00:00\" \/>\n<meta property=\"og:image\" content=\"http:\/\/gentedebasquet.com.ar\/sitio\/wp-content\/uploads\/2015\/06\/2015draft_welcome_ts_v1_0.jpg\" \/>\n\t<meta property=\"og:image:width\" content=\"690\" \/>\n\t<meta property=\"og:image:height\" content=\"319\" \/>\n\t<meta property=\"og:image:type\" content=\"image\/jpeg\" \/>\n<meta name=\"author\" content=\"Gente de B\u00e1squet\" \/>\n<meta name=\"twitter:card\" content=\"summary_large_image\" \/>\n<meta name=\"twitter:label1\" content=\"Escrito por\" \/>\n\t<meta name=\"twitter:data1\" content=\"Gente de B\u00e1squet\" \/>\n\t<meta name=\"twitter:label2\" content=\"Tiempo de lectura\" \/>\n\t<meta name=\"twitter:data2\" content=\"2 minutos\" \/>\n<script type=\"application\/ld+json\" class=\"yoast-schema-graph\">{\"@context\":\"https:\\\/\\\/schema.org\",\"@graph\":[{\"@type\":\"Article\",\"@id\":\"http:\\\/\\\/gentedebasquet.com.ar\\\/sitio\\\/2015\\\/06\\\/26\\\/sonaba-con-ser-elegido\\\/#article\",\"isPartOf\":{\"@id\":\"http:\\\/\\\/gentedebasquet.com.ar\\\/sitio\\\/2015\\\/06\\\/26\\\/sonaba-con-ser-elegido\\\/\"},\"author\":{\"name\":\"Gente de B\u00e1squet\",\"@id\":\"https:\\\/\\\/gentedebasquet.com.ar\\\/sitio\\\/#\\\/schema\\\/person\\\/ca0b63bbb977369988a7bbbdc519943a\"},\"headline\":\"\u201cSo\u00f1aba con ser elegido\u201d\",\"datePublished\":\"2015-06-26T04:39:48+00:00\",\"mainEntityOfPage\":{\"@id\":\"http:\\\/\\\/gentedebasquet.com.ar\\\/sitio\\\/2015\\\/06\\\/26\\\/sonaba-con-ser-elegido\\\/\"},\"wordCount\":429,\"image\":{\"@id\":\"http:\\\/\\\/gentedebasquet.com.ar\\\/sitio\\\/2015\\\/06\\\/26\\\/sonaba-con-ser-elegido\\\/#primaryimage\"},\"thumbnailUrl\":\"http:\\\/\\\/gentedebasquet.com.ar\\\/sitio\\\/wp-content\\\/uploads\\\/2015\\\/06\\\/2015draft_welcome_ts_v1_0.jpg\",\"keywords\":[\"Bah\u00eda Basket\",\"brooklyn nets\",\"Charlotte Hornets\",\"Hind\u00fa Club\",\"Juan Pablo Vaulet\",\"LNB\",\"Pepe S\u00e1nchez\"],\"articleSection\":[\"#Overtime\",\"Bah\u00eda Basket\",\"Slide\"],\"inLanguage\":\"es\"},{\"@type\":\"WebPage\",\"@id\":\"http:\\\/\\\/gentedebasquet.com.ar\\\/sitio\\\/2015\\\/06\\\/26\\\/sonaba-con-ser-elegido\\\/\",\"url\":\"http:\\\/\\\/gentedebasquet.com.ar\\\/sitio\\\/2015\\\/06\\\/26\\\/sonaba-con-ser-elegido\\\/\",\"name\":\"\u201cSo\u00f1aba con ser elegido\u201d - Gente de B\u00e1squet\",\"isPartOf\":{\"@id\":\"https:\\\/\\\/gentedebasquet.com.ar\\\/sitio\\\/#website\"},\"primaryImageOfPage\":{\"@id\":\"http:\\\/\\\/gentedebasquet.com.ar\\\/sitio\\\/2015\\\/06\\\/26\\\/sonaba-con-ser-elegido\\\/#primaryimage\"},\"image\":{\"@id\":\"http:\\\/\\\/gentedebasquet.com.ar\\\/sitio\\\/2015\\\/06\\\/26\\\/sonaba-con-ser-elegido\\\/#primaryimage\"},\"thumbnailUrl\":\"http:\\\/\\\/gentedebasquet.com.ar\\\/sitio\\\/wp-content\\\/uploads\\\/2015\\\/06\\\/2015draft_welcome_ts_v1_0.jpg\",\"datePublished\":\"2015-06-26T04:39:48+00:00\",\"author\":{\"@id\":\"https:\\\/\\\/gentedebasquet.com.ar\\\/sitio\\\/#\\\/schema\\\/person\\\/ca0b63bbb977369988a7bbbdc519943a\"},\"breadcrumb\":{\"@id\":\"http:\\\/\\\/gentedebasquet.com.ar\\\/sitio\\\/2015\\\/06\\\/26\\\/sonaba-con-ser-elegido\\\/#breadcrumb\"},\"inLanguage\":\"es\",\"potentialAction\":[{\"@type\":\"ReadAction\",\"target\":[\"http:\\\/\\\/gentedebasquet.com.ar\\\/sitio\\\/2015\\\/06\\\/26\\\/sonaba-con-ser-elegido\\\/\"]}]},{\"@type\":\"ImageObject\",\"inLanguage\":\"es\",\"@id\":\"http:\\\/\\\/gentedebasquet.com.ar\\\/sitio\\\/2015\\\/06\\\/26\\\/sonaba-con-ser-elegido\\\/#primaryimage\",\"url\":\"http:\\\/\\\/gentedebasquet.com.ar\\\/sitio\\\/wp-content\\\/uploads\\\/2015\\\/06\\\/2015draft_welcome_ts_v1_0.jpg\",\"contentUrl\":\"http:\\\/\\\/gentedebasquet.com.ar\\\/sitio\\\/wp-content\\\/uploads\\\/2015\\\/06\\\/2015draft_welcome_ts_v1_0.jpg\",\"width\":690,\"height\":319},{\"@type\":\"BreadcrumbList\",\"@id\":\"http:\\\/\\\/gentedebasquet.com.ar\\\/sitio\\\/2015\\\/06\\\/26\\\/sonaba-con-ser-elegido\\\/#breadcrumb\",\"itemListElement\":[{\"@type\":\"ListItem\",\"position\":1,\"name\":\"Portada\",\"item\":\"https:\\\/\\\/gentedebasquet.com.ar\\\/sitio\\\/\"},{\"@type\":\"ListItem\",\"position\":2,\"name\":\"\u201cSo\u00f1aba con ser elegido\u201d\"}]},{\"@type\":\"WebSite\",\"@id\":\"https:\\\/\\\/gentedebasquet.com.ar\\\/sitio\\\/#website\",\"url\":\"https:\\\/\\\/gentedebasquet.com.ar\\\/sitio\\\/\",\"name\":\"Gente de B\u00e1squet\",\"description\":\"La revista del basquet de Bah\u00eda Blanca\",\"potentialAction\":[{\"@type\":\"SearchAction\",\"target\":{\"@type\":\"EntryPoint\",\"urlTemplate\":\"https:\\\/\\\/gentedebasquet.com.ar\\\/sitio\\\/?s={search_term_string}\"},\"query-input\":{\"@type\":\"PropertyValueSpecification\",\"valueRequired\":true,\"valueName\":\"search_term_string\"}}],\"inLanguage\":\"es\"},{\"@type\":\"Person\",\"@id\":\"https:\\\/\\\/gentedebasquet.com.ar\\\/sitio\\\/#\\\/schema\\\/person\\\/ca0b63bbb977369988a7bbbdc519943a\",\"name\":\"Gente de B\u00e1squet\",\"image\":{\"@type\":\"ImageObject\",\"inLanguage\":\"es\",\"@id\":\"https:\\\/\\\/secure.gravatar.com\\\/avatar\\\/7f2c48bdc33b30088f941fb6082e555f2874c98e20cb159d7b92b50eadfce793?s=96&d=mm&r=g\",\"url\":\"https:\\\/\\\/secure.gravatar.com\\\/avatar\\\/7f2c48bdc33b30088f941fb6082e555f2874c98e20cb159d7b92b50eadfce793?s=96&d=mm&r=g\",\"contentUrl\":\"https:\\\/\\\/secure.gravatar.com\\\/avatar\\\/7f2c48bdc33b30088f941fb6082e555f2874c98e20cb159d7b92b50eadfce793?s=96&d=mm&r=g\",\"caption\":\"Gente de B\u00e1squet\"},\"sameAs\":[\"http:\\\/\\\/gentedebasquet.com.ar\\\/sitio\"],\"url\":\"http:\\\/\\\/gentedebasquet.com.ar\\\/sitio\\\/author\\\/ulises\\\/\"}]}<\/script>\n<!-- \/ Yoast SEO plugin. -->","yoast_head_json":{"title":"\u201cSo\u00f1aba con ser elegido\u201d - Gente de B\u00e1squet","robots":{"index":"index","follow":"follow","max-snippet":"max-snippet:-1","max-image-preview":"max-image-preview:large","max-video-preview":"max-video-preview:-1"},"canonical":"http:\/\/gentedebasquet.com.ar\/sitio\/2015\/06\/26\/sonaba-con-ser-elegido\/","og_locale":"es_ES","og_type":"article","og_title":"\u201cSo\u00f1aba con ser elegido\u201d - Gente de B\u00e1squet","og_description":"Vaulet fue drafteado por Charlotte y luego intercambiado a los Nets de la NBA","og_url":"http:\/\/gentedebasquet.com.ar\/sitio\/2015\/06\/26\/sonaba-con-ser-elegido\/","og_site_name":"Gente de B\u00e1squet","article_published_time":"2015-06-26T04:39:48+00:00","og_image":[{"width":690,"height":319,"url":"http:\/\/gentedebasquet.com.ar\/sitio\/wp-content\/uploads\/2015\/06\/2015draft_welcome_ts_v1_0.jpg","type":"image\/jpeg"}],"author":"Gente de B\u00e1squet","twitter_card":"summary_large_image","twitter_misc":{"Escrito por":"Gente de B\u00e1squet","Tiempo de lectura":"2 minutos"},"schema":{"@context":"https:\/\/schema.org","@graph":[{"@type":"Article","@id":"http:\/\/gentedebasquet.com.ar\/sitio\/2015\/06\/26\/sonaba-con-ser-elegido\/#article","isPartOf":{"@id":"http:\/\/gentedebasquet.com.ar\/sitio\/2015\/06\/26\/sonaba-con-ser-elegido\/"},"author":{"name":"Gente de B\u00e1squet","@id":"https:\/\/gentedebasquet.com.ar\/sitio\/#\/schema\/person\/ca0b63bbb977369988a7bbbdc519943a"},"headline":"\u201cSo\u00f1aba con ser elegido\u201d","datePublished":"2015-06-26T04:39:48+00:00","mainEntityOfPage":{"@id":"http:\/\/gentedebasquet.com.ar\/sitio\/2015\/06\/26\/sonaba-con-ser-elegido\/"},"wordCount":429,"image":{"@id":"http:\/\/gentedebasquet.com.ar\/sitio\/2015\/06\/26\/sonaba-con-ser-elegido\/#primaryimage"},"thumbnailUrl":"http:\/\/gentedebasquet.com.ar\/sitio\/wp-content\/uploads\/2015\/06\/2015draft_welcome_ts_v1_0.jpg","keywords":["Bah\u00eda Basket","brooklyn nets","Charlotte Hornets","Hind\u00fa Club","Juan Pablo Vaulet","LNB","Pepe S\u00e1nchez"],"articleSection":["#Overtime","Bah\u00eda Basket","Slide"],"inLanguage":"es"},{"@type":"WebPage","@id":"http:\/\/gentedebasquet.com.ar\/sitio\/2015\/06\/26\/sonaba-con-ser-elegido\/","url":"http:\/\/gentedebasquet.com.ar\/sitio\/2015\/06\/26\/sonaba-con-ser-elegido\/","name":"\u201cSo\u00f1aba con ser elegido\u201d - Gente de B\u00e1squet","isPartOf":{"@id":"https:\/\/gentedebasquet.com.ar\/sitio\/#website"},"primaryImageOfPage":{"@id":"http:\/\/gentedebasquet.com.ar\/sitio\/2015\/06\/26\/sonaba-con-ser-elegido\/#primaryimage"},"image":{"@id":"http:\/\/gentedebasquet.com.ar\/sitio\/2015\/06\/26\/sonaba-con-ser-elegido\/#primaryimage"},"thumbnailUrl":"http:\/\/gentedebasquet.com.ar\/sitio\/wp-content\/uploads\/2015\/06\/2015draft_welcome_ts_v1_0.jpg","datePublished":"2015-06-26T04:39:48+00:00","author":{"@id":"https:\/\/gentedebasquet.com.ar\/sitio\/#\/schema\/person\/ca0b63bbb977369988a7bbbdc519943a"},"breadcrumb":{"@id":"http:\/\/gentedebasquet.com.ar\/sitio\/2015\/06\/26\/sonaba-con-ser-elegido\/#breadcrumb"},"inLanguage":"es","potentialAction":[{"@type":"ReadAction","target":["http:\/\/gentedebasquet.com.ar\/sitio\/2015\/06\/26\/sonaba-con-ser-elegido\/"]}]},{"@type":"ImageObject","inLanguage":"es","@id":"http:\/\/gentedebasquet.com.ar\/sitio\/2015\/06\/26\/sonaba-con-ser-elegido\/#primaryimage","url":"http:\/\/gentedebasquet.com.ar\/sitio\/wp-content\/uploads\/2015\/06\/2015draft_welcome_ts_v1_0.jpg","contentUrl":"http:\/\/gentedebasquet.com.ar\/sitio\/wp-content\/uploads\/2015\/06\/2015draft_welcome_ts_v1_0.jpg","width":690,"height":319},{"@type":"BreadcrumbList","@id":"http:\/\/gentedebasquet.com.ar\/sitio\/2015\/06\/26\/sonaba-con-ser-elegido\/#breadcrumb","itemListElement":[{"@type":"ListItem","position":1,"name":"Portada","item":"https:\/\/gentedebasquet.com.ar\/sitio\/"},{"@type":"ListItem","position":2,"name":"\u201cSo\u00f1aba con ser elegido\u201d"}]},{"@type":"WebSite","@id":"https:\/\/gentedebasquet.com.ar\/sitio\/#website","url":"https:\/\/gentedebasquet.com.ar\/sitio\/","name":"Gente de B\u00e1squet","description":"La revista del basquet de Bah\u00eda Blanca","potentialAction":[{"@type":"SearchAction","target":{"@type":"EntryPoint","urlTemplate":"https:\/\/gentedebasquet.com.ar\/sitio\/?s={search_term_string}"},"query-input":{"@type":"PropertyValueSpecification","valueRequired":true,"valueName":"search_term_string"}}],"inLanguage":"es"},{"@type":"Person","@id":"https:\/\/gentedebasquet.com.ar\/sitio\/#\/schema\/person\/ca0b63bbb977369988a7bbbdc519943a","name":"Gente de B\u00e1squet","image":{"@type":"ImageObject","inLanguage":"es","@id":"https:\/\/secure.gravatar.com\/avatar\/7f2c48bdc33b30088f941fb6082e555f2874c98e20cb159d7b92b50eadfce793?s=96&d=mm&r=g","url":"https:\/\/secure.gravatar.com\/avatar\/7f2c48bdc33b30088f941fb6082e555f2874c98e20cb159d7b92b50eadfce793?s=96&d=mm&r=g","contentUrl":"https:\/\/secure.gravatar.com\/avatar\/7f2c48bdc33b30088f941fb6082e555f2874c98e20cb159d7b92b50eadfce793?s=96&d=mm&r=g","caption":"Gente de B\u00e1squet"},"sameAs":["http:\/\/gentedebasquet.com.ar\/sitio"],"url":"http:\/\/gentedebasquet.com.ar\/sitio\/author\/ulises\/"}]}},"_links":{"self":[{"href":"http:\/\/gentedebasquet.com.ar\/sitio\/wp-json\/wp\/v2\/posts\/47328","targetHints":{"allow":["GET"]}}],"collection":[{"href":"http:\/\/gentedebasquet.com.ar\/sitio\/wp-json\/wp\/v2\/posts"}],"about":[{"href":"http:\/\/gentedebasquet.com.ar\/sitio\/wp-json\/wp\/v2\/types\/post"}],"author":[{"embeddable":true,"href":"http:\/\/gentedebasquet.com.ar\/sitio\/wp-json\/wp\/v2\/users\/1"}],"replies":[{"embeddable":true,"href":"http:\/\/gentedebasquet.com.ar\/sitio\/wp-json\/wp\/v2\/comments?post=47328"}],"version-history":[{"count":0,"href":"http:\/\/gentedebasquet.com.ar\/sitio\/wp-json\/wp\/v2\/posts\/47328\/revisions"}],"wp:featuredmedia":[{"embeddable":true,"href":"http:\/\/gentedebasquet.com.ar\/sitio\/wp-json\/wp\/v2\/media\/47356"}],"wp:attachment":[{"href":"http:\/\/gentedebasquet.com.ar\/sitio\/wp-json\/wp\/v2\/media?parent=47328"}],"wp:term":[{"taxonomy":"category","embeddable":true,"href":"http:\/\/gentedebasquet.com.ar\/sitio\/wp-json\/wp\/v2\/categories?post=47328"},{"taxonomy":"post_tag","embeddable":true,"href":"http:\/\/gentedebasquet.com.ar\/sitio\/wp-json\/wp\/v2\/tags?post=47328"}],"curies":[{"name":"wp","href":"https:\/\/api.w.org\/{rel}","templated":true}]}}