{"id":47372,"date":"2015-06-26T19:24:06","date_gmt":"2015-06-26T22:24:06","guid":{"rendered":"http:\/\/www.gentedebasquet.com.ar\/?p=47372"},"modified":"2015-06-26T19:24:06","modified_gmt":"2015-06-26T22:24:06","slug":"con-franco-perez-arranca-la-u14","status":"publish","type":"post","link":"http:\/\/gentedebasquet.com.ar\/sitio\/2015\/06\/26\/con-franco-perez-arranca-la-u14\/","title":{"rendered":"Con Franco P\u00e9rez, arranca la U14"},"content":{"rendered":"<p><strong>El programa de trabajo de las selecciones nacionales formativas no se detiene. En julio, bajo las \u00f3rdenes de Gustavo Fern\u00e1ndez, se realizar\u00e1 la primera concentraci\u00f3n de la Preselecci\u00f3n Nacional U14. Hay 22 citados que practicar\u00e1n en el CeNARD entre el 19 y el 24 de julio, entre los que se encuentran el pivot de Bahiense del Norte Franco P\u00e9rez.<\/strong><\/p>\n<p>Con la mira puesta en el Sudamericano U14 (sede y fecha a confirmar), la Preselecci\u00f3n Nacional U14 masculina tendr\u00e1 su primera concentraci\u00f3n entre el 19 y el 24 de julio. Las pr\u00e1cticas se realizar\u00e1n en el CeNARD y estar\u00e1n conducidas por el Director T\u00e9cnico Gustavo Fern\u00e1ndez. Bernardo Lardone ser\u00e1 su Asistente T\u00e9cnico, mientras que Patricio Pallares ser\u00e1 el Preparador F\u00edsico.<\/p>\n<p>Hay 22 jugadores citados, muchos de los cuales ya integraron la Selecci\u00f3n Nacional U14 a principios de a\u00f1o, en el torneo internacional por invitaci\u00f3n que se disput\u00f3 en Ancud, Chile, y que gan\u00f3 de manera invicta nuestra selecci\u00f3n dirigida en aquel entonces por Sebasti\u00e1n Uranga y Gast\u00f3n Narbay. El Sudamericano U14 no tiene a\u00fan fecha (se estima que ser\u00e1 entre octubre y noviembre) ni sede confirmada.<\/p>\n<h6><b>PRESELECCI\u00d3N NACIONAL U14<\/b><\/h6>\n<p>-Bertona, Gast\u00f3n<br \/>\nPosici\u00f3n: Base<br \/>\nFederaci\u00f3n: Santa Fe<\/p>\n<p>-Cataneo, Tom\u00e1s<br \/>\nPosici\u00f3n: Base<br \/>\nFederaci\u00f3n: Buenos Aires<\/p>\n<p>-Colla, Federico<br \/>\nPosici\u00f3n: Base<br \/>\nFederaci\u00f3n: C\u00f3rdoba<\/p>\n<p>-Pividori, Lautaro<br \/>\nPosici\u00f3n: Base-Escolta<br \/>\nFederaci\u00f3n: Entre R\u00edos<\/p>\n<p>-Alberione, Nicol\u00e1s<br \/>\nPosici\u00f3n: Escolta<br \/>\nFederaci\u00f3n: C\u00f3rdoba<\/p>\n<p>-Cavall\u00edn, Agust\u00edn<br \/>\nPosici\u00f3n: Escolta<br \/>\nFederaci\u00f3n: Buenos Aires<\/p>\n<p>-Giebert, Tom\u00e1s<br \/>\nPosici\u00f3n: Escolta-Alero<br \/>\nFederaci\u00f3n: Entre R\u00edos<\/p>\n<p>-Dogliotti, Lautaro<br \/>\nPosici\u00f3n: Escolta-Alero<br \/>\nFederaci\u00f3n: C\u00f3rdoba<\/p>\n<p>-Milovich, M\u00e1ximo<br \/>\nPosici\u00f3n: Alero<br \/>\nFederaci\u00f3n: FeBAMBA<\/p>\n<p>-Tarnowyk, Francisco<br \/>\nPosici\u00f3n: Alero<br \/>\nFederaci\u00f3n: Misiones<\/p>\n<p>-Amprimo, Ismael<br \/>\nPosici\u00f3n: Alero<br \/>\nFederaci\u00f3n: Santa Fe<\/p>\n<p>-Sarmiento, Octavio<br \/>\nPosici\u00f3n: Alero<br \/>\nFederaci\u00f3n: C\u00f3rdoba<\/p>\n<p>-Baudot, Mat\u00edas<br \/>\nPosici\u00f3n: Alero<br \/>\nFederaci\u00f3n: FeBAMBA<\/p>\n<p>-Beracochea, Valent\u00edn<br \/>\nPosici\u00f3n: Alapivot<br \/>\nFederaci\u00f3n: FeBAMBA<\/p>\n<p>-Vignolo, Leandro<br \/>\nPosici\u00f3n: Alapivot<br \/>\nFederaci\u00f3n: Entre R\u00edos<\/p>\n<p>-Herreros, Sebasti\u00e1n<br \/>\nPosici\u00f3n: Pivot<br \/>\nFederaci\u00f3n: Buenos Aires<\/p>\n<p>-Herreros, Franco<br \/>\nPosici\u00f3n: Pivot<br \/>\nFederaci\u00f3n: Buenos Aires<\/p>\n<p>-Carrido, Gonzalo<br \/>\nPosici\u00f3n: Pivot<br \/>\nFederaci\u00f3n: FeBAMBA<\/p>\n<p>-Aman, Francisco<br \/>\nPosici\u00f3n: Pivot<br \/>\nFederaci\u00f3n: Buenos Aires<\/p>\n<p><strong>-P\u00e9rez, Franco<\/strong><br \/>\nPosici\u00f3n: Pivot<br \/>\nFederaci\u00f3n: Buenos Aires (Bahiense del Norte)<\/p>\n<p>-Destefanis, Sebasti\u00e1n<br \/>\nPosici\u00f3n: Pivot<br \/>\nFederaci\u00f3n: C\u00f3rdoba<\/p>\n<p>-Mauric, Leonel<br \/>\nPosici\u00f3n: Pivot<br \/>\nFederaci\u00f3n: FeBAMBA<\/p>\n<p><strong>Fuente:<\/strong> Diego Garc\u00eda (Prensa CABB).<\/p>\n<p><strong>Foto:<\/strong> Mario Direne.<\/p>\n","protected":false},"excerpt":{"rendered":"<p>La Selecci\u00f3n concentrar\u00e1 (19 al 24 de julio) pensando en el Sudamericano<\/p>\n","protected":false},"author":1,"featured_media":47373,"comment_status":"closed","ping_status":"open","sticky":false,"template":"","format":"standard","meta":{"jnews-multi-image_gallery":[],"jnews_single_post":[],"jnews_primary_category":[],"footnotes":""},"categories":[61],"tags":[394,5,734,735],"class_list":["post-47372","post","type-post","status-publish","format-standard","has-post-thumbnail","hentry","category-selecciones-nacionales","tag-argentina-u14","tag-bahiense-del-norte","tag-franco-perez","tag-sudamericano-u14"],"yoast_head":"<!-- This site is optimized with the Yoast SEO plugin v27.5 - https:\/\/yoast.com\/product\/yoast-seo-wordpress\/ -->\n<title>Con Franco P\u00e9rez, arranca la U14 - Gente de B\u00e1squet<\/title>\n<meta name=\"robots\" content=\"index, follow, max-snippet:-1, max-image-preview:large, max-video-preview:-1\" \/>\n<link rel=\"canonical\" href=\"http:\/\/gentedebasquet.com.ar\/sitio\/2015\/06\/26\/con-franco-perez-arranca-la-u14\/\" \/>\n<meta property=\"og:locale\" content=\"es_ES\" \/>\n<meta property=\"og:type\" content=\"article\" \/>\n<meta property=\"og:title\" content=\"Con Franco P\u00e9rez, arranca la U14 - Gente de B\u00e1squet\" \/>\n<meta property=\"og:description\" content=\"La Selecci\u00f3n concentrar\u00e1 (19 al 24 de julio) pensando en el Sudamericano\" \/>\n<meta property=\"og:url\" content=\"http:\/\/gentedebasquet.com.ar\/sitio\/2015\/06\/26\/con-franco-perez-arranca-la-u14\/\" \/>\n<meta property=\"og:site_name\" content=\"Gente de B\u00e1squet\" \/>\n<meta property=\"article:published_time\" content=\"2015-06-26T22:24:06+00:00\" \/>\n<meta property=\"og:image\" content=\"http:\/\/gentedebasquet.com.ar\/sitio\/wp-content\/uploads\/2015\/06\/Franco-Perez-2.jpg\" \/>\n\t<meta property=\"og:image:width\" content=\"300\" \/>\n\t<meta property=\"og:image:height\" content=\"211\" \/>\n\t<meta property=\"og:image:type\" content=\"image\/jpeg\" \/>\n<meta name=\"author\" content=\"Gente de B\u00e1squet\" \/>\n<meta name=\"twitter:card\" content=\"summary_large_image\" \/>\n<meta name=\"twitter:label1\" content=\"Escrito por\" \/>\n\t<meta name=\"twitter:data1\" content=\"Gente de B\u00e1squet\" \/>\n\t<meta name=\"twitter:label2\" content=\"Tiempo de lectura\" \/>\n\t<meta name=\"twitter:data2\" content=\"2 minutos\" \/>\n<script type=\"application\/ld+json\" class=\"yoast-schema-graph\">{\"@context\":\"https:\\\/\\\/schema.org\",\"@graph\":[{\"@type\":\"Article\",\"@id\":\"http:\\\/\\\/gentedebasquet.com.ar\\\/sitio\\\/2015\\\/06\\\/26\\\/con-franco-perez-arranca-la-u14\\\/#article\",\"isPartOf\":{\"@id\":\"http:\\\/\\\/gentedebasquet.com.ar\\\/sitio\\\/2015\\\/06\\\/26\\\/con-franco-perez-arranca-la-u14\\\/\"},\"author\":{\"name\":\"Gente de B\u00e1squet\",\"@id\":\"https:\\\/\\\/gentedebasquet.com.ar\\\/sitio\\\/#\\\/schema\\\/person\\\/ca0b63bbb977369988a7bbbdc519943a\"},\"headline\":\"Con Franco P\u00e9rez, arranca la U14\",\"datePublished\":\"2015-06-26T22:24:06+00:00\",\"mainEntityOfPage\":{\"@id\":\"http:\\\/\\\/gentedebasquet.com.ar\\\/sitio\\\/2015\\\/06\\\/26\\\/con-franco-perez-arranca-la-u14\\\/\"},\"wordCount\":430,\"image\":{\"@id\":\"http:\\\/\\\/gentedebasquet.com.ar\\\/sitio\\\/2015\\\/06\\\/26\\\/con-franco-perez-arranca-la-u14\\\/#primaryimage\"},\"thumbnailUrl\":\"http:\\\/\\\/gentedebasquet.com.ar\\\/sitio\\\/wp-content\\\/uploads\\\/2015\\\/06\\\/Franco-Perez-2.jpg\",\"keywords\":[\"Argentina U14\",\"Bahiense Del Norte\",\"Franco Perez.\",\"Sudamericano U14\"],\"articleSection\":[\"Selecciones Nacionales\"],\"inLanguage\":\"es\"},{\"@type\":\"WebPage\",\"@id\":\"http:\\\/\\\/gentedebasquet.com.ar\\\/sitio\\\/2015\\\/06\\\/26\\\/con-franco-perez-arranca-la-u14\\\/\",\"url\":\"http:\\\/\\\/gentedebasquet.com.ar\\\/sitio\\\/2015\\\/06\\\/26\\\/con-franco-perez-arranca-la-u14\\\/\",\"name\":\"Con Franco P\u00e9rez, arranca la U14 - Gente de B\u00e1squet\",\"isPartOf\":{\"@id\":\"https:\\\/\\\/gentedebasquet.com.ar\\\/sitio\\\/#website\"},\"primaryImageOfPage\":{\"@id\":\"http:\\\/\\\/gentedebasquet.com.ar\\\/sitio\\\/2015\\\/06\\\/26\\\/con-franco-perez-arranca-la-u14\\\/#primaryimage\"},\"image\":{\"@id\":\"http:\\\/\\\/gentedebasquet.com.ar\\\/sitio\\\/2015\\\/06\\\/26\\\/con-franco-perez-arranca-la-u14\\\/#primaryimage\"},\"thumbnailUrl\":\"http:\\\/\\\/gentedebasquet.com.ar\\\/sitio\\\/wp-content\\\/uploads\\\/2015\\\/06\\\/Franco-Perez-2.jpg\",\"datePublished\":\"2015-06-26T22:24:06+00:00\",\"author\":{\"@id\":\"https:\\\/\\\/gentedebasquet.com.ar\\\/sitio\\\/#\\\/schema\\\/person\\\/ca0b63bbb977369988a7bbbdc519943a\"},\"breadcrumb\":{\"@id\":\"http:\\\/\\\/gentedebasquet.com.ar\\\/sitio\\\/2015\\\/06\\\/26\\\/con-franco-perez-arranca-la-u14\\\/#breadcrumb\"},\"inLanguage\":\"es\",\"potentialAction\":[{\"@type\":\"ReadAction\",\"target\":[\"http:\\\/\\\/gentedebasquet.com.ar\\\/sitio\\\/2015\\\/06\\\/26\\\/con-franco-perez-arranca-la-u14\\\/\"]}]},{\"@type\":\"ImageObject\",\"inLanguage\":\"es\",\"@id\":\"http:\\\/\\\/gentedebasquet.com.ar\\\/sitio\\\/2015\\\/06\\\/26\\\/con-franco-perez-arranca-la-u14\\\/#primaryimage\",\"url\":\"http:\\\/\\\/gentedebasquet.com.ar\\\/sitio\\\/wp-content\\\/uploads\\\/2015\\\/06\\\/Franco-Perez-2.jpg\",\"contentUrl\":\"http:\\\/\\\/gentedebasquet.com.ar\\\/sitio\\\/wp-content\\\/uploads\\\/2015\\\/06\\\/Franco-Perez-2.jpg\",\"width\":300,\"height\":211},{\"@type\":\"BreadcrumbList\",\"@id\":\"http:\\\/\\\/gentedebasquet.com.ar\\\/sitio\\\/2015\\\/06\\\/26\\\/con-franco-perez-arranca-la-u14\\\/#breadcrumb\",\"itemListElement\":[{\"@type\":\"ListItem\",\"position\":1,\"name\":\"Portada\",\"item\":\"https:\\\/\\\/gentedebasquet.com.ar\\\/sitio\\\/\"},{\"@type\":\"ListItem\",\"position\":2,\"name\":\"Con Franco P\u00e9rez, arranca la U14\"}]},{\"@type\":\"WebSite\",\"@id\":\"https:\\\/\\\/gentedebasquet.com.ar\\\/sitio\\\/#website\",\"url\":\"https:\\\/\\\/gentedebasquet.com.ar\\\/sitio\\\/\",\"name\":\"Gente de B\u00e1squet\",\"description\":\"La revista del basquet de Bah\u00eda Blanca\",\"potentialAction\":[{\"@type\":\"SearchAction\",\"target\":{\"@type\":\"EntryPoint\",\"urlTemplate\":\"https:\\\/\\\/gentedebasquet.com.ar\\\/sitio\\\/?s={search_term_string}\"},\"query-input\":{\"@type\":\"PropertyValueSpecification\",\"valueRequired\":true,\"valueName\":\"search_term_string\"}}],\"inLanguage\":\"es\"},{\"@type\":\"Person\",\"@id\":\"https:\\\/\\\/gentedebasquet.com.ar\\\/sitio\\\/#\\\/schema\\\/person\\\/ca0b63bbb977369988a7bbbdc519943a\",\"name\":\"Gente de B\u00e1squet\",\"image\":{\"@type\":\"ImageObject\",\"inLanguage\":\"es\",\"@id\":\"https:\\\/\\\/secure.gravatar.com\\\/avatar\\\/7f2c48bdc33b30088f941fb6082e555f2874c98e20cb159d7b92b50eadfce793?s=96&d=mm&r=g\",\"url\":\"https:\\\/\\\/secure.gravatar.com\\\/avatar\\\/7f2c48bdc33b30088f941fb6082e555f2874c98e20cb159d7b92b50eadfce793?s=96&d=mm&r=g\",\"contentUrl\":\"https:\\\/\\\/secure.gravatar.com\\\/avatar\\\/7f2c48bdc33b30088f941fb6082e555f2874c98e20cb159d7b92b50eadfce793?s=96&d=mm&r=g\",\"caption\":\"Gente de B\u00e1squet\"},\"sameAs\":[\"http:\\\/\\\/gentedebasquet.com.ar\\\/sitio\"],\"url\":\"http:\\\/\\\/gentedebasquet.com.ar\\\/sitio\\\/author\\\/ulises\\\/\"}]}<\/script>\n<!-- \/ Yoast SEO plugin. -->","yoast_head_json":{"title":"Con Franco P\u00e9rez, arranca la U14 - Gente de B\u00e1squet","robots":{"index":"index","follow":"follow","max-snippet":"max-snippet:-1","max-image-preview":"max-image-preview:large","max-video-preview":"max-video-preview:-1"},"canonical":"http:\/\/gentedebasquet.com.ar\/sitio\/2015\/06\/26\/con-franco-perez-arranca-la-u14\/","og_locale":"es_ES","og_type":"article","og_title":"Con Franco P\u00e9rez, arranca la U14 - Gente de B\u00e1squet","og_description":"La Selecci\u00f3n concentrar\u00e1 (19 al 24 de julio) pensando en el Sudamericano","og_url":"http:\/\/gentedebasquet.com.ar\/sitio\/2015\/06\/26\/con-franco-perez-arranca-la-u14\/","og_site_name":"Gente de B\u00e1squet","article_published_time":"2015-06-26T22:24:06+00:00","og_image":[{"width":300,"height":211,"url":"http:\/\/gentedebasquet.com.ar\/sitio\/wp-content\/uploads\/2015\/06\/Franco-Perez-2.jpg","type":"image\/jpeg"}],"author":"Gente de B\u00e1squet","twitter_card":"summary_large_image","twitter_misc":{"Escrito por":"Gente de B\u00e1squet","Tiempo de lectura":"2 minutos"},"schema":{"@context":"https:\/\/schema.org","@graph":[{"@type":"Article","@id":"http:\/\/gentedebasquet.com.ar\/sitio\/2015\/06\/26\/con-franco-perez-arranca-la-u14\/#article","isPartOf":{"@id":"http:\/\/gentedebasquet.com.ar\/sitio\/2015\/06\/26\/con-franco-perez-arranca-la-u14\/"},"author":{"name":"Gente de B\u00e1squet","@id":"https:\/\/gentedebasquet.com.ar\/sitio\/#\/schema\/person\/ca0b63bbb977369988a7bbbdc519943a"},"headline":"Con Franco P\u00e9rez, arranca la U14","datePublished":"2015-06-26T22:24:06+00:00","mainEntityOfPage":{"@id":"http:\/\/gentedebasquet.com.ar\/sitio\/2015\/06\/26\/con-franco-perez-arranca-la-u14\/"},"wordCount":430,"image":{"@id":"http:\/\/gentedebasquet.com.ar\/sitio\/2015\/06\/26\/con-franco-perez-arranca-la-u14\/#primaryimage"},"thumbnailUrl":"http:\/\/gentedebasquet.com.ar\/sitio\/wp-content\/uploads\/2015\/06\/Franco-Perez-2.jpg","keywords":["Argentina U14","Bahiense Del Norte","Franco Perez.","Sudamericano U14"],"articleSection":["Selecciones Nacionales"],"inLanguage":"es"},{"@type":"WebPage","@id":"http:\/\/gentedebasquet.com.ar\/sitio\/2015\/06\/26\/con-franco-perez-arranca-la-u14\/","url":"http:\/\/gentedebasquet.com.ar\/sitio\/2015\/06\/26\/con-franco-perez-arranca-la-u14\/","name":"Con Franco P\u00e9rez, arranca la U14 - Gente de B\u00e1squet","isPartOf":{"@id":"https:\/\/gentedebasquet.com.ar\/sitio\/#website"},"primaryImageOfPage":{"@id":"http:\/\/gentedebasquet.com.ar\/sitio\/2015\/06\/26\/con-franco-perez-arranca-la-u14\/#primaryimage"},"image":{"@id":"http:\/\/gentedebasquet.com.ar\/sitio\/2015\/06\/26\/con-franco-perez-arranca-la-u14\/#primaryimage"},"thumbnailUrl":"http:\/\/gentedebasquet.com.ar\/sitio\/wp-content\/uploads\/2015\/06\/Franco-Perez-2.jpg","datePublished":"2015-06-26T22:24:06+00:00","author":{"@id":"https:\/\/gentedebasquet.com.ar\/sitio\/#\/schema\/person\/ca0b63bbb977369988a7bbbdc519943a"},"breadcrumb":{"@id":"http:\/\/gentedebasquet.com.ar\/sitio\/2015\/06\/26\/con-franco-perez-arranca-la-u14\/#breadcrumb"},"inLanguage":"es","potentialAction":[{"@type":"ReadAction","target":["http:\/\/gentedebasquet.com.ar\/sitio\/2015\/06\/26\/con-franco-perez-arranca-la-u14\/"]}]},{"@type":"ImageObject","inLanguage":"es","@id":"http:\/\/gentedebasquet.com.ar\/sitio\/2015\/06\/26\/con-franco-perez-arranca-la-u14\/#primaryimage","url":"http:\/\/gentedebasquet.com.ar\/sitio\/wp-content\/uploads\/2015\/06\/Franco-Perez-2.jpg","contentUrl":"http:\/\/gentedebasquet.com.ar\/sitio\/wp-content\/uploads\/2015\/06\/Franco-Perez-2.jpg","width":300,"height":211},{"@type":"BreadcrumbList","@id":"http:\/\/gentedebasquet.com.ar\/sitio\/2015\/06\/26\/con-franco-perez-arranca-la-u14\/#breadcrumb","itemListElement":[{"@type":"ListItem","position":1,"name":"Portada","item":"https:\/\/gentedebasquet.com.ar\/sitio\/"},{"@type":"ListItem","position":2,"name":"Con Franco P\u00e9rez, arranca la U14"}]},{"@type":"WebSite","@id":"https:\/\/gentedebasquet.com.ar\/sitio\/#website","url":"https:\/\/gentedebasquet.com.ar\/sitio\/","name":"Gente de B\u00e1squet","description":"La revista del basquet de Bah\u00eda Blanca","potentialAction":[{"@type":"SearchAction","target":{"@type":"EntryPoint","urlTemplate":"https:\/\/gentedebasquet.com.ar\/sitio\/?s={search_term_string}"},"query-input":{"@type":"PropertyValueSpecification","valueRequired":true,"valueName":"search_term_string"}}],"inLanguage":"es"},{"@type":"Person","@id":"https:\/\/gentedebasquet.com.ar\/sitio\/#\/schema\/person\/ca0b63bbb977369988a7bbbdc519943a","name":"Gente de B\u00e1squet","image":{"@type":"ImageObject","inLanguage":"es","@id":"https:\/\/secure.gravatar.com\/avatar\/7f2c48bdc33b30088f941fb6082e555f2874c98e20cb159d7b92b50eadfce793?s=96&d=mm&r=g","url":"https:\/\/secure.gravatar.com\/avatar\/7f2c48bdc33b30088f941fb6082e555f2874c98e20cb159d7b92b50eadfce793?s=96&d=mm&r=g","contentUrl":"https:\/\/secure.gravatar.com\/avatar\/7f2c48bdc33b30088f941fb6082e555f2874c98e20cb159d7b92b50eadfce793?s=96&d=mm&r=g","caption":"Gente de B\u00e1squet"},"sameAs":["http:\/\/gentedebasquet.com.ar\/sitio"],"url":"http:\/\/gentedebasquet.com.ar\/sitio\/author\/ulises\/"}]}},"_links":{"self":[{"href":"http:\/\/gentedebasquet.com.ar\/sitio\/wp-json\/wp\/v2\/posts\/47372","targetHints":{"allow":["GET"]}}],"collection":[{"href":"http:\/\/gentedebasquet.com.ar\/sitio\/wp-json\/wp\/v2\/posts"}],"about":[{"href":"http:\/\/gentedebasquet.com.ar\/sitio\/wp-json\/wp\/v2\/types\/post"}],"author":[{"embeddable":true,"href":"http:\/\/gentedebasquet.com.ar\/sitio\/wp-json\/wp\/v2\/users\/1"}],"replies":[{"embeddable":true,"href":"http:\/\/gentedebasquet.com.ar\/sitio\/wp-json\/wp\/v2\/comments?post=47372"}],"version-history":[{"count":0,"href":"http:\/\/gentedebasquet.com.ar\/sitio\/wp-json\/wp\/v2\/posts\/47372\/revisions"}],"wp:featuredmedia":[{"embeddable":true,"href":"http:\/\/gentedebasquet.com.ar\/sitio\/wp-json\/wp\/v2\/media\/47373"}],"wp:attachment":[{"href":"http:\/\/gentedebasquet.com.ar\/sitio\/wp-json\/wp\/v2\/media?parent=47372"}],"wp:term":[{"taxonomy":"category","embeddable":true,"href":"http:\/\/gentedebasquet.com.ar\/sitio\/wp-json\/wp\/v2\/categories?post=47372"},{"taxonomy":"post_tag","embeddable":true,"href":"http:\/\/gentedebasquet.com.ar\/sitio\/wp-json\/wp\/v2\/tags?post=47372"}],"curies":[{"name":"wp","href":"https:\/\/api.w.org\/{rel}","templated":true}]}}