{"id":47883,"date":"2015-07-04T21:31:52","date_gmt":"2015-07-05T00:31:52","guid":{"rendered":"http:\/\/www.gentedebasquet.com.ar\/?p=47883"},"modified":"2015-07-04T21:31:52","modified_gmt":"2015-07-05T00:31:52","slug":"pacifico-no-pudo-en-chivilcoy","status":"publish","type":"post","link":"http:\/\/gentedebasquet.com.ar\/sitio\/2015\/07\/04\/pacifico-no-pudo-en-chivilcoy\/","title":{"rendered":"Pac\u00edfico no pudo en Chivilcoy"},"content":{"rendered":"<div>\n<p><strong>Pac\u00edfico finaliz\u00f3 su campa\u00f1a en la Liga U19 al caer en Chivilcoy 86 a 62 y cerrar la llave 0-2, <a href=\"http:\/\/www.gentedebasquet.com.ar\/un-triunfo-para-nada-verde\/\" target=\"_blank\" rel=\"noopener\">tras haber ca\u00eddo en su estadio<\/a> en el inicio de la llave. De esta manera, el equipo conducido por Gustavo De Benedetti se meti\u00f3 entre los seis mejores equipos de la provincia de Buenos Aires.\u00a0\u00a0Genaro Pisani (16 puntos) y Lucas Ru\u00edz (15) fueron los m\u00e1ximos anotadores del verde. Avanzaron a la pr\u00f3xima instancia, <a href=\"http:\/\/www.gentedebasquet.com.ar\/bahiense-lo-hizo-posible\/\" target=\"_blank\" rel=\"noopener\">Bahiense del Norte<\/a> y <a href=\"http:\/\/www.gentedebasquet.com.ar\/entre-los-mejores-seis-de-buenos-aires\/\" target=\"_blank\" rel=\"noopener\">Estudiantes<\/a>.<\/strong><\/p>\n<p>Pac\u00edfico le meti\u00f3 mucha intensidad defensiva en el arranque y tuvo como l\u00edder ofensivo a Lucas Ruiz (7 puntos en el cuarto inicial), adem\u00e1s de un juego que reparti\u00f3 bien las ofensivas (anotaron todos los titulares). Eso le permiti\u00f3 al equipo visitante liderar el tablero, aunque San Lorenzo siempre se mantuvo cerca por las penetraciones de Lucas And\u00fajar (7 puntos en el cuarto) y un par de apariciones de Braian Romero en el juego interno.<\/p>\n<p>El primer parcial fue para Pac\u00edfico por 22 a 19, y si bien las acciones siguieron mostrando paridad en el segundo cuarto, la gran preocupaci\u00f3n en el local fue la tercera falta acumulada por Braian Romero, demasiado temprano en el juego. De todas maneras, San Lorenzo defendi\u00f3 mucho mejor en este pasaje, contando adem\u00e1s con un buen ingreso de Nicol\u00e1s Del Bue y Gonzalo Toledo, adem\u00e1s del aporte de siempre de Lucas And\u00fajar. El due\u00f1o de casa revirti\u00f3 las acciones y pas\u00f3 al frente llegando a sacar seis de ventaja, aunque sobre el cierre, una r\u00e1faga de Franco Mastandrea puso a la visita nuevamente en carrera y se fueron al vestuario igualados en 36.<\/p>\n<p>El arranque del complemento sigui\u00f3 mostrando paridad con dos equipos que se fueron asentando con el correr de los minutos; Pac\u00edfico tuvo la buena tarea de Genaro Pisani (10 puntos en el cuarto), y por el lado de San Lorenzo, hubo un trabajo colectivo importante, sobre todo a la hora de defender, que lo puso adelante en el marcador con una ventaja de 4\/6 puntos, que fue manejando hasta terminar el cuarto ganando por 61 a 51.<\/p>\n<p>Los \u00faltimos 10 minutos de partido, San Lorenzo no aloj\u00f3 la intensidad de entrada, con el objetivo de no ir cerrando el juego sin permitir una reacci\u00f3n visitante, y lo consigui\u00f3 r\u00e1pidamente con dos contras de Lucas Artola para sacar 14 de ventaja (65 a 51) que le permitieron manejar el resto del cuarto ante la desesperaci\u00f3n visitante, que sali\u00f3 a presionar en toda la cancha, pero choc\u00f3 con la buena tarea de los perimetrales locales a la hora de subir la pelota y quebrar dicha presi\u00f3n.<\/p>\n<p>&nbsp;<\/p>\n<p><strong>S\u00edntesis |<\/strong> Liga U19 &#8211; Juego #2<\/p>\n<p><span style=\"line-height: 1.5em;\"><strong>San Lorenzo de Chivilcoy 86:<\/strong>\u00a0Bautista \u00c1lvarez 2, Agust\u00edn Mesplet 6, Lucas And\u00fajar 20, Tom\u00e1s Mesplet 3, Braian Romero 10 (x) (Fi); Juan Francisco Panasiuk 0, Gonzalo Toledo 18, Nicol\u00e1s Del Bue 14, Santiago Alberdi 0, Lucas Artola 10, Santiago Bonfanti 3 y Leonardo Tard\u00edo 0. DT: Gustavo De Benedetti.<\/span><\/p>\n<p><strong>Pac\u00edfico 62:\u00a0<\/strong>Facundo Wattson 10, Juan Segundo Costa 7, Franco Mastandrea 11, Genaro Pisani 16, Lucas Ru\u00edz 15 (Fi); Nicol\u00e1s Mesquida 0, Alexis Ruiz 1, Sebastian Walter 2, Yaco Porterrieu 0, Alexis \u00c1lvarez 0, Franco Venegas 0 y Jairo Porterrieu 0. DT: Pablo Kooistra.<\/p>\n<p><strong>Parciales:\u00a0<\/strong>19-22, 36-36 (17-14), 61-51 (25-15) y 86-62 (25-11).<\/p>\n<p><strong> \u00c1rbitros:<\/strong> Ra\u00fal S\u00e1nchez &#8211; Franco Anselmo (Jun\u00edn).<\/p>\n<p><span style=\"line-height: 1.5em;\"><strong>Estadio:<\/strong> San Lorenzo (Chivilcoy).<\/span><\/p>\n<p><strong>Serie:<\/strong> San Lorenzo, 2-0.<\/p>\n<\/div>\n<p><strong>Fuente:<\/strong> gentileza de Pablo Tribuzzio (<a href=\"http:\/\/www.larazondechivilcoy.com.ar\/\" target=\"_blank\" rel=\"noopener\">La Raz\u00f3n de Chivilcoy<\/a>).<\/p>\n","protected":false},"excerpt":{"rendered":"<p>Cerr\u00f3 su buena campa\u00f1a en Liga U19 cayendo ante San Lorenzo 86 a 62 (0-2)<\/p>\n","protected":false},"author":1,"featured_media":47884,"comment_status":"closed","ping_status":"open","sticky":false,"template":"","format":"standard","meta":{"jnews-multi-image_gallery":[],"jnews_single_post":[],"jnews_primary_category":[],"footnotes":""},"categories":[26],"tags":[468,17,140],"class_list":["post-47883","post","type-post","status-publish","format-standard","has-post-thumbnail","hentry","category-u19","tag-liga-u19","tag-pacifico","tag-san-lorenzo-chivilcoy"],"yoast_head":"<!-- This site is optimized with the Yoast SEO plugin v27.5 - https:\/\/yoast.com\/product\/yoast-seo-wordpress\/ -->\n<title>Pac\u00edfico no pudo en Chivilcoy - Gente de B\u00e1squet<\/title>\n<meta name=\"robots\" content=\"index, follow, max-snippet:-1, max-image-preview:large, max-video-preview:-1\" \/>\n<link rel=\"canonical\" href=\"http:\/\/gentedebasquet.com.ar\/sitio\/2015\/07\/04\/pacifico-no-pudo-en-chivilcoy\/\" \/>\n<meta property=\"og:locale\" content=\"es_ES\" \/>\n<meta property=\"og:type\" content=\"article\" \/>\n<meta property=\"og:title\" content=\"Pac\u00edfico no pudo en Chivilcoy - Gente de B\u00e1squet\" \/>\n<meta property=\"og:description\" content=\"Cerr\u00f3 su buena campa\u00f1a en Liga U19 cayendo ante San Lorenzo 86 a 62 (0-2)\" \/>\n<meta property=\"og:url\" content=\"http:\/\/gentedebasquet.com.ar\/sitio\/2015\/07\/04\/pacifico-no-pudo-en-chivilcoy\/\" \/>\n<meta property=\"og:site_name\" content=\"Gente de B\u00e1squet\" \/>\n<meta property=\"article:published_time\" content=\"2015-07-05T00:31:52+00:00\" \/>\n<meta property=\"og:image\" content=\"http:\/\/gentedebasquet.com.ar\/sitio\/wp-content\/uploads\/2015\/07\/Wattson-Pacifico-San-Lorenzo-U19.jpg\" \/>\n\t<meta property=\"og:image:width\" content=\"300\" \/>\n\t<meta property=\"og:image:height\" content=\"211\" \/>\n\t<meta property=\"og:image:type\" content=\"image\/jpeg\" \/>\n<meta name=\"author\" content=\"Gente de B\u00e1squet\" \/>\n<meta name=\"twitter:card\" content=\"summary_large_image\" \/>\n<meta name=\"twitter:label1\" content=\"Escrito por\" \/>\n\t<meta name=\"twitter:data1\" content=\"Gente de B\u00e1squet\" \/>\n\t<meta name=\"twitter:label2\" content=\"Tiempo de lectura\" \/>\n\t<meta name=\"twitter:data2\" content=\"3 minutos\" \/>\n<script type=\"application\/ld+json\" class=\"yoast-schema-graph\">{\"@context\":\"https:\\\/\\\/schema.org\",\"@graph\":[{\"@type\":\"Article\",\"@id\":\"http:\\\/\\\/gentedebasquet.com.ar\\\/sitio\\\/2015\\\/07\\\/04\\\/pacifico-no-pudo-en-chivilcoy\\\/#article\",\"isPartOf\":{\"@id\":\"http:\\\/\\\/gentedebasquet.com.ar\\\/sitio\\\/2015\\\/07\\\/04\\\/pacifico-no-pudo-en-chivilcoy\\\/\"},\"author\":{\"name\":\"Gente de B\u00e1squet\",\"@id\":\"https:\\\/\\\/gentedebasquet.com.ar\\\/sitio\\\/#\\\/schema\\\/person\\\/ca0b63bbb977369988a7bbbdc519943a\"},\"headline\":\"Pac\u00edfico no pudo en Chivilcoy\",\"datePublished\":\"2015-07-05T00:31:52+00:00\",\"mainEntityOfPage\":{\"@id\":\"http:\\\/\\\/gentedebasquet.com.ar\\\/sitio\\\/2015\\\/07\\\/04\\\/pacifico-no-pudo-en-chivilcoy\\\/\"},\"wordCount\":564,\"image\":{\"@id\":\"http:\\\/\\\/gentedebasquet.com.ar\\\/sitio\\\/2015\\\/07\\\/04\\\/pacifico-no-pudo-en-chivilcoy\\\/#primaryimage\"},\"thumbnailUrl\":\"http:\\\/\\\/gentedebasquet.com.ar\\\/sitio\\\/wp-content\\\/uploads\\\/2015\\\/07\\\/Wattson-Pacifico-San-Lorenzo-U19.jpg\",\"keywords\":[\"Liga U19\",\"Pacifico\",\"San Lorenzo Chivilcoy\"],\"articleSection\":[\"U19\"],\"inLanguage\":\"es\"},{\"@type\":\"WebPage\",\"@id\":\"http:\\\/\\\/gentedebasquet.com.ar\\\/sitio\\\/2015\\\/07\\\/04\\\/pacifico-no-pudo-en-chivilcoy\\\/\",\"url\":\"http:\\\/\\\/gentedebasquet.com.ar\\\/sitio\\\/2015\\\/07\\\/04\\\/pacifico-no-pudo-en-chivilcoy\\\/\",\"name\":\"Pac\u00edfico no pudo en Chivilcoy - Gente de B\u00e1squet\",\"isPartOf\":{\"@id\":\"https:\\\/\\\/gentedebasquet.com.ar\\\/sitio\\\/#website\"},\"primaryImageOfPage\":{\"@id\":\"http:\\\/\\\/gentedebasquet.com.ar\\\/sitio\\\/2015\\\/07\\\/04\\\/pacifico-no-pudo-en-chivilcoy\\\/#primaryimage\"},\"image\":{\"@id\":\"http:\\\/\\\/gentedebasquet.com.ar\\\/sitio\\\/2015\\\/07\\\/04\\\/pacifico-no-pudo-en-chivilcoy\\\/#primaryimage\"},\"thumbnailUrl\":\"http:\\\/\\\/gentedebasquet.com.ar\\\/sitio\\\/wp-content\\\/uploads\\\/2015\\\/07\\\/Wattson-Pacifico-San-Lorenzo-U19.jpg\",\"datePublished\":\"2015-07-05T00:31:52+00:00\",\"author\":{\"@id\":\"https:\\\/\\\/gentedebasquet.com.ar\\\/sitio\\\/#\\\/schema\\\/person\\\/ca0b63bbb977369988a7bbbdc519943a\"},\"breadcrumb\":{\"@id\":\"http:\\\/\\\/gentedebasquet.com.ar\\\/sitio\\\/2015\\\/07\\\/04\\\/pacifico-no-pudo-en-chivilcoy\\\/#breadcrumb\"},\"inLanguage\":\"es\",\"potentialAction\":[{\"@type\":\"ReadAction\",\"target\":[\"http:\\\/\\\/gentedebasquet.com.ar\\\/sitio\\\/2015\\\/07\\\/04\\\/pacifico-no-pudo-en-chivilcoy\\\/\"]}]},{\"@type\":\"ImageObject\",\"inLanguage\":\"es\",\"@id\":\"http:\\\/\\\/gentedebasquet.com.ar\\\/sitio\\\/2015\\\/07\\\/04\\\/pacifico-no-pudo-en-chivilcoy\\\/#primaryimage\",\"url\":\"http:\\\/\\\/gentedebasquet.com.ar\\\/sitio\\\/wp-content\\\/uploads\\\/2015\\\/07\\\/Wattson-Pacifico-San-Lorenzo-U19.jpg\",\"contentUrl\":\"http:\\\/\\\/gentedebasquet.com.ar\\\/sitio\\\/wp-content\\\/uploads\\\/2015\\\/07\\\/Wattson-Pacifico-San-Lorenzo-U19.jpg\",\"width\":300,\"height\":211},{\"@type\":\"BreadcrumbList\",\"@id\":\"http:\\\/\\\/gentedebasquet.com.ar\\\/sitio\\\/2015\\\/07\\\/04\\\/pacifico-no-pudo-en-chivilcoy\\\/#breadcrumb\",\"itemListElement\":[{\"@type\":\"ListItem\",\"position\":1,\"name\":\"Portada\",\"item\":\"https:\\\/\\\/gentedebasquet.com.ar\\\/sitio\\\/\"},{\"@type\":\"ListItem\",\"position\":2,\"name\":\"Pac\u00edfico no pudo en Chivilcoy\"}]},{\"@type\":\"WebSite\",\"@id\":\"https:\\\/\\\/gentedebasquet.com.ar\\\/sitio\\\/#website\",\"url\":\"https:\\\/\\\/gentedebasquet.com.ar\\\/sitio\\\/\",\"name\":\"Gente de B\u00e1squet\",\"description\":\"La revista del basquet de Bah\u00eda Blanca\",\"potentialAction\":[{\"@type\":\"SearchAction\",\"target\":{\"@type\":\"EntryPoint\",\"urlTemplate\":\"https:\\\/\\\/gentedebasquet.com.ar\\\/sitio\\\/?s={search_term_string}\"},\"query-input\":{\"@type\":\"PropertyValueSpecification\",\"valueRequired\":true,\"valueName\":\"search_term_string\"}}],\"inLanguage\":\"es\"},{\"@type\":\"Person\",\"@id\":\"https:\\\/\\\/gentedebasquet.com.ar\\\/sitio\\\/#\\\/schema\\\/person\\\/ca0b63bbb977369988a7bbbdc519943a\",\"name\":\"Gente de B\u00e1squet\",\"image\":{\"@type\":\"ImageObject\",\"inLanguage\":\"es\",\"@id\":\"https:\\\/\\\/secure.gravatar.com\\\/avatar\\\/7f2c48bdc33b30088f941fb6082e555f2874c98e20cb159d7b92b50eadfce793?s=96&d=mm&r=g\",\"url\":\"https:\\\/\\\/secure.gravatar.com\\\/avatar\\\/7f2c48bdc33b30088f941fb6082e555f2874c98e20cb159d7b92b50eadfce793?s=96&d=mm&r=g\",\"contentUrl\":\"https:\\\/\\\/secure.gravatar.com\\\/avatar\\\/7f2c48bdc33b30088f941fb6082e555f2874c98e20cb159d7b92b50eadfce793?s=96&d=mm&r=g\",\"caption\":\"Gente de B\u00e1squet\"},\"sameAs\":[\"http:\\\/\\\/gentedebasquet.com.ar\\\/sitio\"],\"url\":\"http:\\\/\\\/gentedebasquet.com.ar\\\/sitio\\\/author\\\/ulises\\\/\"}]}<\/script>\n<!-- \/ Yoast SEO plugin. -->","yoast_head_json":{"title":"Pac\u00edfico no pudo en Chivilcoy - Gente de B\u00e1squet","robots":{"index":"index","follow":"follow","max-snippet":"max-snippet:-1","max-image-preview":"max-image-preview:large","max-video-preview":"max-video-preview:-1"},"canonical":"http:\/\/gentedebasquet.com.ar\/sitio\/2015\/07\/04\/pacifico-no-pudo-en-chivilcoy\/","og_locale":"es_ES","og_type":"article","og_title":"Pac\u00edfico no pudo en Chivilcoy - Gente de B\u00e1squet","og_description":"Cerr\u00f3 su buena campa\u00f1a en Liga U19 cayendo ante San Lorenzo 86 a 62 (0-2)","og_url":"http:\/\/gentedebasquet.com.ar\/sitio\/2015\/07\/04\/pacifico-no-pudo-en-chivilcoy\/","og_site_name":"Gente de B\u00e1squet","article_published_time":"2015-07-05T00:31:52+00:00","og_image":[{"width":300,"height":211,"url":"http:\/\/gentedebasquet.com.ar\/sitio\/wp-content\/uploads\/2015\/07\/Wattson-Pacifico-San-Lorenzo-U19.jpg","type":"image\/jpeg"}],"author":"Gente de B\u00e1squet","twitter_card":"summary_large_image","twitter_misc":{"Escrito por":"Gente de B\u00e1squet","Tiempo de lectura":"3 minutos"},"schema":{"@context":"https:\/\/schema.org","@graph":[{"@type":"Article","@id":"http:\/\/gentedebasquet.com.ar\/sitio\/2015\/07\/04\/pacifico-no-pudo-en-chivilcoy\/#article","isPartOf":{"@id":"http:\/\/gentedebasquet.com.ar\/sitio\/2015\/07\/04\/pacifico-no-pudo-en-chivilcoy\/"},"author":{"name":"Gente de B\u00e1squet","@id":"https:\/\/gentedebasquet.com.ar\/sitio\/#\/schema\/person\/ca0b63bbb977369988a7bbbdc519943a"},"headline":"Pac\u00edfico no pudo en Chivilcoy","datePublished":"2015-07-05T00:31:52+00:00","mainEntityOfPage":{"@id":"http:\/\/gentedebasquet.com.ar\/sitio\/2015\/07\/04\/pacifico-no-pudo-en-chivilcoy\/"},"wordCount":564,"image":{"@id":"http:\/\/gentedebasquet.com.ar\/sitio\/2015\/07\/04\/pacifico-no-pudo-en-chivilcoy\/#primaryimage"},"thumbnailUrl":"http:\/\/gentedebasquet.com.ar\/sitio\/wp-content\/uploads\/2015\/07\/Wattson-Pacifico-San-Lorenzo-U19.jpg","keywords":["Liga U19","Pacifico","San Lorenzo Chivilcoy"],"articleSection":["U19"],"inLanguage":"es"},{"@type":"WebPage","@id":"http:\/\/gentedebasquet.com.ar\/sitio\/2015\/07\/04\/pacifico-no-pudo-en-chivilcoy\/","url":"http:\/\/gentedebasquet.com.ar\/sitio\/2015\/07\/04\/pacifico-no-pudo-en-chivilcoy\/","name":"Pac\u00edfico no pudo en Chivilcoy - Gente de B\u00e1squet","isPartOf":{"@id":"https:\/\/gentedebasquet.com.ar\/sitio\/#website"},"primaryImageOfPage":{"@id":"http:\/\/gentedebasquet.com.ar\/sitio\/2015\/07\/04\/pacifico-no-pudo-en-chivilcoy\/#primaryimage"},"image":{"@id":"http:\/\/gentedebasquet.com.ar\/sitio\/2015\/07\/04\/pacifico-no-pudo-en-chivilcoy\/#primaryimage"},"thumbnailUrl":"http:\/\/gentedebasquet.com.ar\/sitio\/wp-content\/uploads\/2015\/07\/Wattson-Pacifico-San-Lorenzo-U19.jpg","datePublished":"2015-07-05T00:31:52+00:00","author":{"@id":"https:\/\/gentedebasquet.com.ar\/sitio\/#\/schema\/person\/ca0b63bbb977369988a7bbbdc519943a"},"breadcrumb":{"@id":"http:\/\/gentedebasquet.com.ar\/sitio\/2015\/07\/04\/pacifico-no-pudo-en-chivilcoy\/#breadcrumb"},"inLanguage":"es","potentialAction":[{"@type":"ReadAction","target":["http:\/\/gentedebasquet.com.ar\/sitio\/2015\/07\/04\/pacifico-no-pudo-en-chivilcoy\/"]}]},{"@type":"ImageObject","inLanguage":"es","@id":"http:\/\/gentedebasquet.com.ar\/sitio\/2015\/07\/04\/pacifico-no-pudo-en-chivilcoy\/#primaryimage","url":"http:\/\/gentedebasquet.com.ar\/sitio\/wp-content\/uploads\/2015\/07\/Wattson-Pacifico-San-Lorenzo-U19.jpg","contentUrl":"http:\/\/gentedebasquet.com.ar\/sitio\/wp-content\/uploads\/2015\/07\/Wattson-Pacifico-San-Lorenzo-U19.jpg","width":300,"height":211},{"@type":"BreadcrumbList","@id":"http:\/\/gentedebasquet.com.ar\/sitio\/2015\/07\/04\/pacifico-no-pudo-en-chivilcoy\/#breadcrumb","itemListElement":[{"@type":"ListItem","position":1,"name":"Portada","item":"https:\/\/gentedebasquet.com.ar\/sitio\/"},{"@type":"ListItem","position":2,"name":"Pac\u00edfico no pudo en Chivilcoy"}]},{"@type":"WebSite","@id":"https:\/\/gentedebasquet.com.ar\/sitio\/#website","url":"https:\/\/gentedebasquet.com.ar\/sitio\/","name":"Gente de B\u00e1squet","description":"La revista del basquet de Bah\u00eda Blanca","potentialAction":[{"@type":"SearchAction","target":{"@type":"EntryPoint","urlTemplate":"https:\/\/gentedebasquet.com.ar\/sitio\/?s={search_term_string}"},"query-input":{"@type":"PropertyValueSpecification","valueRequired":true,"valueName":"search_term_string"}}],"inLanguage":"es"},{"@type":"Person","@id":"https:\/\/gentedebasquet.com.ar\/sitio\/#\/schema\/person\/ca0b63bbb977369988a7bbbdc519943a","name":"Gente de B\u00e1squet","image":{"@type":"ImageObject","inLanguage":"es","@id":"https:\/\/secure.gravatar.com\/avatar\/7f2c48bdc33b30088f941fb6082e555f2874c98e20cb159d7b92b50eadfce793?s=96&d=mm&r=g","url":"https:\/\/secure.gravatar.com\/avatar\/7f2c48bdc33b30088f941fb6082e555f2874c98e20cb159d7b92b50eadfce793?s=96&d=mm&r=g","contentUrl":"https:\/\/secure.gravatar.com\/avatar\/7f2c48bdc33b30088f941fb6082e555f2874c98e20cb159d7b92b50eadfce793?s=96&d=mm&r=g","caption":"Gente de B\u00e1squet"},"sameAs":["http:\/\/gentedebasquet.com.ar\/sitio"],"url":"http:\/\/gentedebasquet.com.ar\/sitio\/author\/ulises\/"}]}},"_links":{"self":[{"href":"http:\/\/gentedebasquet.com.ar\/sitio\/wp-json\/wp\/v2\/posts\/47883","targetHints":{"allow":["GET"]}}],"collection":[{"href":"http:\/\/gentedebasquet.com.ar\/sitio\/wp-json\/wp\/v2\/posts"}],"about":[{"href":"http:\/\/gentedebasquet.com.ar\/sitio\/wp-json\/wp\/v2\/types\/post"}],"author":[{"embeddable":true,"href":"http:\/\/gentedebasquet.com.ar\/sitio\/wp-json\/wp\/v2\/users\/1"}],"replies":[{"embeddable":true,"href":"http:\/\/gentedebasquet.com.ar\/sitio\/wp-json\/wp\/v2\/comments?post=47883"}],"version-history":[{"count":0,"href":"http:\/\/gentedebasquet.com.ar\/sitio\/wp-json\/wp\/v2\/posts\/47883\/revisions"}],"wp:featuredmedia":[{"embeddable":true,"href":"http:\/\/gentedebasquet.com.ar\/sitio\/wp-json\/wp\/v2\/media\/47884"}],"wp:attachment":[{"href":"http:\/\/gentedebasquet.com.ar\/sitio\/wp-json\/wp\/v2\/media?parent=47883"}],"wp:term":[{"taxonomy":"category","embeddable":true,"href":"http:\/\/gentedebasquet.com.ar\/sitio\/wp-json\/wp\/v2\/categories?post=47883"},{"taxonomy":"post_tag","embeddable":true,"href":"http:\/\/gentedebasquet.com.ar\/sitio\/wp-json\/wp\/v2\/tags?post=47883"}],"curies":[{"name":"wp","href":"https:\/\/api.w.org\/{rel}","templated":true}]}}