{"id":4793,"date":"2012-06-16T02:18:25","date_gmt":"2012-06-16T02:18:25","guid":{"rendered":"http:\/\/www.gentedebasquet.com.ar\/?p=4793"},"modified":"2012-06-16T02:18:25","modified_gmt":"2012-06-16T02:18:25","slug":"por-un-doble-en-el-final","status":"publish","type":"post","link":"http:\/\/gentedebasquet.com.ar\/sitio\/2012\/06\/16\/por-un-doble-en-el-final\/","title":{"rendered":"Por un doble en el final"},"content":{"rendered":"<p><strong><em><a href=\"http:\/\/www.gentedebasquet.com.ar\/wp-content\/uploads\/2012\/06\/IMG00232-20120615-2048.jpg\"><img decoding=\"async\" class=\"alignnone size-full wp-image-4794\" src=\"http:\/\/www.gentedebasquet.com.ar\/wp-content\/uploads\/2012\/06\/IMG00232-20120615-2048.jpg\" alt=\"\" width=\"448\" height=\"336\" \/><\/a>Sportivo Bahiense derrot\u00f3 en condici\u00f3n de visitante a Whitense por 68 a 66 con un doble de Nico Mart\u00ednez sobre la chicharra. El partido fue muy parejo y por momentos muy impreciso. El goleador del encuentro fue Dalmiro Lella con 21 puntos, seguido por Axel Hammerschmidt con 19. En el local, no alcanzaron los 15 tantos de Insaurralde.<\/em><\/strong><\/p>\n<p>Colaboraci\u00f3n especial: <strong><em>Gonzalo Focianos<\/em><\/strong><\/p>\n<p><!--more--><\/p>\n<p>El primer cuarto comenz\u00f3 muy impreciso a tal punto que el primer tanto de la noche lleg\u00f3 a los 2 minutos y 42 segundos con un tiro libre de Mart\u00ednez para Sportivo. As\u00ed, el conjunto visitante arranc\u00f3 con un parcial de 7 a 0 con los seis puntos restantes de Axel Hammerschmidt, cuatro de ellos desde la l\u00ednea. Sin embargo, los dirigidos por Mart\u00edn Ipucha reaccionaron r\u00e1pidamente e impusieron un parcial de 7 a 2 con la totalidad de los puntos convertidos por Lautaro Fern\u00e1ndez. El cuarto prosigui\u00f3 igualado y s\u00f3lo un tiro libre de Yanosky impuso la diferencia final de 14 a 13 para Sportivo. El goleador fue Fern\u00e1ndez con 7 puntos.<\/p>\n<p>El segundo per\u00edodo mejor\u00f3 en cuanto al goleo pero la paridad entre ambos equipos no permit\u00eda que ninguno lograse escaparse en el marcador. La m\u00e1xima diferencia lleg\u00f3 a ser de cuatro puntos pero r\u00e1pidamente contrarrestada. El partido se torn\u00f3 brusco y varios jugadores comenzaron a cargarse de faltas lo que permiti\u00f3 que la mayor\u00eda de los tantos fueran por tiros libres. As\u00ed, el primer tiempo finaliz\u00f3 igualado en 35.<\/p>\n<p>El tercer cuarto comenz\u00f3 con un Sportivo m\u00e1s preciso, que estableci\u00f3 un parcial de 8 a 2 con cuatro puntos de Hammerschmidt. Sin embargo, Whitense reaccion\u00f3 y replic\u00f3 con un parcial de 7 a 0 para pasar a ganar por 46 a 45. No obstante, en el final, Ferm\u00edn Iriarte fue a la l\u00ednea y convirti\u00f3 los dos tantos que decretaron el 46-47 en favor de la visita que cerr\u00f3 el per\u00edodo.<\/p>\n<p>El \u00faltimo cuarto empez\u00f3 con un r\u00e1pido parcial de 4 a 0 de Whitense de la mano de Federico Congos. La paridad se mantuvo como a lo largo de todo el partido pero fue un triple del mismo Congos, el que estableci\u00f3 nuevamente la ventaja de cuatro. Sin embargo, Sportivo marc\u00f3 un parcial de 6 a 0 y el n\u00famero 15 local lleg\u00f3 a la quinta falta por lo que debi\u00f3 abandonar el terreno. Previamente lo mismo hab\u00eda sucedido con Lautaro Fern\u00e1ndez. A falta de un minuto para el final, el partido estaba igualado en 64. Una falta de Villar llev\u00f3 a la l\u00ednea a Tuero, que no fall\u00f3. En la jugada posterior Antonelli marc\u00f3 un doble que cuando restaban doce segundos decretaba la igualdad en 66. Sportivo repuso, Hammerschmidt prob\u00f3 para tres, err\u00f3, y en el rebote Nicol\u00e1s Mart\u00ednez cerr\u00f3 con un doble el partido. El marcador final fue 66-68 en favor de la visita.<\/p>\n<p><span style=\"text-decoration: underline;\">Sintesis<\/span>:<\/p>\n<p><strong>Deprtivo Whitense (66)<\/strong>:<\/p>\n<p>Iniciales: Gim\u00e9nez, J (0); Antonelli, N. (6); Fern\u00e1ndez, L. (11); Insaurralde, M. (15); Copreni, C. (11)<\/p>\n<p>Ingresaron: Guillen, M. (3); Villar, R. (6); Becchio, M. (3); Congos, F. (4)<\/p>\n<p>DT: Ipucha, M.<\/p>\n<p><strong>Sportivo Bahiense (68)<\/strong>:<\/p>\n<p>Iniciales: Asnaghi, Y. (0); Martinez, N. (11); Hammerschmidt, A. (19); Zani, E. (3); Iriarte, F. (4)<\/p>\n<p>Ingresaron: Fern\u00e1ndez, G. (0); Santarelli, T. (3); Iriarte, L. (0); Tuero, J. (3); Yanosky, D. (7).<\/p>\n<p>DT: Dobal, J.<\/p>\n<p><strong>Parciales<\/strong>: 13-14; 35-35; 46-47<\/p>\n<p><strong>5 Faltas<\/strong>: Congos, F. (Whitense); Fern\u00e1ndez, L. (Sportivo)<\/p>\n<p><strong>\u00c1rbitros<\/strong>: Sed\u00e1n, Horacio \u2013 Farroni, Juan Ignacio<\/p>\n<p><strong>Estadio:<\/strong> Aviones Azules<\/p>\n<p><a class=\"modalf iframe\" title=\"Planilla\" href=\"https:\/\/docs.google.com\/spreadsheet\/pub?key=0AmQ4w9i2HKVQdG44c1gzb09hT3ExR1B3U2VDS214TEE&amp;single=true&amp;gid=0&amp;output=html\">Ver Planilla<\/a><\/p>\n","protected":false},"excerpt":{"rendered":"<p>Sportivo Bahiense derrot\u00f3 en condici\u00f3n de visitante a Whitense por 68 a 66 con un doble de Nico Mart\u00ednez sobre la chicharra. El partido fue muy parejo y por momentos muy impreciso. El goleador del encuentro fue Dalmiro Lella con 21 puntos, seguido por Axel Hammerschmidt con 19. En el local, no alcanzaron los 15 [&hellip;]<\/p>\n","protected":false},"author":10,"featured_media":0,"comment_status":"open","ping_status":"open","sticky":false,"template":"","format":"standard","meta":{"jnews-multi-image_gallery":[],"jnews_single_post":[],"jnews_primary_category":[],"footnotes":""},"categories":[25],"tags":[8,20],"class_list":["post-4793","post","type-post","status-publish","format-standard","hentry","category-segunda","tag-deportivo-whitense","tag-sportivo-bahiense"],"yoast_head":"<!-- This site is optimized with the Yoast SEO plugin v27.5 - https:\/\/yoast.com\/product\/yoast-seo-wordpress\/ -->\n<title>Por un doble en el final - Gente de B\u00e1squet<\/title>\n<meta name=\"robots\" content=\"index, follow, max-snippet:-1, max-image-preview:large, max-video-preview:-1\" \/>\n<link rel=\"canonical\" href=\"https:\/\/gentedebasquet.com.ar\/sitio\/2012\/06\/16\/por-un-doble-en-el-final\/\" \/>\n<meta property=\"og:locale\" content=\"es_ES\" \/>\n<meta property=\"og:type\" content=\"article\" \/>\n<meta property=\"og:title\" content=\"Por un doble en el final - Gente de B\u00e1squet\" \/>\n<meta property=\"og:description\" content=\"Sportivo Bahiense derrot\u00f3 en condici\u00f3n de visitante a Whitense por 68 a 66 con un doble de Nico Mart\u00ednez sobre la chicharra. El partido fue muy parejo y por momentos muy impreciso. El goleador del encuentro fue Dalmiro Lella con 21 puntos, seguido por Axel Hammerschmidt con 19. En el local, no alcanzaron los 15 [&hellip;]\" \/>\n<meta property=\"og:url\" content=\"https:\/\/gentedebasquet.com.ar\/sitio\/2012\/06\/16\/por-un-doble-en-el-final\/\" \/>\n<meta property=\"og:site_name\" content=\"Gente de B\u00e1squet\" \/>\n<meta property=\"article:published_time\" content=\"2012-06-16T02:18:25+00:00\" \/>\n<meta property=\"og:image\" content=\"http:\/\/www.gentedebasquet.com.ar\/wp-content\/uploads\/2012\/06\/IMG00232-20120615-2048.jpg\" \/>\n<meta name=\"author\" content=\"Emiliano Roza\" \/>\n<meta name=\"twitter:card\" content=\"summary_large_image\" \/>\n<meta name=\"twitter:label1\" content=\"Escrito por\" \/>\n\t<meta name=\"twitter:data1\" content=\"Emiliano Roza\" \/>\n\t<meta name=\"twitter:label2\" content=\"Tiempo de lectura\" \/>\n\t<meta name=\"twitter:data2\" content=\"3 minutos\" \/>\n<script type=\"application\/ld+json\" class=\"yoast-schema-graph\">{\"@context\":\"https:\\\/\\\/schema.org\",\"@graph\":[{\"@type\":\"Article\",\"@id\":\"https:\\\/\\\/gentedebasquet.com.ar\\\/sitio\\\/2012\\\/06\\\/16\\\/por-un-doble-en-el-final\\\/#article\",\"isPartOf\":{\"@id\":\"https:\\\/\\\/gentedebasquet.com.ar\\\/sitio\\\/2012\\\/06\\\/16\\\/por-un-doble-en-el-final\\\/\"},\"author\":{\"name\":\"Emiliano Roza\",\"@id\":\"https:\\\/\\\/gentedebasquet.com.ar\\\/sitio\\\/#\\\/schema\\\/person\\\/745db2a44dc7729cfc1c6faaa16d895b\"},\"headline\":\"Por un doble en el final\",\"datePublished\":\"2012-06-16T02:18:25+00:00\",\"mainEntityOfPage\":{\"@id\":\"https:\\\/\\\/gentedebasquet.com.ar\\\/sitio\\\/2012\\\/06\\\/16\\\/por-un-doble-en-el-final\\\/\"},\"wordCount\":556,\"commentCount\":0,\"image\":{\"@id\":\"https:\\\/\\\/gentedebasquet.com.ar\\\/sitio\\\/2012\\\/06\\\/16\\\/por-un-doble-en-el-final\\\/#primaryimage\"},\"thumbnailUrl\":\"http:\\\/\\\/www.gentedebasquet.com.ar\\\/wp-content\\\/uploads\\\/2012\\\/06\\\/IMG00232-20120615-2048.jpg\",\"keywords\":[\"Deportivo Whitense\",\"Sportivo Bahiense\"],\"articleSection\":[\"Segunda\"],\"inLanguage\":\"es\",\"potentialAction\":[{\"@type\":\"CommentAction\",\"name\":\"Comment\",\"target\":[\"https:\\\/\\\/gentedebasquet.com.ar\\\/sitio\\\/2012\\\/06\\\/16\\\/por-un-doble-en-el-final\\\/#respond\"]}]},{\"@type\":\"WebPage\",\"@id\":\"https:\\\/\\\/gentedebasquet.com.ar\\\/sitio\\\/2012\\\/06\\\/16\\\/por-un-doble-en-el-final\\\/\",\"url\":\"https:\\\/\\\/gentedebasquet.com.ar\\\/sitio\\\/2012\\\/06\\\/16\\\/por-un-doble-en-el-final\\\/\",\"name\":\"Por un doble en el final - Gente de B\u00e1squet\",\"isPartOf\":{\"@id\":\"https:\\\/\\\/gentedebasquet.com.ar\\\/sitio\\\/#website\"},\"primaryImageOfPage\":{\"@id\":\"https:\\\/\\\/gentedebasquet.com.ar\\\/sitio\\\/2012\\\/06\\\/16\\\/por-un-doble-en-el-final\\\/#primaryimage\"},\"image\":{\"@id\":\"https:\\\/\\\/gentedebasquet.com.ar\\\/sitio\\\/2012\\\/06\\\/16\\\/por-un-doble-en-el-final\\\/#primaryimage\"},\"thumbnailUrl\":\"http:\\\/\\\/www.gentedebasquet.com.ar\\\/wp-content\\\/uploads\\\/2012\\\/06\\\/IMG00232-20120615-2048.jpg\",\"datePublished\":\"2012-06-16T02:18:25+00:00\",\"author\":{\"@id\":\"https:\\\/\\\/gentedebasquet.com.ar\\\/sitio\\\/#\\\/schema\\\/person\\\/745db2a44dc7729cfc1c6faaa16d895b\"},\"breadcrumb\":{\"@id\":\"https:\\\/\\\/gentedebasquet.com.ar\\\/sitio\\\/2012\\\/06\\\/16\\\/por-un-doble-en-el-final\\\/#breadcrumb\"},\"inLanguage\":\"es\",\"potentialAction\":[{\"@type\":\"ReadAction\",\"target\":[\"https:\\\/\\\/gentedebasquet.com.ar\\\/sitio\\\/2012\\\/06\\\/16\\\/por-un-doble-en-el-final\\\/\"]}]},{\"@type\":\"ImageObject\",\"inLanguage\":\"es\",\"@id\":\"https:\\\/\\\/gentedebasquet.com.ar\\\/sitio\\\/2012\\\/06\\\/16\\\/por-un-doble-en-el-final\\\/#primaryimage\",\"url\":\"http:\\\/\\\/www.gentedebasquet.com.ar\\\/wp-content\\\/uploads\\\/2012\\\/06\\\/IMG00232-20120615-2048.jpg\",\"contentUrl\":\"http:\\\/\\\/www.gentedebasquet.com.ar\\\/wp-content\\\/uploads\\\/2012\\\/06\\\/IMG00232-20120615-2048.jpg\"},{\"@type\":\"BreadcrumbList\",\"@id\":\"https:\\\/\\\/gentedebasquet.com.ar\\\/sitio\\\/2012\\\/06\\\/16\\\/por-un-doble-en-el-final\\\/#breadcrumb\",\"itemListElement\":[{\"@type\":\"ListItem\",\"position\":1,\"name\":\"Portada\",\"item\":\"https:\\\/\\\/gentedebasquet.com.ar\\\/sitio\\\/\"},{\"@type\":\"ListItem\",\"position\":2,\"name\":\"Por un doble en el final\"}]},{\"@type\":\"WebSite\",\"@id\":\"https:\\\/\\\/gentedebasquet.com.ar\\\/sitio\\\/#website\",\"url\":\"https:\\\/\\\/gentedebasquet.com.ar\\\/sitio\\\/\",\"name\":\"Gente de B\u00e1squet\",\"description\":\"La revista del basquet de Bah\u00eda Blanca\",\"potentialAction\":[{\"@type\":\"SearchAction\",\"target\":{\"@type\":\"EntryPoint\",\"urlTemplate\":\"https:\\\/\\\/gentedebasquet.com.ar\\\/sitio\\\/?s={search_term_string}\"},\"query-input\":{\"@type\":\"PropertyValueSpecification\",\"valueRequired\":true,\"valueName\":\"search_term_string\"}}],\"inLanguage\":\"es\"},{\"@type\":\"Person\",\"@id\":\"https:\\\/\\\/gentedebasquet.com.ar\\\/sitio\\\/#\\\/schema\\\/person\\\/745db2a44dc7729cfc1c6faaa16d895b\",\"name\":\"Emiliano Roza\",\"image\":{\"@type\":\"ImageObject\",\"inLanguage\":\"es\",\"@id\":\"https:\\\/\\\/secure.gravatar.com\\\/avatar\\\/04256ceef48211167df8402e69580be023beb74ca857078daaf21e35d6076e03?s=96&d=mm&r=g\",\"url\":\"https:\\\/\\\/secure.gravatar.com\\\/avatar\\\/04256ceef48211167df8402e69580be023beb74ca857078daaf21e35d6076e03?s=96&d=mm&r=g\",\"contentUrl\":\"https:\\\/\\\/secure.gravatar.com\\\/avatar\\\/04256ceef48211167df8402e69580be023beb74ca857078daaf21e35d6076e03?s=96&d=mm&r=g\",\"caption\":\"Emiliano Roza\"},\"url\":\"http:\\\/\\\/gentedebasquet.com.ar\\\/sitio\\\/author\\\/emilianor\\\/\"}]}<\/script>\n<!-- \/ Yoast SEO plugin. -->","yoast_head_json":{"title":"Por un doble en el final - Gente de B\u00e1squet","robots":{"index":"index","follow":"follow","max-snippet":"max-snippet:-1","max-image-preview":"max-image-preview:large","max-video-preview":"max-video-preview:-1"},"canonical":"https:\/\/gentedebasquet.com.ar\/sitio\/2012\/06\/16\/por-un-doble-en-el-final\/","og_locale":"es_ES","og_type":"article","og_title":"Por un doble en el final - Gente de B\u00e1squet","og_description":"Sportivo Bahiense derrot\u00f3 en condici\u00f3n de visitante a Whitense por 68 a 66 con un doble de Nico Mart\u00ednez sobre la chicharra. El partido fue muy parejo y por momentos muy impreciso. El goleador del encuentro fue Dalmiro Lella con 21 puntos, seguido por Axel Hammerschmidt con 19. En el local, no alcanzaron los 15 [&hellip;]","og_url":"https:\/\/gentedebasquet.com.ar\/sitio\/2012\/06\/16\/por-un-doble-en-el-final\/","og_site_name":"Gente de B\u00e1squet","article_published_time":"2012-06-16T02:18:25+00:00","og_image":[{"url":"http:\/\/www.gentedebasquet.com.ar\/wp-content\/uploads\/2012\/06\/IMG00232-20120615-2048.jpg","type":"","width":"","height":""}],"author":"Emiliano Roza","twitter_card":"summary_large_image","twitter_misc":{"Escrito por":"Emiliano Roza","Tiempo de lectura":"3 minutos"},"schema":{"@context":"https:\/\/schema.org","@graph":[{"@type":"Article","@id":"https:\/\/gentedebasquet.com.ar\/sitio\/2012\/06\/16\/por-un-doble-en-el-final\/#article","isPartOf":{"@id":"https:\/\/gentedebasquet.com.ar\/sitio\/2012\/06\/16\/por-un-doble-en-el-final\/"},"author":{"name":"Emiliano Roza","@id":"https:\/\/gentedebasquet.com.ar\/sitio\/#\/schema\/person\/745db2a44dc7729cfc1c6faaa16d895b"},"headline":"Por un doble en el final","datePublished":"2012-06-16T02:18:25+00:00","mainEntityOfPage":{"@id":"https:\/\/gentedebasquet.com.ar\/sitio\/2012\/06\/16\/por-un-doble-en-el-final\/"},"wordCount":556,"commentCount":0,"image":{"@id":"https:\/\/gentedebasquet.com.ar\/sitio\/2012\/06\/16\/por-un-doble-en-el-final\/#primaryimage"},"thumbnailUrl":"http:\/\/www.gentedebasquet.com.ar\/wp-content\/uploads\/2012\/06\/IMG00232-20120615-2048.jpg","keywords":["Deportivo Whitense","Sportivo Bahiense"],"articleSection":["Segunda"],"inLanguage":"es","potentialAction":[{"@type":"CommentAction","name":"Comment","target":["https:\/\/gentedebasquet.com.ar\/sitio\/2012\/06\/16\/por-un-doble-en-el-final\/#respond"]}]},{"@type":"WebPage","@id":"https:\/\/gentedebasquet.com.ar\/sitio\/2012\/06\/16\/por-un-doble-en-el-final\/","url":"https:\/\/gentedebasquet.com.ar\/sitio\/2012\/06\/16\/por-un-doble-en-el-final\/","name":"Por un doble en el final - Gente de B\u00e1squet","isPartOf":{"@id":"https:\/\/gentedebasquet.com.ar\/sitio\/#website"},"primaryImageOfPage":{"@id":"https:\/\/gentedebasquet.com.ar\/sitio\/2012\/06\/16\/por-un-doble-en-el-final\/#primaryimage"},"image":{"@id":"https:\/\/gentedebasquet.com.ar\/sitio\/2012\/06\/16\/por-un-doble-en-el-final\/#primaryimage"},"thumbnailUrl":"http:\/\/www.gentedebasquet.com.ar\/wp-content\/uploads\/2012\/06\/IMG00232-20120615-2048.jpg","datePublished":"2012-06-16T02:18:25+00:00","author":{"@id":"https:\/\/gentedebasquet.com.ar\/sitio\/#\/schema\/person\/745db2a44dc7729cfc1c6faaa16d895b"},"breadcrumb":{"@id":"https:\/\/gentedebasquet.com.ar\/sitio\/2012\/06\/16\/por-un-doble-en-el-final\/#breadcrumb"},"inLanguage":"es","potentialAction":[{"@type":"ReadAction","target":["https:\/\/gentedebasquet.com.ar\/sitio\/2012\/06\/16\/por-un-doble-en-el-final\/"]}]},{"@type":"ImageObject","inLanguage":"es","@id":"https:\/\/gentedebasquet.com.ar\/sitio\/2012\/06\/16\/por-un-doble-en-el-final\/#primaryimage","url":"http:\/\/www.gentedebasquet.com.ar\/wp-content\/uploads\/2012\/06\/IMG00232-20120615-2048.jpg","contentUrl":"http:\/\/www.gentedebasquet.com.ar\/wp-content\/uploads\/2012\/06\/IMG00232-20120615-2048.jpg"},{"@type":"BreadcrumbList","@id":"https:\/\/gentedebasquet.com.ar\/sitio\/2012\/06\/16\/por-un-doble-en-el-final\/#breadcrumb","itemListElement":[{"@type":"ListItem","position":1,"name":"Portada","item":"https:\/\/gentedebasquet.com.ar\/sitio\/"},{"@type":"ListItem","position":2,"name":"Por un doble en el final"}]},{"@type":"WebSite","@id":"https:\/\/gentedebasquet.com.ar\/sitio\/#website","url":"https:\/\/gentedebasquet.com.ar\/sitio\/","name":"Gente de B\u00e1squet","description":"La revista del basquet de Bah\u00eda Blanca","potentialAction":[{"@type":"SearchAction","target":{"@type":"EntryPoint","urlTemplate":"https:\/\/gentedebasquet.com.ar\/sitio\/?s={search_term_string}"},"query-input":{"@type":"PropertyValueSpecification","valueRequired":true,"valueName":"search_term_string"}}],"inLanguage":"es"},{"@type":"Person","@id":"https:\/\/gentedebasquet.com.ar\/sitio\/#\/schema\/person\/745db2a44dc7729cfc1c6faaa16d895b","name":"Emiliano Roza","image":{"@type":"ImageObject","inLanguage":"es","@id":"https:\/\/secure.gravatar.com\/avatar\/04256ceef48211167df8402e69580be023beb74ca857078daaf21e35d6076e03?s=96&d=mm&r=g","url":"https:\/\/secure.gravatar.com\/avatar\/04256ceef48211167df8402e69580be023beb74ca857078daaf21e35d6076e03?s=96&d=mm&r=g","contentUrl":"https:\/\/secure.gravatar.com\/avatar\/04256ceef48211167df8402e69580be023beb74ca857078daaf21e35d6076e03?s=96&d=mm&r=g","caption":"Emiliano Roza"},"url":"http:\/\/gentedebasquet.com.ar\/sitio\/author\/emilianor\/"}]}},"_links":{"self":[{"href":"http:\/\/gentedebasquet.com.ar\/sitio\/wp-json\/wp\/v2\/posts\/4793","targetHints":{"allow":["GET"]}}],"collection":[{"href":"http:\/\/gentedebasquet.com.ar\/sitio\/wp-json\/wp\/v2\/posts"}],"about":[{"href":"http:\/\/gentedebasquet.com.ar\/sitio\/wp-json\/wp\/v2\/types\/post"}],"author":[{"embeddable":true,"href":"http:\/\/gentedebasquet.com.ar\/sitio\/wp-json\/wp\/v2\/users\/10"}],"replies":[{"embeddable":true,"href":"http:\/\/gentedebasquet.com.ar\/sitio\/wp-json\/wp\/v2\/comments?post=4793"}],"version-history":[{"count":0,"href":"http:\/\/gentedebasquet.com.ar\/sitio\/wp-json\/wp\/v2\/posts\/4793\/revisions"}],"wp:attachment":[{"href":"http:\/\/gentedebasquet.com.ar\/sitio\/wp-json\/wp\/v2\/media?parent=4793"}],"wp:term":[{"taxonomy":"category","embeddable":true,"href":"http:\/\/gentedebasquet.com.ar\/sitio\/wp-json\/wp\/v2\/categories?post=4793"},{"taxonomy":"post_tag","embeddable":true,"href":"http:\/\/gentedebasquet.com.ar\/sitio\/wp-json\/wp\/v2\/tags?post=4793"}],"curies":[{"name":"wp","href":"https:\/\/api.w.org\/{rel}","templated":true}]}}