{"id":47983,"date":"2015-07-06T23:25:49","date_gmt":"2015-07-07T02:25:49","guid":{"rendered":"http:\/\/www.gentedebasquet.com.ar\/?p=47983"},"modified":"2015-07-06T23:25:49","modified_gmt":"2015-07-07T02:25:49","slug":"todo-tiene-un-final","status":"publish","type":"post","link":"http:\/\/gentedebasquet.com.ar\/sitio\/2015\/07\/06\/todo-tiene-un-final\/","title":{"rendered":"Todo tiene un final"},"content":{"rendered":"<p><b>El Nacional dio la nota de la 14\u00b0 fecha en Primera: derrot\u00f3 a Villa Mitre en el Jos\u00e9 Mart\u00ednez por 69-67 y le cort\u00f3 el invicto de trece partidos.\u00a0 En un encuentro parejo durante los 40 minutos, el celeste marc\u00f3 una clara diferencia en la lucha a\u00e9rea (42 a 22), sobre todo en el \u00faltimo cuarto, en donde captur\u00f3 6 rebotes en ataque.\u00a0 En el conjunto de Juan Andr\u00e9s Garc\u00eda, cuatro jugadores superaron el doble d\u00edgito de anotaci\u00f3n: Federico Harina (14), Francisco Desimoni (11), Facundo Mart\u00ednez (11) y Francisco Hoffman (10).\u00a0 En el tricolor, no bast\u00f3 con lo aportado por Gast\u00f3n Diomedi (24, con 2-2 en t3, 5-8 en t2 y 5-6 en t1) y David Pineda (12 y 9 tableros).<\/b><\/p>\n<p>En alg\u00fan momento ten\u00eda que pasar: Villa Mitre alg\u00fan d\u00eda se iba a caer, por m\u00e1s s\u00f3lido y resiliente que se mostrase en el primer tramo del 2015.\u00a0 Y su verdugo fue, quiz\u00e1, el menos esperado: El Nacional, que de a poco parece que va saliendo del fondo de la tabla.<\/p>\n<p>Al principio, pareci\u00f3 que iba a ser otra gran noche del tricolor.\u00a0 Mejor parado en los primeros 5m37 (11-8) con el destaque de su media cancha en ofensiva (Berdini y Diomedi aportaron 6 unidades c\/u en el segmento) y provocando numerosas p\u00e9rdidas en su rival (7) a partir de una buena presi\u00f3n en l\u00ednea de pase, cerr\u00f3 arriba el 1C (19-13).<\/p>\n<p>En el 2C el local vivi\u00f3 el mejor momento de la noche.\u00a0 En los primeros 4m del segmento, una racha de 10-3 (con 6 puntos y 4 rebotes de Pineda) apoyada en una fuerte presi\u00f3n en zona 2-3 le permiti\u00f3 sacar la m\u00e1xima ventaja de todo el encuentro (29-16).\u00a0 Sin embargo, el celeste le busc\u00f3 la vuelta a la disposici\u00f3n defensiva del conjunto de Ariel Ugolini y desde la media y larga distancia (incluyendo una bomba de Mat\u00edas Monteoliva sobre la chicharra del entretiempo), El Nacional cerr\u00f3 el segmento con racha de 11-3 que achic\u00f3 considerablemente el d\u00e9ficit (32-27).<\/p>\n<p>Al regreso de los vestuarios, los de Garc\u00eda continuaron aprovechando el sprint del cierre del cuarto anterior para, en 1m30, volver a concretar una seguidilla (7-0) que forz\u00f3 a Ugolini a pedir tiempo muerto.\u00a0 Harina (7) busc\u00f3 el tiro a distancia a partir de un buen pasaje de su conjunto (3-6), y en conjunto a los rompimientos de Mart\u00ednez (7 tambi\u00e9n) aportaron variantes ofensivas a la visita, y permiti\u00f3 a El Nacional encarar el ep\u00edlogo arriba en el electr\u00f3nico (50-54).<\/p>\n<p>No obstante, Villa Mitre present\u00f3 los papeles de l\u00edder y r\u00e1pidamente retorn\u00f3 todo a tablas en el marcador.\u00a0 Dos bombas (una de Seba Acosta y otra de Diomedi) y dos dobles en contragolpe de Nico Renzi tras dos robos a Esteban Arteaga, incluyendo una linda volcada (ver video), sellaron con un parcial de 10-6 el empate (en 60) a 5m del cierre.\u00a0 Sin embargo, El Nacional atac\u00f3 con decisi\u00f3n el rebote en ataque (6 en el cuarto) y dos intervenciones claves de \u201cHuevo\u201d Desimoni a 1m del final (bien asistido por Harina en ambas ocasiones) fueron suficiente para frenar la escalada del tricolor, que descont\u00f3 con Diomedi a 30s del cierre, pero marr\u00f3 su \u00faltima ofensiva, cediendo la victoria (y el invicto) a El Nacional.<\/p>\n<p>&nbsp;<\/p>\n<p>[youtube]https:\/\/www.youtube.com\/watch?v=p_1AkiIIrpQ[\/youtube]<\/p>\n<p>&nbsp;<\/p>\n<p><b>S\u00edntesis | <\/b>Primera Divisi\u00f3n \u2013 Fecha# 14<\/p>\n<p><b>Villa Mitre 67: <\/b>Marcelo Berdini 8, Gast\u00f3n Diomedi 24, Nicol\u00e1s Renzi 4, David Pineda 12, Javier Bollo 9 (FI); Santiago Bussetti 1, Sebasti\u00e1n Acosta 9, Ramiro Heinrich 2, Carlos P\u00e9rez 2.\u00a0 D.T: Ariel Ugolini.<\/p>\n<p><b>El Nacional 69: <\/b>Mat\u00edas Monteoliva 3, Federico Harina 14, Francisco Hoffman 10, Nicol\u00e1s\u00a0 Quiroga 8, Francisco Desimoni 11 (FI); Mariano Blanche 0, Pomar Garbarino 5, Gonzalo Moreyra 0, Nicol\u00e1s Vera 3, Esteban Arteaga 4, Facundo Mart\u00ednez 11.\u00a0 D.T: Juan Andr\u00e9s Garc\u00eda.<\/p>\n<p><b>Parciales: <\/b>19-13, 32-27 (13-14), 50-54 (18-27), 67-69 (17-15).<\/p>\n<p><b>\u00c1rbitros: <\/b>Alejandro Ramallo \u2013 Mauro Reyes.<\/p>\n<p><b>Estadio: <\/b>Jos\u00e9 Mart\u00ednez (Villa Mitre).<\/p>\n<p><a class=\"modalf iframe\" title=\"Planilla\" href=\"https:\/\/docs.google.com\/spreadsheets\/d\/1WTzdNuVmaz37MdF7yJJNwaGMBeDlJlsCZhxYKIRwZmg\/pubhtml\" target=\"_blank\" rel=\"noopener\">Ver Planilla<\/a><\/p>\n<p>&nbsp;<\/p>\n<p>[youtube]https:\/\/www.youtube.com\/watch?v=nxGQ_NtfTnE[\/youtube]<\/p>\n<p>&nbsp;<\/p>\n<h6>Villa Mitre ya tiene un plazo para el Federal<\/h6>\n<p>En di\u00e1logo con Ariel Apilli (dirigente de Villa Mitre), el representante de la entidad tricolor coment\u00f3 que en 15 d\u00edas va a haber novedades sobre la participaci\u00f3n del club en el Torneo Federal. \u00a0\u00abLa idea es tener la decisi\u00f3n tomada antes del 30 de Julio\u00bb dijo Apilli. \u00a0El pasado 25 de Junio Cristian Gonz\u00e1lez, otro dirigente de Villa Mitre, <a href=\"http:\/\/www.gentedebasquet.com.ar\/no-se-quiebra-ni-en-el-clasico\/\" target=\"_blank\" rel=\"noopener\">declar\u00f3 que la instituci\u00f3n est\u00e1 \u00abencaminada econ\u00f3micamente en cerrar el presupuesto del Federal\u00bb.<\/a><\/p>\n","protected":false},"excerpt":{"rendered":"<p>El Nacional se atrevi\u00f3, derrot\u00f3 a Villa Mitre (69-67) y le quit\u00f3 el invicto.<\/p>\n","protected":false},"author":1,"featured_media":47987,"comment_status":"closed","ping_status":"open","sticky":false,"template":"","format":"standard","meta":{"jnews-multi-image_gallery":[],"jnews_single_post":[],"jnews_primary_category":[],"footnotes":""},"categories":[23,101],"tags":[228,9,759,209,236,615,22],"class_list":["post-47983","post","type-post","status-publish","format-standard","has-post-thumbnail","hentry","category-primera","category-slide","tag-david-pineda","tag-el-nacional","tag-facundo-martinez","tag-federico-harina","tag-francisco-desimoni","tag-gaston-diomedi","tag-villa-mitre"],"yoast_head":"<!-- This site is optimized with the Yoast SEO plugin v27.5 - https:\/\/yoast.com\/product\/yoast-seo-wordpress\/ -->\n<title>Todo tiene un final - Gente de B\u00e1squet<\/title>\n<meta name=\"robots\" content=\"index, follow, max-snippet:-1, max-image-preview:large, max-video-preview:-1\" \/>\n<link rel=\"canonical\" href=\"http:\/\/gentedebasquet.com.ar\/sitio\/2015\/07\/06\/todo-tiene-un-final\/\" \/>\n<meta property=\"og:locale\" content=\"es_ES\" \/>\n<meta property=\"og:type\" content=\"article\" \/>\n<meta property=\"og:title\" content=\"Todo tiene un final - Gente de B\u00e1squet\" \/>\n<meta property=\"og:description\" content=\"El Nacional se atrevi\u00f3, derrot\u00f3 a Villa Mitre (69-67) y le quit\u00f3 el invicto.\" \/>\n<meta property=\"og:url\" content=\"http:\/\/gentedebasquet.com.ar\/sitio\/2015\/07\/06\/todo-tiene-un-final\/\" \/>\n<meta property=\"og:site_name\" content=\"Gente de B\u00e1squet\" \/>\n<meta property=\"article:published_time\" content=\"2015-07-07T02:25:49+00:00\" \/>\n<meta property=\"og:image\" content=\"http:\/\/gentedebasquet.com.ar\/sitio\/wp-content\/uploads\/2015\/07\/martinez.jpg\" \/>\n\t<meta property=\"og:image:width\" content=\"690\" \/>\n\t<meta property=\"og:image:height\" content=\"319\" \/>\n\t<meta property=\"og:image:type\" content=\"image\/jpeg\" \/>\n<meta name=\"author\" content=\"Gente de B\u00e1squet\" \/>\n<meta name=\"twitter:card\" content=\"summary_large_image\" \/>\n<meta name=\"twitter:label1\" content=\"Escrito por\" \/>\n\t<meta name=\"twitter:data1\" content=\"Gente de B\u00e1squet\" \/>\n\t<meta name=\"twitter:label2\" content=\"Tiempo de lectura\" \/>\n\t<meta name=\"twitter:data2\" content=\"4 minutos\" \/>\n<script type=\"application\/ld+json\" class=\"yoast-schema-graph\">{\"@context\":\"https:\\\/\\\/schema.org\",\"@graph\":[{\"@type\":\"Article\",\"@id\":\"http:\\\/\\\/gentedebasquet.com.ar\\\/sitio\\\/2015\\\/07\\\/06\\\/todo-tiene-un-final\\\/#article\",\"isPartOf\":{\"@id\":\"http:\\\/\\\/gentedebasquet.com.ar\\\/sitio\\\/2015\\\/07\\\/06\\\/todo-tiene-un-final\\\/\"},\"author\":{\"name\":\"Gente de B\u00e1squet\",\"@id\":\"https:\\\/\\\/gentedebasquet.com.ar\\\/sitio\\\/#\\\/schema\\\/person\\\/ca0b63bbb977369988a7bbbdc519943a\"},\"headline\":\"Todo tiene un final\",\"datePublished\":\"2015-07-07T02:25:49+00:00\",\"mainEntityOfPage\":{\"@id\":\"http:\\\/\\\/gentedebasquet.com.ar\\\/sitio\\\/2015\\\/07\\\/06\\\/todo-tiene-un-final\\\/\"},\"wordCount\":752,\"image\":{\"@id\":\"http:\\\/\\\/gentedebasquet.com.ar\\\/sitio\\\/2015\\\/07\\\/06\\\/todo-tiene-un-final\\\/#primaryimage\"},\"thumbnailUrl\":\"http:\\\/\\\/gentedebasquet.com.ar\\\/sitio\\\/wp-content\\\/uploads\\\/2015\\\/07\\\/martinez.jpg\",\"keywords\":[\"David Pineda\",\"El Nacional\",\"Facundo Mart\u00ednez\",\"Federico Harina\",\"Francisco Desimoni\",\"Gaston Diomedi\",\"Villa Mitre\"],\"articleSection\":[\"Primera\",\"Slide\"],\"inLanguage\":\"es\"},{\"@type\":\"WebPage\",\"@id\":\"http:\\\/\\\/gentedebasquet.com.ar\\\/sitio\\\/2015\\\/07\\\/06\\\/todo-tiene-un-final\\\/\",\"url\":\"http:\\\/\\\/gentedebasquet.com.ar\\\/sitio\\\/2015\\\/07\\\/06\\\/todo-tiene-un-final\\\/\",\"name\":\"Todo tiene un final - Gente de B\u00e1squet\",\"isPartOf\":{\"@id\":\"https:\\\/\\\/gentedebasquet.com.ar\\\/sitio\\\/#website\"},\"primaryImageOfPage\":{\"@id\":\"http:\\\/\\\/gentedebasquet.com.ar\\\/sitio\\\/2015\\\/07\\\/06\\\/todo-tiene-un-final\\\/#primaryimage\"},\"image\":{\"@id\":\"http:\\\/\\\/gentedebasquet.com.ar\\\/sitio\\\/2015\\\/07\\\/06\\\/todo-tiene-un-final\\\/#primaryimage\"},\"thumbnailUrl\":\"http:\\\/\\\/gentedebasquet.com.ar\\\/sitio\\\/wp-content\\\/uploads\\\/2015\\\/07\\\/martinez.jpg\",\"datePublished\":\"2015-07-07T02:25:49+00:00\",\"author\":{\"@id\":\"https:\\\/\\\/gentedebasquet.com.ar\\\/sitio\\\/#\\\/schema\\\/person\\\/ca0b63bbb977369988a7bbbdc519943a\"},\"breadcrumb\":{\"@id\":\"http:\\\/\\\/gentedebasquet.com.ar\\\/sitio\\\/2015\\\/07\\\/06\\\/todo-tiene-un-final\\\/#breadcrumb\"},\"inLanguage\":\"es\",\"potentialAction\":[{\"@type\":\"ReadAction\",\"target\":[\"http:\\\/\\\/gentedebasquet.com.ar\\\/sitio\\\/2015\\\/07\\\/06\\\/todo-tiene-un-final\\\/\"]}]},{\"@type\":\"ImageObject\",\"inLanguage\":\"es\",\"@id\":\"http:\\\/\\\/gentedebasquet.com.ar\\\/sitio\\\/2015\\\/07\\\/06\\\/todo-tiene-un-final\\\/#primaryimage\",\"url\":\"http:\\\/\\\/gentedebasquet.com.ar\\\/sitio\\\/wp-content\\\/uploads\\\/2015\\\/07\\\/martinez.jpg\",\"contentUrl\":\"http:\\\/\\\/gentedebasquet.com.ar\\\/sitio\\\/wp-content\\\/uploads\\\/2015\\\/07\\\/martinez.jpg\",\"width\":690,\"height\":319},{\"@type\":\"BreadcrumbList\",\"@id\":\"http:\\\/\\\/gentedebasquet.com.ar\\\/sitio\\\/2015\\\/07\\\/06\\\/todo-tiene-un-final\\\/#breadcrumb\",\"itemListElement\":[{\"@type\":\"ListItem\",\"position\":1,\"name\":\"Portada\",\"item\":\"https:\\\/\\\/gentedebasquet.com.ar\\\/sitio\\\/\"},{\"@type\":\"ListItem\",\"position\":2,\"name\":\"Todo tiene un final\"}]},{\"@type\":\"WebSite\",\"@id\":\"https:\\\/\\\/gentedebasquet.com.ar\\\/sitio\\\/#website\",\"url\":\"https:\\\/\\\/gentedebasquet.com.ar\\\/sitio\\\/\",\"name\":\"Gente de B\u00e1squet\",\"description\":\"La revista del basquet de Bah\u00eda Blanca\",\"potentialAction\":[{\"@type\":\"SearchAction\",\"target\":{\"@type\":\"EntryPoint\",\"urlTemplate\":\"https:\\\/\\\/gentedebasquet.com.ar\\\/sitio\\\/?s={search_term_string}\"},\"query-input\":{\"@type\":\"PropertyValueSpecification\",\"valueRequired\":true,\"valueName\":\"search_term_string\"}}],\"inLanguage\":\"es\"},{\"@type\":\"Person\",\"@id\":\"https:\\\/\\\/gentedebasquet.com.ar\\\/sitio\\\/#\\\/schema\\\/person\\\/ca0b63bbb977369988a7bbbdc519943a\",\"name\":\"Gente de B\u00e1squet\",\"image\":{\"@type\":\"ImageObject\",\"inLanguage\":\"es\",\"@id\":\"https:\\\/\\\/secure.gravatar.com\\\/avatar\\\/7f2c48bdc33b30088f941fb6082e555f2874c98e20cb159d7b92b50eadfce793?s=96&d=mm&r=g\",\"url\":\"https:\\\/\\\/secure.gravatar.com\\\/avatar\\\/7f2c48bdc33b30088f941fb6082e555f2874c98e20cb159d7b92b50eadfce793?s=96&d=mm&r=g\",\"contentUrl\":\"https:\\\/\\\/secure.gravatar.com\\\/avatar\\\/7f2c48bdc33b30088f941fb6082e555f2874c98e20cb159d7b92b50eadfce793?s=96&d=mm&r=g\",\"caption\":\"Gente de B\u00e1squet\"},\"sameAs\":[\"http:\\\/\\\/gentedebasquet.com.ar\\\/sitio\"],\"url\":\"http:\\\/\\\/gentedebasquet.com.ar\\\/sitio\\\/author\\\/ulises\\\/\"}]}<\/script>\n<!-- \/ Yoast SEO plugin. -->","yoast_head_json":{"title":"Todo tiene un final - Gente de B\u00e1squet","robots":{"index":"index","follow":"follow","max-snippet":"max-snippet:-1","max-image-preview":"max-image-preview:large","max-video-preview":"max-video-preview:-1"},"canonical":"http:\/\/gentedebasquet.com.ar\/sitio\/2015\/07\/06\/todo-tiene-un-final\/","og_locale":"es_ES","og_type":"article","og_title":"Todo tiene un final - Gente de B\u00e1squet","og_description":"El Nacional se atrevi\u00f3, derrot\u00f3 a Villa Mitre (69-67) y le quit\u00f3 el invicto.","og_url":"http:\/\/gentedebasquet.com.ar\/sitio\/2015\/07\/06\/todo-tiene-un-final\/","og_site_name":"Gente de B\u00e1squet","article_published_time":"2015-07-07T02:25:49+00:00","og_image":[{"width":690,"height":319,"url":"http:\/\/gentedebasquet.com.ar\/sitio\/wp-content\/uploads\/2015\/07\/martinez.jpg","type":"image\/jpeg"}],"author":"Gente de B\u00e1squet","twitter_card":"summary_large_image","twitter_misc":{"Escrito por":"Gente de B\u00e1squet","Tiempo de lectura":"4 minutos"},"schema":{"@context":"https:\/\/schema.org","@graph":[{"@type":"Article","@id":"http:\/\/gentedebasquet.com.ar\/sitio\/2015\/07\/06\/todo-tiene-un-final\/#article","isPartOf":{"@id":"http:\/\/gentedebasquet.com.ar\/sitio\/2015\/07\/06\/todo-tiene-un-final\/"},"author":{"name":"Gente de B\u00e1squet","@id":"https:\/\/gentedebasquet.com.ar\/sitio\/#\/schema\/person\/ca0b63bbb977369988a7bbbdc519943a"},"headline":"Todo tiene un final","datePublished":"2015-07-07T02:25:49+00:00","mainEntityOfPage":{"@id":"http:\/\/gentedebasquet.com.ar\/sitio\/2015\/07\/06\/todo-tiene-un-final\/"},"wordCount":752,"image":{"@id":"http:\/\/gentedebasquet.com.ar\/sitio\/2015\/07\/06\/todo-tiene-un-final\/#primaryimage"},"thumbnailUrl":"http:\/\/gentedebasquet.com.ar\/sitio\/wp-content\/uploads\/2015\/07\/martinez.jpg","keywords":["David Pineda","El Nacional","Facundo Mart\u00ednez","Federico Harina","Francisco Desimoni","Gaston Diomedi","Villa Mitre"],"articleSection":["Primera","Slide"],"inLanguage":"es"},{"@type":"WebPage","@id":"http:\/\/gentedebasquet.com.ar\/sitio\/2015\/07\/06\/todo-tiene-un-final\/","url":"http:\/\/gentedebasquet.com.ar\/sitio\/2015\/07\/06\/todo-tiene-un-final\/","name":"Todo tiene un final - Gente de B\u00e1squet","isPartOf":{"@id":"https:\/\/gentedebasquet.com.ar\/sitio\/#website"},"primaryImageOfPage":{"@id":"http:\/\/gentedebasquet.com.ar\/sitio\/2015\/07\/06\/todo-tiene-un-final\/#primaryimage"},"image":{"@id":"http:\/\/gentedebasquet.com.ar\/sitio\/2015\/07\/06\/todo-tiene-un-final\/#primaryimage"},"thumbnailUrl":"http:\/\/gentedebasquet.com.ar\/sitio\/wp-content\/uploads\/2015\/07\/martinez.jpg","datePublished":"2015-07-07T02:25:49+00:00","author":{"@id":"https:\/\/gentedebasquet.com.ar\/sitio\/#\/schema\/person\/ca0b63bbb977369988a7bbbdc519943a"},"breadcrumb":{"@id":"http:\/\/gentedebasquet.com.ar\/sitio\/2015\/07\/06\/todo-tiene-un-final\/#breadcrumb"},"inLanguage":"es","potentialAction":[{"@type":"ReadAction","target":["http:\/\/gentedebasquet.com.ar\/sitio\/2015\/07\/06\/todo-tiene-un-final\/"]}]},{"@type":"ImageObject","inLanguage":"es","@id":"http:\/\/gentedebasquet.com.ar\/sitio\/2015\/07\/06\/todo-tiene-un-final\/#primaryimage","url":"http:\/\/gentedebasquet.com.ar\/sitio\/wp-content\/uploads\/2015\/07\/martinez.jpg","contentUrl":"http:\/\/gentedebasquet.com.ar\/sitio\/wp-content\/uploads\/2015\/07\/martinez.jpg","width":690,"height":319},{"@type":"BreadcrumbList","@id":"http:\/\/gentedebasquet.com.ar\/sitio\/2015\/07\/06\/todo-tiene-un-final\/#breadcrumb","itemListElement":[{"@type":"ListItem","position":1,"name":"Portada","item":"https:\/\/gentedebasquet.com.ar\/sitio\/"},{"@type":"ListItem","position":2,"name":"Todo tiene un final"}]},{"@type":"WebSite","@id":"https:\/\/gentedebasquet.com.ar\/sitio\/#website","url":"https:\/\/gentedebasquet.com.ar\/sitio\/","name":"Gente de B\u00e1squet","description":"La revista del basquet de Bah\u00eda Blanca","potentialAction":[{"@type":"SearchAction","target":{"@type":"EntryPoint","urlTemplate":"https:\/\/gentedebasquet.com.ar\/sitio\/?s={search_term_string}"},"query-input":{"@type":"PropertyValueSpecification","valueRequired":true,"valueName":"search_term_string"}}],"inLanguage":"es"},{"@type":"Person","@id":"https:\/\/gentedebasquet.com.ar\/sitio\/#\/schema\/person\/ca0b63bbb977369988a7bbbdc519943a","name":"Gente de B\u00e1squet","image":{"@type":"ImageObject","inLanguage":"es","@id":"https:\/\/secure.gravatar.com\/avatar\/7f2c48bdc33b30088f941fb6082e555f2874c98e20cb159d7b92b50eadfce793?s=96&d=mm&r=g","url":"https:\/\/secure.gravatar.com\/avatar\/7f2c48bdc33b30088f941fb6082e555f2874c98e20cb159d7b92b50eadfce793?s=96&d=mm&r=g","contentUrl":"https:\/\/secure.gravatar.com\/avatar\/7f2c48bdc33b30088f941fb6082e555f2874c98e20cb159d7b92b50eadfce793?s=96&d=mm&r=g","caption":"Gente de B\u00e1squet"},"sameAs":["http:\/\/gentedebasquet.com.ar\/sitio"],"url":"http:\/\/gentedebasquet.com.ar\/sitio\/author\/ulises\/"}]}},"_links":{"self":[{"href":"http:\/\/gentedebasquet.com.ar\/sitio\/wp-json\/wp\/v2\/posts\/47983","targetHints":{"allow":["GET"]}}],"collection":[{"href":"http:\/\/gentedebasquet.com.ar\/sitio\/wp-json\/wp\/v2\/posts"}],"about":[{"href":"http:\/\/gentedebasquet.com.ar\/sitio\/wp-json\/wp\/v2\/types\/post"}],"author":[{"embeddable":true,"href":"http:\/\/gentedebasquet.com.ar\/sitio\/wp-json\/wp\/v2\/users\/1"}],"replies":[{"embeddable":true,"href":"http:\/\/gentedebasquet.com.ar\/sitio\/wp-json\/wp\/v2\/comments?post=47983"}],"version-history":[{"count":0,"href":"http:\/\/gentedebasquet.com.ar\/sitio\/wp-json\/wp\/v2\/posts\/47983\/revisions"}],"wp:featuredmedia":[{"embeddable":true,"href":"http:\/\/gentedebasquet.com.ar\/sitio\/wp-json\/wp\/v2\/media\/47987"}],"wp:attachment":[{"href":"http:\/\/gentedebasquet.com.ar\/sitio\/wp-json\/wp\/v2\/media?parent=47983"}],"wp:term":[{"taxonomy":"category","embeddable":true,"href":"http:\/\/gentedebasquet.com.ar\/sitio\/wp-json\/wp\/v2\/categories?post=47983"},{"taxonomy":"post_tag","embeddable":true,"href":"http:\/\/gentedebasquet.com.ar\/sitio\/wp-json\/wp\/v2\/tags?post=47983"}],"curies":[{"name":"wp","href":"https:\/\/api.w.org\/{rel}","templated":true}]}}