{"id":48188,"date":"2015-07-10T21:00:31","date_gmt":"2015-07-11T00:00:31","guid":{"rendered":"http:\/\/www.gentedebasquet.com.ar\/?p=48188"},"modified":"2015-07-10T21:00:31","modified_gmt":"2015-07-11T00:00:31","slug":"que-venga-el-segundo","status":"publish","type":"post","link":"http:\/\/gentedebasquet.com.ar\/sitio\/2015\/07\/10\/que-venga-el-segundo\/","title":{"rendered":"Que venga el segundo"},"content":{"rendered":"<p><strong>Bahiense del Norte derrot\u00f3 por 73 a 66 a Estudiantes en el primer juego de las semifinales provinciales de la Liga U19. El local tuvo un muy buen ultimo cuarto que le permiti\u00f3 quedarse con el partido despu\u00e9s de perder los parciales anteriores y cot\u00f3 con un alto nivel de <strong>Andr\u00e9s Barbero: 26 puntos, con 4\/13 T3, 5\/12 T2 y 4\/6 TL.\u00a0<\/strong>\u00a0Gerbaudo con 10 (3\/4 T2 y 4\/4) y Zambrano con 11 (3\/8 T3 y 1\/4 T2) fueron quienes lo segundaron con doble d\u00edgito en puntos. En los visitantes, no alcanzaron los 22 puntos de Joaqu\u00edn Sanchez (1\/4 T3, 7\/13 T2 y 5\/6 TL) y los 21 de Ferrandi (7\/13 T2 y 7\/9 TL). Este s\u00e1bado a las 19.45 ir\u00e1 la revancha, en el Casanova.<\/strong><\/p>\n<p>Tras un arranque fr\u00edo en el Manu Gin\u00f3bili (pas\u00f3 1m41 y tres posesiones sin goles) llegaran los primeros puntos. Aunque intentando bajar un rebote en defensa, Vecchi cay\u00f3 mal y se golpe\u00f3 la espalda, apagando el inicio (no pudo continuar). El local arran\u00f3 arriba 10-8 en 5m42 pese al equilibrado porcentaje ne dobles: 5\/19 T2 para Bahiense y 7\/16 T2 para Estudiantes. La visita mostr\u00f3 una de sus mejores cartas ofensivas, ya que Joaqu\u00edn S\u00e1nchez fue el goleador en este tramo con 10 puntos (de los 18 del equipo), tirando 3\/5 T2 y 4\/4 TL. En el local, Gerbaudo no fall\u00f3 (2\/2 T2 y 2\/2 TL) y \u00a0Gerhardt domin\u00f3 el juego a\u00e9reo, pero el Albo se llev\u00f3, por la m\u00ednima, el primer parcial.<\/p>\n<p>La paridad continu\u00f3 no solo en el marcador, sino tambi\u00e9n en el juego. Estudiantes control\u00f3 mejor su pintura (12 defensivos), aunque dos perdidas seguidas en sus posesiones obligaron a su DT a pedir tempo muerto. Los locales rotaron mejor la pelota en este cuarto, sobretodo en la primera mitad del mismo, y aprovecharon que el Albo baj\u00f3 su rendimiento defensivo. No obstante, pudo anotar a distancia (el 50% de sus puntos en el cuarto llegaron desde el per\u00edmetro); mientras que el tricolor apenas tir\u00f3 2\/10. Pese a irse al descanso largo abajo en el tanteador, Barbero (1\/5 T3 y 2\/5 T2) comenz\u00f3 \u00a0a mostrar su poder\u00edo.<\/p>\n<p>Estudiantes inici\u00f3 el 3C con buena efectividad y Navallo sufri\u00f3 con la tercera personal de su conductor, Gerbaudo. Despu\u00e9s de un minuto solicitado, el local mejor\u00f3 en el marco de un juego con posesiones cortas. Este parcial tuvo un final pol\u00e9mico: despu\u00e9s de un ataque fallido de Estudiantes, Bahiense captur\u00f3 el rebote y se escuch\u00f3 la chicharra marcando el final de los 24s de posesi\u00f3n, pero la visita se confundi\u00f3 creyendo que el sonido significaba el final del cuarto. Bahiense termin\u00f3 anotando en esa \u00faltima jugada, pero Estudiantes protest\u00f3 (sus jugadores no continuaron en acci\u00f3n) y los jueces decidieron que el local reponga nuevamente (no anot\u00f3).<\/p>\n<p>R\u00e1pidamente, Bahiense descont\u00f3 en el arranque del \u00faltimo cuarto. Luego de un triple de Scarpaci, el local convirti\u00f3 cinco puntos seguidos, el albo fall\u00f3 mucho y no elabor\u00f3 bien sus ataques, al tiempo que cometi\u00f3 muchas faltas y fue perdiendo fluidez. Bahiense lleg\u00f3 al empate, mejor\u00f3 su elecci\u00f3n de tiros (y subi\u00f3 su efectividad), y una vez que pas\u00f3 al frente se hizo due\u00f1o del juego. Una t\u00e9cnica a Scarpaci, ataques apresurados y el sentirse abajo por primera vez en el marcador fueron decisivos para que Bahiense pueda cerrar el partido a su favor.<\/p>\n<p>&nbsp;<\/p>\n<p>[youtube]https:\/\/www.youtube.com\/watch?v=s90H2zonuSQ&amp;feature=youtu.be[\/youtube]<\/p>\n<p>&nbsp;<\/p>\n<p><strong>S\u00edntesis | <\/strong>Liga\u00a0U19 \u2013 Juego#1<\/p>\n<p><strong>Bahiense del Norte 73:<\/strong> Ignacio Gerbaudo 10, Ignacio Gonz\u00e1lez 2,\u00a0Kevin Zambrano 11,\u00a0Rodrigo Gerhardt 9 (X),\u00a0Ignacio Ochoa 2 (Fi); Andr\u00e9s Barbero 26, Matias Pristupa 6, Iv\u00e1n Catani 7, Juan Manuel Bicondoa 0, Martin Mercado 0 y Tom\u00e1s Musotto 0. DT: Alejandro Navallo.<\/p>\n<p><strong>Estudiantes 66<\/strong>: Nicol\u00e1s S\u00e1nchez 6, Tom\u00e1s Scarpaci 8, \u00a0Joaqu\u00edn S\u00e1nchez 22,\u00a0Luciano Vecchi 0, Juli\u00e1n Rodr\u00edguez 6 (Fi); Bruno Ferrandi 21 (X), Alan Lera 3, Nehuen Beron 0, Jose Bellegia 0 e Ignacio Formiga 0. DT: Federico Iriburo.<\/p>\n<p><strong>Parciales<\/strong>: 17-18, 33-35 (16-17), 49-55 (16-20) y 73-66 (24-11).<\/p>\n<p><strong>\u00c1rbitros:<\/strong> Emanuel S\u00e1nchez \u2013 Sebasti\u00e1n Arcas.<\/p>\n<p><strong>Estadio<\/strong>: Manu Gin\u00f3bili (Bahiense del Norte).<\/p>\n<p><strong>Serie:<\/strong> Bahiense, 1-0*.<\/p>\n<p><a class=\"modalf iframe\" title=\"Planilla\" href=\"https:\/\/docs.google.com\/spreadsheets\/d\/1_NJfY_ZzDhtGYK-GexnBv5NdCIKw-eNI_GCyR11W2K0\/pubhtml?gid=2063309907&amp;single=true\" target=\"_blank\" rel=\"noopener\">Ver Planilla<\/a><\/p>\n<p>&nbsp;<\/p>\n<p>*El segundo juego ir\u00e1 este s\u00e1bado a las 20.00 en el Casanova. en caso de repetir la victoria Bahiense del Norte, avanzar\u00e1 al Triangular Final provincial de la Liga Juvenil. Caso contrario, el domingo, en horario a confirmar (ser\u00eda a las 18), se disputar\u00eda el tercer punto, nuevamente en Santa Fe 51.<\/p>\n<p><strong>Fotos &#8211; Video:<\/strong> Mario Direne &#8211; Prensa Bahiense del Norte.<\/p>\n","protected":false},"excerpt":{"rendered":"<p>Por Liga U19, Bahiense venci\u00f3 a Estudiantes 73 a 66 en el primer juego de semi<\/p>\n","protected":false},"author":31,"featured_media":48221,"comment_status":"closed","ping_status":"open","sticky":false,"template":"","format":"standard","meta":{"jnews-multi-image_gallery":[],"jnews_single_post":[],"jnews_primary_category":[],"footnotes":""},"categories":[101,26],"tags":[172,5,755,11,107,305],"class_list":["post-48188","post","type-post","status-publish","format-standard","has-post-thumbnail","hentry","category-slide","category-u19","tag-andres-barbero","tag-bahiense-del-norte","tag-bruno-ferrandi","tag-estudiantes","tag-ignacio-gerbaudo","tag-joaquin-sanchez"],"yoast_head":"<!-- This site is optimized with the Yoast SEO plugin v27.5 - https:\/\/yoast.com\/product\/yoast-seo-wordpress\/ -->\n<title>Que venga el segundo - Gente de B\u00e1squet<\/title>\n<meta name=\"robots\" content=\"index, follow, max-snippet:-1, max-image-preview:large, max-video-preview:-1\" \/>\n<link rel=\"canonical\" href=\"http:\/\/gentedebasquet.com.ar\/sitio\/2015\/07\/10\/que-venga-el-segundo\/\" \/>\n<meta property=\"og:locale\" content=\"es_ES\" \/>\n<meta property=\"og:type\" content=\"article\" \/>\n<meta property=\"og:title\" content=\"Que venga el segundo - Gente de B\u00e1squet\" \/>\n<meta property=\"og:description\" content=\"Por Liga U19, Bahiense venci\u00f3 a Estudiantes 73 a 66 en el primer juego de semi\" \/>\n<meta property=\"og:url\" content=\"http:\/\/gentedebasquet.com.ar\/sitio\/2015\/07\/10\/que-venga-el-segundo\/\" \/>\n<meta property=\"og:site_name\" content=\"Gente de B\u00e1squet\" \/>\n<meta property=\"article:published_time\" content=\"2015-07-11T00:00:31+00:00\" \/>\n<meta property=\"og:image\" content=\"http:\/\/gentedebasquet.com.ar\/sitio\/wp-content\/uploads\/2015\/07\/Bahiense-Estudiantes-U19.jpg\" \/>\n\t<meta property=\"og:image:width\" content=\"690\" \/>\n\t<meta property=\"og:image:height\" content=\"319\" \/>\n\t<meta property=\"og:image:type\" content=\"image\/jpeg\" \/>\n<meta name=\"author\" content=\"Mat\u00edas Fern\u00e1ndez\" \/>\n<meta name=\"twitter:card\" content=\"summary_large_image\" \/>\n<meta name=\"twitter:label1\" content=\"Escrito por\" \/>\n\t<meta name=\"twitter:data1\" content=\"Mat\u00edas Fern\u00e1ndez\" \/>\n\t<meta name=\"twitter:label2\" content=\"Tiempo de lectura\" \/>\n\t<meta name=\"twitter:data2\" content=\"4 minutos\" \/>\n<script type=\"application\/ld+json\" class=\"yoast-schema-graph\">{\"@context\":\"https:\\\/\\\/schema.org\",\"@graph\":[{\"@type\":\"Article\",\"@id\":\"http:\\\/\\\/gentedebasquet.com.ar\\\/sitio\\\/2015\\\/07\\\/10\\\/que-venga-el-segundo\\\/#article\",\"isPartOf\":{\"@id\":\"http:\\\/\\\/gentedebasquet.com.ar\\\/sitio\\\/2015\\\/07\\\/10\\\/que-venga-el-segundo\\\/\"},\"author\":{\"name\":\"Mat\u00edas Fern\u00e1ndez\",\"@id\":\"https:\\\/\\\/gentedebasquet.com.ar\\\/sitio\\\/#\\\/schema\\\/person\\\/52b8a4e58b80389011efa987d65f49f5\"},\"headline\":\"Que venga el segundo\",\"datePublished\":\"2015-07-11T00:00:31+00:00\",\"mainEntityOfPage\":{\"@id\":\"http:\\\/\\\/gentedebasquet.com.ar\\\/sitio\\\/2015\\\/07\\\/10\\\/que-venga-el-segundo\\\/\"},\"wordCount\":732,\"image\":{\"@id\":\"http:\\\/\\\/gentedebasquet.com.ar\\\/sitio\\\/2015\\\/07\\\/10\\\/que-venga-el-segundo\\\/#primaryimage\"},\"thumbnailUrl\":\"http:\\\/\\\/gentedebasquet.com.ar\\\/sitio\\\/wp-content\\\/uploads\\\/2015\\\/07\\\/Bahiense-Estudiantes-U19.jpg\",\"keywords\":[\"Andr\u00e9s Barbero\",\"Bahiense Del Norte\",\"Bruno Ferrandi\",\"Estudiantes\",\"Ignacio Gerbaudo\",\"Joaqu\u00edn S\u00e1nchez\"],\"articleSection\":[\"Slide\",\"U19\"],\"inLanguage\":\"es\"},{\"@type\":\"WebPage\",\"@id\":\"http:\\\/\\\/gentedebasquet.com.ar\\\/sitio\\\/2015\\\/07\\\/10\\\/que-venga-el-segundo\\\/\",\"url\":\"http:\\\/\\\/gentedebasquet.com.ar\\\/sitio\\\/2015\\\/07\\\/10\\\/que-venga-el-segundo\\\/\",\"name\":\"Que venga el segundo - Gente de B\u00e1squet\",\"isPartOf\":{\"@id\":\"https:\\\/\\\/gentedebasquet.com.ar\\\/sitio\\\/#website\"},\"primaryImageOfPage\":{\"@id\":\"http:\\\/\\\/gentedebasquet.com.ar\\\/sitio\\\/2015\\\/07\\\/10\\\/que-venga-el-segundo\\\/#primaryimage\"},\"image\":{\"@id\":\"http:\\\/\\\/gentedebasquet.com.ar\\\/sitio\\\/2015\\\/07\\\/10\\\/que-venga-el-segundo\\\/#primaryimage\"},\"thumbnailUrl\":\"http:\\\/\\\/gentedebasquet.com.ar\\\/sitio\\\/wp-content\\\/uploads\\\/2015\\\/07\\\/Bahiense-Estudiantes-U19.jpg\",\"datePublished\":\"2015-07-11T00:00:31+00:00\",\"author\":{\"@id\":\"https:\\\/\\\/gentedebasquet.com.ar\\\/sitio\\\/#\\\/schema\\\/person\\\/52b8a4e58b80389011efa987d65f49f5\"},\"breadcrumb\":{\"@id\":\"http:\\\/\\\/gentedebasquet.com.ar\\\/sitio\\\/2015\\\/07\\\/10\\\/que-venga-el-segundo\\\/#breadcrumb\"},\"inLanguage\":\"es\",\"potentialAction\":[{\"@type\":\"ReadAction\",\"target\":[\"http:\\\/\\\/gentedebasquet.com.ar\\\/sitio\\\/2015\\\/07\\\/10\\\/que-venga-el-segundo\\\/\"]}]},{\"@type\":\"ImageObject\",\"inLanguage\":\"es\",\"@id\":\"http:\\\/\\\/gentedebasquet.com.ar\\\/sitio\\\/2015\\\/07\\\/10\\\/que-venga-el-segundo\\\/#primaryimage\",\"url\":\"http:\\\/\\\/gentedebasquet.com.ar\\\/sitio\\\/wp-content\\\/uploads\\\/2015\\\/07\\\/Bahiense-Estudiantes-U19.jpg\",\"contentUrl\":\"http:\\\/\\\/gentedebasquet.com.ar\\\/sitio\\\/wp-content\\\/uploads\\\/2015\\\/07\\\/Bahiense-Estudiantes-U19.jpg\",\"width\":690,\"height\":319},{\"@type\":\"BreadcrumbList\",\"@id\":\"http:\\\/\\\/gentedebasquet.com.ar\\\/sitio\\\/2015\\\/07\\\/10\\\/que-venga-el-segundo\\\/#breadcrumb\",\"itemListElement\":[{\"@type\":\"ListItem\",\"position\":1,\"name\":\"Portada\",\"item\":\"https:\\\/\\\/gentedebasquet.com.ar\\\/sitio\\\/\"},{\"@type\":\"ListItem\",\"position\":2,\"name\":\"Que venga el segundo\"}]},{\"@type\":\"WebSite\",\"@id\":\"https:\\\/\\\/gentedebasquet.com.ar\\\/sitio\\\/#website\",\"url\":\"https:\\\/\\\/gentedebasquet.com.ar\\\/sitio\\\/\",\"name\":\"Gente de B\u00e1squet\",\"description\":\"La revista del basquet de Bah\u00eda Blanca\",\"potentialAction\":[{\"@type\":\"SearchAction\",\"target\":{\"@type\":\"EntryPoint\",\"urlTemplate\":\"https:\\\/\\\/gentedebasquet.com.ar\\\/sitio\\\/?s={search_term_string}\"},\"query-input\":{\"@type\":\"PropertyValueSpecification\",\"valueRequired\":true,\"valueName\":\"search_term_string\"}}],\"inLanguage\":\"es\"},{\"@type\":\"Person\",\"@id\":\"https:\\\/\\\/gentedebasquet.com.ar\\\/sitio\\\/#\\\/schema\\\/person\\\/52b8a4e58b80389011efa987d65f49f5\",\"name\":\"Mat\u00edas Fern\u00e1ndez\",\"image\":{\"@type\":\"ImageObject\",\"inLanguage\":\"es\",\"@id\":\"https:\\\/\\\/secure.gravatar.com\\\/avatar\\\/eb817db9f9966451cf48914e5748e1bc12447cb503195835595c3f9b9a753685?s=96&d=mm&r=g\",\"url\":\"https:\\\/\\\/secure.gravatar.com\\\/avatar\\\/eb817db9f9966451cf48914e5748e1bc12447cb503195835595c3f9b9a753685?s=96&d=mm&r=g\",\"contentUrl\":\"https:\\\/\\\/secure.gravatar.com\\\/avatar\\\/eb817db9f9966451cf48914e5748e1bc12447cb503195835595c3f9b9a753685?s=96&d=mm&r=g\",\"caption\":\"Mat\u00edas Fern\u00e1ndez\"},\"url\":\"http:\\\/\\\/gentedebasquet.com.ar\\\/sitio\\\/author\\\/matias-fernandez\\\/\"}]}<\/script>\n<!-- \/ Yoast SEO plugin. -->","yoast_head_json":{"title":"Que venga el segundo - Gente de B\u00e1squet","robots":{"index":"index","follow":"follow","max-snippet":"max-snippet:-1","max-image-preview":"max-image-preview:large","max-video-preview":"max-video-preview:-1"},"canonical":"http:\/\/gentedebasquet.com.ar\/sitio\/2015\/07\/10\/que-venga-el-segundo\/","og_locale":"es_ES","og_type":"article","og_title":"Que venga el segundo - Gente de B\u00e1squet","og_description":"Por Liga U19, Bahiense venci\u00f3 a Estudiantes 73 a 66 en el primer juego de semi","og_url":"http:\/\/gentedebasquet.com.ar\/sitio\/2015\/07\/10\/que-venga-el-segundo\/","og_site_name":"Gente de B\u00e1squet","article_published_time":"2015-07-11T00:00:31+00:00","og_image":[{"width":690,"height":319,"url":"http:\/\/gentedebasquet.com.ar\/sitio\/wp-content\/uploads\/2015\/07\/Bahiense-Estudiantes-U19.jpg","type":"image\/jpeg"}],"author":"Mat\u00edas Fern\u00e1ndez","twitter_card":"summary_large_image","twitter_misc":{"Escrito por":"Mat\u00edas Fern\u00e1ndez","Tiempo de lectura":"4 minutos"},"schema":{"@context":"https:\/\/schema.org","@graph":[{"@type":"Article","@id":"http:\/\/gentedebasquet.com.ar\/sitio\/2015\/07\/10\/que-venga-el-segundo\/#article","isPartOf":{"@id":"http:\/\/gentedebasquet.com.ar\/sitio\/2015\/07\/10\/que-venga-el-segundo\/"},"author":{"name":"Mat\u00edas Fern\u00e1ndez","@id":"https:\/\/gentedebasquet.com.ar\/sitio\/#\/schema\/person\/52b8a4e58b80389011efa987d65f49f5"},"headline":"Que venga el segundo","datePublished":"2015-07-11T00:00:31+00:00","mainEntityOfPage":{"@id":"http:\/\/gentedebasquet.com.ar\/sitio\/2015\/07\/10\/que-venga-el-segundo\/"},"wordCount":732,"image":{"@id":"http:\/\/gentedebasquet.com.ar\/sitio\/2015\/07\/10\/que-venga-el-segundo\/#primaryimage"},"thumbnailUrl":"http:\/\/gentedebasquet.com.ar\/sitio\/wp-content\/uploads\/2015\/07\/Bahiense-Estudiantes-U19.jpg","keywords":["Andr\u00e9s Barbero","Bahiense Del Norte","Bruno Ferrandi","Estudiantes","Ignacio Gerbaudo","Joaqu\u00edn S\u00e1nchez"],"articleSection":["Slide","U19"],"inLanguage":"es"},{"@type":"WebPage","@id":"http:\/\/gentedebasquet.com.ar\/sitio\/2015\/07\/10\/que-venga-el-segundo\/","url":"http:\/\/gentedebasquet.com.ar\/sitio\/2015\/07\/10\/que-venga-el-segundo\/","name":"Que venga el segundo - Gente de B\u00e1squet","isPartOf":{"@id":"https:\/\/gentedebasquet.com.ar\/sitio\/#website"},"primaryImageOfPage":{"@id":"http:\/\/gentedebasquet.com.ar\/sitio\/2015\/07\/10\/que-venga-el-segundo\/#primaryimage"},"image":{"@id":"http:\/\/gentedebasquet.com.ar\/sitio\/2015\/07\/10\/que-venga-el-segundo\/#primaryimage"},"thumbnailUrl":"http:\/\/gentedebasquet.com.ar\/sitio\/wp-content\/uploads\/2015\/07\/Bahiense-Estudiantes-U19.jpg","datePublished":"2015-07-11T00:00:31+00:00","author":{"@id":"https:\/\/gentedebasquet.com.ar\/sitio\/#\/schema\/person\/52b8a4e58b80389011efa987d65f49f5"},"breadcrumb":{"@id":"http:\/\/gentedebasquet.com.ar\/sitio\/2015\/07\/10\/que-venga-el-segundo\/#breadcrumb"},"inLanguage":"es","potentialAction":[{"@type":"ReadAction","target":["http:\/\/gentedebasquet.com.ar\/sitio\/2015\/07\/10\/que-venga-el-segundo\/"]}]},{"@type":"ImageObject","inLanguage":"es","@id":"http:\/\/gentedebasquet.com.ar\/sitio\/2015\/07\/10\/que-venga-el-segundo\/#primaryimage","url":"http:\/\/gentedebasquet.com.ar\/sitio\/wp-content\/uploads\/2015\/07\/Bahiense-Estudiantes-U19.jpg","contentUrl":"http:\/\/gentedebasquet.com.ar\/sitio\/wp-content\/uploads\/2015\/07\/Bahiense-Estudiantes-U19.jpg","width":690,"height":319},{"@type":"BreadcrumbList","@id":"http:\/\/gentedebasquet.com.ar\/sitio\/2015\/07\/10\/que-venga-el-segundo\/#breadcrumb","itemListElement":[{"@type":"ListItem","position":1,"name":"Portada","item":"https:\/\/gentedebasquet.com.ar\/sitio\/"},{"@type":"ListItem","position":2,"name":"Que venga el segundo"}]},{"@type":"WebSite","@id":"https:\/\/gentedebasquet.com.ar\/sitio\/#website","url":"https:\/\/gentedebasquet.com.ar\/sitio\/","name":"Gente de B\u00e1squet","description":"La revista del basquet de Bah\u00eda Blanca","potentialAction":[{"@type":"SearchAction","target":{"@type":"EntryPoint","urlTemplate":"https:\/\/gentedebasquet.com.ar\/sitio\/?s={search_term_string}"},"query-input":{"@type":"PropertyValueSpecification","valueRequired":true,"valueName":"search_term_string"}}],"inLanguage":"es"},{"@type":"Person","@id":"https:\/\/gentedebasquet.com.ar\/sitio\/#\/schema\/person\/52b8a4e58b80389011efa987d65f49f5","name":"Mat\u00edas Fern\u00e1ndez","image":{"@type":"ImageObject","inLanguage":"es","@id":"https:\/\/secure.gravatar.com\/avatar\/eb817db9f9966451cf48914e5748e1bc12447cb503195835595c3f9b9a753685?s=96&d=mm&r=g","url":"https:\/\/secure.gravatar.com\/avatar\/eb817db9f9966451cf48914e5748e1bc12447cb503195835595c3f9b9a753685?s=96&d=mm&r=g","contentUrl":"https:\/\/secure.gravatar.com\/avatar\/eb817db9f9966451cf48914e5748e1bc12447cb503195835595c3f9b9a753685?s=96&d=mm&r=g","caption":"Mat\u00edas Fern\u00e1ndez"},"url":"http:\/\/gentedebasquet.com.ar\/sitio\/author\/matias-fernandez\/"}]}},"_links":{"self":[{"href":"http:\/\/gentedebasquet.com.ar\/sitio\/wp-json\/wp\/v2\/posts\/48188","targetHints":{"allow":["GET"]}}],"collection":[{"href":"http:\/\/gentedebasquet.com.ar\/sitio\/wp-json\/wp\/v2\/posts"}],"about":[{"href":"http:\/\/gentedebasquet.com.ar\/sitio\/wp-json\/wp\/v2\/types\/post"}],"author":[{"embeddable":true,"href":"http:\/\/gentedebasquet.com.ar\/sitio\/wp-json\/wp\/v2\/users\/31"}],"replies":[{"embeddable":true,"href":"http:\/\/gentedebasquet.com.ar\/sitio\/wp-json\/wp\/v2\/comments?post=48188"}],"version-history":[{"count":0,"href":"http:\/\/gentedebasquet.com.ar\/sitio\/wp-json\/wp\/v2\/posts\/48188\/revisions"}],"wp:featuredmedia":[{"embeddable":true,"href":"http:\/\/gentedebasquet.com.ar\/sitio\/wp-json\/wp\/v2\/media\/48221"}],"wp:attachment":[{"href":"http:\/\/gentedebasquet.com.ar\/sitio\/wp-json\/wp\/v2\/media?parent=48188"}],"wp:term":[{"taxonomy":"category","embeddable":true,"href":"http:\/\/gentedebasquet.com.ar\/sitio\/wp-json\/wp\/v2\/categories?post=48188"},{"taxonomy":"post_tag","embeddable":true,"href":"http:\/\/gentedebasquet.com.ar\/sitio\/wp-json\/wp\/v2\/tags?post=48188"}],"curies":[{"name":"wp","href":"https:\/\/api.w.org\/{rel}","templated":true}]}}