{"id":48216,"date":"2015-07-10T23:15:39","date_gmt":"2015-07-11T02:15:39","guid":{"rendered":"http:\/\/www.gentedebasquet.com.ar\/?p=48216"},"modified":"2015-07-10T23:15:39","modified_gmt":"2015-07-11T02:15:39","slug":"nada-definido","status":"publish","type":"post","link":"http:\/\/gentedebasquet.com.ar\/sitio\/2015\/07\/10\/nada-definido\/","title":{"rendered":"Nada definido"},"content":{"rendered":"<p><b>Estrella llev\u00f3 la serie con Los Andes a quinto partido luego de derrotarlo en el Ardubilio Severini por 68 a 65, y definir\u00e1n el domingo en el Barrio San Mart\u00edn. El conjunto de Queti golpe\u00f3 en momentos claves con buen juego colectivo y a pesar de haber tenido 10 puntos de ventaja a mitad del tercer cuarto debi\u00f3 batallar ante el duro conjunto puntaltense. En el ganador hubo 16 puntos de Maximiliano Sterz, 12 tantos y 17 rebotes de Nahuel C\u00e1mara, y 10 unidades de Dami\u00e1n Carci y de Mat\u00edas Specogna. El goleador del juego estuvo en el conjunto local, Ignacio Sella cerr\u00f3 su planilla con 22 puntos, secundado por Fabio Zangla con 13.<\/b><\/p>\n<p>Estrella sab\u00eda que solo ten\u00eda una vida para llegar al quinto juego y no la desperdici\u00f3. Por momentos pudo desplegar su buen juego haciendo circular bien el bal\u00f3n, pero en otros las desatenciones las pag\u00f3 caro. Los Andes, en cambio, debi\u00f3 amoldarse a su corto plantel y lastimar cuando Estrella le permiti\u00f3 correr la cancha. Sin embargo, fue el conjunto de Queti el que mejor hizo las cosas para quedarse con el cuarto juego de cuartos de final y llevar la serie a quinto partido y en su casa, porque logr\u00f3 mantener la ventaja en el marcador y porque domin\u00f3 los tableros (40 a 23 en rebotes).<\/p>\n<p>Supo tener 10 puntos de ventaja a 5m54s para el \u00faltimo descanso, pero no tuvo variantes para mantenerla. A pesar del dominio inicial (7-2) del conjunto visitante con Sterz y C\u00e1mara baj\u00f3 el cesto, Los Andes emparej\u00f3 el partido \u00a0(9-9) corriendo la cancha con Sella (9) y el aporte de Zangla que lleg\u00f3 desde el banco. Un buen pasaje de C\u00e1mara le permiti\u00f3 a Estrella alejarse en el incio del segundo cuarto (27-21) pero en algo m\u00e1s de dos minutos y apoy\u00e1ndose otra vez en Sella el local pas\u00f3 al frente 29 a 28 a 4m10s para el descanso largo.<\/p>\n<p>Un t\u00e9cnico a Guido Canella le dio la oportunidad al equipo de Queti de volver a sacar 6 de diferencia luego del acierto de Sterz en la l\u00ednea y un doble en penetraci\u00f3n de Trellini. Sin embargo Agalupe acert\u00f3 sobre el cierre del primer tiempo desde 6m75 y la diferencia al descanso largo fue de solo tres puntos. De lo peor del partido fue el tercer segmento, muchos errores e imprecisiones en ambos equipos, aunque fue Estrella el que pudo sacar mayor r\u00e9dito y lograr la ventaja m\u00e1xima de la noche (47-37) a 5m54s para el \u00faltimo descanso.<\/p>\n<p>En los \u00faltimos 10 minutos, Estrella sab\u00eda que deb\u00eda ser paciente y tratar de doblegar a su rival si quer\u00eda seguir con vida. Los Andes, caso contrario, sab\u00eda que no ten\u00eda nada que perder y mucho por ganar. Por eso el conjunto de Carbonell fue m\u00e1s agresivo en defensa, busco pasarse mejor la bola en ataque e intent\u00f3 dar vuelta el resultado. Pero era la noche de Estrella. Un muy buen pasaje de Cardone (6) tanto en defensa como en ataque le dio variantes al equipo de Queti que no encontraba gol.<\/p>\n<p>Encima Trellini acert\u00f3 su primer triple luego de 6 intentos a 1m05s para poner las cosas 62-56. Y aunque Zangla contest\u00f3 por la misa v\u00eda, \u00a0y Sella acert\u00f3 3\/3 TL para poner el partido 65-66, el visitante estuvo m\u00e1s fino en la l\u00ednea de los suspiros, cuando el minuto final transcurri\u00f3 de falta en falta. As\u00ed Estrella se asegur\u00f3 un quinto juego y en su casa. Pero en una serie tan pareja, nada est\u00e1 definido.<\/p>\n<p>[youtube]https:\/\/youtu.be\/031wqNmSznk[\/youtube]<\/p>\n<p><b>S\u00edntesis |<\/b><b>\u00a0<\/b>Segunda Divisi\u00f3n \u2013 Playoffs #4<\/p>\n<p><b>Los Andes 65:<\/b> Jerem\u00edas Gonc\u00e1lvez 3, Ignacio Sella 22, Guido Canella 8, Daniel Agalupe 10 (x), Mat\u00edas Amigo 9 (FI) Fabio Zangal 13. DT: Leandro Carbonell.<\/p>\n<p><b>Estrella 68:<\/b> Dami\u00e1n Carci, Mariano Trellini 8, Mat\u00edas Sepcogna 10, Maximiliano Sterz 16, Nahuel C\u00e1mara 12 (FI) Franco Cardone 6 (x), Agust\u00edn Almir\u00f3n 0, Santiago Quiroga 4, Alan Pan 0, Agust\u00edn Bianco 2. DT: Claudio Queti.<\/p>\n<p><b>Parciales:<\/b> 17-17, 34-37 (17-20), 9-12 (43-49) y 66-68 (22-19).<\/p>\n<p><b>\u00c1rbitros:<\/b> Horacio Sed\u00e1n \u2013 Sebasti\u00e1n Giannino<\/p>\n<p><b>Estadio:<\/b> Arubilio Severini (Argentino)<\/p>\n<p><a href=\"https:\/\/docs.google.com\/spreadsheets\/d\/1T7HpoEnv3j735npWIyebYvskQRC44NSEbDe3eldnoic\/pubhtml\" target=\"_blank\" rel=\"noopener\">Ver planilla<\/a><\/p>\n<p>[vimeo]https:\/\/vimeo.com\/133205580[\/vimeo]<\/p>\n","protected":false},"excerpt":{"rendered":"<p>Estrella venci\u00f3 a Los Andes: 68 a 65 y habr\u00e1 un juego m\u00e1s<\/p>\n","protected":false},"author":1,"featured_media":48214,"comment_status":"closed","ping_status":"open","sticky":false,"template":"","format":"standard","meta":{"jnews-multi-image_gallery":[],"jnews_single_post":[],"jnews_primary_category":[],"footnotes":""},"categories":[25,101],"tags":[10,584,256,152,322,270],"class_list":["post-48216","post","type-post","status-publish","format-standard","has-post-thumbnail","hentry","category-segunda","category-slide","tag-estrella","tag-fabio-zangla","tag-ignacio-sella","tag-los-andes","tag-maximiliano-sterz","tag-nahuel-camara"],"yoast_head":"<!-- This site is optimized with the Yoast SEO plugin v27.5 - https:\/\/yoast.com\/product\/yoast-seo-wordpress\/ -->\n<title>Nada definido - Gente de B\u00e1squet<\/title>\n<meta name=\"robots\" content=\"index, follow, max-snippet:-1, max-image-preview:large, max-video-preview:-1\" \/>\n<link rel=\"canonical\" href=\"http:\/\/gentedebasquet.com.ar\/sitio\/2015\/07\/10\/nada-definido\/\" \/>\n<meta property=\"og:locale\" content=\"es_ES\" \/>\n<meta property=\"og:type\" content=\"article\" \/>\n<meta property=\"og:title\" content=\"Nada definido - Gente de B\u00e1squet\" \/>\n<meta property=\"og:description\" content=\"Estrella venci\u00f3 a Los Andes: 68 a 65 y habr\u00e1 un juego m\u00e1s\" \/>\n<meta property=\"og:url\" content=\"http:\/\/gentedebasquet.com.ar\/sitio\/2015\/07\/10\/nada-definido\/\" \/>\n<meta property=\"og:site_name\" content=\"Gente de B\u00e1squet\" \/>\n<meta property=\"article:published_time\" content=\"2015-07-11T02:15:39+00:00\" \/>\n<meta property=\"og:image\" content=\"http:\/\/gentedebasquet.com.ar\/sitio\/wp-content\/uploads\/2015\/07\/Los-Andes-Estrella-4.jpg\" \/>\n\t<meta property=\"og:image:width\" content=\"690\" \/>\n\t<meta property=\"og:image:height\" content=\"318\" \/>\n\t<meta property=\"og:image:type\" content=\"image\/jpeg\" \/>\n<meta name=\"author\" content=\"Gente de B\u00e1squet\" \/>\n<meta name=\"twitter:card\" content=\"summary_large_image\" \/>\n<meta name=\"twitter:label1\" content=\"Escrito por\" \/>\n\t<meta name=\"twitter:data1\" content=\"Gente de B\u00e1squet\" \/>\n\t<meta name=\"twitter:label2\" content=\"Tiempo de lectura\" \/>\n\t<meta name=\"twitter:data2\" content=\"3 minutos\" \/>\n<script type=\"application\/ld+json\" class=\"yoast-schema-graph\">{\"@context\":\"https:\\\/\\\/schema.org\",\"@graph\":[{\"@type\":\"Article\",\"@id\":\"http:\\\/\\\/gentedebasquet.com.ar\\\/sitio\\\/2015\\\/07\\\/10\\\/nada-definido\\\/#article\",\"isPartOf\":{\"@id\":\"http:\\\/\\\/gentedebasquet.com.ar\\\/sitio\\\/2015\\\/07\\\/10\\\/nada-definido\\\/\"},\"author\":{\"name\":\"Gente de B\u00e1squet\",\"@id\":\"https:\\\/\\\/gentedebasquet.com.ar\\\/sitio\\\/#\\\/schema\\\/person\\\/ca0b63bbb977369988a7bbbdc519943a\"},\"headline\":\"Nada definido\",\"datePublished\":\"2015-07-11T02:15:39+00:00\",\"mainEntityOfPage\":{\"@id\":\"http:\\\/\\\/gentedebasquet.com.ar\\\/sitio\\\/2015\\\/07\\\/10\\\/nada-definido\\\/\"},\"wordCount\":691,\"image\":{\"@id\":\"http:\\\/\\\/gentedebasquet.com.ar\\\/sitio\\\/2015\\\/07\\\/10\\\/nada-definido\\\/#primaryimage\"},\"thumbnailUrl\":\"http:\\\/\\\/gentedebasquet.com.ar\\\/sitio\\\/wp-content\\\/uploads\\\/2015\\\/07\\\/Los-Andes-Estrella-4.jpg\",\"keywords\":[\"Estrella\",\"Fabio Zangla\",\"Ignacio Sella\",\"Los Andes\",\"Maximiliano Sterz\",\"Nahuel C\u00e1mara\"],\"articleSection\":[\"Segunda\",\"Slide\"],\"inLanguage\":\"es\"},{\"@type\":\"WebPage\",\"@id\":\"http:\\\/\\\/gentedebasquet.com.ar\\\/sitio\\\/2015\\\/07\\\/10\\\/nada-definido\\\/\",\"url\":\"http:\\\/\\\/gentedebasquet.com.ar\\\/sitio\\\/2015\\\/07\\\/10\\\/nada-definido\\\/\",\"name\":\"Nada definido - Gente de B\u00e1squet\",\"isPartOf\":{\"@id\":\"https:\\\/\\\/gentedebasquet.com.ar\\\/sitio\\\/#website\"},\"primaryImageOfPage\":{\"@id\":\"http:\\\/\\\/gentedebasquet.com.ar\\\/sitio\\\/2015\\\/07\\\/10\\\/nada-definido\\\/#primaryimage\"},\"image\":{\"@id\":\"http:\\\/\\\/gentedebasquet.com.ar\\\/sitio\\\/2015\\\/07\\\/10\\\/nada-definido\\\/#primaryimage\"},\"thumbnailUrl\":\"http:\\\/\\\/gentedebasquet.com.ar\\\/sitio\\\/wp-content\\\/uploads\\\/2015\\\/07\\\/Los-Andes-Estrella-4.jpg\",\"datePublished\":\"2015-07-11T02:15:39+00:00\",\"author\":{\"@id\":\"https:\\\/\\\/gentedebasquet.com.ar\\\/sitio\\\/#\\\/schema\\\/person\\\/ca0b63bbb977369988a7bbbdc519943a\"},\"breadcrumb\":{\"@id\":\"http:\\\/\\\/gentedebasquet.com.ar\\\/sitio\\\/2015\\\/07\\\/10\\\/nada-definido\\\/#breadcrumb\"},\"inLanguage\":\"es\",\"potentialAction\":[{\"@type\":\"ReadAction\",\"target\":[\"http:\\\/\\\/gentedebasquet.com.ar\\\/sitio\\\/2015\\\/07\\\/10\\\/nada-definido\\\/\"]}]},{\"@type\":\"ImageObject\",\"inLanguage\":\"es\",\"@id\":\"http:\\\/\\\/gentedebasquet.com.ar\\\/sitio\\\/2015\\\/07\\\/10\\\/nada-definido\\\/#primaryimage\",\"url\":\"http:\\\/\\\/gentedebasquet.com.ar\\\/sitio\\\/wp-content\\\/uploads\\\/2015\\\/07\\\/Los-Andes-Estrella-4.jpg\",\"contentUrl\":\"http:\\\/\\\/gentedebasquet.com.ar\\\/sitio\\\/wp-content\\\/uploads\\\/2015\\\/07\\\/Los-Andes-Estrella-4.jpg\",\"width\":690,\"height\":318},{\"@type\":\"BreadcrumbList\",\"@id\":\"http:\\\/\\\/gentedebasquet.com.ar\\\/sitio\\\/2015\\\/07\\\/10\\\/nada-definido\\\/#breadcrumb\",\"itemListElement\":[{\"@type\":\"ListItem\",\"position\":1,\"name\":\"Portada\",\"item\":\"https:\\\/\\\/gentedebasquet.com.ar\\\/sitio\\\/\"},{\"@type\":\"ListItem\",\"position\":2,\"name\":\"Nada definido\"}]},{\"@type\":\"WebSite\",\"@id\":\"https:\\\/\\\/gentedebasquet.com.ar\\\/sitio\\\/#website\",\"url\":\"https:\\\/\\\/gentedebasquet.com.ar\\\/sitio\\\/\",\"name\":\"Gente de B\u00e1squet\",\"description\":\"La revista del basquet de Bah\u00eda Blanca\",\"potentialAction\":[{\"@type\":\"SearchAction\",\"target\":{\"@type\":\"EntryPoint\",\"urlTemplate\":\"https:\\\/\\\/gentedebasquet.com.ar\\\/sitio\\\/?s={search_term_string}\"},\"query-input\":{\"@type\":\"PropertyValueSpecification\",\"valueRequired\":true,\"valueName\":\"search_term_string\"}}],\"inLanguage\":\"es\"},{\"@type\":\"Person\",\"@id\":\"https:\\\/\\\/gentedebasquet.com.ar\\\/sitio\\\/#\\\/schema\\\/person\\\/ca0b63bbb977369988a7bbbdc519943a\",\"name\":\"Gente de B\u00e1squet\",\"image\":{\"@type\":\"ImageObject\",\"inLanguage\":\"es\",\"@id\":\"https:\\\/\\\/secure.gravatar.com\\\/avatar\\\/7f2c48bdc33b30088f941fb6082e555f2874c98e20cb159d7b92b50eadfce793?s=96&d=mm&r=g\",\"url\":\"https:\\\/\\\/secure.gravatar.com\\\/avatar\\\/7f2c48bdc33b30088f941fb6082e555f2874c98e20cb159d7b92b50eadfce793?s=96&d=mm&r=g\",\"contentUrl\":\"https:\\\/\\\/secure.gravatar.com\\\/avatar\\\/7f2c48bdc33b30088f941fb6082e555f2874c98e20cb159d7b92b50eadfce793?s=96&d=mm&r=g\",\"caption\":\"Gente de B\u00e1squet\"},\"sameAs\":[\"http:\\\/\\\/gentedebasquet.com.ar\\\/sitio\"],\"url\":\"http:\\\/\\\/gentedebasquet.com.ar\\\/sitio\\\/author\\\/ulises\\\/\"}]}<\/script>\n<!-- \/ Yoast SEO plugin. -->","yoast_head_json":{"title":"Nada definido - Gente de B\u00e1squet","robots":{"index":"index","follow":"follow","max-snippet":"max-snippet:-1","max-image-preview":"max-image-preview:large","max-video-preview":"max-video-preview:-1"},"canonical":"http:\/\/gentedebasquet.com.ar\/sitio\/2015\/07\/10\/nada-definido\/","og_locale":"es_ES","og_type":"article","og_title":"Nada definido - Gente de B\u00e1squet","og_description":"Estrella venci\u00f3 a Los Andes: 68 a 65 y habr\u00e1 un juego m\u00e1s","og_url":"http:\/\/gentedebasquet.com.ar\/sitio\/2015\/07\/10\/nada-definido\/","og_site_name":"Gente de B\u00e1squet","article_published_time":"2015-07-11T02:15:39+00:00","og_image":[{"width":690,"height":318,"url":"http:\/\/gentedebasquet.com.ar\/sitio\/wp-content\/uploads\/2015\/07\/Los-Andes-Estrella-4.jpg","type":"image\/jpeg"}],"author":"Gente de B\u00e1squet","twitter_card":"summary_large_image","twitter_misc":{"Escrito por":"Gente de B\u00e1squet","Tiempo de lectura":"3 minutos"},"schema":{"@context":"https:\/\/schema.org","@graph":[{"@type":"Article","@id":"http:\/\/gentedebasquet.com.ar\/sitio\/2015\/07\/10\/nada-definido\/#article","isPartOf":{"@id":"http:\/\/gentedebasquet.com.ar\/sitio\/2015\/07\/10\/nada-definido\/"},"author":{"name":"Gente de B\u00e1squet","@id":"https:\/\/gentedebasquet.com.ar\/sitio\/#\/schema\/person\/ca0b63bbb977369988a7bbbdc519943a"},"headline":"Nada definido","datePublished":"2015-07-11T02:15:39+00:00","mainEntityOfPage":{"@id":"http:\/\/gentedebasquet.com.ar\/sitio\/2015\/07\/10\/nada-definido\/"},"wordCount":691,"image":{"@id":"http:\/\/gentedebasquet.com.ar\/sitio\/2015\/07\/10\/nada-definido\/#primaryimage"},"thumbnailUrl":"http:\/\/gentedebasquet.com.ar\/sitio\/wp-content\/uploads\/2015\/07\/Los-Andes-Estrella-4.jpg","keywords":["Estrella","Fabio Zangla","Ignacio Sella","Los Andes","Maximiliano Sterz","Nahuel C\u00e1mara"],"articleSection":["Segunda","Slide"],"inLanguage":"es"},{"@type":"WebPage","@id":"http:\/\/gentedebasquet.com.ar\/sitio\/2015\/07\/10\/nada-definido\/","url":"http:\/\/gentedebasquet.com.ar\/sitio\/2015\/07\/10\/nada-definido\/","name":"Nada definido - Gente de B\u00e1squet","isPartOf":{"@id":"https:\/\/gentedebasquet.com.ar\/sitio\/#website"},"primaryImageOfPage":{"@id":"http:\/\/gentedebasquet.com.ar\/sitio\/2015\/07\/10\/nada-definido\/#primaryimage"},"image":{"@id":"http:\/\/gentedebasquet.com.ar\/sitio\/2015\/07\/10\/nada-definido\/#primaryimage"},"thumbnailUrl":"http:\/\/gentedebasquet.com.ar\/sitio\/wp-content\/uploads\/2015\/07\/Los-Andes-Estrella-4.jpg","datePublished":"2015-07-11T02:15:39+00:00","author":{"@id":"https:\/\/gentedebasquet.com.ar\/sitio\/#\/schema\/person\/ca0b63bbb977369988a7bbbdc519943a"},"breadcrumb":{"@id":"http:\/\/gentedebasquet.com.ar\/sitio\/2015\/07\/10\/nada-definido\/#breadcrumb"},"inLanguage":"es","potentialAction":[{"@type":"ReadAction","target":["http:\/\/gentedebasquet.com.ar\/sitio\/2015\/07\/10\/nada-definido\/"]}]},{"@type":"ImageObject","inLanguage":"es","@id":"http:\/\/gentedebasquet.com.ar\/sitio\/2015\/07\/10\/nada-definido\/#primaryimage","url":"http:\/\/gentedebasquet.com.ar\/sitio\/wp-content\/uploads\/2015\/07\/Los-Andes-Estrella-4.jpg","contentUrl":"http:\/\/gentedebasquet.com.ar\/sitio\/wp-content\/uploads\/2015\/07\/Los-Andes-Estrella-4.jpg","width":690,"height":318},{"@type":"BreadcrumbList","@id":"http:\/\/gentedebasquet.com.ar\/sitio\/2015\/07\/10\/nada-definido\/#breadcrumb","itemListElement":[{"@type":"ListItem","position":1,"name":"Portada","item":"https:\/\/gentedebasquet.com.ar\/sitio\/"},{"@type":"ListItem","position":2,"name":"Nada definido"}]},{"@type":"WebSite","@id":"https:\/\/gentedebasquet.com.ar\/sitio\/#website","url":"https:\/\/gentedebasquet.com.ar\/sitio\/","name":"Gente de B\u00e1squet","description":"La revista del basquet de Bah\u00eda Blanca","potentialAction":[{"@type":"SearchAction","target":{"@type":"EntryPoint","urlTemplate":"https:\/\/gentedebasquet.com.ar\/sitio\/?s={search_term_string}"},"query-input":{"@type":"PropertyValueSpecification","valueRequired":true,"valueName":"search_term_string"}}],"inLanguage":"es"},{"@type":"Person","@id":"https:\/\/gentedebasquet.com.ar\/sitio\/#\/schema\/person\/ca0b63bbb977369988a7bbbdc519943a","name":"Gente de B\u00e1squet","image":{"@type":"ImageObject","inLanguage":"es","@id":"https:\/\/secure.gravatar.com\/avatar\/7f2c48bdc33b30088f941fb6082e555f2874c98e20cb159d7b92b50eadfce793?s=96&d=mm&r=g","url":"https:\/\/secure.gravatar.com\/avatar\/7f2c48bdc33b30088f941fb6082e555f2874c98e20cb159d7b92b50eadfce793?s=96&d=mm&r=g","contentUrl":"https:\/\/secure.gravatar.com\/avatar\/7f2c48bdc33b30088f941fb6082e555f2874c98e20cb159d7b92b50eadfce793?s=96&d=mm&r=g","caption":"Gente de B\u00e1squet"},"sameAs":["http:\/\/gentedebasquet.com.ar\/sitio"],"url":"http:\/\/gentedebasquet.com.ar\/sitio\/author\/ulises\/"}]}},"_links":{"self":[{"href":"http:\/\/gentedebasquet.com.ar\/sitio\/wp-json\/wp\/v2\/posts\/48216","targetHints":{"allow":["GET"]}}],"collection":[{"href":"http:\/\/gentedebasquet.com.ar\/sitio\/wp-json\/wp\/v2\/posts"}],"about":[{"href":"http:\/\/gentedebasquet.com.ar\/sitio\/wp-json\/wp\/v2\/types\/post"}],"author":[{"embeddable":true,"href":"http:\/\/gentedebasquet.com.ar\/sitio\/wp-json\/wp\/v2\/users\/1"}],"replies":[{"embeddable":true,"href":"http:\/\/gentedebasquet.com.ar\/sitio\/wp-json\/wp\/v2\/comments?post=48216"}],"version-history":[{"count":0,"href":"http:\/\/gentedebasquet.com.ar\/sitio\/wp-json\/wp\/v2\/posts\/48216\/revisions"}],"wp:featuredmedia":[{"embeddable":true,"href":"http:\/\/gentedebasquet.com.ar\/sitio\/wp-json\/wp\/v2\/media\/48214"}],"wp:attachment":[{"href":"http:\/\/gentedebasquet.com.ar\/sitio\/wp-json\/wp\/v2\/media?parent=48216"}],"wp:term":[{"taxonomy":"category","embeddable":true,"href":"http:\/\/gentedebasquet.com.ar\/sitio\/wp-json\/wp\/v2\/categories?post=48216"},{"taxonomy":"post_tag","embeddable":true,"href":"http:\/\/gentedebasquet.com.ar\/sitio\/wp-json\/wp\/v2\/tags?post=48216"}],"curies":[{"name":"wp","href":"https:\/\/api.w.org\/{rel}","templated":true}]}}