{"id":48549,"date":"2015-07-17T23:45:49","date_gmt":"2015-07-18T02:45:49","guid":{"rendered":"http:\/\/www.gentedebasquet.com.ar\/?p=48549"},"modified":"2015-07-17T23:45:49","modified_gmt":"2015-07-18T02:45:49","slug":"en-tu-casa-mando-yo","status":"publish","type":"post","link":"http:\/\/gentedebasquet.com.ar\/sitio\/2015\/07\/17\/en-tu-casa-mando-yo\/","title":{"rendered":"En tu casa mando yo"},"content":{"rendered":"<p><strong>En uno de los partidos m\u00e1s atractivos del a\u00f1o, y ante un interesante marco de p\u00fablico, Independiente venci\u00f3 a Estrella como visitante por 91 a 85, igual\u00f3 la semifinal 1-1 y recuper\u00f3 la ventaja de local\u00eda. Todos los duelos entre si del 2015 (4) lo gan\u00f3 el visitante. El auriazul se fue al descanso largo con dos bombazos impresionantes del eterno Deminicis (51-46) y alcanz\u00f3 11 de luz en el amanecer del 4C corriendo la cancha con Carci (25) y Pan (14). Pero el Viola reaccion\u00f3 de la mano de Uriel Mart\u00ednez (18), dio el golpe de KO con un triplazo de Branciforte (23) y lo cerr\u00f3 en la l\u00ednea v\u00eda Maidana (18 con 12\/14 TL). Lo mejor est\u00e1 por venir.<\/strong><\/p>\n<p>Los playoffs son otra historia. A esta altura del a\u00f1o, con el fr\u00edo a flor de piel, la gente de b\u00e1squet acompa\u00f1a a su equipo y en esta ocasi\u00f3n, Estrella e Independiente no defraudaron. El Viola releg\u00f3 su ventaja de local\u00eda al caer en el <a href=\"http:\/\/www.gentedebasquet.com.ar\/con-brillo-propio-2\/\" target=\"_blank\" rel=\"noopener\">primer juego<\/a> disputado en el Hermanos Barral, pero se puso de pie r\u00e1pidamente, se recuper\u00f3 de una desventaja de 11 unidades y, a puro coraje, logr\u00f3 igualar la semifinal del Ciudad de Bah\u00eda Blanca.<\/p>\n<p>El juego comenz\u00f3 intenso y cortado por infracciones. Sterz fue dominante, encontr\u00f3 gol y carg\u00f3 a los internos de la visita. Enfrente, Uriel Mart\u00ednez se erigi\u00f3 como la grata sorpresa del partido, llegando desde el banco y colaborando cerca de los tableros. No obstante, reci\u00e9n en el arranque del 2C el Viola encontr\u00f3 5 unidades de luz, producto de una bomba de Reschini y un corte seguido de bandeja de Branciforte (25-30). La m\u00e1xima de la visita, recostado en zona tras una leve presi\u00f3n en media cancha, alcanz\u00f3 la decena (27-37).<\/p>\n<p>El ingreso de Alan Pan le dio otro ritmo al ataque auriazul. Adem\u00e1s, el tirador entr\u00f3 cargado y encest\u00f3 11 unidades en fila (en 2m28) para que su equipo pase de estar 31-40 a ganar 42-41 a 1m11 del descanso largo. M\u00e1s a\u00fan, el cierre le ten\u00eda guardado en bello regalo al p\u00fablico local. A 11s, Emiliano Deminicis (cumpli\u00f3 43 en abril) tom\u00f3 el tiro y anot\u00f3 el triple (48-46). El viola sac\u00f3 r\u00e1pido y Caputo fall\u00f3 la bandeja, el rebote \u00a1lo baj\u00f3 Deminicis!, quien inici\u00f3 el contra ataque y volvi\u00f3 a anotar desde 6.75 metros para que el Luis \u00c1lvarez estalle en aplausos (51-46).<\/p>\n<p>El envi\u00f3n an\u00edmico lo aprovech\u00f3 Carci, rompiendo primera l\u00ednea y llegando al cesto. As\u00ed, Estrella escap\u00f3 61-52 en la mitad del 3C y alcanz\u00f3 11 de ventaja (74-63) a 9m36 del ep\u00edlogo. Sin embargo, tanta dependencia de Carci al due\u00f1o de casa le jug\u00f3 una mala pasada porque fue perdiendo opciones al tiempo que Independiente fue tomando confianza. Un triple de Branciforte (77-68) reanim\u00f3 al Viola, que sell\u00f3 luego un parcial de 15 a 3 con un gran pasaje de Uriel Mart\u00ednez y otra bomba del escolta goleador: 80-83 a 2m18,<\/p>\n<p>Si bien faltaba una eternidad, y Estrella se puso a un punto (82-83), el partido, psicol\u00f3gicamente, pas\u00f3 a tener due\u00f1o en el banco visitante. Trellini (0\/3 3p en el 4C) y Agust\u00edn Almir\u00f3n (0\/2) tuvieron en sus manos la oportunidad para revivir al local, pero fallaron a distancia. A partir de all\u00ed, la visita realiz\u00f3 buenos bloqueos y se dedic\u00f3 a ser efectivo en la l\u00ednea para asegurar la victoria (13\/18 en el 4C), igualar la semifinal y dejar la llave al rojo vivo.<\/p>\n<p>&nbsp;<\/p>\n<p>[vimeo]http:\/\/vimeo.com\/133818642[\/vimeo]<\/p>\n<p>&nbsp;<\/p>\n<p><strong>S\u00edntesis |<\/strong> Segunda Divisi\u00f3n &#8211; Semifinales #2<\/p>\n<p><strong>Estrella 85:<\/strong> Agust\u00edn Bianco 0, Mariano Trellini 9 (x), Nahuel Camara 8 (x), Mat\u00edas Specogna 2, Maximiliano Sterz 9 (Fi); Dami\u00e1n Carci 25, Santiago Quiroga 4, Franco Cardone 2 (x), Alan Pan 14 (x), Andr\u00e9s Almir\u00f3n 3, Agust\u00edn Almir\u00f3n 3 y Emiliano Deminicis 6. DT: Claudio Queti.<\/p>\n<p><strong>Independiente 91:<\/strong> Juan Cruz Reschini 17, Sebasti\u00e1n Branciforte 23, Mauro Montanaro 3, Andr\u00e9s Maidana 18, Gustavo Banchero 5 (Fi); Uriel Mart\u00ednez 18, Nicol\u00e1s Caputo 0, Mauro Insaurralde 4 y Mariano Guill\u00e9n 3. DT: Javier Musumeci.<\/p>\n<p><strong>Parciales:<\/strong> 23-21, 51-46 (28-25), 72-63 (21-17) y 85-91 (13-28).<\/p>\n<p><strong>\u00c1rbitros:<\/strong> Miguel Firpo &#8211; Eduardo Ferreyra.<\/p>\n<p><strong>Estadio:<\/strong> Luis \u00c1lvarez (Estrella).<\/p>\n<p><strong>Serie:<\/strong> 1-1.<\/p>\n<p><a class=\"modalf iframe\" title=\"Planilla\" href=\"https:\/\/docs.google.com\/spreadsheets\/d\/1bxV9qdVilsfbVaU77LPX45ugFsQdByvl1uLTcXeLkbI\/pubhtml\" target=\"_blank\" rel=\"noopener\">Ver Planilla<\/a><\/p>\n<p>&nbsp;<\/p>\n<p>[vimeo]http:\/\/vimeo.com\/133820149[\/vimeo]<\/p>\n","protected":false},"excerpt":{"rendered":"<p>Como todo el a\u00f1o, la visita (Independiente) venci\u00f3 al local (Estrella): 91 a 85<\/p>\n","protected":false},"author":1,"featured_media":48582,"comment_status":"closed","ping_status":"closed","sticky":false,"template":"","format":"standard","meta":{"jnews-multi-image_gallery":[],"jnews_single_post":[],"jnews_primary_category":[],"footnotes":""},"categories":[25,101],"tags":[549,527,10,12,550,586,779],"class_list":["post-48549","post","type-post","status-publish","format-standard","has-post-thumbnail","hentry","category-segunda","category-slide","tag-andres-maidana","tag-damian-carci","tag-estrella","tag-independiente","tag-juan-cruz-reschini","tag-sebastian-branciforte","tag-uriel-martinez"],"yoast_head":"<!-- This site is optimized with the Yoast SEO plugin v27.5 - https:\/\/yoast.com\/product\/yoast-seo-wordpress\/ -->\n<title>En tu casa mando yo - Gente de B\u00e1squet<\/title>\n<meta name=\"robots\" content=\"index, follow, max-snippet:-1, max-image-preview:large, max-video-preview:-1\" \/>\n<link rel=\"canonical\" href=\"http:\/\/gentedebasquet.com.ar\/sitio\/2015\/07\/17\/en-tu-casa-mando-yo\/\" \/>\n<meta property=\"og:locale\" content=\"es_ES\" \/>\n<meta property=\"og:type\" content=\"article\" \/>\n<meta property=\"og:title\" content=\"En tu casa mando yo - Gente de B\u00e1squet\" \/>\n<meta property=\"og:description\" content=\"Como todo el a\u00f1o, la visita (Independiente) venci\u00f3 al local (Estrella): 91 a 85\" \/>\n<meta property=\"og:url\" content=\"http:\/\/gentedebasquet.com.ar\/sitio\/2015\/07\/17\/en-tu-casa-mando-yo\/\" \/>\n<meta property=\"og:site_name\" content=\"Gente de B\u00e1squet\" \/>\n<meta property=\"article:published_time\" content=\"2015-07-18T02:45:49+00:00\" \/>\n<meta property=\"og:image\" content=\"http:\/\/gentedebasquet.com.ar\/sitio\/wp-content\/uploads\/2015\/07\/Estrella-Independiente-2.jpg\" \/>\n\t<meta property=\"og:image:width\" content=\"690\" \/>\n\t<meta property=\"og:image:height\" content=\"319\" \/>\n\t<meta property=\"og:image:type\" content=\"image\/jpeg\" \/>\n<meta name=\"author\" content=\"Gente de B\u00e1squet\" \/>\n<meta name=\"twitter:card\" content=\"summary_large_image\" \/>\n<meta name=\"twitter:label1\" content=\"Escrito por\" \/>\n\t<meta name=\"twitter:data1\" content=\"Gente de B\u00e1squet\" \/>\n\t<meta name=\"twitter:label2\" content=\"Tiempo de lectura\" \/>\n\t<meta name=\"twitter:data2\" content=\"3 minutos\" \/>\n<script type=\"application\/ld+json\" class=\"yoast-schema-graph\">{\"@context\":\"https:\\\/\\\/schema.org\",\"@graph\":[{\"@type\":\"Article\",\"@id\":\"http:\\\/\\\/gentedebasquet.com.ar\\\/sitio\\\/2015\\\/07\\\/17\\\/en-tu-casa-mando-yo\\\/#article\",\"isPartOf\":{\"@id\":\"http:\\\/\\\/gentedebasquet.com.ar\\\/sitio\\\/2015\\\/07\\\/17\\\/en-tu-casa-mando-yo\\\/\"},\"author\":{\"name\":\"Gente de B\u00e1squet\",\"@id\":\"https:\\\/\\\/gentedebasquet.com.ar\\\/sitio\\\/#\\\/schema\\\/person\\\/ca0b63bbb977369988a7bbbdc519943a\"},\"headline\":\"En tu casa mando yo\",\"datePublished\":\"2015-07-18T02:45:49+00:00\",\"mainEntityOfPage\":{\"@id\":\"http:\\\/\\\/gentedebasquet.com.ar\\\/sitio\\\/2015\\\/07\\\/17\\\/en-tu-casa-mando-yo\\\/\"},\"wordCount\":704,\"image\":{\"@id\":\"http:\\\/\\\/gentedebasquet.com.ar\\\/sitio\\\/2015\\\/07\\\/17\\\/en-tu-casa-mando-yo\\\/#primaryimage\"},\"thumbnailUrl\":\"http:\\\/\\\/gentedebasquet.com.ar\\\/sitio\\\/wp-content\\\/uploads\\\/2015\\\/07\\\/Estrella-Independiente-2.jpg\",\"keywords\":[\"Andr\u00e9s Maidana\",\"Dami\u00e1n Carci\",\"Estrella\",\"independiente\",\"Juan Cruz Reschini\",\"Sebasti\u00e1n Branciforte\",\"uriel martinez\"],\"articleSection\":[\"Segunda\",\"Slide\"],\"inLanguage\":\"es\"},{\"@type\":\"WebPage\",\"@id\":\"http:\\\/\\\/gentedebasquet.com.ar\\\/sitio\\\/2015\\\/07\\\/17\\\/en-tu-casa-mando-yo\\\/\",\"url\":\"http:\\\/\\\/gentedebasquet.com.ar\\\/sitio\\\/2015\\\/07\\\/17\\\/en-tu-casa-mando-yo\\\/\",\"name\":\"En tu casa mando yo - Gente de B\u00e1squet\",\"isPartOf\":{\"@id\":\"https:\\\/\\\/gentedebasquet.com.ar\\\/sitio\\\/#website\"},\"primaryImageOfPage\":{\"@id\":\"http:\\\/\\\/gentedebasquet.com.ar\\\/sitio\\\/2015\\\/07\\\/17\\\/en-tu-casa-mando-yo\\\/#primaryimage\"},\"image\":{\"@id\":\"http:\\\/\\\/gentedebasquet.com.ar\\\/sitio\\\/2015\\\/07\\\/17\\\/en-tu-casa-mando-yo\\\/#primaryimage\"},\"thumbnailUrl\":\"http:\\\/\\\/gentedebasquet.com.ar\\\/sitio\\\/wp-content\\\/uploads\\\/2015\\\/07\\\/Estrella-Independiente-2.jpg\",\"datePublished\":\"2015-07-18T02:45:49+00:00\",\"author\":{\"@id\":\"https:\\\/\\\/gentedebasquet.com.ar\\\/sitio\\\/#\\\/schema\\\/person\\\/ca0b63bbb977369988a7bbbdc519943a\"},\"breadcrumb\":{\"@id\":\"http:\\\/\\\/gentedebasquet.com.ar\\\/sitio\\\/2015\\\/07\\\/17\\\/en-tu-casa-mando-yo\\\/#breadcrumb\"},\"inLanguage\":\"es\",\"potentialAction\":[{\"@type\":\"ReadAction\",\"target\":[\"http:\\\/\\\/gentedebasquet.com.ar\\\/sitio\\\/2015\\\/07\\\/17\\\/en-tu-casa-mando-yo\\\/\"]}]},{\"@type\":\"ImageObject\",\"inLanguage\":\"es\",\"@id\":\"http:\\\/\\\/gentedebasquet.com.ar\\\/sitio\\\/2015\\\/07\\\/17\\\/en-tu-casa-mando-yo\\\/#primaryimage\",\"url\":\"http:\\\/\\\/gentedebasquet.com.ar\\\/sitio\\\/wp-content\\\/uploads\\\/2015\\\/07\\\/Estrella-Independiente-2.jpg\",\"contentUrl\":\"http:\\\/\\\/gentedebasquet.com.ar\\\/sitio\\\/wp-content\\\/uploads\\\/2015\\\/07\\\/Estrella-Independiente-2.jpg\",\"width\":690,\"height\":319},{\"@type\":\"BreadcrumbList\",\"@id\":\"http:\\\/\\\/gentedebasquet.com.ar\\\/sitio\\\/2015\\\/07\\\/17\\\/en-tu-casa-mando-yo\\\/#breadcrumb\",\"itemListElement\":[{\"@type\":\"ListItem\",\"position\":1,\"name\":\"Portada\",\"item\":\"https:\\\/\\\/gentedebasquet.com.ar\\\/sitio\\\/\"},{\"@type\":\"ListItem\",\"position\":2,\"name\":\"En tu casa mando yo\"}]},{\"@type\":\"WebSite\",\"@id\":\"https:\\\/\\\/gentedebasquet.com.ar\\\/sitio\\\/#website\",\"url\":\"https:\\\/\\\/gentedebasquet.com.ar\\\/sitio\\\/\",\"name\":\"Gente de B\u00e1squet\",\"description\":\"La revista del basquet de Bah\u00eda Blanca\",\"potentialAction\":[{\"@type\":\"SearchAction\",\"target\":{\"@type\":\"EntryPoint\",\"urlTemplate\":\"https:\\\/\\\/gentedebasquet.com.ar\\\/sitio\\\/?s={search_term_string}\"},\"query-input\":{\"@type\":\"PropertyValueSpecification\",\"valueRequired\":true,\"valueName\":\"search_term_string\"}}],\"inLanguage\":\"es\"},{\"@type\":\"Person\",\"@id\":\"https:\\\/\\\/gentedebasquet.com.ar\\\/sitio\\\/#\\\/schema\\\/person\\\/ca0b63bbb977369988a7bbbdc519943a\",\"name\":\"Gente de B\u00e1squet\",\"image\":{\"@type\":\"ImageObject\",\"inLanguage\":\"es\",\"@id\":\"https:\\\/\\\/secure.gravatar.com\\\/avatar\\\/7f2c48bdc33b30088f941fb6082e555f2874c98e20cb159d7b92b50eadfce793?s=96&d=mm&r=g\",\"url\":\"https:\\\/\\\/secure.gravatar.com\\\/avatar\\\/7f2c48bdc33b30088f941fb6082e555f2874c98e20cb159d7b92b50eadfce793?s=96&d=mm&r=g\",\"contentUrl\":\"https:\\\/\\\/secure.gravatar.com\\\/avatar\\\/7f2c48bdc33b30088f941fb6082e555f2874c98e20cb159d7b92b50eadfce793?s=96&d=mm&r=g\",\"caption\":\"Gente de B\u00e1squet\"},\"sameAs\":[\"http:\\\/\\\/gentedebasquet.com.ar\\\/sitio\"],\"url\":\"http:\\\/\\\/gentedebasquet.com.ar\\\/sitio\\\/author\\\/ulises\\\/\"}]}<\/script>\n<!-- \/ Yoast SEO plugin. -->","yoast_head_json":{"title":"En tu casa mando yo - Gente de B\u00e1squet","robots":{"index":"index","follow":"follow","max-snippet":"max-snippet:-1","max-image-preview":"max-image-preview:large","max-video-preview":"max-video-preview:-1"},"canonical":"http:\/\/gentedebasquet.com.ar\/sitio\/2015\/07\/17\/en-tu-casa-mando-yo\/","og_locale":"es_ES","og_type":"article","og_title":"En tu casa mando yo - Gente de B\u00e1squet","og_description":"Como todo el a\u00f1o, la visita (Independiente) venci\u00f3 al local (Estrella): 91 a 85","og_url":"http:\/\/gentedebasquet.com.ar\/sitio\/2015\/07\/17\/en-tu-casa-mando-yo\/","og_site_name":"Gente de B\u00e1squet","article_published_time":"2015-07-18T02:45:49+00:00","og_image":[{"width":690,"height":319,"url":"http:\/\/gentedebasquet.com.ar\/sitio\/wp-content\/uploads\/2015\/07\/Estrella-Independiente-2.jpg","type":"image\/jpeg"}],"author":"Gente de B\u00e1squet","twitter_card":"summary_large_image","twitter_misc":{"Escrito por":"Gente de B\u00e1squet","Tiempo de lectura":"3 minutos"},"schema":{"@context":"https:\/\/schema.org","@graph":[{"@type":"Article","@id":"http:\/\/gentedebasquet.com.ar\/sitio\/2015\/07\/17\/en-tu-casa-mando-yo\/#article","isPartOf":{"@id":"http:\/\/gentedebasquet.com.ar\/sitio\/2015\/07\/17\/en-tu-casa-mando-yo\/"},"author":{"name":"Gente de B\u00e1squet","@id":"https:\/\/gentedebasquet.com.ar\/sitio\/#\/schema\/person\/ca0b63bbb977369988a7bbbdc519943a"},"headline":"En tu casa mando yo","datePublished":"2015-07-18T02:45:49+00:00","mainEntityOfPage":{"@id":"http:\/\/gentedebasquet.com.ar\/sitio\/2015\/07\/17\/en-tu-casa-mando-yo\/"},"wordCount":704,"image":{"@id":"http:\/\/gentedebasquet.com.ar\/sitio\/2015\/07\/17\/en-tu-casa-mando-yo\/#primaryimage"},"thumbnailUrl":"http:\/\/gentedebasquet.com.ar\/sitio\/wp-content\/uploads\/2015\/07\/Estrella-Independiente-2.jpg","keywords":["Andr\u00e9s Maidana","Dami\u00e1n Carci","Estrella","independiente","Juan Cruz Reschini","Sebasti\u00e1n Branciforte","uriel martinez"],"articleSection":["Segunda","Slide"],"inLanguage":"es"},{"@type":"WebPage","@id":"http:\/\/gentedebasquet.com.ar\/sitio\/2015\/07\/17\/en-tu-casa-mando-yo\/","url":"http:\/\/gentedebasquet.com.ar\/sitio\/2015\/07\/17\/en-tu-casa-mando-yo\/","name":"En tu casa mando yo - Gente de B\u00e1squet","isPartOf":{"@id":"https:\/\/gentedebasquet.com.ar\/sitio\/#website"},"primaryImageOfPage":{"@id":"http:\/\/gentedebasquet.com.ar\/sitio\/2015\/07\/17\/en-tu-casa-mando-yo\/#primaryimage"},"image":{"@id":"http:\/\/gentedebasquet.com.ar\/sitio\/2015\/07\/17\/en-tu-casa-mando-yo\/#primaryimage"},"thumbnailUrl":"http:\/\/gentedebasquet.com.ar\/sitio\/wp-content\/uploads\/2015\/07\/Estrella-Independiente-2.jpg","datePublished":"2015-07-18T02:45:49+00:00","author":{"@id":"https:\/\/gentedebasquet.com.ar\/sitio\/#\/schema\/person\/ca0b63bbb977369988a7bbbdc519943a"},"breadcrumb":{"@id":"http:\/\/gentedebasquet.com.ar\/sitio\/2015\/07\/17\/en-tu-casa-mando-yo\/#breadcrumb"},"inLanguage":"es","potentialAction":[{"@type":"ReadAction","target":["http:\/\/gentedebasquet.com.ar\/sitio\/2015\/07\/17\/en-tu-casa-mando-yo\/"]}]},{"@type":"ImageObject","inLanguage":"es","@id":"http:\/\/gentedebasquet.com.ar\/sitio\/2015\/07\/17\/en-tu-casa-mando-yo\/#primaryimage","url":"http:\/\/gentedebasquet.com.ar\/sitio\/wp-content\/uploads\/2015\/07\/Estrella-Independiente-2.jpg","contentUrl":"http:\/\/gentedebasquet.com.ar\/sitio\/wp-content\/uploads\/2015\/07\/Estrella-Independiente-2.jpg","width":690,"height":319},{"@type":"BreadcrumbList","@id":"http:\/\/gentedebasquet.com.ar\/sitio\/2015\/07\/17\/en-tu-casa-mando-yo\/#breadcrumb","itemListElement":[{"@type":"ListItem","position":1,"name":"Portada","item":"https:\/\/gentedebasquet.com.ar\/sitio\/"},{"@type":"ListItem","position":2,"name":"En tu casa mando yo"}]},{"@type":"WebSite","@id":"https:\/\/gentedebasquet.com.ar\/sitio\/#website","url":"https:\/\/gentedebasquet.com.ar\/sitio\/","name":"Gente de B\u00e1squet","description":"La revista del basquet de Bah\u00eda Blanca","potentialAction":[{"@type":"SearchAction","target":{"@type":"EntryPoint","urlTemplate":"https:\/\/gentedebasquet.com.ar\/sitio\/?s={search_term_string}"},"query-input":{"@type":"PropertyValueSpecification","valueRequired":true,"valueName":"search_term_string"}}],"inLanguage":"es"},{"@type":"Person","@id":"https:\/\/gentedebasquet.com.ar\/sitio\/#\/schema\/person\/ca0b63bbb977369988a7bbbdc519943a","name":"Gente de B\u00e1squet","image":{"@type":"ImageObject","inLanguage":"es","@id":"https:\/\/secure.gravatar.com\/avatar\/7f2c48bdc33b30088f941fb6082e555f2874c98e20cb159d7b92b50eadfce793?s=96&d=mm&r=g","url":"https:\/\/secure.gravatar.com\/avatar\/7f2c48bdc33b30088f941fb6082e555f2874c98e20cb159d7b92b50eadfce793?s=96&d=mm&r=g","contentUrl":"https:\/\/secure.gravatar.com\/avatar\/7f2c48bdc33b30088f941fb6082e555f2874c98e20cb159d7b92b50eadfce793?s=96&d=mm&r=g","caption":"Gente de B\u00e1squet"},"sameAs":["http:\/\/gentedebasquet.com.ar\/sitio"],"url":"http:\/\/gentedebasquet.com.ar\/sitio\/author\/ulises\/"}]}},"_links":{"self":[{"href":"http:\/\/gentedebasquet.com.ar\/sitio\/wp-json\/wp\/v2\/posts\/48549","targetHints":{"allow":["GET"]}}],"collection":[{"href":"http:\/\/gentedebasquet.com.ar\/sitio\/wp-json\/wp\/v2\/posts"}],"about":[{"href":"http:\/\/gentedebasquet.com.ar\/sitio\/wp-json\/wp\/v2\/types\/post"}],"author":[{"embeddable":true,"href":"http:\/\/gentedebasquet.com.ar\/sitio\/wp-json\/wp\/v2\/users\/1"}],"replies":[{"embeddable":true,"href":"http:\/\/gentedebasquet.com.ar\/sitio\/wp-json\/wp\/v2\/comments?post=48549"}],"version-history":[{"count":0,"href":"http:\/\/gentedebasquet.com.ar\/sitio\/wp-json\/wp\/v2\/posts\/48549\/revisions"}],"wp:featuredmedia":[{"embeddable":true,"href":"http:\/\/gentedebasquet.com.ar\/sitio\/wp-json\/wp\/v2\/media\/48582"}],"wp:attachment":[{"href":"http:\/\/gentedebasquet.com.ar\/sitio\/wp-json\/wp\/v2\/media?parent=48549"}],"wp:term":[{"taxonomy":"category","embeddable":true,"href":"http:\/\/gentedebasquet.com.ar\/sitio\/wp-json\/wp\/v2\/categories?post=48549"},{"taxonomy":"post_tag","embeddable":true,"href":"http:\/\/gentedebasquet.com.ar\/sitio\/wp-json\/wp\/v2\/tags?post=48549"}],"curies":[{"name":"wp","href":"https:\/\/api.w.org\/{rel}","templated":true}]}}