{"id":52023,"date":"2015-10-05T23:30:23","date_gmt":"2015-10-06T02:30:23","guid":{"rendered":"http:\/\/www.gentedebasquet.com.ar\/?p=52023"},"modified":"2015-10-05T23:30:23","modified_gmt":"2015-10-06T02:30:23","slug":"trio-los-panchos","status":"publish","type":"post","link":"http:\/\/gentedebasquet.com.ar\/sitio\/2015\/10\/05\/trio-los-panchos\/","title":{"rendered":"Tr\u00edo Los Panchos"},"content":{"rendered":"<p><strong>El Nacional y Barracas debieron jugar 55 minutos para encontrar un ganador, ya que el cabo de tres suplementario, el Celeste festej\u00f3 por 93 a 89. en el tiempo regular igualaron en 57. Luego, Harina (25) forz\u00f3 el 2TS con tres bombazos (69-69); Ranieri (28) estir\u00f3 la agon\u00eda (81-81); y finalmente, el local lo cerr\u00f3 con un triple de Monteoliva (12). El due\u00f1o de casa, que no cont\u00f3 con Quiroga (fisura en dedo del pie), tuvo buenas producciones, adem\u00e1s, de Facundo Mart\u00ednez (15) y Hoffmann (14). En la visita tambi\u00e9n sobresali\u00f3 Alema\u00f1y (29). El \u00faltimo partido de Primera con 3TS se hab\u00eda producido el <a href=\"http:\/\/www.gentedebasquet.com.ar\/triple-suplementariotriple-alegria\/\" target=\"_blank\" rel=\"noopener\">11 de octubre de 2012, entre Napost\u00e1 y San Lorenzo<\/a>.<\/strong><\/p>\n<p>Fueron dos partidos dentro de uno, o tres&#8230; Lo cierto es que El Nacional y Barracas Central jugaron el partido m\u00e1s largo en Primera de los \u00faltimos tres a\u00f1os, al recurrir a tres tiempos suplementarios para encontrar un ganador. El local, finalmente, se lo adjudic\u00f3 por 93 a 89, con decisiones que explican c\u00f3mo en el alargue, ambos equipos jugaron m\u00e1s y mejor que durante los cuarenta minutos reglamentarios.<\/p>\n<p>Con Ranieri como una estampilla sobre Harina, la visita se mostr\u00f3 m\u00e1s s\u00f3lida en el PT, alcanzando 6 de luz promediando el 2C. El celeste anot\u00f3 un solo gol de campo en 6m28 hasta que Monteoliva, Desimoni y Hoffmann acertaron a distancia. Incluso, en el amanecer del 3C, el local se puso a frente con el mejor pasaje ofensivo de Facundo Mart\u00ednez del a\u00f1o: 3\/3 en cancha, con bomba incluida, para dominar 39-35. Un par de contra ataques, conducidos por Alema\u00f1y, volvieron a equilibrar el score.<\/p>\n<p>Un triple de Harina dej\u00f3 el tanteador igualado en 57 a 45s. Luego, entre Horvath y Bert\u00f3n perdieron la bola y el propio Harina lo pudo ganar, pero fall\u00f3 su lanzamiento con valor doble. Apurado, Horvath tir\u00f3 inc\u00f3modo la \u00faltima pelota (57-57). El primer TS lo comenz\u00f3 mejor Barracas (60-66), pero Harina se carg\u00f3 el equipo al hombro y con tres bombas, volvi\u00f3 a empatar el luminoso (69-69).<\/p>\n<p>En el segundo TS se dio todo lo contrario. Fue El Nacional quien comand\u00f3 y lo pudo resolver en la l\u00ednea, pero Monteoliva hizo 1\/2 (81-78) y le dio otra vida a la visita: triple de Ranieri a la carrera (81-81). El local repuso tras un tiempo muerto y el propio Monteoliva fall\u00f3 su lanzamiento, entrando a la pintura. No obstante, el base descarg\u00f3 su bronca con una bomba en el tercer TS (90-86), d\u00e1ndole a su equipo tranquilidad para cerrar de una vez por todas el juego a su favor.<\/p>\n<p>&nbsp;<\/p>\n<p>[vimeo]http:\/\/vimeo.com\/141551680[\/vimeo]<\/p>\n<p>&nbsp;<\/p>\n<p><strong>S\u00edntesis |<\/strong> Primera Divisi\u00f3n &#8211; Oficial &#8211; Fecha #12<\/p>\n<p><strong>El Nacional\u00a093:<\/strong>\u00a0Franco Fern\u00e1ndez 7,\u00a0Federico Harina 25,\u00a0Francisco Hoffmann 14,\u00a0Nicol\u00e1s Vera 4,\u00a0Francisco Desimoni 7 (x) (Fi);\u00a0Facundo Mart\u00ednez 15,\u00a0Emiliano Iraola 2 (x),\u00a0Pomar Garbarino 5,\u00a0Mat\u00edas Monteoliva 12 y\u00a0Gonzalo Moreyra 2.\u00a0DT: Juan Andr\u00e9s Garc\u00eda.<\/p>\n<p><strong>Barracas Central\u00a089:<\/strong> Juan Ignacio\u00a0Reiner 2,\u00a0Sebasti\u00e1n Ranieri 28 (x),\u00a0Leonel Alema\u00f1y 29,\u00a0Maximiliano Bert\u00f3n 11,\u00a0Mart\u00edn Cleppe 9 (x) (Fi);\u00a0Mariano N\u00fa\u00f1ez 2 y\u00a0Juli\u00e1n Horvath 8.\u00a0DT: Juan Sergio Palumbo.<\/p>\n<p><strong>Parciales:\u00a0<\/strong>14-17, 27-28 (13-11), 45-44 (18-16) y 57-57 (12-13).<\/p>\n<p><strong>Suplementarios:<\/strong> 69-69 (12-12),\u00a081-81 (12-12) y 93-89 (12-8).<\/p>\n<p><strong><span style=\"line-height: 1.5em;\">\u00c1rbitros:\u00a0<\/span><\/strong>Horacio Sed\u00e1n &#8211; Jorge Blanco.<\/p>\n<p><strong>Estadio:\u00a0<\/strong>Hermanos Ciccioli (El Nacional).<\/p>\n<p><a class=\"modalf iframe\" title=\"Planilla\" href=\"https:\/\/docs.google.com\/spreadsheets\/d\/13Ffszgz99GhtYkQD7v6kh-_VVSd55BsacsNw7F0arSA\/pubhtml\" target=\"_blank\" rel=\"noopener\">Ver Planilla<\/a><\/p>\n","protected":false},"excerpt":{"rendered":"<p>Los triples de Harina posibilitaron la victoria de El Nacional sobre Barracas en \u00a1tres TS!<\/p>\n","protected":false},"author":1,"featured_media":52053,"comment_status":"closed","ping_status":"open","sticky":false,"template":"","format":"standard","meta":{"jnews-multi-image_gallery":[],"jnews_single_post":[],"jnews_primary_category":[],"footnotes":""},"categories":[23,101],"tags":[6,9,759,209,626,289,663,203],"class_list":["post-52023","post","type-post","status-publish","format-standard","has-post-thumbnail","hentry","category-primera","category-slide","tag-barracas-central","tag-el-nacional","tag-facundo-martinez","tag-federico-harina","tag-francisco-hoffmann","tag-leonel-alemany","tag-matias-monteoliva","tag-sebastian-ranieri"],"yoast_head":"<!-- This site is optimized with the Yoast SEO plugin v27.5 - https:\/\/yoast.com\/product\/yoast-seo-wordpress\/ -->\n<title>Tr\u00edo Los Panchos - Gente de B\u00e1squet<\/title>\n<meta name=\"robots\" content=\"index, follow, max-snippet:-1, max-image-preview:large, max-video-preview:-1\" \/>\n<link rel=\"canonical\" href=\"http:\/\/gentedebasquet.com.ar\/sitio\/2015\/10\/05\/trio-los-panchos\/\" \/>\n<meta property=\"og:locale\" content=\"es_ES\" \/>\n<meta property=\"og:type\" content=\"article\" \/>\n<meta property=\"og:title\" content=\"Tr\u00edo Los Panchos - Gente de B\u00e1squet\" \/>\n<meta property=\"og:description\" content=\"Los triples de Harina posibilitaron la victoria de El Nacional sobre Barracas en \u00a1tres TS!\" \/>\n<meta property=\"og:url\" content=\"http:\/\/gentedebasquet.com.ar\/sitio\/2015\/10\/05\/trio-los-panchos\/\" \/>\n<meta property=\"og:site_name\" content=\"Gente de B\u00e1squet\" \/>\n<meta property=\"article:published_time\" content=\"2015-10-06T02:30:23+00:00\" \/>\n<meta property=\"og:image\" content=\"http:\/\/gentedebasquet.com.ar\/sitio\/wp-content\/uploads\/2015\/10\/El-Nacional-Barracas-Harina.jpg\" \/>\n\t<meta property=\"og:image:width\" content=\"690\" \/>\n\t<meta property=\"og:image:height\" content=\"319\" \/>\n\t<meta property=\"og:image:type\" content=\"image\/jpeg\" \/>\n<meta name=\"author\" content=\"Gente de B\u00e1squet\" \/>\n<meta name=\"twitter:card\" content=\"summary_large_image\" \/>\n<meta name=\"twitter:label1\" content=\"Escrito por\" \/>\n\t<meta name=\"twitter:data1\" content=\"Gente de B\u00e1squet\" \/>\n\t<meta name=\"twitter:label2\" content=\"Tiempo de lectura\" \/>\n\t<meta name=\"twitter:data2\" content=\"3 minutos\" \/>\n<script type=\"application\/ld+json\" class=\"yoast-schema-graph\">{\"@context\":\"https:\\\/\\\/schema.org\",\"@graph\":[{\"@type\":\"Article\",\"@id\":\"http:\\\/\\\/gentedebasquet.com.ar\\\/sitio\\\/2015\\\/10\\\/05\\\/trio-los-panchos\\\/#article\",\"isPartOf\":{\"@id\":\"http:\\\/\\\/gentedebasquet.com.ar\\\/sitio\\\/2015\\\/10\\\/05\\\/trio-los-panchos\\\/\"},\"author\":{\"name\":\"Gente de B\u00e1squet\",\"@id\":\"https:\\\/\\\/gentedebasquet.com.ar\\\/sitio\\\/#\\\/schema\\\/person\\\/ca0b63bbb977369988a7bbbdc519943a\"},\"headline\":\"Tr\u00edo Los Panchos\",\"datePublished\":\"2015-10-06T02:30:23+00:00\",\"mainEntityOfPage\":{\"@id\":\"http:\\\/\\\/gentedebasquet.com.ar\\\/sitio\\\/2015\\\/10\\\/05\\\/trio-los-panchos\\\/\"},\"wordCount\":548,\"image\":{\"@id\":\"http:\\\/\\\/gentedebasquet.com.ar\\\/sitio\\\/2015\\\/10\\\/05\\\/trio-los-panchos\\\/#primaryimage\"},\"thumbnailUrl\":\"http:\\\/\\\/gentedebasquet.com.ar\\\/sitio\\\/wp-content\\\/uploads\\\/2015\\\/10\\\/El-Nacional-Barracas-Harina.jpg\",\"keywords\":[\"Barracas Central\",\"El Nacional\",\"Facundo Mart\u00ednez\",\"Federico Harina\",\"Francisco Hoffmann\",\"Leonel Alema\u00f1y\",\"Mat\u00edas Monteoliva\",\"Sebasti\u00e1n Ranieri\"],\"articleSection\":[\"Primera\",\"Slide\"],\"inLanguage\":\"es\"},{\"@type\":\"WebPage\",\"@id\":\"http:\\\/\\\/gentedebasquet.com.ar\\\/sitio\\\/2015\\\/10\\\/05\\\/trio-los-panchos\\\/\",\"url\":\"http:\\\/\\\/gentedebasquet.com.ar\\\/sitio\\\/2015\\\/10\\\/05\\\/trio-los-panchos\\\/\",\"name\":\"Tr\u00edo Los Panchos - Gente de B\u00e1squet\",\"isPartOf\":{\"@id\":\"https:\\\/\\\/gentedebasquet.com.ar\\\/sitio\\\/#website\"},\"primaryImageOfPage\":{\"@id\":\"http:\\\/\\\/gentedebasquet.com.ar\\\/sitio\\\/2015\\\/10\\\/05\\\/trio-los-panchos\\\/#primaryimage\"},\"image\":{\"@id\":\"http:\\\/\\\/gentedebasquet.com.ar\\\/sitio\\\/2015\\\/10\\\/05\\\/trio-los-panchos\\\/#primaryimage\"},\"thumbnailUrl\":\"http:\\\/\\\/gentedebasquet.com.ar\\\/sitio\\\/wp-content\\\/uploads\\\/2015\\\/10\\\/El-Nacional-Barracas-Harina.jpg\",\"datePublished\":\"2015-10-06T02:30:23+00:00\",\"author\":{\"@id\":\"https:\\\/\\\/gentedebasquet.com.ar\\\/sitio\\\/#\\\/schema\\\/person\\\/ca0b63bbb977369988a7bbbdc519943a\"},\"breadcrumb\":{\"@id\":\"http:\\\/\\\/gentedebasquet.com.ar\\\/sitio\\\/2015\\\/10\\\/05\\\/trio-los-panchos\\\/#breadcrumb\"},\"inLanguage\":\"es\",\"potentialAction\":[{\"@type\":\"ReadAction\",\"target\":[\"http:\\\/\\\/gentedebasquet.com.ar\\\/sitio\\\/2015\\\/10\\\/05\\\/trio-los-panchos\\\/\"]}]},{\"@type\":\"ImageObject\",\"inLanguage\":\"es\",\"@id\":\"http:\\\/\\\/gentedebasquet.com.ar\\\/sitio\\\/2015\\\/10\\\/05\\\/trio-los-panchos\\\/#primaryimage\",\"url\":\"http:\\\/\\\/gentedebasquet.com.ar\\\/sitio\\\/wp-content\\\/uploads\\\/2015\\\/10\\\/El-Nacional-Barracas-Harina.jpg\",\"contentUrl\":\"http:\\\/\\\/gentedebasquet.com.ar\\\/sitio\\\/wp-content\\\/uploads\\\/2015\\\/10\\\/El-Nacional-Barracas-Harina.jpg\",\"width\":690,\"height\":319},{\"@type\":\"BreadcrumbList\",\"@id\":\"http:\\\/\\\/gentedebasquet.com.ar\\\/sitio\\\/2015\\\/10\\\/05\\\/trio-los-panchos\\\/#breadcrumb\",\"itemListElement\":[{\"@type\":\"ListItem\",\"position\":1,\"name\":\"Portada\",\"item\":\"https:\\\/\\\/gentedebasquet.com.ar\\\/sitio\\\/\"},{\"@type\":\"ListItem\",\"position\":2,\"name\":\"Tr\u00edo Los Panchos\"}]},{\"@type\":\"WebSite\",\"@id\":\"https:\\\/\\\/gentedebasquet.com.ar\\\/sitio\\\/#website\",\"url\":\"https:\\\/\\\/gentedebasquet.com.ar\\\/sitio\\\/\",\"name\":\"Gente de B\u00e1squet\",\"description\":\"La revista del basquet de Bah\u00eda Blanca\",\"potentialAction\":[{\"@type\":\"SearchAction\",\"target\":{\"@type\":\"EntryPoint\",\"urlTemplate\":\"https:\\\/\\\/gentedebasquet.com.ar\\\/sitio\\\/?s={search_term_string}\"},\"query-input\":{\"@type\":\"PropertyValueSpecification\",\"valueRequired\":true,\"valueName\":\"search_term_string\"}}],\"inLanguage\":\"es\"},{\"@type\":\"Person\",\"@id\":\"https:\\\/\\\/gentedebasquet.com.ar\\\/sitio\\\/#\\\/schema\\\/person\\\/ca0b63bbb977369988a7bbbdc519943a\",\"name\":\"Gente de B\u00e1squet\",\"image\":{\"@type\":\"ImageObject\",\"inLanguage\":\"es\",\"@id\":\"https:\\\/\\\/secure.gravatar.com\\\/avatar\\\/7f2c48bdc33b30088f941fb6082e555f2874c98e20cb159d7b92b50eadfce793?s=96&d=mm&r=g\",\"url\":\"https:\\\/\\\/secure.gravatar.com\\\/avatar\\\/7f2c48bdc33b30088f941fb6082e555f2874c98e20cb159d7b92b50eadfce793?s=96&d=mm&r=g\",\"contentUrl\":\"https:\\\/\\\/secure.gravatar.com\\\/avatar\\\/7f2c48bdc33b30088f941fb6082e555f2874c98e20cb159d7b92b50eadfce793?s=96&d=mm&r=g\",\"caption\":\"Gente de B\u00e1squet\"},\"sameAs\":[\"http:\\\/\\\/gentedebasquet.com.ar\\\/sitio\"],\"url\":\"http:\\\/\\\/gentedebasquet.com.ar\\\/sitio\\\/author\\\/ulises\\\/\"}]}<\/script>\n<!-- \/ Yoast SEO plugin. -->","yoast_head_json":{"title":"Tr\u00edo Los Panchos - Gente de B\u00e1squet","robots":{"index":"index","follow":"follow","max-snippet":"max-snippet:-1","max-image-preview":"max-image-preview:large","max-video-preview":"max-video-preview:-1"},"canonical":"http:\/\/gentedebasquet.com.ar\/sitio\/2015\/10\/05\/trio-los-panchos\/","og_locale":"es_ES","og_type":"article","og_title":"Tr\u00edo Los Panchos - Gente de B\u00e1squet","og_description":"Los triples de Harina posibilitaron la victoria de El Nacional sobre Barracas en \u00a1tres TS!","og_url":"http:\/\/gentedebasquet.com.ar\/sitio\/2015\/10\/05\/trio-los-panchos\/","og_site_name":"Gente de B\u00e1squet","article_published_time":"2015-10-06T02:30:23+00:00","og_image":[{"width":690,"height":319,"url":"http:\/\/gentedebasquet.com.ar\/sitio\/wp-content\/uploads\/2015\/10\/El-Nacional-Barracas-Harina.jpg","type":"image\/jpeg"}],"author":"Gente de B\u00e1squet","twitter_card":"summary_large_image","twitter_misc":{"Escrito por":"Gente de B\u00e1squet","Tiempo de lectura":"3 minutos"},"schema":{"@context":"https:\/\/schema.org","@graph":[{"@type":"Article","@id":"http:\/\/gentedebasquet.com.ar\/sitio\/2015\/10\/05\/trio-los-panchos\/#article","isPartOf":{"@id":"http:\/\/gentedebasquet.com.ar\/sitio\/2015\/10\/05\/trio-los-panchos\/"},"author":{"name":"Gente de B\u00e1squet","@id":"https:\/\/gentedebasquet.com.ar\/sitio\/#\/schema\/person\/ca0b63bbb977369988a7bbbdc519943a"},"headline":"Tr\u00edo Los Panchos","datePublished":"2015-10-06T02:30:23+00:00","mainEntityOfPage":{"@id":"http:\/\/gentedebasquet.com.ar\/sitio\/2015\/10\/05\/trio-los-panchos\/"},"wordCount":548,"image":{"@id":"http:\/\/gentedebasquet.com.ar\/sitio\/2015\/10\/05\/trio-los-panchos\/#primaryimage"},"thumbnailUrl":"http:\/\/gentedebasquet.com.ar\/sitio\/wp-content\/uploads\/2015\/10\/El-Nacional-Barracas-Harina.jpg","keywords":["Barracas Central","El Nacional","Facundo Mart\u00ednez","Federico Harina","Francisco Hoffmann","Leonel Alema\u00f1y","Mat\u00edas Monteoliva","Sebasti\u00e1n Ranieri"],"articleSection":["Primera","Slide"],"inLanguage":"es"},{"@type":"WebPage","@id":"http:\/\/gentedebasquet.com.ar\/sitio\/2015\/10\/05\/trio-los-panchos\/","url":"http:\/\/gentedebasquet.com.ar\/sitio\/2015\/10\/05\/trio-los-panchos\/","name":"Tr\u00edo Los Panchos - Gente de B\u00e1squet","isPartOf":{"@id":"https:\/\/gentedebasquet.com.ar\/sitio\/#website"},"primaryImageOfPage":{"@id":"http:\/\/gentedebasquet.com.ar\/sitio\/2015\/10\/05\/trio-los-panchos\/#primaryimage"},"image":{"@id":"http:\/\/gentedebasquet.com.ar\/sitio\/2015\/10\/05\/trio-los-panchos\/#primaryimage"},"thumbnailUrl":"http:\/\/gentedebasquet.com.ar\/sitio\/wp-content\/uploads\/2015\/10\/El-Nacional-Barracas-Harina.jpg","datePublished":"2015-10-06T02:30:23+00:00","author":{"@id":"https:\/\/gentedebasquet.com.ar\/sitio\/#\/schema\/person\/ca0b63bbb977369988a7bbbdc519943a"},"breadcrumb":{"@id":"http:\/\/gentedebasquet.com.ar\/sitio\/2015\/10\/05\/trio-los-panchos\/#breadcrumb"},"inLanguage":"es","potentialAction":[{"@type":"ReadAction","target":["http:\/\/gentedebasquet.com.ar\/sitio\/2015\/10\/05\/trio-los-panchos\/"]}]},{"@type":"ImageObject","inLanguage":"es","@id":"http:\/\/gentedebasquet.com.ar\/sitio\/2015\/10\/05\/trio-los-panchos\/#primaryimage","url":"http:\/\/gentedebasquet.com.ar\/sitio\/wp-content\/uploads\/2015\/10\/El-Nacional-Barracas-Harina.jpg","contentUrl":"http:\/\/gentedebasquet.com.ar\/sitio\/wp-content\/uploads\/2015\/10\/El-Nacional-Barracas-Harina.jpg","width":690,"height":319},{"@type":"BreadcrumbList","@id":"http:\/\/gentedebasquet.com.ar\/sitio\/2015\/10\/05\/trio-los-panchos\/#breadcrumb","itemListElement":[{"@type":"ListItem","position":1,"name":"Portada","item":"https:\/\/gentedebasquet.com.ar\/sitio\/"},{"@type":"ListItem","position":2,"name":"Tr\u00edo Los Panchos"}]},{"@type":"WebSite","@id":"https:\/\/gentedebasquet.com.ar\/sitio\/#website","url":"https:\/\/gentedebasquet.com.ar\/sitio\/","name":"Gente de B\u00e1squet","description":"La revista del basquet de Bah\u00eda Blanca","potentialAction":[{"@type":"SearchAction","target":{"@type":"EntryPoint","urlTemplate":"https:\/\/gentedebasquet.com.ar\/sitio\/?s={search_term_string}"},"query-input":{"@type":"PropertyValueSpecification","valueRequired":true,"valueName":"search_term_string"}}],"inLanguage":"es"},{"@type":"Person","@id":"https:\/\/gentedebasquet.com.ar\/sitio\/#\/schema\/person\/ca0b63bbb977369988a7bbbdc519943a","name":"Gente de B\u00e1squet","image":{"@type":"ImageObject","inLanguage":"es","@id":"https:\/\/secure.gravatar.com\/avatar\/7f2c48bdc33b30088f941fb6082e555f2874c98e20cb159d7b92b50eadfce793?s=96&d=mm&r=g","url":"https:\/\/secure.gravatar.com\/avatar\/7f2c48bdc33b30088f941fb6082e555f2874c98e20cb159d7b92b50eadfce793?s=96&d=mm&r=g","contentUrl":"https:\/\/secure.gravatar.com\/avatar\/7f2c48bdc33b30088f941fb6082e555f2874c98e20cb159d7b92b50eadfce793?s=96&d=mm&r=g","caption":"Gente de B\u00e1squet"},"sameAs":["http:\/\/gentedebasquet.com.ar\/sitio"],"url":"http:\/\/gentedebasquet.com.ar\/sitio\/author\/ulises\/"}]}},"_links":{"self":[{"href":"http:\/\/gentedebasquet.com.ar\/sitio\/wp-json\/wp\/v2\/posts\/52023","targetHints":{"allow":["GET"]}}],"collection":[{"href":"http:\/\/gentedebasquet.com.ar\/sitio\/wp-json\/wp\/v2\/posts"}],"about":[{"href":"http:\/\/gentedebasquet.com.ar\/sitio\/wp-json\/wp\/v2\/types\/post"}],"author":[{"embeddable":true,"href":"http:\/\/gentedebasquet.com.ar\/sitio\/wp-json\/wp\/v2\/users\/1"}],"replies":[{"embeddable":true,"href":"http:\/\/gentedebasquet.com.ar\/sitio\/wp-json\/wp\/v2\/comments?post=52023"}],"version-history":[{"count":0,"href":"http:\/\/gentedebasquet.com.ar\/sitio\/wp-json\/wp\/v2\/posts\/52023\/revisions"}],"wp:featuredmedia":[{"embeddable":true,"href":"http:\/\/gentedebasquet.com.ar\/sitio\/wp-json\/wp\/v2\/media\/52053"}],"wp:attachment":[{"href":"http:\/\/gentedebasquet.com.ar\/sitio\/wp-json\/wp\/v2\/media?parent=52023"}],"wp:term":[{"taxonomy":"category","embeddable":true,"href":"http:\/\/gentedebasquet.com.ar\/sitio\/wp-json\/wp\/v2\/categories?post=52023"},{"taxonomy":"post_tag","embeddable":true,"href":"http:\/\/gentedebasquet.com.ar\/sitio\/wp-json\/wp\/v2\/tags?post=52023"}],"curies":[{"name":"wp","href":"https:\/\/api.w.org\/{rel}","templated":true}]}}