{"id":52467,"date":"2015-10-12T23:20:19","date_gmt":"2015-10-13T02:20:19","guid":{"rendered":"http:\/\/www.gentedebasquet.com.ar\/?p=52467"},"modified":"2015-10-12T23:20:19","modified_gmt":"2015-10-13T02:20:19","slug":"leuda-a-30-grados","status":"publish","type":"post","link":"http:\/\/gentedebasquet.com.ar\/sitio\/2015\/10\/12\/leuda-a-30-grados\/","title":{"rendered":"Leud\u00f3 a 30\u00baC"},"content":{"rendered":"<p><b>En uno de los encuentros postergados de la fecha 11, El Nacional se hizo de un triunfo clave en la lucha por zafar del descenso, en su casa ante 9 de Julio por 79-59. \u00a0 Federico Harina volvi\u00f3 a ser descollante, y alcanz\u00f3 su m\u00e1xima marca anotadora en 2015: 30 puntos con 6-11 en t3 y 10-11 en t1, secundado en ataque por Francisco Desimoni (12) y Emiliano Iraola (10).\u00a0 En la visita, Jonathan Thorp (14 y 9 tableros) y Mat\u00edas L\u00f3pez (11) fueron los m\u00e1s valiosos.\u00a0 Un dato negativo para el albiceleste: la lesi\u00f3n de Facundo Mart\u00ednez por un fuerte golpe en su rodilla derecha.<\/b><\/p>\n<p>El choque de estilos (el juego estacionado de El Nacional y las transiciones r\u00e1pidas de \u201c9\u201d) provoc\u00f3 una fea primera mitad.\u00a0 Harina abri\u00f3 el marcador con dos bombas al hilo, y permiti\u00f3 adelantar al local en 5m (9-4).\u00a0 No obstante, en los siguientes 2m la visita, mediante una buena labor de Thorp en la zona pintada (9 y 5 rebotes en el per\u00edodo) imprimi\u00f3 un parcial de 8-0 que ahora aventajaba al conjunto de Emiliano Rold\u00e1n.\u00a0 Sin embargo, la r\u00e1pida transici\u00f3n ofensiva de 9 de Julio no fue del todo eficiente (7 p\u00e9rdidas) y una buena defensa de el local, haciendo hincapi\u00e9 en cortar l\u00ednea de pase, sumado a un buen cierre de cuarto de Iraola (4) le dio la ventaja m\u00ednima al albiceleste (15-14).<\/p>\n<p>Luego de casi 5m sin anotar en el 2C, 9 de Julio anot\u00f3 otra racha de 8-0 en apenas un minuto, mediante una seguidilla ofensiva de Mauro Bl\u00e1zquez (dos dobles, uno con falta) y una bomba de Badillo.\u00a0 A El Nacional le cost\u00f3 generar ofensivas: si bien encontr\u00f3 en dos ocasiones a Nicol\u00e1s Quiroga (4) s\u00f3lo bajo el aro, Harina (5) tuvo que dar nuevamente la cara en ofensiva, pero sin concretar desde los 6,75mts.\u00a0 Con bajos porcentajes de campo (5-14 para el local, 6-16 para la visita), los de Garc\u00eda se fueron al descanso con una m\u00ednima brecha (31-30).<\/p>\n<p>Pero el descanso largo le sirvi\u00f3 a El Nacional, porque al regreso fue imparable.\u00a0 Sobre todo desde el per\u00edmetro, en donde ahora si contribuir\u00eda (y de gran forma) Harina, con 3 conexiones desde la medialuna.\u00a0 Aprovechando la baja de Thorp por 4ta falta, y presionando defensivamente en toda la cancha, el albiceleste pudo resolver con mayor soltura en el costado ofensivo, y sac\u00f3 r\u00e9dito desde la larga distancia, porque a los aportes de Harina, se sumaron Iraola (2), Mart\u00ednez y Hoffman para redondear un excepcional 7-12 (58%) que progresivamente fue estirando el d\u00e9ficit de 9 de Julio: 40-34, 50-41 y 59-45.<\/p>\n<p>Con poco m\u00e1s le alcanz\u00f3 a El Nacional para cerrar el partido ante un alica\u00eddo an\u00edmicamente 9 de Julio, que volvi\u00f3 a colocar a Thorp (3) en cancha, pero ya no fue lo mismo.\u00a0 Desimoni (6, incluso castigando a distancia) y una vez m\u00e1s, Harina (8) para poner el mo\u00f1o a otra noche de lujo, encontraron espacios en un equipo de Rold\u00e1n que ya no cont\u00f3 con din\u00e1mica de juego y que otorg\u00f3 ventaja m\u00e1xima de 23 a falta de 3m (79-56).<\/p>\n<p>&nbsp;<\/p>\n<p>[youtube]https:\/\/youtu.be\/C_ifrV2dMN4[\/youtube]<\/p>\n<p>&nbsp;<\/p>\n<p><b>S\u00edntesis| <\/b>Primera Divisi\u00f3n \u2013 Torneo Oficial \u2013 Fecha #11 (postergado)<\/p>\n<p><b>El Nacional 79: <\/b>Franco Fern\u00e1ndez 4, Federico Harina 30, Emiliano Iraola 10, Facundo Mart\u00ednez 7, Nicol\u00e1s Quiroga 9 (FI); Mat\u00edas Monteoliva 0, Gonzalo Moreyra 0, Nicol\u00e1s Vera 2, Esteban Arteaga 0, Francisco Hoffman 5.\u00a0 D.T: Juan Andr\u00e9s Garc\u00eda.<\/p>\n<p><b>9 de Julio 59: <\/b>Agust\u00edn Pena 6, Fernando Pe\u00f1alver 2, Marcelino Badillo 5, Jos\u00e9 Luis Mart\u00ednez 8, Jonathan Thorp 14 (FI); Mat\u00edas L\u00f3pez 11, Mauro Bl\u00e1zquez 4, Francisco Bonaguro 1, Alexis Z\u00e1rate 6, Federico Escobar 2, Manuel Slonimsqui 0.\u00a0 D.T: Emiliano Rold\u00e1n.<\/p>\n<p><b>Parciales: <\/b>15-14, 31-30 (16-16), 59-45 (28-15), 79-59 (20-14).<\/p>\n<p><b>\u00c1rbitros: <\/b>Javier S\u00e1nchez \u2013 Eduardo Ferreyra.<\/p>\n<p><b>Estadio: <\/b>Hermanos Ciccioli (El Nacional).<\/p>\n<p><a class=\"modalf iframe\" title=\"Planilla\" href=\"https:\/\/docs.google.com\/spreadsheets\/d\/1TD7MmBGB6V9RjV3am9Kz1W14CxoCdeKBcPSKakKgezw\/pubhtml\" target=\"_blank\" rel=\"noopener\">Ver Planilla<\/a><\/p>\n","protected":false},"excerpt":{"rendered":"<p>Con 30 puntos de Harina, El Nacional derrot\u00f3 a 9 de Julio por 79 a 59<\/p>\n","protected":false},"author":1,"featured_media":52468,"comment_status":"closed","ping_status":"open","sticky":false,"template":"","format":"standard","meta":{"jnews-multi-image_gallery":[],"jnews_single_post":[],"jnews_primary_category":[],"footnotes":""},"categories":[23,101],"tags":[2,9,661,209,236,741,1095],"class_list":["post-52467","post","type-post","status-publish","format-standard","has-post-thumbnail","hentry","category-primera","category-slide","tag-9dejulio","tag-el-nacional","tag-emiliano-iraola","tag-federico-harina","tag-francisco-desimoni","tag-jonathan-thorp","tag-matias-lopez"],"yoast_head":"<!-- This site is optimized with the Yoast SEO plugin v27.5 - https:\/\/yoast.com\/product\/yoast-seo-wordpress\/ -->\n<title>Leud\u00f3 a 30\u00baC - Gente de B\u00e1squet<\/title>\n<meta name=\"robots\" content=\"index, follow, max-snippet:-1, max-image-preview:large, max-video-preview:-1\" \/>\n<link rel=\"canonical\" href=\"http:\/\/gentedebasquet.com.ar\/sitio\/2015\/10\/12\/leuda-a-30-grados\/\" \/>\n<meta property=\"og:locale\" content=\"es_ES\" \/>\n<meta property=\"og:type\" content=\"article\" \/>\n<meta property=\"og:title\" content=\"Leud\u00f3 a 30\u00baC - Gente de B\u00e1squet\" \/>\n<meta property=\"og:description\" content=\"Con 30 puntos de Harina, El Nacional derrot\u00f3 a 9 de Julio por 79 a 59\" \/>\n<meta property=\"og:url\" content=\"http:\/\/gentedebasquet.com.ar\/sitio\/2015\/10\/12\/leuda-a-30-grados\/\" \/>\n<meta property=\"og:site_name\" content=\"Gente de B\u00e1squet\" \/>\n<meta property=\"article:published_time\" content=\"2015-10-13T02:20:19+00:00\" \/>\n<meta property=\"og:image\" content=\"http:\/\/gentedebasquet.com.ar\/sitio\/wp-content\/uploads\/2015\/10\/wp_ss_20151012_0005.png\" \/>\n\t<meta property=\"og:image:width\" content=\"690\" \/>\n\t<meta property=\"og:image:height\" content=\"320\" \/>\n\t<meta property=\"og:image:type\" content=\"image\/png\" \/>\n<meta name=\"author\" content=\"Gente de B\u00e1squet\" \/>\n<meta name=\"twitter:card\" content=\"summary_large_image\" \/>\n<meta name=\"twitter:label1\" content=\"Escrito por\" \/>\n\t<meta name=\"twitter:data1\" content=\"Gente de B\u00e1squet\" \/>\n\t<meta name=\"twitter:label2\" content=\"Tiempo de lectura\" \/>\n\t<meta name=\"twitter:data2\" content=\"3 minutos\" \/>\n<script type=\"application\/ld+json\" class=\"yoast-schema-graph\">{\"@context\":\"https:\\\/\\\/schema.org\",\"@graph\":[{\"@type\":\"Article\",\"@id\":\"http:\\\/\\\/gentedebasquet.com.ar\\\/sitio\\\/2015\\\/10\\\/12\\\/leuda-a-30-grados\\\/#article\",\"isPartOf\":{\"@id\":\"http:\\\/\\\/gentedebasquet.com.ar\\\/sitio\\\/2015\\\/10\\\/12\\\/leuda-a-30-grados\\\/\"},\"author\":{\"name\":\"Gente de B\u00e1squet\",\"@id\":\"https:\\\/\\\/gentedebasquet.com.ar\\\/sitio\\\/#\\\/schema\\\/person\\\/ca0b63bbb977369988a7bbbdc519943a\"},\"headline\":\"Leud\u00f3 a 30\u00baC\",\"datePublished\":\"2015-10-13T02:20:19+00:00\",\"mainEntityOfPage\":{\"@id\":\"http:\\\/\\\/gentedebasquet.com.ar\\\/sitio\\\/2015\\\/10\\\/12\\\/leuda-a-30-grados\\\/\"},\"wordCount\":634,\"image\":{\"@id\":\"http:\\\/\\\/gentedebasquet.com.ar\\\/sitio\\\/2015\\\/10\\\/12\\\/leuda-a-30-grados\\\/#primaryimage\"},\"thumbnailUrl\":\"http:\\\/\\\/gentedebasquet.com.ar\\\/sitio\\\/wp-content\\\/uploads\\\/2015\\\/10\\\/wp_ss_20151012_0005.png\",\"keywords\":[\"9 de Julio\",\"El Nacional\",\"Emiliano Iraola\",\"Federico Harina\",\"Francisco Desimoni\",\"Jonathan Thorp\",\"Mat\u00edas L\u00f3pez\"],\"articleSection\":[\"Primera\",\"Slide\"],\"inLanguage\":\"es\"},{\"@type\":\"WebPage\",\"@id\":\"http:\\\/\\\/gentedebasquet.com.ar\\\/sitio\\\/2015\\\/10\\\/12\\\/leuda-a-30-grados\\\/\",\"url\":\"http:\\\/\\\/gentedebasquet.com.ar\\\/sitio\\\/2015\\\/10\\\/12\\\/leuda-a-30-grados\\\/\",\"name\":\"Leud\u00f3 a 30\u00baC - Gente de B\u00e1squet\",\"isPartOf\":{\"@id\":\"https:\\\/\\\/gentedebasquet.com.ar\\\/sitio\\\/#website\"},\"primaryImageOfPage\":{\"@id\":\"http:\\\/\\\/gentedebasquet.com.ar\\\/sitio\\\/2015\\\/10\\\/12\\\/leuda-a-30-grados\\\/#primaryimage\"},\"image\":{\"@id\":\"http:\\\/\\\/gentedebasquet.com.ar\\\/sitio\\\/2015\\\/10\\\/12\\\/leuda-a-30-grados\\\/#primaryimage\"},\"thumbnailUrl\":\"http:\\\/\\\/gentedebasquet.com.ar\\\/sitio\\\/wp-content\\\/uploads\\\/2015\\\/10\\\/wp_ss_20151012_0005.png\",\"datePublished\":\"2015-10-13T02:20:19+00:00\",\"author\":{\"@id\":\"https:\\\/\\\/gentedebasquet.com.ar\\\/sitio\\\/#\\\/schema\\\/person\\\/ca0b63bbb977369988a7bbbdc519943a\"},\"breadcrumb\":{\"@id\":\"http:\\\/\\\/gentedebasquet.com.ar\\\/sitio\\\/2015\\\/10\\\/12\\\/leuda-a-30-grados\\\/#breadcrumb\"},\"inLanguage\":\"es\",\"potentialAction\":[{\"@type\":\"ReadAction\",\"target\":[\"http:\\\/\\\/gentedebasquet.com.ar\\\/sitio\\\/2015\\\/10\\\/12\\\/leuda-a-30-grados\\\/\"]}]},{\"@type\":\"ImageObject\",\"inLanguage\":\"es\",\"@id\":\"http:\\\/\\\/gentedebasquet.com.ar\\\/sitio\\\/2015\\\/10\\\/12\\\/leuda-a-30-grados\\\/#primaryimage\",\"url\":\"http:\\\/\\\/gentedebasquet.com.ar\\\/sitio\\\/wp-content\\\/uploads\\\/2015\\\/10\\\/wp_ss_20151012_0005.png\",\"contentUrl\":\"http:\\\/\\\/gentedebasquet.com.ar\\\/sitio\\\/wp-content\\\/uploads\\\/2015\\\/10\\\/wp_ss_20151012_0005.png\",\"width\":690,\"height\":320},{\"@type\":\"BreadcrumbList\",\"@id\":\"http:\\\/\\\/gentedebasquet.com.ar\\\/sitio\\\/2015\\\/10\\\/12\\\/leuda-a-30-grados\\\/#breadcrumb\",\"itemListElement\":[{\"@type\":\"ListItem\",\"position\":1,\"name\":\"Portada\",\"item\":\"https:\\\/\\\/gentedebasquet.com.ar\\\/sitio\\\/\"},{\"@type\":\"ListItem\",\"position\":2,\"name\":\"Leud\u00f3 a 30\u00baC\"}]},{\"@type\":\"WebSite\",\"@id\":\"https:\\\/\\\/gentedebasquet.com.ar\\\/sitio\\\/#website\",\"url\":\"https:\\\/\\\/gentedebasquet.com.ar\\\/sitio\\\/\",\"name\":\"Gente de B\u00e1squet\",\"description\":\"La revista del basquet de Bah\u00eda Blanca\",\"potentialAction\":[{\"@type\":\"SearchAction\",\"target\":{\"@type\":\"EntryPoint\",\"urlTemplate\":\"https:\\\/\\\/gentedebasquet.com.ar\\\/sitio\\\/?s={search_term_string}\"},\"query-input\":{\"@type\":\"PropertyValueSpecification\",\"valueRequired\":true,\"valueName\":\"search_term_string\"}}],\"inLanguage\":\"es\"},{\"@type\":\"Person\",\"@id\":\"https:\\\/\\\/gentedebasquet.com.ar\\\/sitio\\\/#\\\/schema\\\/person\\\/ca0b63bbb977369988a7bbbdc519943a\",\"name\":\"Gente de B\u00e1squet\",\"image\":{\"@type\":\"ImageObject\",\"inLanguage\":\"es\",\"@id\":\"https:\\\/\\\/secure.gravatar.com\\\/avatar\\\/7f2c48bdc33b30088f941fb6082e555f2874c98e20cb159d7b92b50eadfce793?s=96&d=mm&r=g\",\"url\":\"https:\\\/\\\/secure.gravatar.com\\\/avatar\\\/7f2c48bdc33b30088f941fb6082e555f2874c98e20cb159d7b92b50eadfce793?s=96&d=mm&r=g\",\"contentUrl\":\"https:\\\/\\\/secure.gravatar.com\\\/avatar\\\/7f2c48bdc33b30088f941fb6082e555f2874c98e20cb159d7b92b50eadfce793?s=96&d=mm&r=g\",\"caption\":\"Gente de B\u00e1squet\"},\"sameAs\":[\"http:\\\/\\\/gentedebasquet.com.ar\\\/sitio\"],\"url\":\"http:\\\/\\\/gentedebasquet.com.ar\\\/sitio\\\/author\\\/ulises\\\/\"}]}<\/script>\n<!-- \/ Yoast SEO plugin. -->","yoast_head_json":{"title":"Leud\u00f3 a 30\u00baC - Gente de B\u00e1squet","robots":{"index":"index","follow":"follow","max-snippet":"max-snippet:-1","max-image-preview":"max-image-preview:large","max-video-preview":"max-video-preview:-1"},"canonical":"http:\/\/gentedebasquet.com.ar\/sitio\/2015\/10\/12\/leuda-a-30-grados\/","og_locale":"es_ES","og_type":"article","og_title":"Leud\u00f3 a 30\u00baC - Gente de B\u00e1squet","og_description":"Con 30 puntos de Harina, El Nacional derrot\u00f3 a 9 de Julio por 79 a 59","og_url":"http:\/\/gentedebasquet.com.ar\/sitio\/2015\/10\/12\/leuda-a-30-grados\/","og_site_name":"Gente de B\u00e1squet","article_published_time":"2015-10-13T02:20:19+00:00","og_image":[{"width":690,"height":320,"url":"http:\/\/gentedebasquet.com.ar\/sitio\/wp-content\/uploads\/2015\/10\/wp_ss_20151012_0005.png","type":"image\/png"}],"author":"Gente de B\u00e1squet","twitter_card":"summary_large_image","twitter_misc":{"Escrito por":"Gente de B\u00e1squet","Tiempo de lectura":"3 minutos"},"schema":{"@context":"https:\/\/schema.org","@graph":[{"@type":"Article","@id":"http:\/\/gentedebasquet.com.ar\/sitio\/2015\/10\/12\/leuda-a-30-grados\/#article","isPartOf":{"@id":"http:\/\/gentedebasquet.com.ar\/sitio\/2015\/10\/12\/leuda-a-30-grados\/"},"author":{"name":"Gente de B\u00e1squet","@id":"https:\/\/gentedebasquet.com.ar\/sitio\/#\/schema\/person\/ca0b63bbb977369988a7bbbdc519943a"},"headline":"Leud\u00f3 a 30\u00baC","datePublished":"2015-10-13T02:20:19+00:00","mainEntityOfPage":{"@id":"http:\/\/gentedebasquet.com.ar\/sitio\/2015\/10\/12\/leuda-a-30-grados\/"},"wordCount":634,"image":{"@id":"http:\/\/gentedebasquet.com.ar\/sitio\/2015\/10\/12\/leuda-a-30-grados\/#primaryimage"},"thumbnailUrl":"http:\/\/gentedebasquet.com.ar\/sitio\/wp-content\/uploads\/2015\/10\/wp_ss_20151012_0005.png","keywords":["9 de Julio","El Nacional","Emiliano Iraola","Federico Harina","Francisco Desimoni","Jonathan Thorp","Mat\u00edas L\u00f3pez"],"articleSection":["Primera","Slide"],"inLanguage":"es"},{"@type":"WebPage","@id":"http:\/\/gentedebasquet.com.ar\/sitio\/2015\/10\/12\/leuda-a-30-grados\/","url":"http:\/\/gentedebasquet.com.ar\/sitio\/2015\/10\/12\/leuda-a-30-grados\/","name":"Leud\u00f3 a 30\u00baC - Gente de B\u00e1squet","isPartOf":{"@id":"https:\/\/gentedebasquet.com.ar\/sitio\/#website"},"primaryImageOfPage":{"@id":"http:\/\/gentedebasquet.com.ar\/sitio\/2015\/10\/12\/leuda-a-30-grados\/#primaryimage"},"image":{"@id":"http:\/\/gentedebasquet.com.ar\/sitio\/2015\/10\/12\/leuda-a-30-grados\/#primaryimage"},"thumbnailUrl":"http:\/\/gentedebasquet.com.ar\/sitio\/wp-content\/uploads\/2015\/10\/wp_ss_20151012_0005.png","datePublished":"2015-10-13T02:20:19+00:00","author":{"@id":"https:\/\/gentedebasquet.com.ar\/sitio\/#\/schema\/person\/ca0b63bbb977369988a7bbbdc519943a"},"breadcrumb":{"@id":"http:\/\/gentedebasquet.com.ar\/sitio\/2015\/10\/12\/leuda-a-30-grados\/#breadcrumb"},"inLanguage":"es","potentialAction":[{"@type":"ReadAction","target":["http:\/\/gentedebasquet.com.ar\/sitio\/2015\/10\/12\/leuda-a-30-grados\/"]}]},{"@type":"ImageObject","inLanguage":"es","@id":"http:\/\/gentedebasquet.com.ar\/sitio\/2015\/10\/12\/leuda-a-30-grados\/#primaryimage","url":"http:\/\/gentedebasquet.com.ar\/sitio\/wp-content\/uploads\/2015\/10\/wp_ss_20151012_0005.png","contentUrl":"http:\/\/gentedebasquet.com.ar\/sitio\/wp-content\/uploads\/2015\/10\/wp_ss_20151012_0005.png","width":690,"height":320},{"@type":"BreadcrumbList","@id":"http:\/\/gentedebasquet.com.ar\/sitio\/2015\/10\/12\/leuda-a-30-grados\/#breadcrumb","itemListElement":[{"@type":"ListItem","position":1,"name":"Portada","item":"https:\/\/gentedebasquet.com.ar\/sitio\/"},{"@type":"ListItem","position":2,"name":"Leud\u00f3 a 30\u00baC"}]},{"@type":"WebSite","@id":"https:\/\/gentedebasquet.com.ar\/sitio\/#website","url":"https:\/\/gentedebasquet.com.ar\/sitio\/","name":"Gente de B\u00e1squet","description":"La revista del basquet de Bah\u00eda Blanca","potentialAction":[{"@type":"SearchAction","target":{"@type":"EntryPoint","urlTemplate":"https:\/\/gentedebasquet.com.ar\/sitio\/?s={search_term_string}"},"query-input":{"@type":"PropertyValueSpecification","valueRequired":true,"valueName":"search_term_string"}}],"inLanguage":"es"},{"@type":"Person","@id":"https:\/\/gentedebasquet.com.ar\/sitio\/#\/schema\/person\/ca0b63bbb977369988a7bbbdc519943a","name":"Gente de B\u00e1squet","image":{"@type":"ImageObject","inLanguage":"es","@id":"https:\/\/secure.gravatar.com\/avatar\/7f2c48bdc33b30088f941fb6082e555f2874c98e20cb159d7b92b50eadfce793?s=96&d=mm&r=g","url":"https:\/\/secure.gravatar.com\/avatar\/7f2c48bdc33b30088f941fb6082e555f2874c98e20cb159d7b92b50eadfce793?s=96&d=mm&r=g","contentUrl":"https:\/\/secure.gravatar.com\/avatar\/7f2c48bdc33b30088f941fb6082e555f2874c98e20cb159d7b92b50eadfce793?s=96&d=mm&r=g","caption":"Gente de B\u00e1squet"},"sameAs":["http:\/\/gentedebasquet.com.ar\/sitio"],"url":"http:\/\/gentedebasquet.com.ar\/sitio\/author\/ulises\/"}]}},"_links":{"self":[{"href":"http:\/\/gentedebasquet.com.ar\/sitio\/wp-json\/wp\/v2\/posts\/52467","targetHints":{"allow":["GET"]}}],"collection":[{"href":"http:\/\/gentedebasquet.com.ar\/sitio\/wp-json\/wp\/v2\/posts"}],"about":[{"href":"http:\/\/gentedebasquet.com.ar\/sitio\/wp-json\/wp\/v2\/types\/post"}],"author":[{"embeddable":true,"href":"http:\/\/gentedebasquet.com.ar\/sitio\/wp-json\/wp\/v2\/users\/1"}],"replies":[{"embeddable":true,"href":"http:\/\/gentedebasquet.com.ar\/sitio\/wp-json\/wp\/v2\/comments?post=52467"}],"version-history":[{"count":0,"href":"http:\/\/gentedebasquet.com.ar\/sitio\/wp-json\/wp\/v2\/posts\/52467\/revisions"}],"wp:featuredmedia":[{"embeddable":true,"href":"http:\/\/gentedebasquet.com.ar\/sitio\/wp-json\/wp\/v2\/media\/52468"}],"wp:attachment":[{"href":"http:\/\/gentedebasquet.com.ar\/sitio\/wp-json\/wp\/v2\/media?parent=52467"}],"wp:term":[{"taxonomy":"category","embeddable":true,"href":"http:\/\/gentedebasquet.com.ar\/sitio\/wp-json\/wp\/v2\/categories?post=52467"},{"taxonomy":"post_tag","embeddable":true,"href":"http:\/\/gentedebasquet.com.ar\/sitio\/wp-json\/wp\/v2\/tags?post=52467"}],"curies":[{"name":"wp","href":"https:\/\/api.w.org\/{rel}","templated":true}]}}