{"id":52997,"date":"2015-10-22T23:00:18","date_gmt":"2015-10-23T02:00:18","guid":{"rendered":"http:\/\/www.gentedebasquet.com.ar\/?p=52997"},"modified":"2015-10-22T23:00:18","modified_gmt":"2015-10-23T02:00:18","slug":"pico-y-pala","status":"publish","type":"post","link":"http:\/\/gentedebasquet.com.ar\/sitio\/2015\/10\/22\/pico-y-pala\/","title":{"rendered":"Pico y pala"},"content":{"rendered":"<p><b>En el adelantado de la fecha 17, Bahiense del Norte debi\u00f3 trabajar y mucho para vencer 85-79 a 9 de Julio en el Manu Gin\u00f3bili. Si bien el Tricolor estuvo al frente durante todo el partido y lleg\u00f3 a sacar trece puntos de ventaja (35-22, 2C), tuvo muchas intermitencias en su juego y termin\u00f3 llev\u00e1ndose un triunfo ajustado que le permiti\u00f3 volver al \u00e9xito tras la ca\u00edda con Liniers. Franco Amigo (31), que no pudo terminar en cancha por un corte en su boca, fue la gran figura de la noche. Adem\u00e1s hubo buenos aportes de Franco Pennacchiotti (16), Andr\u00e9s Barbero (12) y Esteban Silva (12). En la visita sobresalieron Marcelino Badillo (20) y Jos\u00e9 Luis Mart\u00ednez (17).<\/b><\/p>\n<p>El inicio del encuentro no fue bueno para ninguno de los dos lados. No obstante, Bahiense fue el primero que engran\u00f3 algunas jugadas en ofensiva y as\u00ed sac\u00f3 cuatro de distancia (15-11) a 57s del cierre. En Amigo (6) y Pennacchiotti (4) el Tricolor encontr\u00f3 sus v\u00edas de gol m\u00e1s importantes en el inicio. El Nueve arranc\u00f3 con malos porcentajes en tiros de cancha (5\/20), sin embargo, a partir de que fue a la carga del rebote ofensivo (5) tuvo segundas chances. Entre Mart\u00ednez (4) y Bonaguro (3) se encargaron de darle vida en ataque a la visita. Al primer descanso se pudo ir arriba el due\u00f1o de casa 15-13.<\/p>\n<p>Otra fue la historia en el segundo cap\u00edtulo. Con mayor fluidez en ofensiva en los dos costados, se vio un segmento de goleo alto. Amigo (18 en el cuarto) fue quien mejor entendi\u00f3 el juego y cada vez que quiso marc\u00f3 la diferencia. Yendo hacia adentro el alero le mostr\u00f3 el camino a su equipo. A 4m23s del cierre y con una buena rotaci\u00f3n de pelota, lleg\u00f3 la m\u00e1xima luz de ventaja para el Tricolor (35-22). El Nueve, que por un momento se vio incomodo por un zona 2-3 que plante\u00f3 su rival, sobrevivi\u00f3 gracias a los triples de Badillo (2\/2 T3 \u2013 8pts) y los puntos de Blazquez (5) y Mart\u00ednez (4). Al descanso largo, Bahiense se llev\u00f3 una diferencia m\u00e1s que considerable: 46-36.<\/p>\n<p>A la vuelta de los vestuarios, el Nueve fue quien entr\u00f3 mejor pisado. Con las buenas determinaciones de Pena (9) y Pe\u00f1alver (4) desde el per\u00edmetro, y los puntos cerca del aro de Mart\u00ednez (7) tuvo variantes en ataque y lleg\u00f3 a ponerse a tan solo tres unidades de distancia mediante un pasaje de 12-4 (61-58). A pesar de que Bahiense no tuvo un buen segmento en defensa (26 puntos en contra), en ataque no fue tan as\u00ed. El Tricolor reparti\u00f3 bien sus puntos entre Amigo (5), Barbero (5), Pennacchiotti (4) y Silva (4) para mantenerse al frente del resultado e irse al \u00faltimo descanso 68-62 adelante.<\/p>\n<p>Con Badillo (10) tirando de la lanza, 9 de Julio no baj\u00f3 las brazos y acort\u00f3 nuevamente la brecha en el resultado. A 2m14s la visita se puso a solo cuatro puntos de distancia (78-74). Sin embargo, al Tricolor no le tembl\u00f3 el pulso para ir sellando de a poco el triunfo desde la l\u00ednea de libres. Con Pennacchiotti primero y luego Barbero como protagonistas y un 12\/18 en tiros de libres en el \u00faltimo cuarto, Bahiense pudo redondear el encuentro y quedarse con la victoria. Al conjunto de Alejandro Navallo le cost\u00f3, sobre todo en defensa, pero se termin\u00f3 quedando con una victoria tras lo que hab\u00eda sido la ca\u00edda ante Liniers el lunes pasado.<\/p>\n<p>&nbsp;<\/p>\n<p>[youtube]https:\/\/www.youtube.com\/watch?v=xiqNG0DW-Bk&amp;feature=youtu.be[\/youtube]<\/p>\n<p><b>\u00a0<\/b><\/p>\n<p><b>S\u00edntesis<\/b>\u00a0| Primera Divisi\u00f3n \u2013 Torneo Oficial \u2013 Fecha #17<\/p>\n<p><b>Bahiense del Norte 85:\u00a0<\/b>Germ\u00e1n Ressia 7, Andr\u00e9s Barbero 12, Franco Amigo 31, Esteban Silva 12, Franco Pennacchiotti 16 (Fi). Kevin Zambrano 5, Tom\u00e1s Musotto 0, Juan Ignacio Diomedi 2 y Mat\u00edas Pristupa 0.\u00a0 DT: Alejandro Navallo.<\/p>\n<p><b>9 de Julio\u00a079:\u00a0<\/b>Agust\u00edn Pena 9, Fernando\u00a0Pe\u00f1alver 7,\u00a0Marcelino Badillo 20,\u00a0Jos\u00e9 Luis Mart\u00ednez 17 (x),\u00a0Alexis Z\u00e1rate 8 (x) (Fi).\u00a0Dami\u00e1n Su\u00e1rez 4,\u00a0Francisco Bonaguro 3, Mauro Blazquez 7, Mat\u00edas L\u00f3pez 2, Federico Escobar 2.\u00a0DT: Emiliano Rold\u00e1n.<\/p>\n<p><b>Parciales:<\/b>\u00a015-13, 46-36 (31-23), 68-62 (22-26) y 85-79 (17-17).<\/p>\n<p><b>\u00c1rbitros:<\/b>\u00a0Horacio Sed\u00e1n \u2013 Alejandro Vizcaino.<\/p>\n<p><b>Estadio:<\/b>\u00a0Manu Gin\u00f3bili (Bahiense del Norte).<\/p>\n<p><a class=\"modalf iframe\" title=\"Planilla\" href=\"https:\/\/docs.google.com\/spreadsheets\/d\/17zwApLqk1kDLr_UKGTu9JRDIOBlMVlbi1vmDDh0LqJE\/pubhtml?gid=687349499&amp;single=true\" target=\"_blank\" rel=\"noopener\">Ver Planilla<\/a><\/p>\n<p>&nbsp;<\/p>\n<p><strong>Minuto de silencio<\/strong><\/p>\n<p>En conmemoraci\u00f3n al reciente fallecimiento de la madre de Gonzalo Spikerman, jugador que supo vestir tanto la camiseta de Bahiense del Norte como la de 9 de Julio, ambos clubes pidieron de realizar un minuto de silencio. Desde Gente de B\u00e1squet enviamos nuestras condolencias a toda la familia.<\/p>\n<p><a style=\"line-height: 1.5em;\" href=\"http:\/\/www.gentedebasquet.com.ar\/wp-content\/uploads\/2015\/10\/DSC_0010.jpg\"><img decoding=\"async\" class=\"size-full wp-image-52998 aligncenter\" alt=\"DSC_0010\" src=\"http:\/\/www.gentedebasquet.com.ar\/wp-content\/uploads\/2015\/10\/DSC_0010.jpg\" width=\"640\" height=\"426\" srcset=\"http:\/\/gentedebasquet.com.ar\/sitio\/wp-content\/uploads\/2015\/10\/DSC_0010.jpg 640w, http:\/\/gentedebasquet.com.ar\/sitio\/wp-content\/uploads\/2015\/10\/DSC_0010-300x200.jpg 300w\" sizes=\"(max-width: 640px) 100vw, 640px\" \/><\/a><\/p>\n<p>&nbsp;<\/p>\n","protected":false},"excerpt":{"rendered":"<p>Bahiense tuvo que trabajar para vencer 85-79 a 9 de Julio en el Manu Gin\u00f3bili<\/p>\n","protected":false},"author":1,"featured_media":53002,"comment_status":"closed","ping_status":"open","sticky":false,"template":"","format":"standard","meta":{"jnews-multi-image_gallery":[],"jnews_single_post":[],"jnews_primary_category":[],"footnotes":""},"categories":[23,101],"tags":[2,172,5,306,223,87,285,1104],"class_list":["post-52997","post","type-post","status-publish","format-standard","has-post-thumbnail","hentry","category-primera","category-slide","tag-9dejulio","tag-andres-barbero","tag-bahiense-del-norte","tag-esteban-silva","tag-franco-amigo","tag-franco-pennacchiotti","tag-jose-luis-martinez","tag-marcelino-badillo"],"yoast_head":"<!-- This site is optimized with the Yoast SEO plugin v27.5 - https:\/\/yoast.com\/product\/yoast-seo-wordpress\/ -->\n<title>Pico y pala - Gente de B\u00e1squet<\/title>\n<meta name=\"robots\" content=\"index, follow, max-snippet:-1, max-image-preview:large, max-video-preview:-1\" \/>\n<link rel=\"canonical\" href=\"http:\/\/gentedebasquet.com.ar\/sitio\/2015\/10\/22\/pico-y-pala\/\" \/>\n<meta property=\"og:locale\" content=\"es_ES\" \/>\n<meta property=\"og:type\" content=\"article\" \/>\n<meta property=\"og:title\" content=\"Pico y pala - Gente de B\u00e1squet\" \/>\n<meta property=\"og:description\" content=\"Bahiense tuvo que trabajar para vencer 85-79 a 9 de Julio en el Manu Gin\u00f3bili\" \/>\n<meta property=\"og:url\" content=\"http:\/\/gentedebasquet.com.ar\/sitio\/2015\/10\/22\/pico-y-pala\/\" \/>\n<meta property=\"og:site_name\" content=\"Gente de B\u00e1squet\" \/>\n<meta property=\"article:published_time\" content=\"2015-10-23T02:00:18+00:00\" \/>\n<meta property=\"og:image\" content=\"http:\/\/gentedebasquet.com.ar\/sitio\/wp-content\/uploads\/2015\/10\/DSC_0032.jpg\" \/>\n\t<meta property=\"og:image:width\" content=\"690\" \/>\n\t<meta property=\"og:image:height\" content=\"319\" \/>\n\t<meta property=\"og:image:type\" content=\"image\/jpeg\" \/>\n<meta name=\"author\" content=\"Gente de B\u00e1squet\" \/>\n<meta name=\"twitter:card\" content=\"summary_large_image\" \/>\n<meta name=\"twitter:label1\" content=\"Escrito por\" \/>\n\t<meta name=\"twitter:data1\" content=\"Gente de B\u00e1squet\" \/>\n\t<meta name=\"twitter:label2\" content=\"Tiempo de lectura\" \/>\n\t<meta name=\"twitter:data2\" content=\"4 minutos\" \/>\n<script type=\"application\/ld+json\" class=\"yoast-schema-graph\">{\"@context\":\"https:\\\/\\\/schema.org\",\"@graph\":[{\"@type\":\"Article\",\"@id\":\"http:\\\/\\\/gentedebasquet.com.ar\\\/sitio\\\/2015\\\/10\\\/22\\\/pico-y-pala\\\/#article\",\"isPartOf\":{\"@id\":\"http:\\\/\\\/gentedebasquet.com.ar\\\/sitio\\\/2015\\\/10\\\/22\\\/pico-y-pala\\\/\"},\"author\":{\"name\":\"Gente de B\u00e1squet\",\"@id\":\"http:\\\/\\\/gentedebasquet.com.ar\\\/sitio\\\/#\\\/schema\\\/person\\\/ca0b63bbb977369988a7bbbdc519943a\"},\"headline\":\"Pico y pala\",\"datePublished\":\"2015-10-23T02:00:18+00:00\",\"mainEntityOfPage\":{\"@id\":\"http:\\\/\\\/gentedebasquet.com.ar\\\/sitio\\\/2015\\\/10\\\/22\\\/pico-y-pala\\\/\"},\"wordCount\":742,\"image\":{\"@id\":\"http:\\\/\\\/gentedebasquet.com.ar\\\/sitio\\\/2015\\\/10\\\/22\\\/pico-y-pala\\\/#primaryimage\"},\"thumbnailUrl\":\"http:\\\/\\\/gentedebasquet.com.ar\\\/sitio\\\/wp-content\\\/uploads\\\/2015\\\/10\\\/DSC_0032.jpg\",\"keywords\":[\"9 de Julio\",\"Andr\u00e9s Barbero\",\"Bahiense Del Norte\",\"Esteban Silva\",\"Franco Amigo\",\"Franco Pennacchiotti\",\"Jos\u00e9 Luis Mart\u00ednez\",\"Marcelino Badillo\"],\"articleSection\":[\"Primera\",\"Slide\"],\"inLanguage\":\"es\"},{\"@type\":\"WebPage\",\"@id\":\"http:\\\/\\\/gentedebasquet.com.ar\\\/sitio\\\/2015\\\/10\\\/22\\\/pico-y-pala\\\/\",\"url\":\"http:\\\/\\\/gentedebasquet.com.ar\\\/sitio\\\/2015\\\/10\\\/22\\\/pico-y-pala\\\/\",\"name\":\"Pico y pala - Gente de B\u00e1squet\",\"isPartOf\":{\"@id\":\"http:\\\/\\\/gentedebasquet.com.ar\\\/sitio\\\/#website\"},\"primaryImageOfPage\":{\"@id\":\"http:\\\/\\\/gentedebasquet.com.ar\\\/sitio\\\/2015\\\/10\\\/22\\\/pico-y-pala\\\/#primaryimage\"},\"image\":{\"@id\":\"http:\\\/\\\/gentedebasquet.com.ar\\\/sitio\\\/2015\\\/10\\\/22\\\/pico-y-pala\\\/#primaryimage\"},\"thumbnailUrl\":\"http:\\\/\\\/gentedebasquet.com.ar\\\/sitio\\\/wp-content\\\/uploads\\\/2015\\\/10\\\/DSC_0032.jpg\",\"datePublished\":\"2015-10-23T02:00:18+00:00\",\"author\":{\"@id\":\"http:\\\/\\\/gentedebasquet.com.ar\\\/sitio\\\/#\\\/schema\\\/person\\\/ca0b63bbb977369988a7bbbdc519943a\"},\"breadcrumb\":{\"@id\":\"http:\\\/\\\/gentedebasquet.com.ar\\\/sitio\\\/2015\\\/10\\\/22\\\/pico-y-pala\\\/#breadcrumb\"},\"inLanguage\":\"es\",\"potentialAction\":[{\"@type\":\"ReadAction\",\"target\":[\"http:\\\/\\\/gentedebasquet.com.ar\\\/sitio\\\/2015\\\/10\\\/22\\\/pico-y-pala\\\/\"]}]},{\"@type\":\"ImageObject\",\"inLanguage\":\"es\",\"@id\":\"http:\\\/\\\/gentedebasquet.com.ar\\\/sitio\\\/2015\\\/10\\\/22\\\/pico-y-pala\\\/#primaryimage\",\"url\":\"http:\\\/\\\/gentedebasquet.com.ar\\\/sitio\\\/wp-content\\\/uploads\\\/2015\\\/10\\\/DSC_0032.jpg\",\"contentUrl\":\"http:\\\/\\\/gentedebasquet.com.ar\\\/sitio\\\/wp-content\\\/uploads\\\/2015\\\/10\\\/DSC_0032.jpg\",\"width\":690,\"height\":319},{\"@type\":\"BreadcrumbList\",\"@id\":\"http:\\\/\\\/gentedebasquet.com.ar\\\/sitio\\\/2015\\\/10\\\/22\\\/pico-y-pala\\\/#breadcrumb\",\"itemListElement\":[{\"@type\":\"ListItem\",\"position\":1,\"name\":\"Portada\",\"item\":\"http:\\\/\\\/gentedebasquet.com.ar\\\/sitio\\\/\"},{\"@type\":\"ListItem\",\"position\":2,\"name\":\"Pico y pala\"}]},{\"@type\":\"WebSite\",\"@id\":\"http:\\\/\\\/gentedebasquet.com.ar\\\/sitio\\\/#website\",\"url\":\"http:\\\/\\\/gentedebasquet.com.ar\\\/sitio\\\/\",\"name\":\"Gente de B\u00e1squet\",\"description\":\"La revista del basquet de Bah\u00eda Blanca\",\"potentialAction\":[{\"@type\":\"SearchAction\",\"target\":{\"@type\":\"EntryPoint\",\"urlTemplate\":\"http:\\\/\\\/gentedebasquet.com.ar\\\/sitio\\\/?s={search_term_string}\"},\"query-input\":{\"@type\":\"PropertyValueSpecification\",\"valueRequired\":true,\"valueName\":\"search_term_string\"}}],\"inLanguage\":\"es\"},{\"@type\":\"Person\",\"@id\":\"http:\\\/\\\/gentedebasquet.com.ar\\\/sitio\\\/#\\\/schema\\\/person\\\/ca0b63bbb977369988a7bbbdc519943a\",\"name\":\"Gente de B\u00e1squet\",\"image\":{\"@type\":\"ImageObject\",\"inLanguage\":\"es\",\"@id\":\"https:\\\/\\\/secure.gravatar.com\\\/avatar\\\/7f2c48bdc33b30088f941fb6082e555f2874c98e20cb159d7b92b50eadfce793?s=96&d=mm&r=g\",\"url\":\"https:\\\/\\\/secure.gravatar.com\\\/avatar\\\/7f2c48bdc33b30088f941fb6082e555f2874c98e20cb159d7b92b50eadfce793?s=96&d=mm&r=g\",\"contentUrl\":\"https:\\\/\\\/secure.gravatar.com\\\/avatar\\\/7f2c48bdc33b30088f941fb6082e555f2874c98e20cb159d7b92b50eadfce793?s=96&d=mm&r=g\",\"caption\":\"Gente de B\u00e1squet\"},\"sameAs\":[\"http:\\\/\\\/gentedebasquet.com.ar\\\/sitio\"],\"url\":\"http:\\\/\\\/gentedebasquet.com.ar\\\/sitio\\\/author\\\/ulises\\\/\"}]}<\/script>\n<!-- \/ Yoast SEO plugin. -->","yoast_head_json":{"title":"Pico y pala - Gente de B\u00e1squet","robots":{"index":"index","follow":"follow","max-snippet":"max-snippet:-1","max-image-preview":"max-image-preview:large","max-video-preview":"max-video-preview:-1"},"canonical":"http:\/\/gentedebasquet.com.ar\/sitio\/2015\/10\/22\/pico-y-pala\/","og_locale":"es_ES","og_type":"article","og_title":"Pico y pala - Gente de B\u00e1squet","og_description":"Bahiense tuvo que trabajar para vencer 85-79 a 9 de Julio en el Manu Gin\u00f3bili","og_url":"http:\/\/gentedebasquet.com.ar\/sitio\/2015\/10\/22\/pico-y-pala\/","og_site_name":"Gente de B\u00e1squet","article_published_time":"2015-10-23T02:00:18+00:00","og_image":[{"width":690,"height":319,"url":"http:\/\/gentedebasquet.com.ar\/sitio\/wp-content\/uploads\/2015\/10\/DSC_0032.jpg","type":"image\/jpeg"}],"author":"Gente de B\u00e1squet","twitter_card":"summary_large_image","twitter_misc":{"Escrito por":"Gente de B\u00e1squet","Tiempo de lectura":"4 minutos"},"schema":{"@context":"https:\/\/schema.org","@graph":[{"@type":"Article","@id":"http:\/\/gentedebasquet.com.ar\/sitio\/2015\/10\/22\/pico-y-pala\/#article","isPartOf":{"@id":"http:\/\/gentedebasquet.com.ar\/sitio\/2015\/10\/22\/pico-y-pala\/"},"author":{"name":"Gente de B\u00e1squet","@id":"http:\/\/gentedebasquet.com.ar\/sitio\/#\/schema\/person\/ca0b63bbb977369988a7bbbdc519943a"},"headline":"Pico y pala","datePublished":"2015-10-23T02:00:18+00:00","mainEntityOfPage":{"@id":"http:\/\/gentedebasquet.com.ar\/sitio\/2015\/10\/22\/pico-y-pala\/"},"wordCount":742,"image":{"@id":"http:\/\/gentedebasquet.com.ar\/sitio\/2015\/10\/22\/pico-y-pala\/#primaryimage"},"thumbnailUrl":"http:\/\/gentedebasquet.com.ar\/sitio\/wp-content\/uploads\/2015\/10\/DSC_0032.jpg","keywords":["9 de Julio","Andr\u00e9s Barbero","Bahiense Del Norte","Esteban Silva","Franco Amigo","Franco Pennacchiotti","Jos\u00e9 Luis Mart\u00ednez","Marcelino Badillo"],"articleSection":["Primera","Slide"],"inLanguage":"es"},{"@type":"WebPage","@id":"http:\/\/gentedebasquet.com.ar\/sitio\/2015\/10\/22\/pico-y-pala\/","url":"http:\/\/gentedebasquet.com.ar\/sitio\/2015\/10\/22\/pico-y-pala\/","name":"Pico y pala - Gente de B\u00e1squet","isPartOf":{"@id":"http:\/\/gentedebasquet.com.ar\/sitio\/#website"},"primaryImageOfPage":{"@id":"http:\/\/gentedebasquet.com.ar\/sitio\/2015\/10\/22\/pico-y-pala\/#primaryimage"},"image":{"@id":"http:\/\/gentedebasquet.com.ar\/sitio\/2015\/10\/22\/pico-y-pala\/#primaryimage"},"thumbnailUrl":"http:\/\/gentedebasquet.com.ar\/sitio\/wp-content\/uploads\/2015\/10\/DSC_0032.jpg","datePublished":"2015-10-23T02:00:18+00:00","author":{"@id":"http:\/\/gentedebasquet.com.ar\/sitio\/#\/schema\/person\/ca0b63bbb977369988a7bbbdc519943a"},"breadcrumb":{"@id":"http:\/\/gentedebasquet.com.ar\/sitio\/2015\/10\/22\/pico-y-pala\/#breadcrumb"},"inLanguage":"es","potentialAction":[{"@type":"ReadAction","target":["http:\/\/gentedebasquet.com.ar\/sitio\/2015\/10\/22\/pico-y-pala\/"]}]},{"@type":"ImageObject","inLanguage":"es","@id":"http:\/\/gentedebasquet.com.ar\/sitio\/2015\/10\/22\/pico-y-pala\/#primaryimage","url":"http:\/\/gentedebasquet.com.ar\/sitio\/wp-content\/uploads\/2015\/10\/DSC_0032.jpg","contentUrl":"http:\/\/gentedebasquet.com.ar\/sitio\/wp-content\/uploads\/2015\/10\/DSC_0032.jpg","width":690,"height":319},{"@type":"BreadcrumbList","@id":"http:\/\/gentedebasquet.com.ar\/sitio\/2015\/10\/22\/pico-y-pala\/#breadcrumb","itemListElement":[{"@type":"ListItem","position":1,"name":"Portada","item":"http:\/\/gentedebasquet.com.ar\/sitio\/"},{"@type":"ListItem","position":2,"name":"Pico y pala"}]},{"@type":"WebSite","@id":"http:\/\/gentedebasquet.com.ar\/sitio\/#website","url":"http:\/\/gentedebasquet.com.ar\/sitio\/","name":"Gente de B\u00e1squet","description":"La revista del basquet de Bah\u00eda Blanca","potentialAction":[{"@type":"SearchAction","target":{"@type":"EntryPoint","urlTemplate":"http:\/\/gentedebasquet.com.ar\/sitio\/?s={search_term_string}"},"query-input":{"@type":"PropertyValueSpecification","valueRequired":true,"valueName":"search_term_string"}}],"inLanguage":"es"},{"@type":"Person","@id":"http:\/\/gentedebasquet.com.ar\/sitio\/#\/schema\/person\/ca0b63bbb977369988a7bbbdc519943a","name":"Gente de B\u00e1squet","image":{"@type":"ImageObject","inLanguage":"es","@id":"https:\/\/secure.gravatar.com\/avatar\/7f2c48bdc33b30088f941fb6082e555f2874c98e20cb159d7b92b50eadfce793?s=96&d=mm&r=g","url":"https:\/\/secure.gravatar.com\/avatar\/7f2c48bdc33b30088f941fb6082e555f2874c98e20cb159d7b92b50eadfce793?s=96&d=mm&r=g","contentUrl":"https:\/\/secure.gravatar.com\/avatar\/7f2c48bdc33b30088f941fb6082e555f2874c98e20cb159d7b92b50eadfce793?s=96&d=mm&r=g","caption":"Gente de B\u00e1squet"},"sameAs":["http:\/\/gentedebasquet.com.ar\/sitio"],"url":"http:\/\/gentedebasquet.com.ar\/sitio\/author\/ulises\/"}]}},"_links":{"self":[{"href":"http:\/\/gentedebasquet.com.ar\/sitio\/wp-json\/wp\/v2\/posts\/52997","targetHints":{"allow":["GET"]}}],"collection":[{"href":"http:\/\/gentedebasquet.com.ar\/sitio\/wp-json\/wp\/v2\/posts"}],"about":[{"href":"http:\/\/gentedebasquet.com.ar\/sitio\/wp-json\/wp\/v2\/types\/post"}],"author":[{"embeddable":true,"href":"http:\/\/gentedebasquet.com.ar\/sitio\/wp-json\/wp\/v2\/users\/1"}],"replies":[{"embeddable":true,"href":"http:\/\/gentedebasquet.com.ar\/sitio\/wp-json\/wp\/v2\/comments?post=52997"}],"version-history":[{"count":0,"href":"http:\/\/gentedebasquet.com.ar\/sitio\/wp-json\/wp\/v2\/posts\/52997\/revisions"}],"wp:featuredmedia":[{"embeddable":true,"href":"http:\/\/gentedebasquet.com.ar\/sitio\/wp-json\/wp\/v2\/media\/53002"}],"wp:attachment":[{"href":"http:\/\/gentedebasquet.com.ar\/sitio\/wp-json\/wp\/v2\/media?parent=52997"}],"wp:term":[{"taxonomy":"category","embeddable":true,"href":"http:\/\/gentedebasquet.com.ar\/sitio\/wp-json\/wp\/v2\/categories?post=52997"},{"taxonomy":"post_tag","embeddable":true,"href":"http:\/\/gentedebasquet.com.ar\/sitio\/wp-json\/wp\/v2\/tags?post=52997"}],"curies":[{"name":"wp","href":"https:\/\/api.w.org\/{rel}","templated":true}]}}