{"id":53585,"date":"2015-11-05T23:40:23","date_gmt":"2015-11-06T02:40:23","guid":{"rendered":"http:\/\/www.gentedebasquet.com.ar\/?p=53585"},"modified":"2015-11-05T23:40:23","modified_gmt":"2015-11-06T02:40:23","slug":"el-que-parte-y-reparte","status":"publish","type":"post","link":"http:\/\/gentedebasquet.com.ar\/sitio\/2015\/11\/05\/el-que-parte-y-reparte\/","title":{"rendered":"El que parte y reparte&#8230;"},"content":{"rendered":"<p><strong>En un partido de goleo bajo, Villa Mitre se impuso sobre 9 de Julio por 65 a 50. Es que durante el primer tiempo se vio poco nivel de juego, que s\u00ed apareci\u00f3 en la segunda mitad. El local despeg\u00f3 en el 3C con 7 puntos de Acosta y lo sentenci\u00f3 en el amanecer del \u00faltimo con un parcial de 8-0. Santiago Susbielles fue el goleador con 16 puntos, seguido de David Pineda con 12. En la visita hubo 13 de Marcelino Badillo y 11 de Jose Luis Mart\u00ednez.<\/strong><\/p>\n<p>El primer tiempo fue de rodaje. Ambos conjuntos fueron aumentando el ritmo pero con baja intensidad de juego. Luego de igualar en 18 el primer cuarto, Villa Mitre mostr\u00f3 una mejor cara a lo largo del segundo segmento. El tricolor reparti\u00f3 el goleo pero, sobre todo, logr\u00f3 sumar a distancia (3-8) para salir al paso y establecer la ventaja. 9 de Julio no logr\u00f3 mantener el buen nivel del 1C y no fue preciso desde los 6.75 (0-9), permitiendo que el rival tome la ventaja de 31-26.<\/p>\n<p>En el segundo tiempo el partido levanto. Durante la primera parte del 3C, el encuentro mantuvo la tendencia de los cuartos anteriores. Pero la Villa, que no tuvo a Marcelo Berdini (en recuperaci\u00f3n de un peque\u00f1o desgarro), sali\u00f3 a flote. Paulatinamente, con el correr de los minutos, fue tomando una leve ventaja que le dio la posta y le permiti\u00f3 marcar el paso. Sebasti\u00e1n Acosta fue protagonista, aportando los \u00fanicos 7 puntos que sum\u00f3 en el partido. Adem\u00e1s, el tricolor sac\u00f3 provecho de las 7 p\u00e9rdidas del rival y corri\u00f3 para liderar 48-36 .<\/p>\n<p>En el cuarto final el local no se precipit\u00f3. Los de Ugolini salieron r\u00e1pido a liquidar la historia, y lo consiguieron. Villa Mitre se adjudic\u00f3 una racha de 8-0 en los primeros 3min10 (5 de Pineda) y pudo escapar. A partir de all\u00ed simplemente se mantuvo la diferencia y, con mucha rotaci\u00f3n, el local logr\u00f3 sentenciarlo por 65 a 50.<\/p>\n<p>&nbsp;<\/p>\n<p><strong>S\u00edntesis |<\/strong> Primera Divisi\u00f3n &#8211; Oficial &#8211; Fecha #19<\/p>\n<p><strong>Villa Mitre 65:<\/strong> Santiago Bussetti 6, Gast\u00f3n Diomedi 8, Nicol\u00e1s Renzi 1, Santiago Subielles 16, Javier Bollo 6 (FI); Valent\u00edn Petton 2, Mat\u00edas Farinella 0, Sebasti\u00e1n Acosta 7, Leandro Rapetti 3, David Pineda 12, Ramiro Heinrich 4, Mat\u00edas Mailo 0. DT: Ariel Ugolini.<\/p>\n<p><strong>9 de Julio 50:<\/strong> Agust\u00edn Pena 2, Dami\u00e1n Suarez 5, Marcelino Badillo 13, Jos\u00e9 Luis Mart\u00ednez 11, Jonathan Thorp 7 (FI); Mauro L\u00f3pez 0, Manuel Slonimsqui 2, Francisco Bonaguro 8, Fernando Pe\u00f1alver 0, Federico Escobar 2. DT: Emiliano Rold\u00e1n.<\/p>\n<p><strong>Parciales:<\/strong> 18-18, 31-26 (13-8), 48-36 (17-10), 65-60 (17-14).<\/p>\n<p><strong>\u00c1rbitros:<\/strong> Emanuel S\u00e1nchez &#8211; Diego Kessler.<\/p>\n<p><strong>Estadio:<\/strong> Jos\u00e9 Mart\u00ednez (Villa Mitre).<\/p>\n<p><a class=\"modalf iframe\" title=\"Planilla\" href=\"https:\/\/docs.google.com\/spreadsheets\/d\/1vuQhqAmbABajKh2_Fdb5Bq7F3IRqaUcSQpAFZdSYUQA\/pubhtml?gid=1597883313&amp;single=true\" target=\"_blank\" rel=\"noopener\">Ver Planilla<\/a><\/p>\n","protected":false},"excerpt":{"rendered":"<p>Villa Mitre reparti\u00f3 bien el goleo, escap\u00f3 en el 4C y venci\u00f3 a 9 de Julio 65 a 50<\/p>\n","protected":false},"author":1,"featured_media":53612,"comment_status":"closed","ping_status":"open","sticky":false,"template":"","format":"standard","meta":{"jnews-multi-image_gallery":[],"jnews_single_post":[],"jnews_primary_category":[],"footnotes":""},"categories":[23,101],"tags":[2,1104,55,22],"class_list":["post-53585","post","type-post","status-publish","format-standard","has-post-thumbnail","hentry","category-primera","category-slide","tag-9dejulio","tag-marcelino-badillo","tag-santiago-susbielles","tag-villa-mitre"],"yoast_head":"<!-- This site is optimized with the Yoast SEO plugin v27.5 - https:\/\/yoast.com\/product\/yoast-seo-wordpress\/ -->\n<title>El que parte y reparte... - Gente de B\u00e1squet<\/title>\n<meta name=\"robots\" content=\"index, follow, max-snippet:-1, max-image-preview:large, max-video-preview:-1\" \/>\n<link rel=\"canonical\" href=\"http:\/\/gentedebasquet.com.ar\/sitio\/2015\/11\/05\/el-que-parte-y-reparte\/\" \/>\n<meta property=\"og:locale\" content=\"es_ES\" \/>\n<meta property=\"og:type\" content=\"article\" \/>\n<meta property=\"og:title\" content=\"El que parte y reparte... - Gente de B\u00e1squet\" \/>\n<meta property=\"og:description\" content=\"Villa Mitre reparti\u00f3 bien el goleo, escap\u00f3 en el 4C y venci\u00f3 a 9 de Julio 65 a 50\" \/>\n<meta property=\"og:url\" content=\"http:\/\/gentedebasquet.com.ar\/sitio\/2015\/11\/05\/el-que-parte-y-reparte\/\" \/>\n<meta property=\"og:site_name\" content=\"Gente de B\u00e1squet\" \/>\n<meta property=\"article:published_time\" content=\"2015-11-06T02:40:23+00:00\" \/>\n<meta property=\"og:image\" content=\"http:\/\/gentedebasquet.com.ar\/sitio\/wp-content\/uploads\/2015\/12\/Villa-Mitre-9-de-Julio.jpg\" \/>\n\t<meta property=\"og:image:width\" content=\"690\" \/>\n\t<meta property=\"og:image:height\" content=\"319\" \/>\n\t<meta property=\"og:image:type\" content=\"image\/jpeg\" \/>\n<meta name=\"author\" content=\"Gente de B\u00e1squet\" \/>\n<meta name=\"twitter:card\" content=\"summary_large_image\" \/>\n<meta name=\"twitter:label1\" content=\"Escrito por\" \/>\n\t<meta name=\"twitter:data1\" content=\"Gente de B\u00e1squet\" \/>\n\t<meta name=\"twitter:label2\" content=\"Tiempo de lectura\" \/>\n\t<meta name=\"twitter:data2\" content=\"2 minutos\" \/>\n<script type=\"application\/ld+json\" class=\"yoast-schema-graph\">{\"@context\":\"https:\\\/\\\/schema.org\",\"@graph\":[{\"@type\":\"Article\",\"@id\":\"http:\\\/\\\/gentedebasquet.com.ar\\\/sitio\\\/2015\\\/11\\\/05\\\/el-que-parte-y-reparte\\\/#article\",\"isPartOf\":{\"@id\":\"http:\\\/\\\/gentedebasquet.com.ar\\\/sitio\\\/2015\\\/11\\\/05\\\/el-que-parte-y-reparte\\\/\"},\"author\":{\"name\":\"Gente de B\u00e1squet\",\"@id\":\"http:\\\/\\\/gentedebasquet.com.ar\\\/sitio\\\/#\\\/schema\\\/person\\\/ca0b63bbb977369988a7bbbdc519943a\"},\"headline\":\"El que parte y reparte&#8230;\",\"datePublished\":\"2015-11-06T02:40:23+00:00\",\"mainEntityOfPage\":{\"@id\":\"http:\\\/\\\/gentedebasquet.com.ar\\\/sitio\\\/2015\\\/11\\\/05\\\/el-que-parte-y-reparte\\\/\"},\"wordCount\":428,\"image\":{\"@id\":\"http:\\\/\\\/gentedebasquet.com.ar\\\/sitio\\\/2015\\\/11\\\/05\\\/el-que-parte-y-reparte\\\/#primaryimage\"},\"thumbnailUrl\":\"http:\\\/\\\/gentedebasquet.com.ar\\\/sitio\\\/wp-content\\\/uploads\\\/2015\\\/12\\\/Villa-Mitre-9-de-Julio.jpg\",\"keywords\":[\"9 de Julio\",\"Marcelino Badillo\",\"Santiago Susbielles\",\"Villa Mitre\"],\"articleSection\":[\"Primera\",\"Slide\"],\"inLanguage\":\"es\"},{\"@type\":\"WebPage\",\"@id\":\"http:\\\/\\\/gentedebasquet.com.ar\\\/sitio\\\/2015\\\/11\\\/05\\\/el-que-parte-y-reparte\\\/\",\"url\":\"http:\\\/\\\/gentedebasquet.com.ar\\\/sitio\\\/2015\\\/11\\\/05\\\/el-que-parte-y-reparte\\\/\",\"name\":\"El que parte y reparte... - Gente de B\u00e1squet\",\"isPartOf\":{\"@id\":\"http:\\\/\\\/gentedebasquet.com.ar\\\/sitio\\\/#website\"},\"primaryImageOfPage\":{\"@id\":\"http:\\\/\\\/gentedebasquet.com.ar\\\/sitio\\\/2015\\\/11\\\/05\\\/el-que-parte-y-reparte\\\/#primaryimage\"},\"image\":{\"@id\":\"http:\\\/\\\/gentedebasquet.com.ar\\\/sitio\\\/2015\\\/11\\\/05\\\/el-que-parte-y-reparte\\\/#primaryimage\"},\"thumbnailUrl\":\"http:\\\/\\\/gentedebasquet.com.ar\\\/sitio\\\/wp-content\\\/uploads\\\/2015\\\/12\\\/Villa-Mitre-9-de-Julio.jpg\",\"datePublished\":\"2015-11-06T02:40:23+00:00\",\"author\":{\"@id\":\"http:\\\/\\\/gentedebasquet.com.ar\\\/sitio\\\/#\\\/schema\\\/person\\\/ca0b63bbb977369988a7bbbdc519943a\"},\"breadcrumb\":{\"@id\":\"http:\\\/\\\/gentedebasquet.com.ar\\\/sitio\\\/2015\\\/11\\\/05\\\/el-que-parte-y-reparte\\\/#breadcrumb\"},\"inLanguage\":\"es\",\"potentialAction\":[{\"@type\":\"ReadAction\",\"target\":[\"http:\\\/\\\/gentedebasquet.com.ar\\\/sitio\\\/2015\\\/11\\\/05\\\/el-que-parte-y-reparte\\\/\"]}]},{\"@type\":\"ImageObject\",\"inLanguage\":\"es\",\"@id\":\"http:\\\/\\\/gentedebasquet.com.ar\\\/sitio\\\/2015\\\/11\\\/05\\\/el-que-parte-y-reparte\\\/#primaryimage\",\"url\":\"http:\\\/\\\/gentedebasquet.com.ar\\\/sitio\\\/wp-content\\\/uploads\\\/2015\\\/12\\\/Villa-Mitre-9-de-Julio.jpg\",\"contentUrl\":\"http:\\\/\\\/gentedebasquet.com.ar\\\/sitio\\\/wp-content\\\/uploads\\\/2015\\\/12\\\/Villa-Mitre-9-de-Julio.jpg\",\"width\":690,\"height\":319},{\"@type\":\"BreadcrumbList\",\"@id\":\"http:\\\/\\\/gentedebasquet.com.ar\\\/sitio\\\/2015\\\/11\\\/05\\\/el-que-parte-y-reparte\\\/#breadcrumb\",\"itemListElement\":[{\"@type\":\"ListItem\",\"position\":1,\"name\":\"Portada\",\"item\":\"http:\\\/\\\/gentedebasquet.com.ar\\\/sitio\\\/\"},{\"@type\":\"ListItem\",\"position\":2,\"name\":\"El que parte y reparte&#8230;\"}]},{\"@type\":\"WebSite\",\"@id\":\"http:\\\/\\\/gentedebasquet.com.ar\\\/sitio\\\/#website\",\"url\":\"http:\\\/\\\/gentedebasquet.com.ar\\\/sitio\\\/\",\"name\":\"Gente de B\u00e1squet\",\"description\":\"La revista del basquet de Bah\u00eda Blanca\",\"potentialAction\":[{\"@type\":\"SearchAction\",\"target\":{\"@type\":\"EntryPoint\",\"urlTemplate\":\"http:\\\/\\\/gentedebasquet.com.ar\\\/sitio\\\/?s={search_term_string}\"},\"query-input\":{\"@type\":\"PropertyValueSpecification\",\"valueRequired\":true,\"valueName\":\"search_term_string\"}}],\"inLanguage\":\"es\"},{\"@type\":\"Person\",\"@id\":\"http:\\\/\\\/gentedebasquet.com.ar\\\/sitio\\\/#\\\/schema\\\/person\\\/ca0b63bbb977369988a7bbbdc519943a\",\"name\":\"Gente de B\u00e1squet\",\"image\":{\"@type\":\"ImageObject\",\"inLanguage\":\"es\",\"@id\":\"https:\\\/\\\/secure.gravatar.com\\\/avatar\\\/7f2c48bdc33b30088f941fb6082e555f2874c98e20cb159d7b92b50eadfce793?s=96&d=mm&r=g\",\"url\":\"https:\\\/\\\/secure.gravatar.com\\\/avatar\\\/7f2c48bdc33b30088f941fb6082e555f2874c98e20cb159d7b92b50eadfce793?s=96&d=mm&r=g\",\"contentUrl\":\"https:\\\/\\\/secure.gravatar.com\\\/avatar\\\/7f2c48bdc33b30088f941fb6082e555f2874c98e20cb159d7b92b50eadfce793?s=96&d=mm&r=g\",\"caption\":\"Gente de B\u00e1squet\"},\"sameAs\":[\"http:\\\/\\\/gentedebasquet.com.ar\\\/sitio\"],\"url\":\"http:\\\/\\\/gentedebasquet.com.ar\\\/sitio\\\/author\\\/ulises\\\/\"}]}<\/script>\n<!-- \/ Yoast SEO plugin. -->","yoast_head_json":{"title":"El que parte y reparte... - Gente de B\u00e1squet","robots":{"index":"index","follow":"follow","max-snippet":"max-snippet:-1","max-image-preview":"max-image-preview:large","max-video-preview":"max-video-preview:-1"},"canonical":"http:\/\/gentedebasquet.com.ar\/sitio\/2015\/11\/05\/el-que-parte-y-reparte\/","og_locale":"es_ES","og_type":"article","og_title":"El que parte y reparte... - Gente de B\u00e1squet","og_description":"Villa Mitre reparti\u00f3 bien el goleo, escap\u00f3 en el 4C y venci\u00f3 a 9 de Julio 65 a 50","og_url":"http:\/\/gentedebasquet.com.ar\/sitio\/2015\/11\/05\/el-que-parte-y-reparte\/","og_site_name":"Gente de B\u00e1squet","article_published_time":"2015-11-06T02:40:23+00:00","og_image":[{"width":690,"height":319,"url":"http:\/\/gentedebasquet.com.ar\/sitio\/wp-content\/uploads\/2015\/12\/Villa-Mitre-9-de-Julio.jpg","type":"image\/jpeg"}],"author":"Gente de B\u00e1squet","twitter_card":"summary_large_image","twitter_misc":{"Escrito por":"Gente de B\u00e1squet","Tiempo de lectura":"2 minutos"},"schema":{"@context":"https:\/\/schema.org","@graph":[{"@type":"Article","@id":"http:\/\/gentedebasquet.com.ar\/sitio\/2015\/11\/05\/el-que-parte-y-reparte\/#article","isPartOf":{"@id":"http:\/\/gentedebasquet.com.ar\/sitio\/2015\/11\/05\/el-que-parte-y-reparte\/"},"author":{"name":"Gente de B\u00e1squet","@id":"http:\/\/gentedebasquet.com.ar\/sitio\/#\/schema\/person\/ca0b63bbb977369988a7bbbdc519943a"},"headline":"El que parte y reparte&#8230;","datePublished":"2015-11-06T02:40:23+00:00","mainEntityOfPage":{"@id":"http:\/\/gentedebasquet.com.ar\/sitio\/2015\/11\/05\/el-que-parte-y-reparte\/"},"wordCount":428,"image":{"@id":"http:\/\/gentedebasquet.com.ar\/sitio\/2015\/11\/05\/el-que-parte-y-reparte\/#primaryimage"},"thumbnailUrl":"http:\/\/gentedebasquet.com.ar\/sitio\/wp-content\/uploads\/2015\/12\/Villa-Mitre-9-de-Julio.jpg","keywords":["9 de Julio","Marcelino Badillo","Santiago Susbielles","Villa Mitre"],"articleSection":["Primera","Slide"],"inLanguage":"es"},{"@type":"WebPage","@id":"http:\/\/gentedebasquet.com.ar\/sitio\/2015\/11\/05\/el-que-parte-y-reparte\/","url":"http:\/\/gentedebasquet.com.ar\/sitio\/2015\/11\/05\/el-que-parte-y-reparte\/","name":"El que parte y reparte... - Gente de B\u00e1squet","isPartOf":{"@id":"http:\/\/gentedebasquet.com.ar\/sitio\/#website"},"primaryImageOfPage":{"@id":"http:\/\/gentedebasquet.com.ar\/sitio\/2015\/11\/05\/el-que-parte-y-reparte\/#primaryimage"},"image":{"@id":"http:\/\/gentedebasquet.com.ar\/sitio\/2015\/11\/05\/el-que-parte-y-reparte\/#primaryimage"},"thumbnailUrl":"http:\/\/gentedebasquet.com.ar\/sitio\/wp-content\/uploads\/2015\/12\/Villa-Mitre-9-de-Julio.jpg","datePublished":"2015-11-06T02:40:23+00:00","author":{"@id":"http:\/\/gentedebasquet.com.ar\/sitio\/#\/schema\/person\/ca0b63bbb977369988a7bbbdc519943a"},"breadcrumb":{"@id":"http:\/\/gentedebasquet.com.ar\/sitio\/2015\/11\/05\/el-que-parte-y-reparte\/#breadcrumb"},"inLanguage":"es","potentialAction":[{"@type":"ReadAction","target":["http:\/\/gentedebasquet.com.ar\/sitio\/2015\/11\/05\/el-que-parte-y-reparte\/"]}]},{"@type":"ImageObject","inLanguage":"es","@id":"http:\/\/gentedebasquet.com.ar\/sitio\/2015\/11\/05\/el-que-parte-y-reparte\/#primaryimage","url":"http:\/\/gentedebasquet.com.ar\/sitio\/wp-content\/uploads\/2015\/12\/Villa-Mitre-9-de-Julio.jpg","contentUrl":"http:\/\/gentedebasquet.com.ar\/sitio\/wp-content\/uploads\/2015\/12\/Villa-Mitre-9-de-Julio.jpg","width":690,"height":319},{"@type":"BreadcrumbList","@id":"http:\/\/gentedebasquet.com.ar\/sitio\/2015\/11\/05\/el-que-parte-y-reparte\/#breadcrumb","itemListElement":[{"@type":"ListItem","position":1,"name":"Portada","item":"http:\/\/gentedebasquet.com.ar\/sitio\/"},{"@type":"ListItem","position":2,"name":"El que parte y reparte&#8230;"}]},{"@type":"WebSite","@id":"http:\/\/gentedebasquet.com.ar\/sitio\/#website","url":"http:\/\/gentedebasquet.com.ar\/sitio\/","name":"Gente de B\u00e1squet","description":"La revista del basquet de Bah\u00eda Blanca","potentialAction":[{"@type":"SearchAction","target":{"@type":"EntryPoint","urlTemplate":"http:\/\/gentedebasquet.com.ar\/sitio\/?s={search_term_string}"},"query-input":{"@type":"PropertyValueSpecification","valueRequired":true,"valueName":"search_term_string"}}],"inLanguage":"es"},{"@type":"Person","@id":"http:\/\/gentedebasquet.com.ar\/sitio\/#\/schema\/person\/ca0b63bbb977369988a7bbbdc519943a","name":"Gente de B\u00e1squet","image":{"@type":"ImageObject","inLanguage":"es","@id":"https:\/\/secure.gravatar.com\/avatar\/7f2c48bdc33b30088f941fb6082e555f2874c98e20cb159d7b92b50eadfce793?s=96&d=mm&r=g","url":"https:\/\/secure.gravatar.com\/avatar\/7f2c48bdc33b30088f941fb6082e555f2874c98e20cb159d7b92b50eadfce793?s=96&d=mm&r=g","contentUrl":"https:\/\/secure.gravatar.com\/avatar\/7f2c48bdc33b30088f941fb6082e555f2874c98e20cb159d7b92b50eadfce793?s=96&d=mm&r=g","caption":"Gente de B\u00e1squet"},"sameAs":["http:\/\/gentedebasquet.com.ar\/sitio"],"url":"http:\/\/gentedebasquet.com.ar\/sitio\/author\/ulises\/"}]}},"_links":{"self":[{"href":"http:\/\/gentedebasquet.com.ar\/sitio\/wp-json\/wp\/v2\/posts\/53585","targetHints":{"allow":["GET"]}}],"collection":[{"href":"http:\/\/gentedebasquet.com.ar\/sitio\/wp-json\/wp\/v2\/posts"}],"about":[{"href":"http:\/\/gentedebasquet.com.ar\/sitio\/wp-json\/wp\/v2\/types\/post"}],"author":[{"embeddable":true,"href":"http:\/\/gentedebasquet.com.ar\/sitio\/wp-json\/wp\/v2\/users\/1"}],"replies":[{"embeddable":true,"href":"http:\/\/gentedebasquet.com.ar\/sitio\/wp-json\/wp\/v2\/comments?post=53585"}],"version-history":[{"count":0,"href":"http:\/\/gentedebasquet.com.ar\/sitio\/wp-json\/wp\/v2\/posts\/53585\/revisions"}],"wp:featuredmedia":[{"embeddable":true,"href":"http:\/\/gentedebasquet.com.ar\/sitio\/wp-json\/wp\/v2\/media\/53612"}],"wp:attachment":[{"href":"http:\/\/gentedebasquet.com.ar\/sitio\/wp-json\/wp\/v2\/media?parent=53585"}],"wp:term":[{"taxonomy":"category","embeddable":true,"href":"http:\/\/gentedebasquet.com.ar\/sitio\/wp-json\/wp\/v2\/categories?post=53585"},{"taxonomy":"post_tag","embeddable":true,"href":"http:\/\/gentedebasquet.com.ar\/sitio\/wp-json\/wp\/v2\/tags?post=53585"}],"curies":[{"name":"wp","href":"https:\/\/api.w.org\/{rel}","templated":true}]}}