{"id":53784,"date":"2015-11-09T23:35:33","date_gmt":"2015-11-10T02:35:33","guid":{"rendered":"http:\/\/www.gentedebasquet.com.ar\/?p=53784"},"modified":"2015-11-09T23:35:33","modified_gmt":"2015-11-10T02:35:33","slug":"gano-una-final-le-quedan-dos","status":"publish","type":"post","link":"http:\/\/gentedebasquet.com.ar\/sitio\/2015\/11\/09\/gano-una-final-le-quedan-dos\/","title":{"rendered":"Gan\u00f3 una final, le quedan dos"},"content":{"rendered":"<p><b>Barracas aprovech\u00f3 el cansancio de Villa Mitre, tras su gira sure\u00f1a por el Torneo Federal, y sum\u00f3 un importante triunfo de cara a la permanencia. \u00a0Fue 80-79, en el Bosque, con grandes actuaciones de Juli\u00e1n Horvath (23 puntos, 3-4 en t3 y 6-7 en t1) y Sebasti\u00e1n Ranieri (19, 4-8 en t3 y 7-7 en t1).\u00a0 A pesar de la derrota, en el tricolor se destacaron Javier Bollo (23 y 8 rebotes) y Santiago Susbielles (17).<\/b><\/p>\n<p>El tricolor demostr\u00f3 su cansancio acumulado por el fin de semana en el Torneo Federal con un lento arranque, al que Barracas acompa\u00f1o: 2m30 sin anotaciones.\u00a0 A partir de all\u00ed, Villa Mitre se apoy\u00f3 en el poste bajo en Bollo (4) y con triples de Acosta y Susbielles sac\u00f3 una m\u00ednima ventaja al cierre del 1C (11-12), aprovechando un flojo segmento de campo del local (6-16).<\/p>\n<p>Con los ingresos de Heinrich y Acosta, mas la permanencia en cancha de Bollo, Villa Mitre encontr\u00f3 fluidez en ataque a partir de la organizaci\u00f3n de Sebasti\u00e1n (3 asistencias) y domin\u00f3 en el poste bajo con sus dos pivotes (combinaron14 unidades) para escaparse por nueve (19-28).\u00a0 Barracas ajust\u00f3 y pas\u00f3 a marcar en zona 2-3 para intentar frenar el juego interno de la visita, pero lo que import\u00f3 de cara al entretiempo fue un pasaje perimetral de Ranieri, que conect\u00f3 tres bombas al hilo para arrimar al naranja (32-38).<\/p>\n<p>En la reanudaci\u00f3n, Barracas ahora empez\u00f3 a contener la transici\u00f3n de Villa Mitre con zona press 1-2-2, reagrup\u00e1ndose en 2-3 en su\u00a0 medialuna.\u00a0 Y en 2m40, sendos viajes a la l\u00ednea de Ranieri (4-4) volvieron a arrimar al naranja (40-42).\u00a0 Pero nuevamente Bollo (10) domin\u00f3 sin oposici\u00f3n el poste bajo y le devolvi\u00f3 ventaja de doble d\u00edgito al tricolor (43-53 en 6m, 51-61 al cabo del 3C) y parec\u00eda que los de Ugolini se lo llevaban.<\/p>\n<p>Nada m\u00e1s alejado de la realidad, porque Villa Mitre pas\u00f3 a marcar caj\u00f3n a Ranieri, pero un par de desatenciones defensivas le abirieron el aro a Horvath (dos triples) y Alema\u00f1y.\u00a0 Adem\u00e1s, la zona presi\u00f3n local rindi\u00f3 su mejor fruto en el 4C, provocando a la visita 5 p\u00e9rdidas.\u00a0 As\u00ed, en un tramo de 5m24, Barracas firm\u00f3 parcial de \u00a121-4! y pas\u00f3 al frente.<\/p>\n<p>Ante la ausencia de Bollo (por un merecido descanso), Susbielles (6) volvi\u00f3 a igualar las acciones (74) a falta de 1m30.\u00a0 Pero otra vez desde el per\u00edmetro, con bombazos de Alema\u00f1y y Ranieri,\u00a0 Barracas le sac\u00f3 cinco de ventaja a Villa Mitre (80-75) con menos de un minuto por jugar, y pudo jugar con el reloj para quedarse con los puntos.<\/p>\n<p>&nbsp;<\/p>\n<p>[youtube]https:\/\/youtu.be\/iwhSz1LkENY[\/youtube]<\/p>\n<p><b>\u00a0<\/b><\/p>\n<p><b>S\u00edntesis| <\/b>Primera Divisi\u00f3n \u2013 Torneo Oficial \u2013 Fecha #20<\/p>\n<p><b>Barracas 80<\/b>: Juli\u00e1n Horvath 23, Sebasti\u00e1n Ranieri 19, Leonel Alema\u00f1y 8, Maximiliano Bert\u00f3n 12 (x), Mart\u00edn Cleppe 10 (x) (FI); Juan Ignacio Reiner 4, Mariano Nu\u00f1ez 4 (x), Bustamante 0.\u00a0 D.T: Juan Sergio Palumbo.<\/p>\n<p><b>Villa Mitre 79<\/b>: Santiago Bussetti 1, Gast\u00f3n Diomedi 5, Nicol\u00e1s Renzi 13, Santiago Susbielles 17, Javier Bollo 23 (FI); Sebasti\u00e1n Acosta 8, Leandro Rapetti 0, Ramiro Heinrich 12, Mat\u00edas Mailo 0.\u00a0 D.T: Ariel Ugolini.<\/p>\n<p><b>Parciales<\/b>: 11-12, 32-38, 51-61.<\/p>\n<p><b>\u00c1rbitros<\/b>: Jorge Scheffer &#8211; Alejandro Go\u00f1i.<\/p>\n<p><b>Estadio<\/b>: El Bosque (Barracas).<\/p>\n<p><a class=\"modalf iframe\" title=\"Planilla\" href=\"https:\/\/docs.google.com\/spreadsheets\/d\/1mmCb-eD4VQ-sVR1t83HIJ8--QFNVY1v5QckWvXM9uS4\/pubhtml\" target=\"_blank\" rel=\"noopener\">Ver Planilla<\/a><\/p>\n","protected":false},"excerpt":{"rendered":"<p>Barracas Central se hizo de un triunfo importante ante Villa Mitre por 80 a 79<\/p>\n","protected":false},"author":1,"featured_media":53785,"comment_status":"closed","ping_status":"open","sticky":false,"template":"","format":"standard","meta":{"jnews-multi-image_gallery":[],"jnews_single_post":[],"jnews_primary_category":[],"footnotes":""},"categories":[23,101],"tags":[333,603,600,55,203,22],"class_list":["post-53784","post","type-post","status-publish","format-standard","has-post-thumbnail","hentry","category-primera","category-slide","tag-barracas","tag-javier-bollo","tag-julian-horvath","tag-santiago-susbielles","tag-sebastian-ranieri","tag-villa-mitre"],"yoast_head":"<!-- This site is optimized with the Yoast SEO plugin v27.5 - https:\/\/yoast.com\/product\/yoast-seo-wordpress\/ -->\n<title>Gan\u00f3 una final, le quedan dos - Gente de B\u00e1squet<\/title>\n<meta name=\"robots\" content=\"index, follow, max-snippet:-1, max-image-preview:large, max-video-preview:-1\" \/>\n<link rel=\"canonical\" href=\"http:\/\/gentedebasquet.com.ar\/sitio\/2015\/11\/09\/gano-una-final-le-quedan-dos\/\" \/>\n<meta property=\"og:locale\" content=\"es_ES\" \/>\n<meta property=\"og:type\" content=\"article\" \/>\n<meta property=\"og:title\" content=\"Gan\u00f3 una final, le quedan dos - Gente de B\u00e1squet\" \/>\n<meta property=\"og:description\" content=\"Barracas Central se hizo de un triunfo importante ante Villa Mitre por 80 a 79\" \/>\n<meta property=\"og:url\" content=\"http:\/\/gentedebasquet.com.ar\/sitio\/2015\/11\/09\/gano-una-final-le-quedan-dos\/\" \/>\n<meta property=\"og:site_name\" content=\"Gente de B\u00e1squet\" \/>\n<meta property=\"article:published_time\" content=\"2015-11-10T02:35:33+00:00\" \/>\n<meta property=\"og:image\" content=\"http:\/\/gentedebasquet.com.ar\/sitio\/wp-content\/uploads\/2015\/11\/horvath.jpg\" \/>\n\t<meta property=\"og:image:width\" content=\"690\" \/>\n\t<meta property=\"og:image:height\" content=\"319\" \/>\n\t<meta property=\"og:image:type\" content=\"image\/jpeg\" \/>\n<meta name=\"author\" content=\"Gente de B\u00e1squet\" \/>\n<meta name=\"twitter:card\" content=\"summary_large_image\" \/>\n<meta name=\"twitter:label1\" content=\"Escrito por\" \/>\n\t<meta name=\"twitter:data1\" content=\"Gente de B\u00e1squet\" \/>\n\t<meta name=\"twitter:label2\" content=\"Tiempo de lectura\" \/>\n\t<meta name=\"twitter:data2\" content=\"3 minutos\" \/>\n<script type=\"application\/ld+json\" class=\"yoast-schema-graph\">{\"@context\":\"https:\\\/\\\/schema.org\",\"@graph\":[{\"@type\":\"Article\",\"@id\":\"http:\\\/\\\/gentedebasquet.com.ar\\\/sitio\\\/2015\\\/11\\\/09\\\/gano-una-final-le-quedan-dos\\\/#article\",\"isPartOf\":{\"@id\":\"http:\\\/\\\/gentedebasquet.com.ar\\\/sitio\\\/2015\\\/11\\\/09\\\/gano-una-final-le-quedan-dos\\\/\"},\"author\":{\"name\":\"Gente de B\u00e1squet\",\"@id\":\"https:\\\/\\\/gentedebasquet.com.ar\\\/sitio\\\/#\\\/schema\\\/person\\\/ca0b63bbb977369988a7bbbdc519943a\"},\"headline\":\"Gan\u00f3 una final, le quedan dos\",\"datePublished\":\"2015-11-10T02:35:33+00:00\",\"mainEntityOfPage\":{\"@id\":\"http:\\\/\\\/gentedebasquet.com.ar\\\/sitio\\\/2015\\\/11\\\/09\\\/gano-una-final-le-quedan-dos\\\/\"},\"wordCount\":544,\"image\":{\"@id\":\"http:\\\/\\\/gentedebasquet.com.ar\\\/sitio\\\/2015\\\/11\\\/09\\\/gano-una-final-le-quedan-dos\\\/#primaryimage\"},\"thumbnailUrl\":\"http:\\\/\\\/gentedebasquet.com.ar\\\/sitio\\\/wp-content\\\/uploads\\\/2015\\\/11\\\/horvath.jpg\",\"keywords\":[\"Barracas\",\"Javier Bollo\",\"Juli\u00e1n Horvath\",\"Santiago Susbielles\",\"Sebasti\u00e1n Ranieri\",\"Villa Mitre\"],\"articleSection\":[\"Primera\",\"Slide\"],\"inLanguage\":\"es\"},{\"@type\":\"WebPage\",\"@id\":\"http:\\\/\\\/gentedebasquet.com.ar\\\/sitio\\\/2015\\\/11\\\/09\\\/gano-una-final-le-quedan-dos\\\/\",\"url\":\"http:\\\/\\\/gentedebasquet.com.ar\\\/sitio\\\/2015\\\/11\\\/09\\\/gano-una-final-le-quedan-dos\\\/\",\"name\":\"Gan\u00f3 una final, le quedan dos - Gente de B\u00e1squet\",\"isPartOf\":{\"@id\":\"https:\\\/\\\/gentedebasquet.com.ar\\\/sitio\\\/#website\"},\"primaryImageOfPage\":{\"@id\":\"http:\\\/\\\/gentedebasquet.com.ar\\\/sitio\\\/2015\\\/11\\\/09\\\/gano-una-final-le-quedan-dos\\\/#primaryimage\"},\"image\":{\"@id\":\"http:\\\/\\\/gentedebasquet.com.ar\\\/sitio\\\/2015\\\/11\\\/09\\\/gano-una-final-le-quedan-dos\\\/#primaryimage\"},\"thumbnailUrl\":\"http:\\\/\\\/gentedebasquet.com.ar\\\/sitio\\\/wp-content\\\/uploads\\\/2015\\\/11\\\/horvath.jpg\",\"datePublished\":\"2015-11-10T02:35:33+00:00\",\"author\":{\"@id\":\"https:\\\/\\\/gentedebasquet.com.ar\\\/sitio\\\/#\\\/schema\\\/person\\\/ca0b63bbb977369988a7bbbdc519943a\"},\"breadcrumb\":{\"@id\":\"http:\\\/\\\/gentedebasquet.com.ar\\\/sitio\\\/2015\\\/11\\\/09\\\/gano-una-final-le-quedan-dos\\\/#breadcrumb\"},\"inLanguage\":\"es\",\"potentialAction\":[{\"@type\":\"ReadAction\",\"target\":[\"http:\\\/\\\/gentedebasquet.com.ar\\\/sitio\\\/2015\\\/11\\\/09\\\/gano-una-final-le-quedan-dos\\\/\"]}]},{\"@type\":\"ImageObject\",\"inLanguage\":\"es\",\"@id\":\"http:\\\/\\\/gentedebasquet.com.ar\\\/sitio\\\/2015\\\/11\\\/09\\\/gano-una-final-le-quedan-dos\\\/#primaryimage\",\"url\":\"http:\\\/\\\/gentedebasquet.com.ar\\\/sitio\\\/wp-content\\\/uploads\\\/2015\\\/11\\\/horvath.jpg\",\"contentUrl\":\"http:\\\/\\\/gentedebasquet.com.ar\\\/sitio\\\/wp-content\\\/uploads\\\/2015\\\/11\\\/horvath.jpg\",\"width\":690,\"height\":319},{\"@type\":\"BreadcrumbList\",\"@id\":\"http:\\\/\\\/gentedebasquet.com.ar\\\/sitio\\\/2015\\\/11\\\/09\\\/gano-una-final-le-quedan-dos\\\/#breadcrumb\",\"itemListElement\":[{\"@type\":\"ListItem\",\"position\":1,\"name\":\"Portada\",\"item\":\"https:\\\/\\\/gentedebasquet.com.ar\\\/sitio\\\/\"},{\"@type\":\"ListItem\",\"position\":2,\"name\":\"Gan\u00f3 una final, le quedan dos\"}]},{\"@type\":\"WebSite\",\"@id\":\"https:\\\/\\\/gentedebasquet.com.ar\\\/sitio\\\/#website\",\"url\":\"https:\\\/\\\/gentedebasquet.com.ar\\\/sitio\\\/\",\"name\":\"Gente de B\u00e1squet\",\"description\":\"La revista del basquet de Bah\u00eda Blanca\",\"potentialAction\":[{\"@type\":\"SearchAction\",\"target\":{\"@type\":\"EntryPoint\",\"urlTemplate\":\"https:\\\/\\\/gentedebasquet.com.ar\\\/sitio\\\/?s={search_term_string}\"},\"query-input\":{\"@type\":\"PropertyValueSpecification\",\"valueRequired\":true,\"valueName\":\"search_term_string\"}}],\"inLanguage\":\"es\"},{\"@type\":\"Person\",\"@id\":\"https:\\\/\\\/gentedebasquet.com.ar\\\/sitio\\\/#\\\/schema\\\/person\\\/ca0b63bbb977369988a7bbbdc519943a\",\"name\":\"Gente de B\u00e1squet\",\"image\":{\"@type\":\"ImageObject\",\"inLanguage\":\"es\",\"@id\":\"https:\\\/\\\/secure.gravatar.com\\\/avatar\\\/7f2c48bdc33b30088f941fb6082e555f2874c98e20cb159d7b92b50eadfce793?s=96&d=mm&r=g\",\"url\":\"https:\\\/\\\/secure.gravatar.com\\\/avatar\\\/7f2c48bdc33b30088f941fb6082e555f2874c98e20cb159d7b92b50eadfce793?s=96&d=mm&r=g\",\"contentUrl\":\"https:\\\/\\\/secure.gravatar.com\\\/avatar\\\/7f2c48bdc33b30088f941fb6082e555f2874c98e20cb159d7b92b50eadfce793?s=96&d=mm&r=g\",\"caption\":\"Gente de B\u00e1squet\"},\"sameAs\":[\"http:\\\/\\\/gentedebasquet.com.ar\\\/sitio\"],\"url\":\"http:\\\/\\\/gentedebasquet.com.ar\\\/sitio\\\/author\\\/ulises\\\/\"}]}<\/script>\n<!-- \/ Yoast SEO plugin. -->","yoast_head_json":{"title":"Gan\u00f3 una final, le quedan dos - Gente de B\u00e1squet","robots":{"index":"index","follow":"follow","max-snippet":"max-snippet:-1","max-image-preview":"max-image-preview:large","max-video-preview":"max-video-preview:-1"},"canonical":"http:\/\/gentedebasquet.com.ar\/sitio\/2015\/11\/09\/gano-una-final-le-quedan-dos\/","og_locale":"es_ES","og_type":"article","og_title":"Gan\u00f3 una final, le quedan dos - Gente de B\u00e1squet","og_description":"Barracas Central se hizo de un triunfo importante ante Villa Mitre por 80 a 79","og_url":"http:\/\/gentedebasquet.com.ar\/sitio\/2015\/11\/09\/gano-una-final-le-quedan-dos\/","og_site_name":"Gente de B\u00e1squet","article_published_time":"2015-11-10T02:35:33+00:00","og_image":[{"width":690,"height":319,"url":"http:\/\/gentedebasquet.com.ar\/sitio\/wp-content\/uploads\/2015\/11\/horvath.jpg","type":"image\/jpeg"}],"author":"Gente de B\u00e1squet","twitter_card":"summary_large_image","twitter_misc":{"Escrito por":"Gente de B\u00e1squet","Tiempo de lectura":"3 minutos"},"schema":{"@context":"https:\/\/schema.org","@graph":[{"@type":"Article","@id":"http:\/\/gentedebasquet.com.ar\/sitio\/2015\/11\/09\/gano-una-final-le-quedan-dos\/#article","isPartOf":{"@id":"http:\/\/gentedebasquet.com.ar\/sitio\/2015\/11\/09\/gano-una-final-le-quedan-dos\/"},"author":{"name":"Gente de B\u00e1squet","@id":"https:\/\/gentedebasquet.com.ar\/sitio\/#\/schema\/person\/ca0b63bbb977369988a7bbbdc519943a"},"headline":"Gan\u00f3 una final, le quedan dos","datePublished":"2015-11-10T02:35:33+00:00","mainEntityOfPage":{"@id":"http:\/\/gentedebasquet.com.ar\/sitio\/2015\/11\/09\/gano-una-final-le-quedan-dos\/"},"wordCount":544,"image":{"@id":"http:\/\/gentedebasquet.com.ar\/sitio\/2015\/11\/09\/gano-una-final-le-quedan-dos\/#primaryimage"},"thumbnailUrl":"http:\/\/gentedebasquet.com.ar\/sitio\/wp-content\/uploads\/2015\/11\/horvath.jpg","keywords":["Barracas","Javier Bollo","Juli\u00e1n Horvath","Santiago Susbielles","Sebasti\u00e1n Ranieri","Villa Mitre"],"articleSection":["Primera","Slide"],"inLanguage":"es"},{"@type":"WebPage","@id":"http:\/\/gentedebasquet.com.ar\/sitio\/2015\/11\/09\/gano-una-final-le-quedan-dos\/","url":"http:\/\/gentedebasquet.com.ar\/sitio\/2015\/11\/09\/gano-una-final-le-quedan-dos\/","name":"Gan\u00f3 una final, le quedan dos - Gente de B\u00e1squet","isPartOf":{"@id":"https:\/\/gentedebasquet.com.ar\/sitio\/#website"},"primaryImageOfPage":{"@id":"http:\/\/gentedebasquet.com.ar\/sitio\/2015\/11\/09\/gano-una-final-le-quedan-dos\/#primaryimage"},"image":{"@id":"http:\/\/gentedebasquet.com.ar\/sitio\/2015\/11\/09\/gano-una-final-le-quedan-dos\/#primaryimage"},"thumbnailUrl":"http:\/\/gentedebasquet.com.ar\/sitio\/wp-content\/uploads\/2015\/11\/horvath.jpg","datePublished":"2015-11-10T02:35:33+00:00","author":{"@id":"https:\/\/gentedebasquet.com.ar\/sitio\/#\/schema\/person\/ca0b63bbb977369988a7bbbdc519943a"},"breadcrumb":{"@id":"http:\/\/gentedebasquet.com.ar\/sitio\/2015\/11\/09\/gano-una-final-le-quedan-dos\/#breadcrumb"},"inLanguage":"es","potentialAction":[{"@type":"ReadAction","target":["http:\/\/gentedebasquet.com.ar\/sitio\/2015\/11\/09\/gano-una-final-le-quedan-dos\/"]}]},{"@type":"ImageObject","inLanguage":"es","@id":"http:\/\/gentedebasquet.com.ar\/sitio\/2015\/11\/09\/gano-una-final-le-quedan-dos\/#primaryimage","url":"http:\/\/gentedebasquet.com.ar\/sitio\/wp-content\/uploads\/2015\/11\/horvath.jpg","contentUrl":"http:\/\/gentedebasquet.com.ar\/sitio\/wp-content\/uploads\/2015\/11\/horvath.jpg","width":690,"height":319},{"@type":"BreadcrumbList","@id":"http:\/\/gentedebasquet.com.ar\/sitio\/2015\/11\/09\/gano-una-final-le-quedan-dos\/#breadcrumb","itemListElement":[{"@type":"ListItem","position":1,"name":"Portada","item":"https:\/\/gentedebasquet.com.ar\/sitio\/"},{"@type":"ListItem","position":2,"name":"Gan\u00f3 una final, le quedan dos"}]},{"@type":"WebSite","@id":"https:\/\/gentedebasquet.com.ar\/sitio\/#website","url":"https:\/\/gentedebasquet.com.ar\/sitio\/","name":"Gente de B\u00e1squet","description":"La revista del basquet de Bah\u00eda Blanca","potentialAction":[{"@type":"SearchAction","target":{"@type":"EntryPoint","urlTemplate":"https:\/\/gentedebasquet.com.ar\/sitio\/?s={search_term_string}"},"query-input":{"@type":"PropertyValueSpecification","valueRequired":true,"valueName":"search_term_string"}}],"inLanguage":"es"},{"@type":"Person","@id":"https:\/\/gentedebasquet.com.ar\/sitio\/#\/schema\/person\/ca0b63bbb977369988a7bbbdc519943a","name":"Gente de B\u00e1squet","image":{"@type":"ImageObject","inLanguage":"es","@id":"https:\/\/secure.gravatar.com\/avatar\/7f2c48bdc33b30088f941fb6082e555f2874c98e20cb159d7b92b50eadfce793?s=96&d=mm&r=g","url":"https:\/\/secure.gravatar.com\/avatar\/7f2c48bdc33b30088f941fb6082e555f2874c98e20cb159d7b92b50eadfce793?s=96&d=mm&r=g","contentUrl":"https:\/\/secure.gravatar.com\/avatar\/7f2c48bdc33b30088f941fb6082e555f2874c98e20cb159d7b92b50eadfce793?s=96&d=mm&r=g","caption":"Gente de B\u00e1squet"},"sameAs":["http:\/\/gentedebasquet.com.ar\/sitio"],"url":"http:\/\/gentedebasquet.com.ar\/sitio\/author\/ulises\/"}]}},"_links":{"self":[{"href":"http:\/\/gentedebasquet.com.ar\/sitio\/wp-json\/wp\/v2\/posts\/53784","targetHints":{"allow":["GET"]}}],"collection":[{"href":"http:\/\/gentedebasquet.com.ar\/sitio\/wp-json\/wp\/v2\/posts"}],"about":[{"href":"http:\/\/gentedebasquet.com.ar\/sitio\/wp-json\/wp\/v2\/types\/post"}],"author":[{"embeddable":true,"href":"http:\/\/gentedebasquet.com.ar\/sitio\/wp-json\/wp\/v2\/users\/1"}],"replies":[{"embeddable":true,"href":"http:\/\/gentedebasquet.com.ar\/sitio\/wp-json\/wp\/v2\/comments?post=53784"}],"version-history":[{"count":0,"href":"http:\/\/gentedebasquet.com.ar\/sitio\/wp-json\/wp\/v2\/posts\/53784\/revisions"}],"wp:featuredmedia":[{"embeddable":true,"href":"http:\/\/gentedebasquet.com.ar\/sitio\/wp-json\/wp\/v2\/media\/53785"}],"wp:attachment":[{"href":"http:\/\/gentedebasquet.com.ar\/sitio\/wp-json\/wp\/v2\/media?parent=53784"}],"wp:term":[{"taxonomy":"category","embeddable":true,"href":"http:\/\/gentedebasquet.com.ar\/sitio\/wp-json\/wp\/v2\/categories?post=53784"},{"taxonomy":"post_tag","embeddable":true,"href":"http:\/\/gentedebasquet.com.ar\/sitio\/wp-json\/wp\/v2\/tags?post=53784"}],"curies":[{"name":"wp","href":"https:\/\/api.w.org\/{rel}","templated":true}]}}