{"id":53992,"date":"2015-11-15T19:11:18","date_gmt":"2015-11-15T22:11:18","guid":{"rendered":"http:\/\/www.gentedebasquet.com.ar\/?p=53992"},"modified":"2015-11-15T19:11:18","modified_gmt":"2015-11-15T22:11:18","slug":"franco-perez-va-por-el-sudamericano","status":"publish","type":"post","link":"http:\/\/gentedebasquet.com.ar\/sitio\/2015\/11\/15\/franco-perez-va-por-el-sudamericano\/","title":{"rendered":"Franco P\u00e9rez va por el Sudamericano"},"content":{"rendered":"<p><strong>Entre el 17 y el 20 de noviembre se realizar\u00e1 la \u00faltima concentraci\u00f3n de la Preselecci\u00f3n Nacional U14 previo al Sudamericano de la categor\u00eda que se jugar\u00e1 en Encarnaci\u00f3n, Paraguay. Hay 14 jugadores citados, que trabajar\u00e1n bajo las instrucciones de Iv\u00e1n Najnudel, entre los que se encuentra el pivot de Bahiense del Norte Franco P\u00e9rez.<\/strong><\/p>\n<p>El Sudamericano U14 masculino se encuentra muy cerca. El mismo se desarrollar\u00e1 en Encarnaci\u00f3n, Paraguay, entre el 21 y el 26 de noviembre. Por eso, el equipo argentino se encuentra en la recta final de su preparaci\u00f3n. Los conducidos por Iv\u00e1n Najnudel tendr\u00e1n su \u00faltima concentraci\u00f3n entre el 17 y el 20 de este mes.<\/p>\n<p>Hay 14 jugadores citados, y las pr\u00e1cticas se realizar\u00e1n en el CeNARD. El s\u00e1bado 21, los 12 elegidos por el Cuerpo T\u00e9cnico viajar\u00e1n hacia Encarnaci\u00f3n. Trabajar\u00e1n junto a Najnudel, los entrenadores Diego Vadell y Bernardo Lardone (asistentes t\u00e9cnicos) y el Preparador F\u00edsico Patricio Pallares.<\/p>\n<h6>\n<b>PRESELECCI\u00d3N NACIONAL U14<\/b><\/h6>\n<p>-Alberione, Nicol\u00e1s<br \/>\nPosici\u00f3n: Escolta<br \/>\nClub: Instituto Atl\u00e9tico Central C\u00f3rdoba<br \/>\nFederaci\u00f3n: C\u00f3rdoba<br \/>\nAltura: 1.79<\/p>\n<p>-Aman, Ignacio<br \/>\nPosici\u00f3n: Pivote<br \/>\nClub: Estudiantes de Olavarr\u00eda<br \/>\nFederaci\u00f3n: Buenos Aires<br \/>\nAltura: 1.98<\/p>\n<p>-Bertona, Gast\u00f3n<br \/>\nPosici\u00f3n: Base<br \/>\nClub: Uni\u00f3n San Guillermo<br \/>\nFederaci\u00f3n: Santa Fe<br \/>\nAltura: 1.74<\/p>\n<p>-Carulla, Juan Bautista<br \/>\nPosici\u00f3n: Base<br \/>\nClub: Hurac\u00e1n<br \/>\nFederaci\u00f3n: Entre R\u00edos<br \/>\nAltura: 1.79<\/p>\n<p>-Cattaneo, Tom\u00e1s<br \/>\nPosici\u00f3n: Base<br \/>\nClub: IAM Mar del Plata<br \/>\nFederaci\u00f3n: Buenos Aires<br \/>\nAltura: 1.79<\/p>\n<p>-Cavall\u00edn, Agust\u00edn<br \/>\nPosici\u00f3n: Escolta<br \/>\nClub: Argentino de Jun\u00edn<br \/>\nFederaci\u00f3n: Buenos Aires<br \/>\nAltura: 1.83<\/p>\n<p>-Garc\u00eda Cano, Lucas<br \/>\nPosici\u00f3n: Alero<br \/>\nClub: Argentino de Pergamino<br \/>\nFederaci\u00f3n: Buenos Aires<br \/>\nAltura: 1.84<\/p>\n<p>-Lungarini, Bautista<br \/>\nPosici\u00f3n: Alapivote<br \/>\nClub Gimnasia y Esgrima de Rosario<br \/>\nFederaci\u00f3n: Santa Fe<br \/>\nAltura: 1.95<\/p>\n<p>-Marc\u00f3n, Joaqu\u00edn<br \/>\nPosici\u00f3n: Alapivote<br \/>\nClub: Hind\u00fa de Resistencia<br \/>\nFederaci\u00f3n: Chaco<br \/>\nAltura: 1.99<\/p>\n<p>-Ort\u00edz, Joaqu\u00edn<br \/>\nPosici\u00f3n: Escolta<br \/>\nClub: Velez Sarsfield<br \/>\nFederaci\u00f3n: FeBAMBA<br \/>\nAltura: 1.87<\/p>\n<p><strong>-P\u00e9rez, Franco<\/strong><br \/>\nPosici\u00f3n: Pivote<br \/>\nClub: Bahiense del Norte<br \/>\nFederaci\u00f3n: Buenos Aires<br \/>\nAltura: 1.95<\/p>\n<p>-Pividori, Lautaro<br \/>\nPosici\u00f3n: Base-Escolta<br \/>\nClub: Paracao de Paran\u00e1<br \/>\nFederaci\u00f3n: Entre R\u00edos<br \/>\nAltura: 1.80<\/p>\n<p>-Tarnowyk, Francisco<br \/>\nPosici\u00f3n: Alero<br \/>\nClub: Siglo XXI de Puerto Rico<br \/>\nFederaci\u00f3n: Misiones<br \/>\nAltura: 1.91<\/p>\n<p>-Varisco, Ignacio<br \/>\nPosici\u00f3n: Alapivote<br \/>\nClub: Quique de Paran\u00e1<br \/>\nFederaci\u00f3n: Entre R\u00edos<br \/>\nAltura: 1.99<\/p>\n<p><strong>Fuente:<\/strong> Diego Garc\u00eda (Prensa CABB).<\/p>\n","protected":false},"excerpt":{"rendered":"<p>El interno de Bahiense integra la lista de 14 jugadores de la Preselecci\u00f3n Argnetina U14<\/p>\n","protected":false},"author":1,"featured_media":53106,"comment_status":"closed","ping_status":"open","sticky":false,"template":"","format":"standard","meta":{"jnews-multi-image_gallery":[],"jnews_single_post":[],"jnews_primary_category":[],"footnotes":""},"categories":[61,101],"tags":[394,5,1127,734,735],"class_list":["post-53992","post","type-post","status-publish","format-standard","has-post-thumbnail","hentry","category-selecciones-nacionales","category-slide","tag-argentina-u14","tag-bahiense-del-norte","tag-encarnacion-2014","tag-franco-perez","tag-sudamericano-u14"],"yoast_head":"<!-- This site is optimized with the Yoast SEO plugin v27.5 - https:\/\/yoast.com\/product\/yoast-seo-wordpress\/ -->\n<title>Franco P\u00e9rez va por el Sudamericano - Gente de B\u00e1squet<\/title>\n<meta name=\"robots\" content=\"index, follow, max-snippet:-1, max-image-preview:large, max-video-preview:-1\" \/>\n<link rel=\"canonical\" href=\"https:\/\/gentedebasquet.com.ar\/sitio\/2015\/11\/15\/franco-perez-va-por-el-sudamericano\/\" \/>\n<meta property=\"og:locale\" content=\"es_ES\" \/>\n<meta property=\"og:type\" content=\"article\" \/>\n<meta property=\"og:title\" content=\"Franco P\u00e9rez va por el Sudamericano - Gente de B\u00e1squet\" \/>\n<meta property=\"og:description\" content=\"El interno de Bahiense integra la lista de 14 jugadores de la Preselecci\u00f3n Argnetina U14\" \/>\n<meta property=\"og:url\" content=\"https:\/\/gentedebasquet.com.ar\/sitio\/2015\/11\/15\/franco-perez-va-por-el-sudamericano\/\" \/>\n<meta property=\"og:site_name\" content=\"Gente de B\u00e1squet\" \/>\n<meta property=\"article:published_time\" content=\"2015-11-15T22:11:18+00:00\" \/>\n<meta property=\"og:image\" content=\"https:\/\/gentedebasquet.com.ar\/sitio\/wp-content\/uploads\/2015\/10\/Bahiense-9-de-Julio-U15.jpg\" \/>\n\t<meta property=\"og:image:width\" content=\"690\" \/>\n\t<meta property=\"og:image:height\" content=\"319\" \/>\n\t<meta property=\"og:image:type\" content=\"image\/jpeg\" \/>\n<meta name=\"author\" content=\"Gente de B\u00e1squet\" \/>\n<meta name=\"twitter:card\" content=\"summary_large_image\" \/>\n<meta name=\"twitter:label1\" content=\"Escrito por\" \/>\n\t<meta name=\"twitter:data1\" content=\"Gente de B\u00e1squet\" \/>\n\t<meta name=\"twitter:label2\" content=\"Tiempo de lectura\" \/>\n\t<meta name=\"twitter:data2\" content=\"2 minutos\" \/>\n<script type=\"application\/ld+json\" class=\"yoast-schema-graph\">{\"@context\":\"https:\\\/\\\/schema.org\",\"@graph\":[{\"@type\":\"Article\",\"@id\":\"https:\\\/\\\/gentedebasquet.com.ar\\\/sitio\\\/2015\\\/11\\\/15\\\/franco-perez-va-por-el-sudamericano\\\/#article\",\"isPartOf\":{\"@id\":\"https:\\\/\\\/gentedebasquet.com.ar\\\/sitio\\\/2015\\\/11\\\/15\\\/franco-perez-va-por-el-sudamericano\\\/\"},\"author\":{\"name\":\"Gente de B\u00e1squet\",\"@id\":\"https:\\\/\\\/gentedebasquet.com.ar\\\/sitio\\\/#\\\/schema\\\/person\\\/ca0b63bbb977369988a7bbbdc519943a\"},\"headline\":\"Franco P\u00e9rez va por el Sudamericano\",\"datePublished\":\"2015-11-15T22:11:18+00:00\",\"mainEntityOfPage\":{\"@id\":\"https:\\\/\\\/gentedebasquet.com.ar\\\/sitio\\\/2015\\\/11\\\/15\\\/franco-perez-va-por-el-sudamericano\\\/\"},\"wordCount\":400,\"image\":{\"@id\":\"https:\\\/\\\/gentedebasquet.com.ar\\\/sitio\\\/2015\\\/11\\\/15\\\/franco-perez-va-por-el-sudamericano\\\/#primaryimage\"},\"thumbnailUrl\":\"http:\\\/\\\/gentedebasquet.com.ar\\\/sitio\\\/wp-content\\\/uploads\\\/2015\\\/10\\\/Bahiense-9-de-Julio-U15.jpg\",\"keywords\":[\"Argentina U14\",\"Bahiense Del Norte\",\"Encarnaci\u00f3n 2014\",\"Franco Perez.\",\"Sudamericano U14\"],\"articleSection\":[\"Selecciones Nacionales\",\"Slide\"],\"inLanguage\":\"es\"},{\"@type\":\"WebPage\",\"@id\":\"https:\\\/\\\/gentedebasquet.com.ar\\\/sitio\\\/2015\\\/11\\\/15\\\/franco-perez-va-por-el-sudamericano\\\/\",\"url\":\"https:\\\/\\\/gentedebasquet.com.ar\\\/sitio\\\/2015\\\/11\\\/15\\\/franco-perez-va-por-el-sudamericano\\\/\",\"name\":\"Franco P\u00e9rez va por el Sudamericano - Gente de B\u00e1squet\",\"isPartOf\":{\"@id\":\"https:\\\/\\\/gentedebasquet.com.ar\\\/sitio\\\/#website\"},\"primaryImageOfPage\":{\"@id\":\"https:\\\/\\\/gentedebasquet.com.ar\\\/sitio\\\/2015\\\/11\\\/15\\\/franco-perez-va-por-el-sudamericano\\\/#primaryimage\"},\"image\":{\"@id\":\"https:\\\/\\\/gentedebasquet.com.ar\\\/sitio\\\/2015\\\/11\\\/15\\\/franco-perez-va-por-el-sudamericano\\\/#primaryimage\"},\"thumbnailUrl\":\"http:\\\/\\\/gentedebasquet.com.ar\\\/sitio\\\/wp-content\\\/uploads\\\/2015\\\/10\\\/Bahiense-9-de-Julio-U15.jpg\",\"datePublished\":\"2015-11-15T22:11:18+00:00\",\"author\":{\"@id\":\"https:\\\/\\\/gentedebasquet.com.ar\\\/sitio\\\/#\\\/schema\\\/person\\\/ca0b63bbb977369988a7bbbdc519943a\"},\"breadcrumb\":{\"@id\":\"https:\\\/\\\/gentedebasquet.com.ar\\\/sitio\\\/2015\\\/11\\\/15\\\/franco-perez-va-por-el-sudamericano\\\/#breadcrumb\"},\"inLanguage\":\"es\",\"potentialAction\":[{\"@type\":\"ReadAction\",\"target\":[\"https:\\\/\\\/gentedebasquet.com.ar\\\/sitio\\\/2015\\\/11\\\/15\\\/franco-perez-va-por-el-sudamericano\\\/\"]}]},{\"@type\":\"ImageObject\",\"inLanguage\":\"es\",\"@id\":\"https:\\\/\\\/gentedebasquet.com.ar\\\/sitio\\\/2015\\\/11\\\/15\\\/franco-perez-va-por-el-sudamericano\\\/#primaryimage\",\"url\":\"http:\\\/\\\/gentedebasquet.com.ar\\\/sitio\\\/wp-content\\\/uploads\\\/2015\\\/10\\\/Bahiense-9-de-Julio-U15.jpg\",\"contentUrl\":\"http:\\\/\\\/gentedebasquet.com.ar\\\/sitio\\\/wp-content\\\/uploads\\\/2015\\\/10\\\/Bahiense-9-de-Julio-U15.jpg\",\"width\":690,\"height\":319},{\"@type\":\"BreadcrumbList\",\"@id\":\"https:\\\/\\\/gentedebasquet.com.ar\\\/sitio\\\/2015\\\/11\\\/15\\\/franco-perez-va-por-el-sudamericano\\\/#breadcrumb\",\"itemListElement\":[{\"@type\":\"ListItem\",\"position\":1,\"name\":\"Portada\",\"item\":\"https:\\\/\\\/gentedebasquet.com.ar\\\/sitio\\\/\"},{\"@type\":\"ListItem\",\"position\":2,\"name\":\"Franco P\u00e9rez va por el Sudamericano\"}]},{\"@type\":\"WebSite\",\"@id\":\"https:\\\/\\\/gentedebasquet.com.ar\\\/sitio\\\/#website\",\"url\":\"https:\\\/\\\/gentedebasquet.com.ar\\\/sitio\\\/\",\"name\":\"Gente de B\u00e1squet\",\"description\":\"La revista del basquet de Bah\u00eda Blanca\",\"potentialAction\":[{\"@type\":\"SearchAction\",\"target\":{\"@type\":\"EntryPoint\",\"urlTemplate\":\"https:\\\/\\\/gentedebasquet.com.ar\\\/sitio\\\/?s={search_term_string}\"},\"query-input\":{\"@type\":\"PropertyValueSpecification\",\"valueRequired\":true,\"valueName\":\"search_term_string\"}}],\"inLanguage\":\"es\"},{\"@type\":\"Person\",\"@id\":\"https:\\\/\\\/gentedebasquet.com.ar\\\/sitio\\\/#\\\/schema\\\/person\\\/ca0b63bbb977369988a7bbbdc519943a\",\"name\":\"Gente de B\u00e1squet\",\"image\":{\"@type\":\"ImageObject\",\"inLanguage\":\"es\",\"@id\":\"https:\\\/\\\/secure.gravatar.com\\\/avatar\\\/7f2c48bdc33b30088f941fb6082e555f2874c98e20cb159d7b92b50eadfce793?s=96&d=mm&r=g\",\"url\":\"https:\\\/\\\/secure.gravatar.com\\\/avatar\\\/7f2c48bdc33b30088f941fb6082e555f2874c98e20cb159d7b92b50eadfce793?s=96&d=mm&r=g\",\"contentUrl\":\"https:\\\/\\\/secure.gravatar.com\\\/avatar\\\/7f2c48bdc33b30088f941fb6082e555f2874c98e20cb159d7b92b50eadfce793?s=96&d=mm&r=g\",\"caption\":\"Gente de B\u00e1squet\"},\"sameAs\":[\"http:\\\/\\\/gentedebasquet.com.ar\\\/sitio\"],\"url\":\"http:\\\/\\\/gentedebasquet.com.ar\\\/sitio\\\/author\\\/ulises\\\/\"}]}<\/script>\n<!-- \/ Yoast SEO plugin. -->","yoast_head_json":{"title":"Franco P\u00e9rez va por el Sudamericano - Gente de B\u00e1squet","robots":{"index":"index","follow":"follow","max-snippet":"max-snippet:-1","max-image-preview":"max-image-preview:large","max-video-preview":"max-video-preview:-1"},"canonical":"https:\/\/gentedebasquet.com.ar\/sitio\/2015\/11\/15\/franco-perez-va-por-el-sudamericano\/","og_locale":"es_ES","og_type":"article","og_title":"Franco P\u00e9rez va por el Sudamericano - Gente de B\u00e1squet","og_description":"El interno de Bahiense integra la lista de 14 jugadores de la Preselecci\u00f3n Argnetina U14","og_url":"https:\/\/gentedebasquet.com.ar\/sitio\/2015\/11\/15\/franco-perez-va-por-el-sudamericano\/","og_site_name":"Gente de B\u00e1squet","article_published_time":"2015-11-15T22:11:18+00:00","og_image":[{"width":690,"height":319,"url":"https:\/\/gentedebasquet.com.ar\/sitio\/wp-content\/uploads\/2015\/10\/Bahiense-9-de-Julio-U15.jpg","type":"image\/jpeg"}],"author":"Gente de B\u00e1squet","twitter_card":"summary_large_image","twitter_misc":{"Escrito por":"Gente de B\u00e1squet","Tiempo de lectura":"2 minutos"},"schema":{"@context":"https:\/\/schema.org","@graph":[{"@type":"Article","@id":"https:\/\/gentedebasquet.com.ar\/sitio\/2015\/11\/15\/franco-perez-va-por-el-sudamericano\/#article","isPartOf":{"@id":"https:\/\/gentedebasquet.com.ar\/sitio\/2015\/11\/15\/franco-perez-va-por-el-sudamericano\/"},"author":{"name":"Gente de B\u00e1squet","@id":"https:\/\/gentedebasquet.com.ar\/sitio\/#\/schema\/person\/ca0b63bbb977369988a7bbbdc519943a"},"headline":"Franco P\u00e9rez va por el Sudamericano","datePublished":"2015-11-15T22:11:18+00:00","mainEntityOfPage":{"@id":"https:\/\/gentedebasquet.com.ar\/sitio\/2015\/11\/15\/franco-perez-va-por-el-sudamericano\/"},"wordCount":400,"image":{"@id":"https:\/\/gentedebasquet.com.ar\/sitio\/2015\/11\/15\/franco-perez-va-por-el-sudamericano\/#primaryimage"},"thumbnailUrl":"http:\/\/gentedebasquet.com.ar\/sitio\/wp-content\/uploads\/2015\/10\/Bahiense-9-de-Julio-U15.jpg","keywords":["Argentina U14","Bahiense Del Norte","Encarnaci\u00f3n 2014","Franco Perez.","Sudamericano U14"],"articleSection":["Selecciones Nacionales","Slide"],"inLanguage":"es"},{"@type":"WebPage","@id":"https:\/\/gentedebasquet.com.ar\/sitio\/2015\/11\/15\/franco-perez-va-por-el-sudamericano\/","url":"https:\/\/gentedebasquet.com.ar\/sitio\/2015\/11\/15\/franco-perez-va-por-el-sudamericano\/","name":"Franco P\u00e9rez va por el Sudamericano - Gente de B\u00e1squet","isPartOf":{"@id":"https:\/\/gentedebasquet.com.ar\/sitio\/#website"},"primaryImageOfPage":{"@id":"https:\/\/gentedebasquet.com.ar\/sitio\/2015\/11\/15\/franco-perez-va-por-el-sudamericano\/#primaryimage"},"image":{"@id":"https:\/\/gentedebasquet.com.ar\/sitio\/2015\/11\/15\/franco-perez-va-por-el-sudamericano\/#primaryimage"},"thumbnailUrl":"http:\/\/gentedebasquet.com.ar\/sitio\/wp-content\/uploads\/2015\/10\/Bahiense-9-de-Julio-U15.jpg","datePublished":"2015-11-15T22:11:18+00:00","author":{"@id":"https:\/\/gentedebasquet.com.ar\/sitio\/#\/schema\/person\/ca0b63bbb977369988a7bbbdc519943a"},"breadcrumb":{"@id":"https:\/\/gentedebasquet.com.ar\/sitio\/2015\/11\/15\/franco-perez-va-por-el-sudamericano\/#breadcrumb"},"inLanguage":"es","potentialAction":[{"@type":"ReadAction","target":["https:\/\/gentedebasquet.com.ar\/sitio\/2015\/11\/15\/franco-perez-va-por-el-sudamericano\/"]}]},{"@type":"ImageObject","inLanguage":"es","@id":"https:\/\/gentedebasquet.com.ar\/sitio\/2015\/11\/15\/franco-perez-va-por-el-sudamericano\/#primaryimage","url":"http:\/\/gentedebasquet.com.ar\/sitio\/wp-content\/uploads\/2015\/10\/Bahiense-9-de-Julio-U15.jpg","contentUrl":"http:\/\/gentedebasquet.com.ar\/sitio\/wp-content\/uploads\/2015\/10\/Bahiense-9-de-Julio-U15.jpg","width":690,"height":319},{"@type":"BreadcrumbList","@id":"https:\/\/gentedebasquet.com.ar\/sitio\/2015\/11\/15\/franco-perez-va-por-el-sudamericano\/#breadcrumb","itemListElement":[{"@type":"ListItem","position":1,"name":"Portada","item":"https:\/\/gentedebasquet.com.ar\/sitio\/"},{"@type":"ListItem","position":2,"name":"Franco P\u00e9rez va por el Sudamericano"}]},{"@type":"WebSite","@id":"https:\/\/gentedebasquet.com.ar\/sitio\/#website","url":"https:\/\/gentedebasquet.com.ar\/sitio\/","name":"Gente de B\u00e1squet","description":"La revista del basquet de Bah\u00eda Blanca","potentialAction":[{"@type":"SearchAction","target":{"@type":"EntryPoint","urlTemplate":"https:\/\/gentedebasquet.com.ar\/sitio\/?s={search_term_string}"},"query-input":{"@type":"PropertyValueSpecification","valueRequired":true,"valueName":"search_term_string"}}],"inLanguage":"es"},{"@type":"Person","@id":"https:\/\/gentedebasquet.com.ar\/sitio\/#\/schema\/person\/ca0b63bbb977369988a7bbbdc519943a","name":"Gente de B\u00e1squet","image":{"@type":"ImageObject","inLanguage":"es","@id":"https:\/\/secure.gravatar.com\/avatar\/7f2c48bdc33b30088f941fb6082e555f2874c98e20cb159d7b92b50eadfce793?s=96&d=mm&r=g","url":"https:\/\/secure.gravatar.com\/avatar\/7f2c48bdc33b30088f941fb6082e555f2874c98e20cb159d7b92b50eadfce793?s=96&d=mm&r=g","contentUrl":"https:\/\/secure.gravatar.com\/avatar\/7f2c48bdc33b30088f941fb6082e555f2874c98e20cb159d7b92b50eadfce793?s=96&d=mm&r=g","caption":"Gente de B\u00e1squet"},"sameAs":["http:\/\/gentedebasquet.com.ar\/sitio"],"url":"http:\/\/gentedebasquet.com.ar\/sitio\/author\/ulises\/"}]}},"_links":{"self":[{"href":"http:\/\/gentedebasquet.com.ar\/sitio\/wp-json\/wp\/v2\/posts\/53992","targetHints":{"allow":["GET"]}}],"collection":[{"href":"http:\/\/gentedebasquet.com.ar\/sitio\/wp-json\/wp\/v2\/posts"}],"about":[{"href":"http:\/\/gentedebasquet.com.ar\/sitio\/wp-json\/wp\/v2\/types\/post"}],"author":[{"embeddable":true,"href":"http:\/\/gentedebasquet.com.ar\/sitio\/wp-json\/wp\/v2\/users\/1"}],"replies":[{"embeddable":true,"href":"http:\/\/gentedebasquet.com.ar\/sitio\/wp-json\/wp\/v2\/comments?post=53992"}],"version-history":[{"count":0,"href":"http:\/\/gentedebasquet.com.ar\/sitio\/wp-json\/wp\/v2\/posts\/53992\/revisions"}],"wp:featuredmedia":[{"embeddable":true,"href":"http:\/\/gentedebasquet.com.ar\/sitio\/wp-json\/wp\/v2\/media\/53106"}],"wp:attachment":[{"href":"http:\/\/gentedebasquet.com.ar\/sitio\/wp-json\/wp\/v2\/media?parent=53992"}],"wp:term":[{"taxonomy":"category","embeddable":true,"href":"http:\/\/gentedebasquet.com.ar\/sitio\/wp-json\/wp\/v2\/categories?post=53992"},{"taxonomy":"post_tag","embeddable":true,"href":"http:\/\/gentedebasquet.com.ar\/sitio\/wp-json\/wp\/v2\/tags?post=53992"}],"curies":[{"name":"wp","href":"https:\/\/api.w.org\/{rel}","templated":true}]}}